{"id":5591,"date":"2020-02-09T08:52:21","date_gmt":"2020-02-09T11:52:21","guid":{"rendered":"http:\/\/gilvander.org.br\/site\/?p=5591"},"modified":"2020-02-09T08:52:23","modified_gmt":"2020-02-09T11:52:23","slug":"%ef%bb%bfclamor-dos-sem-moradia-adequada-diante-da-prefeitura-de-belo-horizonte-mg-junto-com-o-mlb-luta-video-9","status":"publish","type":"post","link":"http:\/\/gilvander.org.br\/site\/%ef%bb%bfclamor-dos-sem-moradia-adequada-diante-da-prefeitura-de-belo-horizonte-mg-junto-com-o-mlb-luta-video-9\/","title":{"rendered":"\ufeffClamor dos Sem Moradia adequada diante da Prefeitura de Belo Horizonte, MG. Junto com o MLB, luta. V\u00eddeo 9"},"content":{"rendered":"\n<p><strong>Clamor dos Sem Moradia adequada diante da Prefeitura de Belo Horizonte, MG. Junto com o MLB, luta. V\u00eddeo 9 &#8211; 06\/2\/2020<\/strong><\/p>\n\n\n\n<figure class=\"wp-block-embed-youtube wp-block-embed is-type-video is-provider-youtube wp-embed-aspect-16-9 wp-has-aspect-ratio\"><div class=\"wp-block-embed__wrapper\">\n<div class=\"epyt-video-wrapper\"><iframe loading=\"lazy\"  id=\"_ytid_43495\"  width=\"810\" height=\"456\"  data-origwidth=\"810\" data-origheight=\"456\" src=\"https:\/\/www.youtube.com\/embed\/VV5zpash-TM?enablejsapi=1&#038;autoplay=0&#038;cc_load_policy=0&#038;cc_lang_pref=&#038;iv_load_policy=1&#038;loop=0&#038;rel=1&#038;fs=1&#038;playsinline=0&#038;autohide=2&#038;theme=dark&#038;color=red&#038;controls=1&#038;disablekb=0&#038;\" class=\"__youtube_prefs__  epyt-is-override  no-lazyload\" title=\"YouTube player\"  allow=\"fullscreen; accelerometer; autoplay; clipboard-write; encrypted-media; gyroscope; picture-in-picture; web-share\" referrerpolicy=\"strict-origin-when-cross-origin\" allowfullscreen data-no-lazy=\"1\" data-skipgform_ajax_framebjll=\"\"><\/iframe><\/div>\n<\/div><\/figure>\n\n\n\n<p>Dia 06\/02\/2020, em Belo\nHorizonte, MG, centenas de pessoas das Ocupa\u00e7\u00f5es Urbanas e \u00e1reas atingidas pela\nInjusti\u00e7a Urbana reinante, injusti\u00e7a revelada pelas chuvas nas \u00faltimas semanas\nem Belo Horizonte e regi\u00e3o metropolitana, protestaram diante do Pal\u00e1cio do\nGovernador de Minas Gerais, na Pra\u00e7a da Liberdade, marcharam em todas as ruas\nda Pra\u00e7a da Liberdade e foram marchando at\u00e9 a Prefeitura de Belo Horizonte \u00e0\nAvenida Afonso Pena. Mesmo debaixo de chuva constante, o povo na arredou o p\u00e9\nda luta e cobrou do Governador de MG, Romeu Zema, e do prefeito de BH,\nAlexandre Kalil, investimentos em pol\u00edtica habitacional s\u00e9ria, id\u00f4nea e\nparticipativa. N\u00e3o basta reconstruir s\u00f3 o asfalto de BH. \u00c9 preciso reconstruir\nas condi\u00e7\u00f5es de vida de milhares de fam\u00edlias que perderam tudo: casa, m\u00f3veis\netc. Dos quase 60 mortos em MG a maioria \u00e9 de Belo Horizonte e regi\u00e3o\nmetropolitana. Basta do poder p\u00fablico administrar a cidade priorizando o\nmercado idolatrado e, com isso, empurrar cada vez mais o povo para \u00e1reas de\nrisco. Exigimos governos que de fato governem para quem mais precisa: a classe\ntrabalhadora. Mesmo tendo sido protocolado com v\u00e1rios dias de anteced\u00eancia\nOf\u00edcio pedindo reuni\u00e3o com o Governo de MG e com o prefeito Kalil, o povo n\u00e3o\nfoi atendido nem no Pal\u00e1cio da Liberdade e nem na prefeitura. <\/p>\n\n\n\n<p>A culpa n\u00e3o \u00e9 da chuva e nem de Deus. A culpa \u00e9 dos capitalistas e do Estado que governa segundo os ditames da classe dominante e, por isso, empurra o povo para a cruz do aluguel, para a humilha\u00e7\u00e3o que \u00e9 sobreviver de favor ou em \u00e1reas de riscos. Basta de injusti\u00e7a agr\u00e1ria! Basta de injusti\u00e7a urbana! Basta de injusti\u00e7a social!<\/p>\n\n\n\n<figure class=\"wp-block-image is-resized\"><img loading=\"lazy\" decoding=\"async\" src=\"http:\/\/gilvander.org.br\/site\/wp-content\/uploads\/2020\/02\/Jose-da-Ocupa\u00e7\u00e3o-Helena-Greco.jpg\" alt=\"\" class=\"wp-image-5592\" width=\"760\" height=\"570\" srcset=\"http:\/\/gilvander.org.br\/site\/wp-content\/uploads\/2020\/02\/Jose-da-Ocupa\u00e7\u00e3o-Helena-Greco.jpg 480w, http:\/\/gilvander.org.br\/site\/wp-content\/uploads\/2020\/02\/Jose-da-Ocupa\u00e7\u00e3o-Helena-Greco-300x225.jpg 300w\" sizes=\"auto, (max-width: 760px) 100vw, 760px\" \/><figcaption>Josiane, da coordena\u00e7\u00e3o da Ocupa\u00e7\u00e3o Helena Greco, na Izidora, em Belo Horizonte, MG, em luta do MLB e Atingidos pela Injusti\u00e7a Social, revelada pela irm\u00e3 chuva, dia 06\/2\/2020. Foto: frei Gilvander<\/figcaption><\/figure>\n\n\n\n<p>*Videorreportagem de frei\nGilvander, da CPT, das CEBs e do CEBI. Filmagem e edi\u00e7\u00e3o de frei Gilvander.\nBelo Horizonte, MG, 06\/02\/2020. <\/p>\n\n\n\n<p>*Inscreva-se no You Tube, no\nCanal Frei Gilvander Luta pela Terra e por Direitos, no link: <a href=\"https:\/\/www.youtube.com\/user\/fgilvander\">https:\/\/www.youtube.com\/user\/fgilvander<\/a>,\nacione o sininho, receba as notifica\u00e7\u00f5es de envio de v\u00eddeos e assista a\ndiversos v\u00eddeos de luta por direitos sociais. Se assistir e gostar,\ncompartilhe. Sugerimos. <\/p>\n\n\n\n<p><a href=\"https:\/\/www.youtube.com\/results?search_query=%23FreiGilvander\">#FreiGilvander<\/a> <\/p>\n","protected":false},"excerpt":{"rendered":"<p>Clamor dos Sem Moradia adequada diante da Prefeitura de Belo Horizonte, MG. Junto com o MLB, luta. V\u00eddeo 9 &#8211; 06\/2\/2020 Dia 06\/02\/2020, em Belo Horizonte, MG, centenas de pessoas das Ocupa\u00e7\u00f5es Urbanas e \u00e1reas<\/p>\n","protected":false},"author":2,"featured_media":5592,"comment_status":"open","ping_status":"open","sticky":false,"template":"","format":"standard","meta":{"footnotes":""},"categories":[47,40,38,27,28,29,23,43,26,32,18],"tags":[],"class_list":["post-5591","post","type-post","status-publish","format-standard","has-post-thumbnail","hentry","category-direito-a-agua","category-direito-a-cidade","category-direito-a-saude","category-direitos-humanos","category-luta-pela-moradia","category-movimentos-sociais-populares","category-ocupacao-urbana","category-pedagogia-emancipatoria","category-teologia-da-libertacao","category-videos","category-videos-de-frei-gilvander"],"_links":{"self":[{"href":"http:\/\/gilvander.org.br\/site\/wp-json\/wp\/v2\/posts\/5591","targetHints":{"allow":["GET"]}}],"collection":[{"href":"http:\/\/gilvander.org.br\/site\/wp-json\/wp\/v2\/posts"}],"about":[{"href":"http:\/\/gilvander.org.br\/site\/wp-json\/wp\/v2\/types\/post"}],"author":[{"embeddable":true,"href":"http:\/\/gilvander.org.br\/site\/wp-json\/wp\/v2\/users\/2"}],"replies":[{"embeddable":true,"href":"http:\/\/gilvander.org.br\/site\/wp-json\/wp\/v2\/comments?post=5591"}],"version-history":[{"count":1,"href":"http:\/\/gilvander.org.br\/site\/wp-json\/wp\/v2\/posts\/5591\/revisions"}],"predecessor-version":[{"id":5593,"href":"http:\/\/gilvander.org.br\/site\/wp-json\/wp\/v2\/posts\/5591\/revisions\/5593"}],"wp:featuredmedia":[{"embeddable":true,"href":"http:\/\/gilvander.org.br\/site\/wp-json\/wp\/v2\/media\/5592"}],"wp:attachment":[{"href":"http:\/\/gilvander.org.br\/site\/wp-json\/wp\/v2\/media?parent=5591"}],"wp:term":[{"taxonomy":"category","embeddable":true,"href":"http:\/\/gilvander.org.br\/site\/wp-json\/wp\/v2\/categories?post=5591"},{"taxonomy":"post_tag","embeddable":true,"href":"http:\/\/gilvander.org.br\/site\/wp-json\/wp\/v2\/tags?post=5591"}],"curies":[{"name":"wp","href":"https:\/\/api.w.org\/{rel}","templated":true}]}}