{"id":6271,"date":"2020-05-08T17:06:17","date_gmt":"2020-05-08T20:06:17","guid":{"rendered":"http:\/\/gilvander.org.br\/site\/?p=6271"},"modified":"2020-05-08T17:06:19","modified_gmt":"2020-05-08T20:06:19","slug":"%ef%bb%bfcarta-aberta-em-defesa-da-vida-e-contra-a-mineracao-em-ibirite-mg","status":"publish","type":"post","link":"http:\/\/gilvander.org.br\/site\/%ef%bb%bfcarta-aberta-em-defesa-da-vida-e-contra-a-mineracao-em-ibirite-mg\/","title":{"rendered":"\ufeffCARTA ABERTA EM DEFESA DA VIDA E CONTRA A MINERA\u00c7\u00c3O EM IBIRIT\u00c9 (MG)"},"content":{"rendered":"\n<p><strong>CARTA ABERTA EM DEFESA DA VIDA E CONTRA A MINERA\u00c7\u00c3O EM IBIRIT\u00c9 (MG)<\/strong><\/p>\n\n\n\n<figure class=\"wp-block-image is-resized\"><img loading=\"lazy\" decoding=\"async\" src=\"http:\/\/gilvander.org.br\/site\/wp-content\/uploads\/2020\/05\/74216809_2553168488294357_2845578355162480640_n.jpg\" alt=\"\" class=\"wp-image-6272\" width=\"663\" height=\"331\" srcset=\"http:\/\/gilvander.org.br\/site\/wp-content\/uploads\/2020\/05\/74216809_2553168488294357_2845578355162480640_n.jpg 960w, http:\/\/gilvander.org.br\/site\/wp-content\/uploads\/2020\/05\/74216809_2553168488294357_2845578355162480640_n-300x150.jpg 300w, http:\/\/gilvander.org.br\/site\/wp-content\/uploads\/2020\/05\/74216809_2553168488294357_2845578355162480640_n-768x384.jpg 768w\" sizes=\"auto, (max-width: 663px) 100vw, 663px\" \/><figcaption>Lideran\u00e7as do Movimento Socioambiental Serra Sempre Viva, Dom Vicente Ferreira, vereador Daniel S\u00e9rgio, Frei Gilvander Moreira e Frei Elionaldo Silva, dia 31\/10\/209, em visita \u00e0s crateras que a mineradora Santa Paulina deixou no munic\u00edpio de Ibirit\u00e9, MG, literalmente ao lado do Manancial Tabo\u00f5es (manancial de abastecimento P\u00fablico de Ibirit\u00e9 e parte de Belo Horizonte e Regi\u00e3o Metropolitana. S\u00f3 uma estrada separa a \u00e1rea do manancial das crateras, na zona de amortecimento do Parque Estadual Serra do Rola Mo\u00e7a, onde mais de 400 fam\u00edlias de agricultores familiares produzem a s\u00e9culos. Absurdo dos absurdos retomar minera\u00e7\u00e3o nessa \u00e1rea. Ah! Est\u00e1 \u00e1rea est\u00e1 a poucos quil\u00f4metros do C\u00f3rrego do Feij\u00e3o, em Brumadinho, onde aconteceu o crime\/trag\u00e9dia da Vale e do Estado dia 25\/01\/2019.<br><\/figcaption><\/figure>\n\n\n\n<p>N\u00f3s\ndo Movimento Serra Sempre Viva e outros movimentos e organiza\u00e7\u00f5es, abaixo\nassinados, viemos denunciar, por meio desta carta, as barb\u00e1ries ambientais que\no munic\u00edpio de Ibirit\u00e9, MG, tem sofrido. Desde de 2017, a mineradora Santa\nPaulina tenta reativar sua cratera localizada na zona de amortecimento da Serra\ndo Rola Mo\u00e7a no munic\u00edpio de Ibirit\u00e9. O Parque Estadual da Serra do Rola Mo\u00e7a\n(PESRM) \u00e9 o terceiro maior parque em \u00e1rea urbana do pa\u00eds, faz parte da por\u00e7\u00e3o\nsul da Serra do Espinha\u00e7o e ocupa parte dos munic\u00edpios de Belo Horizonte, Nova\nLima, Ibirit\u00e9 e Brumadinho. Al\u00e9m disso, possui importantes mananciais (Rola-Mo\u00e7a, Tabo\u00f5es, B\u00e1lsamo, Catarina,\nBarreiro e Mutuca) que abastecem Ibirit\u00e9, Belo Horizonte e parte da\nregi\u00e3o metropolitana. A agricultura localizada aos p\u00e9s da serra \u00e9 uma pr\u00e1tica secular\ne rotineira de aproximadamente 400 fam\u00edlias que tiram da terra a sua\nsubsist\u00eancia. A Serra do Rola Mo\u00e7a \u00e9 considerada uma caixa d\u2019\u00e1gua da regi\u00e3o,\nimportante para manuten\u00e7\u00e3o das condi\u00e7\u00f5es de vida de seres humanos e n\u00e3o\nhumanos, e \u00e9 dela que a agricultura sobrevive. <\/p>\n\n\n\n<p>Mesmo\ndiante dos recentes crimes que levaram ao exterm\u00ednio de centenas de vidas\nhumanas e ecossistemas inteiros, como em Mariana e Brumadinho, as grandes\nmineradoras ainda insistem em expandir seus projetos de morte em Ibirit\u00e9 tamb\u00e9m.\n<\/p>\n\n\n\n<p>Para\nevitar que a cat\u00e1strofe se aproxime, foi constru\u00eddo um Projeto de Lei (PL\n058\/2019) para instituir parte da Serra do Rola mo\u00e7a como Patrim\u00f4nio H\u00eddrico e\nda Biodiversidade de Ibirit\u00e9, de forma coletiva com envolvimento da comunidade\ne movimentos sociais. O objetivo \u00e9 aumentar a prote\u00e7\u00e3o da serra, bem como dos\nmananciais e evitar que empreendimentos predat\u00f3rios destruam o lugar.\nEntretanto, o prefeito da cidade, William Parreira (AVANTE), vetou o projeto de\nlei, anteriormente aprovado por unanimidade pela C\u00e2mara de Vereadores. Como se\nn\u00e3o bastasse o veto sem nenhum embasamento jur\u00eddico, a mineradora Santa Paulina\nencaminhou para c\u00e2mara de vereadores um texto, dizendo que se os vereadores\nderrubassem o veto sofreriam processo de improbidade administrativa. Al\u00e9m de\nabsurdo, o documento tem cunho amea\u00e7ador e se configura como abuso de poder\necon\u00f4mico com press\u00e3o indevida sobre o poder legislativo municipal.&nbsp; <\/p>\n\n\n\n<p>Ouvimos\nque o prefeito de Ibirit\u00e9 protocolou na C\u00e2mara Municipal um Projeto de Lei que\ngarante a \u00e1rea cobi\u00e7ada para a mineradora Santa Paulina explorar min\u00e9rio,\nexatamente a \u00e1rea que precisamos preservar. Isso \u00e9 cuspir no rosto e \u201cmatar\npela segunda vez\u201d todas as pessoas j\u00e1 assassinadas nos crimes trag\u00e9dias das\nmineradoras em conluio com o Estado. Repudiamos com veem\u00eancia o conluio do\nprefeito de Ibirit\u00e9 com a mineradora Santa Paulina. <\/p>\n\n\n\n<p>Convocamos\na todas e todos para que se mobilizem em defesa da Serra do Rola Mo\u00e7a. Exigimos\nque nossas vidas e a vida de todos os seres vivos sejam respeitadas! O lucro de\npoucos n\u00e3o pode prevalecer sobre o direito de todos. Solicitamos aos vereadores\nque cumpram seu dever de legislar pelo bem-estar do povo e que, portanto,\nderrubem veto do prefeito, apontando no rumo de tornar Ibirit\u00e9 Territ\u00f3rio Livre\nde Minera\u00e7\u00e3o.<\/p>\n\n\n\n<p><strong>Assinam esta Carta\nAberta:<\/strong><\/p>\n\n\n\n<p>Movimento\nSerra Sempre Viva<\/p>\n\n\n\n<p>Frente\nde Resist\u00eancia Verde<\/p>\n\n\n\n<p>Comiss\u00e3o\nPastoral da Terra (CPT\/MG)<\/p>\n\n\n\n<p>Kaipora\n&#8211; Laborat\u00f3rio de Estudos Bioculturais (UEMG)<\/p>\n\n\n\n<p>Centro\nde Documenta\u00e7\u00e3o Eloy Ferreira da Silva (CEDEFES)<\/p>\n\n\n\n<p>Ibirit\u00e9, MG, 08 de maio de 2020.<\/p>\n\n\n\n<p>Assista\naos v\u00eddeos, abaixo, que versam sobre o assunto acima.<\/p>\n\n\n\n<p><strong>1 &#8211; Nossa luta \u00e9 por Ibirit\u00e9, MG, territ\u00f3rio livre de\nminera\u00e7\u00e3o! Sanciona o PL 058\/2019, Prefeito! &#8211; 03\/4\/2020<\/strong><\/p>\n\n\n\n<figure class=\"wp-block-embed-youtube wp-block-embed is-type-video is-provider-youtube wp-embed-aspect-16-9 wp-has-aspect-ratio\"><div class=\"wp-block-embed__wrapper\">\n<div class=\"epyt-video-wrapper\"><iframe loading=\"lazy\"  id=\"_ytid_42910\"  width=\"810\" height=\"456\"  data-origwidth=\"810\" data-origheight=\"456\" src=\"https:\/\/www.youtube.com\/embed\/OSoDLBNaVWY?enablejsapi=1&#038;autoplay=0&#038;cc_load_policy=0&#038;cc_lang_pref=&#038;iv_load_policy=1&#038;loop=0&#038;rel=1&#038;fs=1&#038;playsinline=0&#038;autohide=2&#038;theme=dark&#038;color=red&#038;controls=1&#038;disablekb=0&#038;\" class=\"__youtube_prefs__  epyt-is-override  no-lazyload\" title=\"YouTube player\"  allow=\"fullscreen; accelerometer; autoplay; clipboard-write; encrypted-media; gyroscope; picture-in-picture; web-share\" referrerpolicy=\"strict-origin-when-cross-origin\" allowfullscreen data-no-lazy=\"1\" data-skipgform_ajax_framebjll=\"\"><\/iframe><\/div>\n<\/div><\/figure>\n\n\n\n<p><strong>2 &#8211; &#8220;Reabrir minera\u00e7\u00e3o em Ibirit\u00e9, MG, \u00e9 cinismo e\ndeboche diante de tantos crimes&#8221; (Dom Vicente). V\u00eddeo 8 &#8211; 31\/10\/2019.<\/strong><\/p>\n\n\n\n<figure class=\"wp-block-embed-youtube wp-block-embed is-type-video is-provider-youtube wp-embed-aspect-16-9 wp-has-aspect-ratio\"><div class=\"wp-block-embed__wrapper\">\n<div class=\"epyt-video-wrapper\"><iframe loading=\"lazy\"  id=\"_ytid_96850\"  width=\"810\" height=\"456\"  data-origwidth=\"810\" data-origheight=\"456\" src=\"https:\/\/www.youtube.com\/embed\/NNLnPlEppSU?enablejsapi=1&#038;autoplay=0&#038;cc_load_policy=0&#038;cc_lang_pref=&#038;iv_load_policy=1&#038;loop=0&#038;rel=1&#038;fs=1&#038;playsinline=0&#038;autohide=2&#038;theme=dark&#038;color=red&#038;controls=1&#038;disablekb=0&#038;\" class=\"__youtube_prefs__  epyt-is-override  no-lazyload\" title=\"YouTube player\"  allow=\"fullscreen; accelerometer; autoplay; clipboard-write; encrypted-media; gyroscope; picture-in-picture; web-share\" referrerpolicy=\"strict-origin-when-cross-origin\" allowfullscreen data-no-lazy=\"1\" data-skipgform_ajax_framebjll=\"\"><\/iframe><\/div>\n<\/div><\/figure>\n","protected":false},"excerpt":{"rendered":"<p>CARTA ABERTA EM DEFESA DA VIDA E CONTRA A MINERA\u00c7\u00c3O EM IBIRIT\u00c9 (MG) N\u00f3s do Movimento Serra Sempre Viva e outros movimentos e organiza\u00e7\u00f5es, abaixo assinados, viemos denunciar, por meio desta carta, as barb\u00e1ries ambientais<\/p>\n","protected":false},"author":2,"featured_media":6272,"comment_status":"open","ping_status":"open","sticky":false,"template":"","format":"standard","meta":{"footnotes":""},"categories":[47,38,49,27,30,56,43,26],"tags":[],"class_list":["post-6271","post","type-post","status-publish","format-standard","has-post-thumbnail","hentry","category-direito-a-agua","category-direito-a-saude","category-direito-a-terra","category-direitos-humanos","category-fe-e-politica","category-meio-ambiente","category-pedagogia-emancipatoria","category-teologia-da-libertacao"],"_links":{"self":[{"href":"http:\/\/gilvander.org.br\/site\/wp-json\/wp\/v2\/posts\/6271","targetHints":{"allow":["GET"]}}],"collection":[{"href":"http:\/\/gilvander.org.br\/site\/wp-json\/wp\/v2\/posts"}],"about":[{"href":"http:\/\/gilvander.org.br\/site\/wp-json\/wp\/v2\/types\/post"}],"author":[{"embeddable":true,"href":"http:\/\/gilvander.org.br\/site\/wp-json\/wp\/v2\/users\/2"}],"replies":[{"embeddable":true,"href":"http:\/\/gilvander.org.br\/site\/wp-json\/wp\/v2\/comments?post=6271"}],"version-history":[{"count":1,"href":"http:\/\/gilvander.org.br\/site\/wp-json\/wp\/v2\/posts\/6271\/revisions"}],"predecessor-version":[{"id":6273,"href":"http:\/\/gilvander.org.br\/site\/wp-json\/wp\/v2\/posts\/6271\/revisions\/6273"}],"wp:featuredmedia":[{"embeddable":true,"href":"http:\/\/gilvander.org.br\/site\/wp-json\/wp\/v2\/media\/6272"}],"wp:attachment":[{"href":"http:\/\/gilvander.org.br\/site\/wp-json\/wp\/v2\/media?parent=6271"}],"wp:term":[{"taxonomy":"category","embeddable":true,"href":"http:\/\/gilvander.org.br\/site\/wp-json\/wp\/v2\/categories?post=6271"},{"taxonomy":"post_tag","embeddable":true,"href":"http:\/\/gilvander.org.br\/site\/wp-json\/wp\/v2\/tags?post=6271"}],"curies":[{"name":"wp","href":"https:\/\/api.w.org\/{rel}","templated":true}]}}