{"id":6850,"date":"2020-06-03T10:42:13","date_gmt":"2020-06-03T13:42:13","guid":{"rendered":"http:\/\/gilvander.org.br\/site\/?p=6850"},"modified":"2020-06-03T10:42:17","modified_gmt":"2020-06-03T13:42:17","slug":"tocar-as-chagas-de-jesus-e-tocar-nas-chagas-da-humanidade-hoje-palavras-de-fe-com-frei-gilvander-moreira%ef%bb%bf","status":"publish","type":"post","link":"http:\/\/gilvander.org.br\/site\/tocar-as-chagas-de-jesus-e-tocar-nas-chagas-da-humanidade-hoje-palavras-de-fe-com-frei-gilvander-moreira%ef%bb%bf\/","title":{"rendered":"&#8220;Tocar as chagas de Jesus \u00e9 tocar nas chagas da humanidade, hoje.&#8221; &#8211; Palavras de F\u00e9, com frei Gilvander Moreira\ufeff"},"content":{"rendered":"\n<p><strong> &#8220;Tocar as chagas de Jesus \u00e9 tocar nas chagas da humanidade, hoje.&#8221; &#8211; Palavras de F\u00e9, com frei Gilvander Moreira<\/strong><br><br>&#8220;Tocar as chagas de Jesus \u00e9 tocar nas chagas da humanidade, hoje, e ser capaz de reconhecer a presen\u00e7a do Esp\u00edrito nas v\u00edtimas da sociedade atual. E s\u00e3o tantas pessoas&#8230;&#8221; &#8211; Palavras de F\u00e9, com frei Gilvander Moreira &#8211; R\u00e1dio Est\u00fadio Brasil &#8211; Bras\u00edlia &#8211; DF, 1\u00ba de junho de 2020.<br><br>#FreiGilvander <br>#LutaPorDireitos <br>#PalavrasDeF\u00e9 <br>#Palavra\u00c9ticaComFreiGilvanderMoreira <br>#CebiMG <\/p>\n\n\n\n<figure class=\"wp-block-audio\"><audio controls src=\"http:\/\/gilvander.org.br\/site\/wp-content\/uploads\/2020\/06\/Palavras-de-F\u00e9-com-frei-Gilvander-Moreira-Tocar-nas-chagas-de-Jesus-\u00e9-tocar-nas-chagas-da-humanidade-1\u00ba-de-junho-de-2020.mp3\" autoplay><\/audio><figcaption>Palavras de F\u00e9, com frei Gilvander Moreira: &#8220;Tocar nas chagas de Jesus \u00e9 tocar nas chagas da humanidade, hoje.&#8221; <br>R\u00e1dio Est\u00fadio Brasil &#8211; Bras\u00edlia, DF &#8211; 1\u00ba de junho de 2020<\/figcaption><\/figure>\n\n\n\n<figure class=\"wp-block-image\"><img loading=\"lazy\" decoding=\"async\" width=\"1024\" height=\"576\" src=\"http:\/\/gilvander.org.br\/site\/wp-content\/uploads\/2020\/06\/Palavras-de-F\u00e9-1\u00ba-6-2020-1024x576.png\" alt=\"\" class=\"wp-image-6852\" srcset=\"http:\/\/gilvander.org.br\/site\/wp-content\/uploads\/2020\/06\/Palavras-de-F\u00e9-1\u00ba-6-2020-1024x576.png 1024w, http:\/\/gilvander.org.br\/site\/wp-content\/uploads\/2020\/06\/Palavras-de-F\u00e9-1\u00ba-6-2020-300x169.png 300w, http:\/\/gilvander.org.br\/site\/wp-content\/uploads\/2020\/06\/Palavras-de-F\u00e9-1\u00ba-6-2020-768x432.png 768w, http:\/\/gilvander.org.br\/site\/wp-content\/uploads\/2020\/06\/Palavras-de-F\u00e9-1\u00ba-6-2020.png 1280w\" sizes=\"auto, (max-width: 1024px) 100vw, 1024px\" \/><\/figure>\n","protected":false},"excerpt":{"rendered":"<p>&#8220;Tocar as chagas de Jesus \u00e9 tocar nas chagas da humanidade, hoje.&#8221; &#8211; Palavras de F\u00e9, com frei Gilvander Moreira &#8220;Tocar as chagas de Jesus \u00e9 tocar nas chagas da humanidade, hoje, e ser capaz<\/p>\n","protected":false},"author":2,"featured_media":6853,"comment_status":"open","ping_status":"open","sticky":false,"template":"","format":"standard","meta":{"footnotes":""},"categories":[50,22,17,38,49,27,30,56,29,43,57,26],"tags":[],"class_list":["post-6850","post","type-post","status-publish","format-standard","has-post-thumbnail","hentry","category-audio-de-frei-gilvander","category-cebs-comunidades-eclesiais-de-base","category-destaque","category-direito-a-saude","category-direito-a-terra","category-direitos-humanos","category-fe-e-politica","category-meio-ambiente","category-movimentos-sociais-populares","category-pedagogia-emancipatoria","category-podcast","category-teologia-da-libertacao"],"_links":{"self":[{"href":"http:\/\/gilvander.org.br\/site\/wp-json\/wp\/v2\/posts\/6850","targetHints":{"allow":["GET"]}}],"collection":[{"href":"http:\/\/gilvander.org.br\/site\/wp-json\/wp\/v2\/posts"}],"about":[{"href":"http:\/\/gilvander.org.br\/site\/wp-json\/wp\/v2\/types\/post"}],"author":[{"embeddable":true,"href":"http:\/\/gilvander.org.br\/site\/wp-json\/wp\/v2\/users\/2"}],"replies":[{"embeddable":true,"href":"http:\/\/gilvander.org.br\/site\/wp-json\/wp\/v2\/comments?post=6850"}],"version-history":[{"count":1,"href":"http:\/\/gilvander.org.br\/site\/wp-json\/wp\/v2\/posts\/6850\/revisions"}],"predecessor-version":[{"id":6854,"href":"http:\/\/gilvander.org.br\/site\/wp-json\/wp\/v2\/posts\/6850\/revisions\/6854"}],"wp:featuredmedia":[{"embeddable":true,"href":"http:\/\/gilvander.org.br\/site\/wp-json\/wp\/v2\/media\/6853"}],"wp:attachment":[{"href":"http:\/\/gilvander.org.br\/site\/wp-json\/wp\/v2\/media?parent=6850"}],"wp:term":[{"taxonomy":"category","embeddable":true,"href":"http:\/\/gilvander.org.br\/site\/wp-json\/wp\/v2\/categories?post=6850"},{"taxonomy":"post_tag","embeddable":true,"href":"http:\/\/gilvander.org.br\/site\/wp-json\/wp\/v2\/tags?post=6850"}],"curies":[{"name":"wp","href":"https:\/\/api.w.org\/{rel}","templated":true}]}}