{"id":6855,"date":"2020-06-03T13:00:50","date_gmt":"2020-06-03T16:00:50","guid":{"rendered":"http:\/\/gilvander.org.br\/site\/?p=6855"},"modified":"2020-06-03T13:00:52","modified_gmt":"2020-06-03T16:00:52","slug":"nao-so-pessoas-mas-povos-inteiros-estao-sofrendo-a-chaga-da-discriminacao-social-e-do-desprezo-palavras-de-fe-com-frei-gilvander-moreira","status":"publish","type":"post","link":"http:\/\/gilvander.org.br\/site\/nao-so-pessoas-mas-povos-inteiros-estao-sofrendo-a-chaga-da-discriminacao-social-e-do-desprezo-palavras-de-fe-com-frei-gilvander-moreira\/","title":{"rendered":"&#8220;N\u00e3o s\u00f3 pessoas, mas povos inteiros est\u00e3o sofrendo a chaga da discrimina\u00e7\u00e3o social e do desprezo.&#8221; &#8211; Palavras de F\u00e9, com frei Gilvander Moreira"},"content":{"rendered":"\n<p><strong>&#8220;N\u00e3o s\u00f3 pessoas, mas povos inteiros est\u00e3o sofrendo a chaga da discrimina\u00e7\u00e3o social e do desprezo.&#8221; &#8211; Palavras de F\u00e9, com frei Gilvander Moreira<\/strong><br><br> &#8220;N\u00e3o s\u00f3 pessoas, mas povos inteiros est\u00e3o sofrendo a chaga da discrimina\u00e7\u00e3o social e do desprezo. Deixemos que os povos ind\u00edgenas entrem na sala onde estamos fechados e nos mostrem suas feridas. S\u00e3o ressuscitados porque vivem h\u00e1 mais de 500 anos a nos ensinar li\u00e7\u00f5es de resist\u00eancia.&#8221;<br>Palavras de F\u00e9, com frei Gilvander Moreira &#8211; R\u00e1dio Est\u00fadio Brasil &#8211; Bras\u00edlia, DF &#8211; 02\/6\/2020 <br><br>#FreiGilvander<br>#LutaPorDireitos<br>#PalavrasDeF\u00e9<br>#CebiMG<br>#Palavra\u00c9ticaComFreiGilvanderMoreira<br><br><\/p>\n\n\n\n<figure class=\"wp-block-audio\"><audio controls src=\"http:\/\/gilvander.org.br\/site\/wp-content\/uploads\/2020\/06\/Palavras-de-F\u00e9-com-frei-Gilvander-Moreira-N\u00e3o-s\u00f3-pessoas-mas-povos-inteiros-est\u00e3o-sofrendo-a-chaga-da-discrimina\u00e7\u00e3o-social-e-do-desprezo-02-6-2020.mp3\" autoplay><\/audio><figcaption>Palavras de F\u00e9, com frei Gilvander Moreira: &#8220;N\u00e3o s\u00f3 pessoas, mas povos inteiros est\u00e3o sofrendo a chaga da discrimina\u00e7\u00e3o social e do desprezo.&#8221; &#8211; R\u00e1dio Est\u00fadio Brasil &#8211; Bras\u00edlia, DF &#8211; 02\/6\/2020<br><br><\/figcaption><\/figure>\n\n\n\n<figure class=\"wp-block-image\"><img loading=\"lazy\" decoding=\"async\" width=\"1024\" height=\"576\" src=\"http:\/\/gilvander.org.br\/site\/wp-content\/uploads\/2020\/06\/PALAVRAS-DE-F\u00c9-02-6-2020-1024x576.png\" alt=\"\" class=\"wp-image-6858\" srcset=\"http:\/\/gilvander.org.br\/site\/wp-content\/uploads\/2020\/06\/PALAVRAS-DE-F\u00c9-02-6-2020-1024x576.png 1024w, http:\/\/gilvander.org.br\/site\/wp-content\/uploads\/2020\/06\/PALAVRAS-DE-F\u00c9-02-6-2020-300x169.png 300w, http:\/\/gilvander.org.br\/site\/wp-content\/uploads\/2020\/06\/PALAVRAS-DE-F\u00c9-02-6-2020-768x432.png 768w, http:\/\/gilvander.org.br\/site\/wp-content\/uploads\/2020\/06\/PALAVRAS-DE-F\u00c9-02-6-2020.png 1280w\" sizes=\"auto, (max-width: 1024px) 100vw, 1024px\" \/><\/figure>\n","protected":false},"excerpt":{"rendered":"<p>&#8220;N\u00e3o s\u00f3 pessoas, mas povos inteiros est\u00e3o sofrendo a chaga da discrimina\u00e7\u00e3o social e do desprezo.&#8221; &#8211; Palavras de F\u00e9, com frei Gilvander Moreira &#8220;N\u00e3o s\u00f3 pessoas, mas povos inteiros est\u00e3o sofrendo a chaga da<\/p>\n","protected":false},"author":2,"featured_media":6857,"comment_status":"open","ping_status":"open","sticky":false,"template":"","format":"standard","meta":{"footnotes":""},"categories":[50,22,17,38,49,39,27,30,56,29,43,57,26],"tags":[],"class_list":["post-6855","post","type-post","status-publish","format-standard","has-post-thumbnail","hentry","category-audio-de-frei-gilvander","category-cebs-comunidades-eclesiais-de-base","category-destaque","category-direito-a-saude","category-direito-a-terra","category-direitos-dos-povos-indigenas","category-direitos-humanos","category-fe-e-politica","category-meio-ambiente","category-movimentos-sociais-populares","category-pedagogia-emancipatoria","category-podcast","category-teologia-da-libertacao"],"_links":{"self":[{"href":"http:\/\/gilvander.org.br\/site\/wp-json\/wp\/v2\/posts\/6855","targetHints":{"allow":["GET"]}}],"collection":[{"href":"http:\/\/gilvander.org.br\/site\/wp-json\/wp\/v2\/posts"}],"about":[{"href":"http:\/\/gilvander.org.br\/site\/wp-json\/wp\/v2\/types\/post"}],"author":[{"embeddable":true,"href":"http:\/\/gilvander.org.br\/site\/wp-json\/wp\/v2\/users\/2"}],"replies":[{"embeddable":true,"href":"http:\/\/gilvander.org.br\/site\/wp-json\/wp\/v2\/comments?post=6855"}],"version-history":[{"count":1,"href":"http:\/\/gilvander.org.br\/site\/wp-json\/wp\/v2\/posts\/6855\/revisions"}],"predecessor-version":[{"id":6859,"href":"http:\/\/gilvander.org.br\/site\/wp-json\/wp\/v2\/posts\/6855\/revisions\/6859"}],"wp:featuredmedia":[{"embeddable":true,"href":"http:\/\/gilvander.org.br\/site\/wp-json\/wp\/v2\/media\/6857"}],"wp:attachment":[{"href":"http:\/\/gilvander.org.br\/site\/wp-json\/wp\/v2\/media?parent=6855"}],"wp:term":[{"taxonomy":"category","embeddable":true,"href":"http:\/\/gilvander.org.br\/site\/wp-json\/wp\/v2\/categories?post=6855"},{"taxonomy":"post_tag","embeddable":true,"href":"http:\/\/gilvander.org.br\/site\/wp-json\/wp\/v2\/tags?post=6855"}],"curies":[{"name":"wp","href":"https:\/\/api.w.org\/{rel}","templated":true}]}}