{"id":6860,"date":"2020-06-03T22:59:48","date_gmt":"2020-06-04T01:59:48","guid":{"rendered":"http:\/\/gilvander.org.br\/site\/?p=6860"},"modified":"2020-06-03T22:59:51","modified_gmt":"2020-06-04T01:59:51","slug":"%ef%bb%bfladainha-de-pedro-casaldaliga-pedro-tierra-e-foi-musicada-por-milton-nascimento","status":"publish","type":"post","link":"http:\/\/gilvander.org.br\/site\/%ef%bb%bfladainha-de-pedro-casaldaliga-pedro-tierra-e-foi-musicada-por-milton-nascimento\/","title":{"rendered":"\ufeffLadainha, de Pedro Casald\u00e1liga, Pedro Tierra e foi musicada por Milton Nascimento."},"content":{"rendered":"\n<p><strong>Ladainha, de Pedro Casald\u00e1liga, Pedro Tierra e foi musicada por Milton Nascimento.<\/strong><\/p>\n\n\n\n<figure class=\"wp-block-audio\"><audio controls src=\"http:\/\/gilvander.org.br\/site\/wp-content\/uploads\/2020\/06\/Ladainha.mp3\" autoplay><\/audio><\/figure>\n\n\n\n<p><strong>Narra\u00e7\u00e3o<\/strong>:\nCarmem Imaculada de Brito<\/p>\n\n\n\n<p><strong>Ladainha,\nde Pedro Casald\u00e1liga, Pedro Tierra e foi musicada por Milton Nascimento.<\/strong><\/p>\n\n\n\n<p>(Leitor) &#8211; Unidos \u00e0 procura dos quilombos da Liberta\u00e7\u00e3o, celebramos a &#8220;mem\u00f3ria perigosa&#8221; da P\u00e1scoa de Jesus, comungando a for\u00e7a do seu Corpo Ressuscitado. Recolhemos na mesma comunh\u00e3o o trabalho, as lutas, o mart\u00edrio do Povo Negro de todos os tempos e de todos os lugares. E invocamos sobre a caminhada, a presen\u00e7a amiga dos Santos, das Testemunhas, dos militantes, dos Artistas, e de todos os construtores an\u00f4nimos da Esperan\u00e7a Negra. <\/p>\n\n\n\n<p>(Coro-Cantado)<\/p>\n\n\n\n<p style=\"text-align:center\">Porque est\u00e1 na hora<\/p>\n\n\n\n<p style=\"text-align:center\">pedimos o aux\u00edlio de todos os santos,<\/p>\n\n\n\n<p style=\"text-align:center\">chamamos a for\u00e7a dos mortos na luta<\/p>\n\n\n\n<p style=\"text-align:center\">porque est\u00e1 na hora,<\/p>\n\n\n\n<p style=\"text-align:center\">o jeito dos mestres da reza e do canto;<\/p>\n\n\n\n<p style=\"text-align:center\">porque est\u00e1 na hora,<\/p>\n\n\n\n<p style=\"text-align:center\">cantamos malembes pra Nossa Senhora.<\/p>\n\n\n\n<p>(Coro-Cantado)<\/p>\n\n\n\n<p style=\"text-align:center\">Ca\u00f4 &#8211; Cab\u00ea em si &#8211; lob\u00e1<\/p>\n\n\n\n<p style=\"text-align:center\">Todos os santos nos v\u00e3o ajudar!<\/p>\n\n\n\n<p>(Recitado)<\/p>\n\n\n\n<p>(Voz-M)&nbsp;Zumbi dos Palmares, Patriarca m\u00e1rtir de\ntodos os Quilombos de ontem, de hoje e de amanh\u00e3.<\/p>\n\n\n\n<p>(Voz &#8211; F)&nbsp;Drag\u00e3o do Mar, Francisco Jos\u00e9 do\nNascimento, Jo\u00e3o C\u00e2ndido que a chibata n\u00e3o dobrou, Pedro Ivo sombra dos\nPraieiros pernambucanos, Angelim dos Cabanos, madeira da Resist\u00eancia, Isidoro\nM\u00e1rtir e todos os rebeldes do Povo, na Terra e no Mar.<\/p>\n\n\n\n<p>(M)&nbsp;&#8211; Jos\u00e9 do Patroc\u00ednio e todos os pregoeiros\nda Liberta\u00e7\u00e3o.<\/p>\n\n\n\n<p>(F)&nbsp;&#8211; Hauss\u00e1s, Nagas e Alfaiates da Negra\nBahia, e todos os Grupos e movimentos Negros que reivindicam o Futuro.<\/p>\n\n\n\n<p>(M)&nbsp;&#8211; Arturo Alfonso Schomburg, mem\u00f3ria\n&#8220;do Povo sem Hist\u00f3ria&#8221;, voz libert\u00e1ria do Caribe.<\/p>\n\n\n\n<p>(F)&nbsp;&#8211; Lumumba, tambor-tempestade da Africa\nlevantada.<\/p>\n\n\n\n<p>(M)- Chimpa-Vita, Beatriz do Congo, bandeira em\nchamas das negras-coragem, e todas as m\u00e3es-pretas arrancadas da pedra morta\npara as lutas da vida! E todas as Marlys das baixadas desmascarando o rosto dos\nassassinos, e todas as an\u00f4nimas her\u00f3icas comadres negras, eixo fecundo da\nSobreviv\u00eancia da Ra\u00e7a.<\/p>\n\n\n\n<p>(F)- Negrinho do Pastoreio, anjo dos vaqueiros das\nreses perdidas e todos os guias negros das causas do Povo.<\/p>\n\n\n\n<p>(M)&nbsp;&#8211; Crian\u00e7as de Soweto e de Atlanta,\nmassacres da prepot\u00eancia racial, colheita prematura da Juventude Negra.<\/p>\n\n\n\n<p>(F)&nbsp;&#8211; Santeiro Aleijadinho, entalhador dos\nSantos do Povo. Lu\u00eds Jos\u00e9 da Cunha, filho dos mocambos brasa viva ardendo na\ncarne dos esquecidos.<\/p>\n\n\n\n<p>(M)\u2013Louis Armstrong e todos os metais e todas as\ncordas e todos os Negros Spirituals da Am\u00e9rica Negra.<\/p>\n\n\n\n<p>(F)- Am\u00edlcar Cabral, pai educador da Liberdade\nAfricana.<\/p>\n\n\n\n<p>(MJ&nbsp;&#8211; James Meredith, paix\u00e3o matinal e todos os\nestudantes dos campus e das ruas que marchais abrindo Hist\u00f3ria.<\/p>\n\n\n\n<p>(F)&nbsp;&#8211; Solano Trindade e todos os poetas da\nmadeira, da palavra e da alma negra nunca embranquecida.<\/p>\n\n\n\n<p>(M)&nbsp;&#8211; Santo Dias, Companheiro, suor e sangue da\nPeriferia, m\u00e1rtir na cruz das Empresas, e todos os retirantes, lavradores,\nb\u00f3ias-frias e oper\u00e1rios, construtores do Sindicato livre e da Comunidade\nFraterna.<\/p>\n\n\n\n<p>(Coro &#8211; Cantado)&nbsp;Ca\u00f4&#8230;<\/p>\n\n\n\n<p>(F)&nbsp;&#8211; Santos Reis dos presentes da terra e do\nculto, peregrinos incans\u00e1veis \u00e0 luz da estrela, atr\u00e1s do Menino.<\/p>\n\n\n\n<p>(M)- Sao Benedito, irm\u00e3o acolhedor dos pedidos dos\nPobres.<\/p>\n\n\n\n<p>(F)- Santo Agostinho, mente e cora\u00e7\u00e3o da Africa M\u00e3e.<\/p>\n\n\n\n<p>(M)- Sao Martinho de Lima, porteiro sol\u00edcito da\nAm\u00e9rica Negra.<\/p>\n\n\n\n<p>(F)- Santa Efig\u00eania, disc\u00edpula do Ap\u00f3stolo e\ncongregadora de virgens.<\/p>\n\n\n\n<p>(M)- Sao Pedro Claver, escravo fraterno dos escravos\nnegros.<\/p>\n\n\n\n<p>(F)- Sao Gon\u00e7alo de Amarante, peregrino e\nevangelizador dos Pobres.<\/p>\n\n\n\n<p>(M)- Sao Cosme e Dami\u00e3o, curadores do povo sofredor.<\/p>\n\n\n\n<p>(F)- Val\u00eancia Cano, m\u00e1rtir bom pastor do Litoral\nNegro, Irm\u00e3o Louren\u00e7o de Nossa Senhora, garimpeiro do Evangelho, ermit\u00e3o da\nComunidade, Frei Greg\u00f3rio de Jos\u00e9 Maria, deportado pare o Amazonas, Padre\nCanabarro, vig\u00e1rio comprometido no Sul e todos os pastores, romeiros,\nmission\u00e1rios, ermit\u00e3es e confrades devotados ao pranto e \u00e0 Esperan\u00e7a do Povo\nNegro.<\/p>\n\n\n\n<p>(M)- Santo Onofre, anacoreta da longa solid\u00e3o.<\/p>\n\n\n\n<p>(F)- Carlos Lwanga e companheiros m\u00e1rtires de\nUganda.<\/p>\n\n\n\n<p>(M)-Martim Luther King, pastor na vida e na morte,\nvoz permanente da marcha da Liberta\u00e7\u00e3o e todos os m\u00e1rtires da Paz perseguida.<\/p>\n\n\n\n<p>= = = = = <\/p>\n\n\n\n<figure class=\"wp-block-image is-resized\"><img loading=\"lazy\" decoding=\"async\" src=\"http:\/\/gilvander.org.br\/site\/wp-content\/uploads\/2020\/06\/Missa-de-quilombo-768x1024.jpeg\" alt=\"\" class=\"wp-image-6862\" width=\"517\" height=\"689\" srcset=\"http:\/\/gilvander.org.br\/site\/wp-content\/uploads\/2020\/06\/Missa-de-quilombo-768x1024.jpeg 768w, http:\/\/gilvander.org.br\/site\/wp-content\/uploads\/2020\/06\/Missa-de-quilombo-225x300.jpeg 225w, http:\/\/gilvander.org.br\/site\/wp-content\/uploads\/2020\/06\/Missa-de-quilombo.jpeg 774w\" sizes=\"auto, (max-width: 517px) 100vw, 517px\" \/><\/figure>\n\n\n\n<p>*Inscreva-se no You\nTube, no Canal Frei Gilvander Luta pela Terra e por Direitos, no link: https:\/\/www.youtube.com\/user\/fgilvander,\nacione o sininho, receba as notifica\u00e7\u00f5es de envio de v\u00eddeos e assista a\ndiversos v\u00eddeos de luta por direitos sociais. <\/p>\n\n\n\n<p>Se assistir e gostar,\ncompartilhe. Sugerimos. <\/p>\n\n\n\n<p>#FreiGilvander\n#NaLutaPorDireitos #PalavrasDeF\u00e9ComFreiGilvander #Cora\u00e7\u00e3oDaDivisa<\/p>\n","protected":false},"excerpt":{"rendered":"<p>Ladainha, de Pedro Casald\u00e1liga, Pedro Tierra e foi musicada por Milton Nascimento. Narra\u00e7\u00e3o: Carmem Imaculada de Brito Ladainha, de Pedro Casald\u00e1liga, Pedro Tierra e foi musicada por Milton Nascimento. (Leitor) &#8211; Unidos \u00e0 procura dos<\/p>\n","protected":false},"author":2,"featured_media":6862,"comment_status":"open","ping_status":"open","sticky":false,"template":"","format":"standard","meta":{"footnotes":""},"categories":[50,27,30,43,57,45],"tags":[],"class_list":["post-6860","post","type-post","status-publish","format-standard","has-post-thumbnail","hentry","category-audio-de-frei-gilvander","category-direitos-humanos","category-fe-e-politica","category-pedagogia-emancipatoria","category-podcast","category-poesia"],"_links":{"self":[{"href":"http:\/\/gilvander.org.br\/site\/wp-json\/wp\/v2\/posts\/6860","targetHints":{"allow":["GET"]}}],"collection":[{"href":"http:\/\/gilvander.org.br\/site\/wp-json\/wp\/v2\/posts"}],"about":[{"href":"http:\/\/gilvander.org.br\/site\/wp-json\/wp\/v2\/types\/post"}],"author":[{"embeddable":true,"href":"http:\/\/gilvander.org.br\/site\/wp-json\/wp\/v2\/users\/2"}],"replies":[{"embeddable":true,"href":"http:\/\/gilvander.org.br\/site\/wp-json\/wp\/v2\/comments?post=6860"}],"version-history":[{"count":1,"href":"http:\/\/gilvander.org.br\/site\/wp-json\/wp\/v2\/posts\/6860\/revisions"}],"predecessor-version":[{"id":6863,"href":"http:\/\/gilvander.org.br\/site\/wp-json\/wp\/v2\/posts\/6860\/revisions\/6863"}],"wp:featuredmedia":[{"embeddable":true,"href":"http:\/\/gilvander.org.br\/site\/wp-json\/wp\/v2\/media\/6862"}],"wp:attachment":[{"href":"http:\/\/gilvander.org.br\/site\/wp-json\/wp\/v2\/media?parent=6860"}],"wp:term":[{"taxonomy":"category","embeddable":true,"href":"http:\/\/gilvander.org.br\/site\/wp-json\/wp\/v2\/categories?post=6860"},{"taxonomy":"post_tag","embeddable":true,"href":"http:\/\/gilvander.org.br\/site\/wp-json\/wp\/v2\/tags?post=6860"}],"curies":[{"name":"wp","href":"https:\/\/api.w.org\/{rel}","templated":true}]}}