{"id":6874,"date":"2020-06-04T18:13:35","date_gmt":"2020-06-04T21:13:35","guid":{"rendered":"http:\/\/gilvander.org.br\/site\/?p=6874"},"modified":"2020-06-04T18:43:48","modified_gmt":"2020-06-04T21:43:48","slug":"a-atual-crise-pode-gerar-algo-novo-padre-marcelo-barros-palavras-de-fe-com-frei-gilvander-moreira","status":"publish","type":"post","link":"http:\/\/gilvander.org.br\/site\/a-atual-crise-pode-gerar-algo-novo-padre-marcelo-barros-palavras-de-fe-com-frei-gilvander-moreira\/","title":{"rendered":"&#8220;A atual crise pode gerar algo novo&#8221; (Padre Marcelo Barros). &#8211; Palavras de F\u00e9, com frei Gilvander Moreira"},"content":{"rendered":"\n<p><strong>&#8220;A atual crise pode gerar algo novo&#8221; (Padre Marcelo Barros). &#8211; Palavras de F\u00e9, com frei Gilvander Moreira <\/strong><br> A atual crise que a humanidade atravessa, por mais dolorosa que seja, pode gerar algo novo&#8221; (Padre Marcelo Barros) &#8211; Palavras de F\u00e9, com frei Gilvander Moreira &#8211; R\u00e1dio Est\u00fadio Brasil &#8211; Bras\u00edlia, DF &#8211; 03\/6\/2020<\/p>\n\n\n\n<figure class=\"wp-block-audio\"><audio controls src=\"http:\/\/gilvander.org.br\/site\/wp-content\/uploads\/2020\/06\/Palavras-de-F\u00e9-com-frei-Gilvander-Moreira-03-6-2020-A-atual-crise-pode-gerar-algo-novo.mp3\" autoplay><\/audio><figcaption>Palavras de F\u00e9, com frei Gilvander Moreira &#8211; &#8220;A atual crise pode gerar algo novo&#8221; <br>R\u00e1dio Est\u00fadio Brasil &#8211; Bras\u00edlia, DF &#8211; 03\/6\/2020<\/figcaption><\/figure>\n\n\n\n<figure class=\"wp-block-image\"><img loading=\"lazy\" decoding=\"async\" width=\"1024\" height=\"576\" src=\"http:\/\/gilvander.org.br\/site\/wp-content\/uploads\/2020\/06\/Palavras-de-F\u00e9-03-6-2020-1024x576.png\" alt=\"\" class=\"wp-image-6877\" srcset=\"http:\/\/gilvander.org.br\/site\/wp-content\/uploads\/2020\/06\/Palavras-de-F\u00e9-03-6-2020-1024x576.png 1024w, http:\/\/gilvander.org.br\/site\/wp-content\/uploads\/2020\/06\/Palavras-de-F\u00e9-03-6-2020-300x169.png 300w, http:\/\/gilvander.org.br\/site\/wp-content\/uploads\/2020\/06\/Palavras-de-F\u00e9-03-6-2020-768x432.png 768w, http:\/\/gilvander.org.br\/site\/wp-content\/uploads\/2020\/06\/Palavras-de-F\u00e9-03-6-2020.png 1280w\" sizes=\"auto, (max-width: 1024px) 100vw, 1024px\" \/><\/figure>\n\n\n\n<p><\/p>\n","protected":false},"excerpt":{"rendered":"<p>&#8220;A atual crise pode gerar algo novo&#8221; (Padre Marcelo Barros). &#8211; Palavras de F\u00e9, com frei Gilvander Moreira A atual crise que a humanidade atravessa, por mais dolorosa que seja, pode gerar algo novo&#8221; (Padre<\/p>\n","protected":false},"author":2,"featured_media":6876,"comment_status":"open","ping_status":"open","sticky":false,"template":"","format":"standard","meta":{"footnotes":""},"categories":[50,22,27,30,29,43,57,26],"tags":[],"class_list":["post-6874","post","type-post","status-publish","format-standard","has-post-thumbnail","hentry","category-audio-de-frei-gilvander","category-cebs-comunidades-eclesiais-de-base","category-direitos-humanos","category-fe-e-politica","category-movimentos-sociais-populares","category-pedagogia-emancipatoria","category-podcast","category-teologia-da-libertacao"],"_links":{"self":[{"href":"http:\/\/gilvander.org.br\/site\/wp-json\/wp\/v2\/posts\/6874","targetHints":{"allow":["GET"]}}],"collection":[{"href":"http:\/\/gilvander.org.br\/site\/wp-json\/wp\/v2\/posts"}],"about":[{"href":"http:\/\/gilvander.org.br\/site\/wp-json\/wp\/v2\/types\/post"}],"author":[{"embeddable":true,"href":"http:\/\/gilvander.org.br\/site\/wp-json\/wp\/v2\/users\/2"}],"replies":[{"embeddable":true,"href":"http:\/\/gilvander.org.br\/site\/wp-json\/wp\/v2\/comments?post=6874"}],"version-history":[{"count":2,"href":"http:\/\/gilvander.org.br\/site\/wp-json\/wp\/v2\/posts\/6874\/revisions"}],"predecessor-version":[{"id":6879,"href":"http:\/\/gilvander.org.br\/site\/wp-json\/wp\/v2\/posts\/6874\/revisions\/6879"}],"wp:featuredmedia":[{"embeddable":true,"href":"http:\/\/gilvander.org.br\/site\/wp-json\/wp\/v2\/media\/6876"}],"wp:attachment":[{"href":"http:\/\/gilvander.org.br\/site\/wp-json\/wp\/v2\/media?parent=6874"}],"wp:term":[{"taxonomy":"category","embeddable":true,"href":"http:\/\/gilvander.org.br\/site\/wp-json\/wp\/v2\/categories?post=6874"},{"taxonomy":"post_tag","embeddable":true,"href":"http:\/\/gilvander.org.br\/site\/wp-json\/wp\/v2\/tags?post=6874"}],"curies":[{"name":"wp","href":"https:\/\/api.w.org\/{rel}","templated":true}]}}