{"id":7180,"date":"2020-06-24T08:32:44","date_gmt":"2020-06-24T11:32:44","guid":{"rendered":"http:\/\/gilvander.org.br\/site\/?p=7180"},"modified":"2020-06-24T08:32:47","modified_gmt":"2020-06-24T11:32:47","slug":"%ef%bb%bfpadre-sandoval-rocha-alerta-sobre-o-pl-41262-no-senado-privatizacao-da-agua-e-injustica","status":"publish","type":"post","link":"http:\/\/gilvander.org.br\/site\/%ef%bb%bfpadre-sandoval-rocha-alerta-sobre-o-pl-41262-no-senado-privatizacao-da-agua-e-injustica\/","title":{"rendered":"\ufeffPadre Sandoval Rocha alerta sobre o PL 41262 no Senado PRIVATIZA\u00c7\u00c3O da \u00c1gua \u00e9 injusti\u00e7a."},"content":{"rendered":"\n<p><strong>Padre Sandoval Rocha alerta sobre o PL 41262 no Senado PRIVATIZA\u00c7\u00c3O da \u00c1gua \u00e9 injusti\u00e7a. 23\/6\/2020. <\/strong><\/p>\n\n\n\n<figure class=\"wp-block-embed-youtube wp-block-embed is-type-video is-provider-youtube wp-embed-aspect-16-9 wp-has-aspect-ratio\"><div class=\"wp-block-embed__wrapper\">\n<div class=\"epyt-video-wrapper\"><iframe loading=\"lazy\"  id=\"_ytid_94709\"  width=\"810\" height=\"456\"  data-origwidth=\"810\" data-origheight=\"456\" src=\"https:\/\/www.youtube.com\/embed\/r1jZT1HHmRU?enablejsapi=1&#038;autoplay=0&#038;cc_load_policy=0&#038;cc_lang_pref=&#038;iv_load_policy=1&#038;loop=0&#038;rel=1&#038;fs=1&#038;playsinline=0&#038;autohide=2&#038;theme=dark&#038;color=red&#038;controls=1&#038;disablekb=0&#038;\" class=\"__youtube_prefs__  epyt-is-override  no-lazyload\" title=\"YouTube player\"  allow=\"fullscreen; accelerometer; autoplay; clipboard-write; encrypted-media; gyroscope; picture-in-picture; web-share\" referrerpolicy=\"strict-origin-when-cross-origin\" allowfullscreen data-no-lazy=\"1\" data-skipgform_ajax_framebjll=\"\"><\/iframe><\/div>\n<\/div><\/figure>\n\n\n\n<p>O Senado abriu Consulta\nP\u00fablica para o PL 4162\/2019, que privatiza a \u00e1gua e o saneamento:\n#DigaN\u00c3OaoPL4162 e defenda o direito \u00e0 \u00e1gua para todos!!! Vote N\u00c3O!!! \u274c\u274c\u274c Acesse o link para votar: \ud83d\udc47 <a href=\"https:\/\/www12.senado.leg.br\/ecidadania\/visualizacaomateria?id=140534\">https:\/\/www12.senado.leg.br\/ecidadania\/visualizacaomateria?id=140534<\/a>\n<\/p>\n\n\n\n<p>#\u00c1guaN\u00e3o\u00c9Mercadoria\n#PrivatizarN\u00c3O #\u00c1gua\u00c9Direito #FNU &#8211; Federa\u00e7\u00e3o Nacional dos Urbanit\u00e1rios.<\/p>\n\n\n\n<p>\u00a0\u00c1udio do Padre Sandoval Rocha. Ele fez sua tese doutoral na PUC- Rio sobre a privatiza\u00e7\u00e3o da \u00e1gua em Manaus, AM. Pe\u00e7o o favor que seja divulgado o \u00e1udio em forma de v\u00eddeo. <\/p>\n\n\n\n<figure class=\"wp-block-image is-resized\"><img loading=\"lazy\" decoding=\"async\" src=\"http:\/\/gilvander.org.br\/site\/wp-content\/uploads\/2020\/06\/Privatiza\u00e7\u00e3o-do-saneamento-n\u00e3o.jpg\" alt=\"\" class=\"wp-image-7181\" width=\"698\" height=\"524\" srcset=\"http:\/\/gilvander.org.br\/site\/wp-content\/uploads\/2020\/06\/Privatiza\u00e7\u00e3o-do-saneamento-n\u00e3o.jpg 960w, http:\/\/gilvander.org.br\/site\/wp-content\/uploads\/2020\/06\/Privatiza\u00e7\u00e3o-do-saneamento-n\u00e3o-300x225.jpg 300w, http:\/\/gilvander.org.br\/site\/wp-content\/uploads\/2020\/06\/Privatiza\u00e7\u00e3o-do-saneamento-n\u00e3o-768x576.jpg 768w\" sizes=\"auto, (max-width: 698px) 100vw, 698px\" \/><\/figure>\n\n\n\n<p>Videorreportagem de frei\nGilvander Moreira da CPT, das CEBs, do CEBI e do SAB. *Inscreva-se no You Tube,\nno Canal Frei Gilvander Luta pela Terra e por Direitos, no link:\nhttps:\/\/www.youtube.com\/user\/fgilvander, acione o sininho, receba as\nnotifica\u00e7\u00f5es de envio de v\u00eddeos e assista a diversos v\u00eddeos de luta por\ndireitos sociais. Se assistir e gostar, compartilhe. Sugerimos. #FreiGilvander\n#NaLutaPorDireitos #PalavrasDeF\u00e9ComFreiGilvander\n#Palavra\u00c9ticaComFreiGilvanderMoreira<\/p>\n","protected":false},"excerpt":{"rendered":"<p>Padre Sandoval Rocha alerta sobre o PL 41262 no Senado PRIVATIZA\u00c7\u00c3O da \u00c1gua \u00e9 injusti\u00e7a. 23\/6\/2020. O Senado abriu Consulta P\u00fablica para o PL 4162\/2019, que privatiza a \u00e1gua e o saneamento: #DigaN\u00c3OaoPL4162 e defenda<\/p>\n","protected":false},"author":2,"featured_media":7181,"comment_status":"open","ping_status":"open","sticky":false,"template":"","format":"standard","meta":{"footnotes":""},"categories":[50,47,38,27,30,25,56,43,57,24,26,18],"tags":[],"class_list":["post-7180","post","type-post","status-publish","format-standard","has-post-thumbnail","hentry","category-audio-de-frei-gilvander","category-direito-a-agua","category-direito-a-saude","category-direitos-humanos","category-fe-e-politica","category-luta-pela-terra-e-reforma-agraria","category-meio-ambiente","category-pedagogia-emancipatoria","category-podcast","category-romaria-das-aguas-e-da-terra-de-mg","category-teologia-da-libertacao","category-videos-de-frei-gilvander"],"_links":{"self":[{"href":"http:\/\/gilvander.org.br\/site\/wp-json\/wp\/v2\/posts\/7180","targetHints":{"allow":["GET"]}}],"collection":[{"href":"http:\/\/gilvander.org.br\/site\/wp-json\/wp\/v2\/posts"}],"about":[{"href":"http:\/\/gilvander.org.br\/site\/wp-json\/wp\/v2\/types\/post"}],"author":[{"embeddable":true,"href":"http:\/\/gilvander.org.br\/site\/wp-json\/wp\/v2\/users\/2"}],"replies":[{"embeddable":true,"href":"http:\/\/gilvander.org.br\/site\/wp-json\/wp\/v2\/comments?post=7180"}],"version-history":[{"count":1,"href":"http:\/\/gilvander.org.br\/site\/wp-json\/wp\/v2\/posts\/7180\/revisions"}],"predecessor-version":[{"id":7182,"href":"http:\/\/gilvander.org.br\/site\/wp-json\/wp\/v2\/posts\/7180\/revisions\/7182"}],"wp:featuredmedia":[{"embeddable":true,"href":"http:\/\/gilvander.org.br\/site\/wp-json\/wp\/v2\/media\/7181"}],"wp:attachment":[{"href":"http:\/\/gilvander.org.br\/site\/wp-json\/wp\/v2\/media?parent=7180"}],"wp:term":[{"taxonomy":"category","embeddable":true,"href":"http:\/\/gilvander.org.br\/site\/wp-json\/wp\/v2\/categories?post=7180"},{"taxonomy":"post_tag","embeddable":true,"href":"http:\/\/gilvander.org.br\/site\/wp-json\/wp\/v2\/tags?post=7180"}],"curies":[{"name":"wp","href":"https:\/\/api.w.org\/{rel}","templated":true}]}}