{"id":7539,"date":"2020-07-17T09:28:39","date_gmt":"2020-07-17T12:28:39","guid":{"rendered":"http:\/\/gilvander.org.br\/site\/?p=7539"},"modified":"2020-07-17T09:28:42","modified_gmt":"2020-07-17T12:28:42","slug":"carta-aos-amigos-e-amigas-do-exterior-e-entrevista-ao-jornal-brasil-de-fato-por-frei-betto","status":"publish","type":"post","link":"http:\/\/gilvander.org.br\/site\/carta-aos-amigos-e-amigas-do-exterior-e-entrevista-ao-jornal-brasil-de-fato-por-frei-betto\/","title":{"rendered":"CARTA AOS AMIGOS E AMIGAS DO EXTERIOR e Entrevista ao Jornal Brasil de Fato. Por Frei Betto"},"content":{"rendered":"\n<p><strong>CARTA AOS AMIGOS E AMIGAS DO EXTERIOR e Entrevista ao Jornal Brasil de Fato. Por Frei Betto<\/strong><\/p>\n\n\n\n<figure class=\"wp-block-image is-resized\"><img loading=\"lazy\" decoding=\"async\" src=\"http:\/\/gilvander.org.br\/site\/wp-content\/uploads\/2020\/07\/Betto-Frei.jpg\" alt=\"\" class=\"wp-image-7540\" width=\"519\" height=\"346\" srcset=\"http:\/\/gilvander.org.br\/site\/wp-content\/uploads\/2020\/07\/Betto-Frei.jpg 768w, http:\/\/gilvander.org.br\/site\/wp-content\/uploads\/2020\/07\/Betto-Frei-300x200.jpg 300w, http:\/\/gilvander.org.br\/site\/wp-content\/uploads\/2020\/07\/Betto-Frei-420x280.jpg 420w\" sizes=\"auto, (max-width: 519px) 100vw, 519px\" \/><figcaption>Frei Betto<\/figcaption><\/figure>\n\n\n\n<p>&nbsp;&nbsp;&nbsp;&nbsp;&nbsp;&nbsp;\nQueridos amigos e amigas:<\/p>\n\n\n\n<p>&nbsp;&nbsp;&nbsp;&nbsp;&nbsp;&nbsp;\nNo Brasil ocorre um genoc\u00eddio! No momento em que escrevo, 16\/7\/2020, a\nCovid-19, surgida aqui em fevereiro deste ano, j\u00e1 matou 76 mil pessoas. J\u00e1 s\u00e3o\nquase 2 milh\u00f5es de infectados. At\u00e9 domingo, 19\/7\/2020, chegaremos a 80 mil\nv\u00edtimas fatais. \u00c9 poss\u00edvel que agora, ao voc\u00ea ler este apelo dram\u00e1tico, j\u00e1\ncheguem a 100 mil.<\/p>\n\n\n\n<p>&nbsp;&nbsp;&nbsp;&nbsp;&nbsp;&nbsp;\nQuando lembro que na guerra do Vietn\u00e3, ao longo de 20 anos, 58 mil vidas de\nmilitares usamericanos foram sacrificadas, tenho o alcance da gravidade do que\nocorre em meu pa\u00eds (Brasil). Esse horror causa indigna\u00e7\u00e3o e revolta. E todos\/as\nsabemos que medidas de precau\u00e7\u00e3o e restri\u00e7\u00e3o, adotadas em tantos outros pa\u00edses,\npoderiam ter evitado tamanha mortandade.<\/p>\n\n\n\n<p>&nbsp;&nbsp;&nbsp;&nbsp;&nbsp;&nbsp;\nEsse genoc\u00eddio n\u00e3o resulta da indiferen\u00e7a do governo Bolsonaro. \u00c9 intencional.\nBolsonaro se compraz da morte alheia. Quando deputado federal, em entrevista \u00e0\nTV, em 1999, ele declarou: \u201cAtrav\u00e9s do voto voc\u00ea n\u00e3o vai mudar nada nesse pa\u00eds,\nnada, absolutamente nada! S\u00f3 vai mudar, infelizmente, se um dia partirmos para\numa guerra civil aqui dentro, e fazendo o trabalho que o regime militar n\u00e3o\nfez: matando uns 30 mil\u201d.<\/p>\n\n\n\n<p>&nbsp;&nbsp;&nbsp;&nbsp;&nbsp;&nbsp;\nAo votar a favor do impeachment da presidente Dilma, ofertou seu voto \u00e0 mem\u00f3ria\ndo mais not\u00f3rio torturador do Ex\u00e9rcito, o coronel Brilhante Ustra.<\/p>\n\n\n\n<p>&nbsp;&nbsp;&nbsp;&nbsp;&nbsp;&nbsp;\nPor ser t\u00e3o obcecado pela morte, uma de suas principais pol\u00edticas de governo \u00e9\na libera\u00e7\u00e3o do com\u00e9rcio de armas e muni\u00e7\u00f5es. Questionado \u00e0 porta do pal\u00e1cio\npresidencial se n\u00e3o se importava com as v\u00edtimas da pandemia, respondeu:\n&#8220;N\u00e3o estou acreditando nesses n\u00fameros&#8221; (27\/3\/2020, 92 mortes);\n&#8220;Todos n\u00f3s iremos morrer um dia&#8221; (29\/3\/2020, 136 mortes); &#8220;E\nda\u00ed? Quer que eu fa\u00e7a o qu\u00ea?&#8221; (28\/4\/2020, 5.017 mortes).<\/p>\n\n\n\n<p>&nbsp;&nbsp;&nbsp;&nbsp;&nbsp;&nbsp;\nPor que essa pol\u00edtica necr\u00f3fila? Desde o in\u00edcio ele declarou que o importante\nn\u00e3o era salvar vidas, e sim a economia. Da\u00ed sua recusa em decretar lockdown,\nacatar as orienta\u00e7\u00f5es da OMS e importar respiradores e equipamentos de prote\u00e7\u00e3o\nindividual. Foi preciso a Suprema Corte (STF) delegar essa responsabilidade a\ngovernadores e prefeitos.<\/p>\n\n\n\n<p>&nbsp;&nbsp;&nbsp;&nbsp;&nbsp;&nbsp;\nBolsonaro sequer respeitou a autoridade de seus pr\u00f3prios ministros da Sa\u00fade.\nDesde fevereiro o Brasil teve dois, ambos demitidos por se recusarem a adotar a\nmesma atitude do presidente. Agora, \u00e0 frente do minist\u00e9rio, est\u00e1 o general\nPazuello, que nada entende de quest\u00e3o sanit\u00e1ria; tentou ocultar os dados sobre\na&nbsp; evolu\u00e7\u00e3o dos n\u00fameros de v\u00edtimas do coronav\u00edrus; empregou 38 militares\nem fun\u00e7\u00f5es importantes do minist\u00e9rio, sem a requerida qualifica\u00e7\u00e3o; e cancelou\nas entrevistas di\u00e1rias pelas quais a popula\u00e7\u00e3o recebia orienta\u00e7\u00e3o.<\/p>\n\n\n\n<p>&nbsp;&nbsp;&nbsp;&nbsp;&nbsp;&nbsp;\nSeria exaustivo enumerar aqui quantas medidas de libera\u00e7\u00e3o de recursos para\nsocorro das v\u00edtimas e das fam\u00edlias de baixa renda (mais de 100 milh\u00f5es de\nbrasileiros) jamais foram efetivadas.<\/p>\n\n\n\n<p>&nbsp;&nbsp;&nbsp;&nbsp;&nbsp;&nbsp;\nAs raz\u00f5es da intencionalidade criminosa do governo Bolsonaro s\u00e3o evidentes.\nDeixar morrer os idosos, para economizar recursos da Previd\u00eancia Social. Deixar\nmorrer os portadores de doen\u00e7as preexistentes, para economizar recursos do SUS,\no sistema nacional de sa\u00fade. Deixar morrer os pobres, para economizar recursos\ndo Bolsa Fam\u00edlia e de outros programas sociais destinados aos 52,5 milh\u00f5es de\nbrasileiros que vivem na pobreza e aos 13,5 milh\u00f5es que se encontram na extrema\npobreza. (Dados do governo federal).<\/p>\n\n\n\n<p>&nbsp;&nbsp;&nbsp;&nbsp;&nbsp;&nbsp;\nN\u00e3o satisfeito com tais medidas letais, agora o presidente vetou, no projeto de\nlei sancionado a 3\/7\/2020, o trecho que obrigava o uso de m\u00e1scaras em\nestabelecimentos comerciais, templos religiosos e institui\u00e7\u00f5es de ensino. Vetou\ntamb\u00e9m a imposi\u00e7\u00e3o de multas para quem descumprir as regras e a obriga\u00e7\u00e3o do\ngoverno de distribuir m\u00e1scaras para os mais pobres, principais v\u00edtimas da\nCovid-19, e aos presos (750 mil). Esses vetos, no entanto, n\u00e3o anulam\nlegisla\u00e7\u00f5es locais que j\u00e1 estabelecem a obrigatoriedade do uso de m\u00e1scara.<\/p>\n\n\n\n<p>&nbsp;&nbsp;&nbsp;&nbsp;&nbsp;&nbsp;\nEm 8\/7\/2020, Bolsonaro derrubou trechos da lei, aprovada pelo Senado, que obrigavam\no governo a fornecer \u00e1gua pot\u00e1vel e materiais de higiene e limpeza, instala\u00e7\u00e3o\nde internet e distribui\u00e7\u00e3o de cestas b\u00e1sicas, sementes e ferramentas agr\u00edcolas,\npara aldeias ind\u00edgenas. Vetou tamb\u00e9m verba emergencial destinada \u00e0 sa\u00fade\nind\u00edgena, bem como facilitar o acesso de ind\u00edgenas e quilombolas ao aux\u00edlio\nemergencial de 600 reais (100 euros ou 120 d\u00f3lares) por tr\u00eas meses. Vetou ainda\na obriga\u00e7\u00e3o de o governo oferecer mais leitos hospitalares, ventiladores e\nm\u00e1quinas de oxigena\u00e7\u00e3o sangu\u00ednea a povos ind\u00edgenas e quilombolas.<\/p>\n\n\n\n<p>&nbsp;&nbsp;&nbsp;&nbsp;&nbsp;&nbsp;\nInd\u00edgenas e quilombolas t\u00eam sido dizimados pela crescente devasta\u00e7\u00e3o\nsocioambiental, em especial na Amaz\u00f4nia.<\/p>\n\n\n\n<p>&nbsp;&nbsp;&nbsp;&nbsp;&nbsp;&nbsp;\nPor favor, divulguem ao m\u00e1ximo esse crime de lesa-humanidade. \u00c9 preciso que as\nden\u00fancias do que ocorre no Brasil cheguem \u00e0 m\u00eddia de seu pa\u00eds, \u00e0s redes\ndigitais, ao Conselho de Direitos Humanos da ONU, em Genebra, e ao Tribunal\nInternacional de Haia, bem como aos bancos e empresas que abrigam investidores\nt\u00e3o cobi\u00e7ados pelo governo Bolsonaro.<\/p>\n\n\n\n<p>&nbsp;&nbsp;&nbsp;&nbsp;&nbsp;&nbsp;\nMuito antes de o jornal The Economist faz\u00ea-lo, nas redes digitais trato o\npresidente por BolsoNero \u2013 enquanto Roma arde em chamas, ele toca lira e faz\npropaganda da cloroquina, rem\u00e9dio sem nenhuma efic\u00e1cia cient\u00edfica contra o novo\ncoronav\u00edrus. Por\u00e9m, seus fabricantes s\u00e3o aliados pol\u00edticos do presidente&#8230;<\/p>\n\n\n\n<p>&nbsp;&nbsp;&nbsp;&nbsp;&nbsp;&nbsp;\nAgrade\u00e7o seu solid\u00e1rio interesse em divulgar esta carta. S\u00f3 a press\u00e3o vinda do\nexterior ser\u00e1 capaz de deter o genoc\u00eddio que assola o nosso querido e\nmaravilhoso Brasil.<\/p>\n\n\n\n<p>&nbsp;&nbsp;&nbsp;&nbsp;&nbsp;&nbsp;\nFraternalmente,<\/p>\n\n\n\n<p>&nbsp;&nbsp;&nbsp;&nbsp;&nbsp;&nbsp;\nFrei Betto, dia 16\/7\/2020, dia de Nossa Senhora do Carmo.<\/p>\n\n\n\n<p>Frei Betto \u00e9 frade dominicano e escritor, assessor da FAO e de movimentos sociais.<\/p>\n\n\n\n<p>= = = = =<\/p>\n\n\n\n<p><strong>Confira\na entrevista que Frei Betto concedeu ao Jornal Brasil de Fato, na \u00edntegra,\nabaixo.<\/strong><\/p>\n\n\n\n<p>Brasil de Fato \u2013 Em 2019,\n43,1 milh\u00f5es de pessoas foram afetadas pela inseguran\u00e7a alimentar moderada e\nsevera no Brasil. \u00c9 um contingente muito grande de pessoas. O que nos levou a\nchegar a essa marca?<\/p>\n\n\n\n<p>Frei Betto \u2013&nbsp;Isso \u00e9\nmais do que a popula\u00e7\u00e3o da maioria dos&nbsp;pa\u00edses da Am\u00e9rica Latina. \u00c9 \u00f3bvio\nque os que no levou a alcan\u00e7ar essa marca foi a falta de uma pol\u00edtica de\nseguran\u00e7a alimentar do governo Bolsonero, considerando o genoc\u00eddio que se\nproduz nesse pa\u00eds, especialmente em cima do surto do novo coronav\u00edrus.<\/p>\n\n\n\n<p>Ou seja, no dia em que\nestamos falando,&nbsp;73 mil pessoas, desde mar\u00e7o, faleceram por descaso do\nnosso governo. Quando penso que em um pa\u00eds como Cuba, faleceram 86 pessoas, em\num pa\u00eds como o Vietn\u00e3, nenhuma pessoa, porque os governos tomaram as medidas de\nprecau\u00e7\u00e3o\u2026 Aqui n\u00e3o. Aqui, realmente, o governo \u00e9 c\u00famplice do genoc\u00eddio e dessa\nmortandade.<\/p>\n\n\n\n<p>H\u00e1 v\u00e1rias pol\u00edticas para\nsalvar vidas que foram articuladas no Brasil durante os 13 anos do governo do\nPT e todas elas est\u00e3o sendo desarticuladas e desmontadas. Isso vale para a\nquest\u00e3o trabalhista, previdenci\u00e1ria, prote\u00e7\u00e3o dos povos ind\u00edgenas, dos\nquilombolas.<\/p>\n\n\n\n<p>Todas as medidas de prote\u00e7\u00e3o\nda vida dos mais pobres est\u00e3o sendo totalmente desmontadas em uma pol\u00edtica\nintencional de genoc\u00eddio. Isso exemplificado nessa semana, quando o presidente\nveta o dispositivo da lei de precau\u00e7\u00f5es sanit\u00e1rias, que previa a doa\u00e7\u00e3o de\nm\u00e1scaras para pessoas presas.<\/p>\n\n\n\n<p>E j\u00e1 s\u00e3o mais de 700 presos\ninfectados no Brasil, inclusive um deputado que estava preso l\u00e1 no Paran\u00e1,\nMeurer, primeiro condenado da Lava Jato. Preso, 78 anos, morreu antes de ontem.\nJ\u00e1 s\u00e3o 72 presos mortos. Quando o presidente assina um decreto vetando que se\ndistribua m\u00e1scara, uma coisa muito simples, \u00e9 porque ele quer que os presos\nmorram. N\u00e3o \u00e9 que isso representa um gasto, \u00e9 porque para ele, \u201cbandido bom \u00e9\nbandido morto\u201d. Exatamente o lema dos esquadr\u00f5es da morte, das mil\u00edcias, dos\ngabinetes de \u00f3dio.<\/p>\n\n\n\n<p>Eu creio que a raz\u00e3o do\naumento da inseguran\u00e7a alimentar no pa\u00eds e das pessoas em situa\u00e7\u00e3o de fome, \u00e9\nem decorr\u00eancia da falta de uma pol\u00edtica de aten\u00e7\u00e3o b\u00e1sica da nossa popula\u00e7\u00e3o.<\/p>\n\n\n\n<p>O que \u00e9 mais grave \u00e9 que\nmesmo esse&nbsp;aux\u00edlio emergencial n\u00e3o \u00e9 suficiente.&nbsp;Primeiro, 70 milh\u00f5es\nde pessoas se alistaram, muito mais que o previsto, o que revela que existe um\ncontingente de pessoas em extrema pobreza muito maior do que se pensava.\nSegundo, dessas, os recursos chegaram a apenas 49%. Ou seja, h\u00e1 uma margem de\nrecursos que foi destinado para os mais pobres, teoricamente, no papel, e n\u00e3o\nchega a eles.<\/p>\n\n\n\n<p>E terceiro, muitos\noportunistas, bandidos, corruptos e aproveitadores, inclusive recrutas e\noficiais das For\u00e7as Armadas. Muita gente que n\u00e3o merece se inscreveu e recebeu.\nEnquanto in\u00fameros outros que necessitam, precisam, est\u00e3o na extrema pobreza,\npor conta da burocracia, falta de internet, pessoas desprovidas desses recursos\ntecnol\u00f3gicos, ficam sem receber.<\/p>\n\n\n\n<p>Em rela\u00e7\u00e3o \u00e0s pol\u00edticas que\najudaram a retirada do Brasil do Mapa da Fome, qual o peso de programas como o\nBolsa Fam\u00edlia, por exemplo? Como o senhor avalia a forma que o governo lida com\nesse programa?<\/p>\n\n\n\n<p>Ele lida constrangido.\nPrimeiro, ele gostaria que esse programa n\u00e3o existisse. Segundo, ele se sente\nconstrangido por esse programa n\u00e3o ter sido uma cria\u00e7\u00e3o dele, foi uma cria\u00e7\u00e3o\ndo PT. Que primeiro criou o Fome Zero onde eu trabalhei. Depois o Fome Zero\nganhou o nome de&nbsp;Bolsa Fam\u00edlia&nbsp;quando houve uma mudan\u00e7a de sua\nestrutura.<\/p>\n\n\n\n<p>Devo dizer, mudan\u00e7a da qual\ndiscordei. O Fome Zero como estava concebido tinha um alcance emancipat\u00f3rio. A\nfam\u00edlia que entrasse no Fome Zero estaria aut\u00f4noma, sem depender de recursos do\ngoverno federal. O Bolsa Fam\u00edlia \u00e9 muito bom mas \u00e9 compensat\u00f3rio, n\u00e3o \u00e9\nemancipat\u00f3rio. Portanto a fam\u00edlia que entra n\u00e3o pode sair. Se sair, corre o\nrisco de voltar para a extrema pobreza.<\/p>\n\n\n\n<p>Ali\u00e1s, caso algum leitor ou\nouvinte esteja interessado em conhecer os detalhes disso, est\u00e1 tudo descrito no\nmeu livro&nbsp;Calend\u00e1rio do poder. Um di\u00e1rio do meu trabalho quando assessor\nespecial do presidente Lula para o Fome Zero. Um livro da editora Rocco. E\ntamb\u00e9m no meu site, onde podem obter o livro at\u00e9 mesmo mais barato.<\/p>\n\n\n\n<p>Pois bem. Essas pol\u00edticas de\nseguran\u00e7a alimentar adotadas no Bolsa Fam\u00edlia, um programa que eu aplaudo\ndevido \u00e0 import\u00e2ncia que ele tem.. Mais de 50 milh\u00f5es de fam\u00edlias beneficiadas.\nMas o governo Bolsonaro n\u00e3o tem interesse em ampli\u00e1-lo. Hoje existe uma fila\nimensa de pessoas, quase 1 milh\u00e3o, esperando a ades\u00e3o.<\/p>\n\n\n\n<p>E agora isso vai aumentar. O\ndesemprego oficial j\u00e1 era, no in\u00edcio da pandemia, de 12 milh\u00f5es de pessoas.\nAgora, com o in\u00edcio da pandemia, esse n\u00famero chega a 28 milh\u00f5es de pessoas.\nImagina, 28 milh\u00f5es de pessoas em uma popula\u00e7\u00e3o com 100 milh\u00f5es de\ntrabalhadores economicamente ativos. Somos 200 milh\u00f5es de habitantes e todos\nsomos sustentados por esses 100 milh\u00f5es que trabalham.<\/p>\n\n\n\n<p>\u00c9 muito grave o que vem\nacontecendo porque a pandemia aumentou o desemprego e aumentou a inseguran\u00e7a\ntrabalhista. As quest\u00f5es trabalhistas j\u00e1 vinham sendo sucateadas desde a\nreforma trabalhista.<\/p>\n\n\n\n<p>Uma s\u00e9rie de medidas foram\nadotadas para colocar no ch\u00e3o todas as conquistas da classe trabalhadora que\nestavam consolidadas na CLT. Isso tudo foi desarticulado com as reformas\ntrabalhistas e previdenci\u00e1rias. E hoje temos uma&nbsp;uberiza\u00e7\u00e3o do\ntrabalho.&nbsp;Cada vez mais o empregado \u00e9 praticamente um escravo, realmente\nn\u00e3o tem garantias.<\/p>\n\n\n\n<p>E ele tem que trabalhar\nmuito e excessivamente para conseguir assegurar o m\u00ednimo de sobreviv\u00eancia. Por\nisso \u00e9 muito importante essa rea\u00e7\u00e3o dos entregadores de encomendas, os motoboys\nentregadores t\u00eam feito ultimamente.<\/p>\n\n\n\n<p>Em meio \u00e0 pandemia, a\ndiscuss\u00e3o colocada pelo governo criou uma polariza\u00e7\u00e3o entre a economia e sa\u00fade.\nE estamos assistindo reaberturas consideradas precipitadas por m\u00e9dicos e\nespecialistas da \u00e1rea da sa\u00fade? Como o senhor avalia essa postura e esse\nprocesso de resposta \u00e0 pandemia?<\/p>\n\n\n\n<p>\u00c9 um dilema totalmente\nfalso. Primeiro porque a economia n\u00e3o \u00e9 concebida no Brasil em fun\u00e7\u00e3o da\nmaioria da popula\u00e7\u00e3o. \u00c9 concebida em fun\u00e7\u00e3o dos detentores do capital. Em\nfun\u00e7\u00e3o da elite, daqueles que t\u00eam acesso \u00e0 aplica\u00e7\u00f5es financeiras na Bolsa de\nValores.<\/p>\n\n\n\n<p>Ent\u00e3o, na verdade, a\nproposta genocida do governo \u00e9 \u201cvamos deixar que morram os brasileiros,\nsobretudo os mais vulner\u00e1veis, os pobres, os idosos, os que t\u00eam doen\u00e7as\npr\u00e9-existentes, porque isso ir\u00e1 trazer uma economia de recursos\u201d. Explico: Se\nn\u00e3o se toma nenhuma provid\u00eancia para deter a pandemia, que foi a op\u00e7\u00e3o do\nBolsonaro, voc\u00ea tem maior mortandade entre os oner\u00e1veis.<\/p>\n\n\n\n<p>Primeiros os idosos. Ora,\nmorrer muitos idosos representa uma grande economia pro INSS. Segundo, os que\nt\u00eam doen\u00e7a pr\u00e9-existente. Se morrerem esses, \u00e9 uma grande economia para o SUS.\nE terceiro, morrendo os mais pobres, uma grande economia para o Bolsa Fam\u00edlia e\noutras medidas de prote\u00e7\u00e3o social.<\/p>\n\n\n\n<p>\u00c9 esse o panorama. N\u00e3o\nexiste dilema. Na verdade \u00e9 isso: \u201cQue se danem as pessoas de classe C, D e E\nno Brasil\u201d e salvemos as classes A e B\u201d. A classe alta e a m\u00e9dia alta. Isso que\nimporta ao governo.<\/p>\n\n\n\n<p>Como o Estado brasileiro\ndeveria estar agindo nesse momento? Qual o papel do Estado em meio \u00e0 crises\ncomo essa?<\/p>\n\n\n\n<p>O que o Estado deveria\nfazer, nesse governo, seja com Bolsonaro ou com Mour\u00e3o, n\u00e3o tem nenhuma\nperspectiva. A pergunta que temos que fazer \u00e9 o que o povo brasileiro deve\nfazer. O que os movimentos sociais, as institui\u00e7\u00f5es democr\u00e1ticas e os partidos\nprogressistas devem fazer. Temos que agir cada vez mais. \u00c9 uma atrocidade o que\nvem acontecendo em nosso pa\u00eds.<\/p>\n\n\n\n<p>\u00c9 preciso pressionar cada\nvez mais o Congresso para tomar medidas contr\u00e1rias a essas que o Bolsonaro tem\nassinado, medidas provis\u00f3rias que ele prop\u00f5e. E no momento que a pandemia\ncessar, vamos para rua. N\u00e3o tem outro jeito. Vamos ocupar as ruas como j\u00e1 tinha\ncome\u00e7ado no in\u00edcio da pandemia, para manifestar a nossa insatisfa\u00e7\u00e3o e tentar\nmudar esse quadro pol\u00edtico. N\u00e3o d\u00e1 pra pensar na possibilidade de conviver mais\ndois anos e meio com um governo genocida.<\/p>\n\n\n\n<p>Um governo geocida porque a\nquest\u00e3o do desmatamento da Amaz\u00f4nia, da desprote\u00e7\u00e3o ambiental, de deixar passar\na boiada, favorecer as mineradoras do garimpo ilegal, permitir invas\u00e3o das\n\u00e1reas ind\u00edgenas. Tudo isso \u00e9 uma desgra\u00e7a absoluta sobre o Brasil, uma desgra\u00e7a\nabsoluta sobre o Brasil. E s\u00f3 h\u00e1 uma possibilidade de deter esse processo, que\n\u00e9 a mobiliza\u00e7\u00e3o popular.<\/p>\n\n\n\n<p>A Oxfam divulgou um estudo\nrecentemente, apontando que o Brasil est\u00e1 entre os prov\u00e1veis epicentros da fome\nno mundo em meio \u00e0 pandemia. Nesse sentido, gostaria de te perguntar sobre a\nsitua\u00e7\u00e3o das pol\u00edticas de soberania alimentar e nutricional, principalmente no\ncampo.&nbsp;<\/p>\n\n\n\n<p>Na verdade, as boas\npol\u00edticas que existem s\u00e3o feitas pelos movimentos populares, como o MST. Nos\nseus acampamentos e assentamentos, o MST tem implementando medidas que s\u00e3o\nmundialmente exemplares e que tem dado muito resultado. Agora, da parte do\ngoverno n\u00e3o h\u00e1 nada.&nbsp;O governo acabou com o Consea, desarticulou todos os\nmecanismos que deveriam assegurar a seguridade alimentar e levaram o Brasil a\nsair do Mapa do Fome. N\u00f3s corremos o risco de voltar.<\/p>\n\n\n\n<p>Vem aumentando o n\u00famero de\npessoas em situa\u00e7\u00e3o de risco grave de desnutri\u00e7\u00e3o. At\u00e9 porque, com a pandemia,\nh\u00e1 um aumento no pre\u00e7o dos alimentos. Em decorr\u00eancia da falta de transporte, a\nquest\u00e3o do isolamento social, em decorr\u00eancia do desemprego muito grande\nprincipalmente nas \u00e1reas de transporte, servi\u00e7os, agricultura e etc.<\/p>\n\n\n\n<p>Por exemplo, no interior de\nS\u00e3o Paulo tem muitas colheitas que sazonalmente atraem trabalhadores de outras\nregi\u00f5es do pa\u00eds. Isso agora se tornou mais dif\u00edcil. Outro dia mesmo vi uma cena\nterr\u00edvel. Em Santa Catarina, jogando em um fo\u00e7o, milhares e milhares de frutas,\nporque n\u00e3o havia como esco\u00e1-las. Um pouco aquela pol\u00edtica de ao inv\u00e9s de\ndistribuir, joga-se no lixo para que o pre\u00e7o do produto n\u00e3o caia.<\/p>\n\n\n\n<p>Ent\u00e3o \u00e9 muito dif\u00edcil que o\nBrasil continue fora do Mapa da Fome. N\u00f3s estamos em uma situa\u00e7\u00e3o s\u00e9ria. A\n\u00fanica solu\u00e7\u00e3o hoje, como tem sido adotada agora na pandemia, \u00e9 a mobiliza\u00e7\u00e3o\nsocial. Vejo aqui nas&nbsp;favelas de S\u00e3o Paulo, principalmente a Central de\nMovimentos Populares tem feito um excelente trabalho de coletas de recursos para\ncompra e distribui\u00e7\u00e3o de cestas b\u00e1sicas.<\/p>\n\n\n\n<p>Isso tem que ser\nintensificado, \u00e9 muito importante porque, como dizia Betinho, a fome tem\npressa. S\u00e3o muitas fam\u00edlias desamparadas, principalmente as que s\u00e3o chefiadas\npor mulheres. Sabemos que 40% da for\u00e7a de trabalho brasileira est\u00e1 na\ninformalidade, s\u00e3o trabalhadores informais. E a maioria s\u00e3o mulheres que n\u00e3o\nt\u00eam o mesmo sal\u00e1rio que os homens, e ao mesmo tempo, elas t\u00eam uma dupla jornada\nde trabalho. O trabalho fora de casa e o trabalho dentro de casa. Cuidar da\ncasa e das crian\u00e7as, dos filhos.<\/p>\n\n\n\n<p>Um governo minimamente\ndecente, minimamente justo, deveria se preocupar com esses seguimentos\nvulner\u00e1veis e garantir, como outros pa\u00edses tem feito, n\u00e3o s\u00f3 a seguran\u00e7a\nalimentar mais uma renda b\u00e1sica.<\/p>\n\n\n\n<p>Eu creio que a ideia do\nSuplicy, da renda b\u00e1sica universal, \u00e9 cada vez mais premente. \u00c9 preciso que\ngovernos do mundo inteiro adotem para toda a popula\u00e7\u00e3o, independentemente de\netnia, de sexo, de idade, uma renda b\u00e1sica m\u00ednima. O resultado est\u00e1 provado nos\npoucos pa\u00edses que fizeram isso, o resultado \u00e9 altamente positivo.<\/p>\n\n\n\n<p>Ningu\u00e9m vai morar na rua,\nningu\u00e9m vai para a criminalidade, por vontade pr\u00f3pria. Por isso que eu digo:\nN\u00e3o existem pessoas pobres, existem pessoas empobrecidas. Ningu\u00e9m quer viver na\npobreza. As pessoas que est\u00e3o nessa situa\u00e7\u00e3o foram estruturalmente levadas a\nela. E fazem tudo para tentar sair. Seja pelo esfor\u00e7o do trabalho, pela sorte\nna loteria, pelo milagre na igreja da esquina, seja pela criminalidade.<\/p>\n\n\n\n<p>Ningu\u00e9m se conforma em viver\nprivado de bem essenciais, principalmente os tr\u00eas b\u00e1sicos na garantia de\ndireitos humanos. Pela ordem s\u00e3o: alimenta\u00e7\u00e3o, sa\u00fade e educa\u00e7\u00e3o.<\/p>\n\n\n\n<p>O senhor falou sobre a\nquest\u00e3o do desperd\u00edcio da comida, do aumento do pre\u00e7o.&nbsp;Quais a\u00e7\u00f5es\nemergenciais para os pequenos agricultores poderiam ser tomadas nesse momento,\ntendo em vista a import\u00e2ncia dessa produ\u00e7\u00e3o?<\/p>\n\n\n\n<p>Os pequenos agricultores\ngarantem 70% dos alimentos que chegam \u00e0 nossa mesa. As grandes empresas\nproduzem para a exporta\u00e7\u00e3o, n\u00e3o para o mercado interno. A&nbsp;mesa do\nbrasileiro \u00e9 70% assegurada pela agricultura familiar.<\/p>\n\n\n\n<p>Nos governos do PT, v\u00e1rias\nmedidas altamente positivas foram adotadas para incentivar a&nbsp;<a href=\"https:\/\/www.brasildefato.com.br\/2020\/06\/20\/compra-de-alimentos-da-agricultura-familiar-e-crucial-diz-ex-diretor-da-conab\" target=\"_blank\" rel=\"noreferrer noopener\">agricultura familiar<\/a>, para dar a ela seguran\u00e7a mesmo em\nper\u00edodos de entressafras. O que tamb\u00e9m foi feito com os pescadores. N\u00e3o \u00e9 o ano\ninteiro que eles podem buscar o peixe no mar, ent\u00e3o o governo assegurou um\ncomplemento de recurso pelos quais eles tinham a renda garantida. Isso tudo tem\nsido desmontado, anulado, negado.<\/p>\n\n\n\n<p>Creio que a\u00ed est\u00e1 a press\u00e3o\nimportante tamb\u00e9m do povo do campo com apoio da cidade. &nbsp;N\u00e3o existe isso\nda luta ser s\u00f3 de um. A luta dele deve ser a de todos n\u00f3s. H\u00e1 um avan\u00e7o\ncriminoso do latif\u00fandio, do agroneg\u00f3cio e das mineradoras tamb\u00e9m sobre a\nagricultura familiar. Aconteceu algo que \u00e9 uma trag\u00e9dia que faz esse setor\npensar.<\/p>\n\n\n\n<p>Por exemplo, os\nfrigor\u00edficos. O Brasil \u00e9 um grande exportador de carne. Muitos frigor\u00edficos\nest\u00e3o paralisados, seja porque a maioria dos trabalhadores pegaram a covid-19,\nou devido aos importadores, como aconteceu com a China, suspenderam a\nimporta\u00e7\u00e3o.<\/p>\n\n\n\n<p>A China suspendeu a\nimporta\u00e7\u00e3o de carne de 3 grandes frigor\u00edficos no Brasil porque a carne que\nchegou l\u00e1 estava tamb\u00e9m contaminada. Isso vai obrigar esses exportadores a\nrepensarem as condi\u00e7\u00f5es de trabalho. N\u00e3o d\u00e1 para enganar quem exige qualidade e\nmuitos importadores est\u00e3o interessados na qualidade. E agora, mais do que isso,\nest\u00e3o pressionando o governo para a quest\u00e3o do fim do desmatamento e da\npreserva\u00e7\u00e3o ambiental.<\/p>\n\n\n\n<p>O governo est\u00e1 em uma\nsinuca. N\u00e3o \u00e9 pol\u00edtica dele fazer preserva\u00e7\u00e3o ambiental. Se tivesse o m\u00ednimo de\nhonestidade quando fala de preserva\u00e7\u00e3o ambiental, a primeira medida que deveria\nser tomada \u00e9 demitir o&nbsp;<a href=\"https:\/\/www.brasildefato.com.br\/2020\/06\/09\/o-que-passou-na-boiada-de-ricardo-salles-durante-a-pandemia\" target=\"_blank\" rel=\"noreferrer noopener\">atual ministro do meio ambiente, o Salles<\/a>. O do \u201cpassar a\nboiada\u201d. Mas enquanto o Salles estiver a frente do Minist\u00e9rio do Meio Ambiente,\nfica \u00f3bvio, que o governo n\u00e3o pretende mudar sua pol\u00edtica de devasta\u00e7\u00e3o\nambiental.<\/p>\n\n\n\n<p>Os dados apontam que tamb\u00e9m\nhaver\u00e1 o aumento da fome em outros pa\u00edses. Qual o contexto global? Qual l\u00f3gica\nest\u00e1 por tr\u00e1s desse processo, que permite que cheguemos a esse ponto t\u00e3o\nextremo?<\/p>\n\n\n\n<p>Em 2019,&nbsp;<a href=\"https:\/\/www.brasildefato.com.br\/2020\/07\/13\/mundo-viu-10-milhoes-de-pessoas-a-mais-comecarem-a-passar-fome-em-2019-diz-onu\" target=\"_blank\" rel=\"noreferrer noopener\">mais de 10 milh\u00f5es de pessoas<\/a>&nbsp;ingressaram em situa\u00e7\u00e3o\nde fome no mundo. Hoje s\u00e3o 690 milh\u00f5es de famintos em todo planeta. Isso\nrepresenta 8,9% da popula\u00e7\u00e3o mundial. Com a pandemia, esse n\u00famero pode ser\nacrescido de mais de 270 milh\u00f5es at\u00e9 o fim desse ano. Nos \u00faltimos cinco anos, o\naumento de famintos \u00e9 de quase 60 milh\u00f5es de pessoas.<\/p>\n\n\n\n<p>A desnutri\u00e7\u00e3o tem aumentado\npelo quarto ano seguido e hoje um a cada dez habitantes do planeta sobrevivem\nem inseguran\u00e7a alimentar. A FAO, \u00f3rg\u00e3o da ONU para qual eu trabalho, est\u00e1\nprevendo que o coronav\u00edrus acrescente 132 milh\u00f5es de pessoas ao n\u00famero total de\nindiv\u00edduos subnutridos apenas esse ano, em consequ\u00eancia dos impactos provocados\npela covid-19.<\/p>\n\n\n\n<p>Hoje temos mais de 7 bilh\u00f5es\nde habitantes dos quais 2 bilh\u00f5es n\u00e3o t\u00eam acesso regular a alimentos\nnutritivos, de qualidade e quantidade suficiente. Cerca de 3 bilh\u00f5es de\nhabitantes, quase a metade da popula\u00e7\u00e3o global, n\u00e3o tem meios para manter uma\ndieta considerada minimamente equilibrada. Como por exemplo, ingerir quantidade\nsuficiente de frutas e legumes.<\/p>\n\n\n\n<p>Em m\u00e9dia, uma dieta saud\u00e1vel\ncusta cinco vezes mais do que uma dieta que s\u00f3 atinge as necessidades de\nenergia com alimentos ricos em amido. Eles at\u00e9 engordam, mas n\u00e3o nutrem.<\/p>\n\n\n\n<p>N\u00f3s temos muito amido como\nmandioca, que as pessoas repetem diariamente na alimenta\u00e7\u00e3o porque n\u00e3o tem\nalternativa. Mas isso n\u00e3o tem as vitaminas, os nutrientes essenciais para uma\nsa\u00fade boa e uma dieta saud\u00e1vel.<\/p>\n\n\n\n<p>A obesidade vem aumentando,\ntanto em adultos quanto em crian\u00e7as. E muitas vezes por causa da fome [da\naus\u00eancia de alimenta\u00e7\u00e3o de qualidade]. Uma alimenta\u00e7\u00e3o saud\u00e1vel \u00e9 inalcan\u00e7\u00e1vel\npara 38% da popula\u00e7\u00e3o mundial, essas quase 3 bilh\u00f5es de pessoas. Dessas, 104\nmilh\u00f5es vivem na Am\u00e9rica Latina e no Caribe.<\/p>\n\n\n\n<p>Quem mais sofre com a\naus\u00eancia de alimenta\u00e7\u00e3o saud\u00e1vel s\u00e3o as crian\u00e7as. Ano passado, 144 milh\u00f5es de\ncrian\u00e7as abaixo de cinco anos foram atingidas pelo crescimento atrofiado.\nEnquanto outras 38 milh\u00f5es estavam com excesso de peso.<\/p>\n\n\n\n<p>A quest\u00e3o j\u00e1 era grave antes\nda pandemia, se agrava agora e realmente precisamos colocar isso \u00e0s claras.\nDenunciar, propagar e pressionar o governo. Nos mobilizar para mudar essas\npol\u00edticas governamentais.<\/p>\n\n\n\n<p>O senhor tem viajado para\noutros pa\u00edses enquanto assessor da FAO. Existem exemplos de combate \u00e0 fome que\npoderiam ser seguidos?<\/p>\n\n\n\n<p>Em quase todos os pa\u00edses existem\nexperi\u00eancias setoriais e locais muito interessantes. Mas tenho acompanhado mais\nde perto a experi\u00eancia cubana. Cuba \u00e9 um pa\u00eds&nbsp;sui generis. Primeiro que \u00e9\no&nbsp;\u00fanico pa\u00eds socialista da hist\u00f3ria do Ocidente. Segundo, \u00e9 o \u00fanico pa\u00eds\nsocialista da Am\u00e9rica e do Caribe. E terceiro \u00e9 uma ilha, n\u00e3o s\u00f3 no sentido\ngeogr\u00e1fico mas tamb\u00e9m uma ilha econ\u00f4mica. Cortada, bloqueada e agredida\npermanentemente h\u00e1 mais de 60 anos pelo governo dos Estados Unidos.<\/p>\n\n\n\n<p>Ali, toda a popula\u00e7\u00e3o, mais\nde 11 milh\u00f5es de habitantes, tem seus direitos b\u00e1sicos totalmente assegurados.\nAlimenta\u00e7\u00e3o, sa\u00fade e educa\u00e7\u00e3o. Nenhum cubano passa fome.<\/p>\n\n\n\n<p>H\u00e1 um cartaz em Cuba que \u00e9\nmuito emocionante. Quando voc\u00ea chega no aeroporto de Havana tem um outdoor com\na foto de uma crian\u00e7a cubana sorrindo. E escrito o seguinte: essa noite, 200\nmilh\u00f5es de crian\u00e7as dormir\u00e3o nas ruas do mundo. Nenhuma delas \u00e9 cubana. E \u00e9\nverdade.<\/p>\n\n\n\n<p>Em Cuba n\u00e3o existe isso. O\ngoverno toma provid\u00eancias, h\u00e1 tempos, de aprimorar a seguran\u00e7a alimentar. E\nagora tenho feito justamente um trabalho junto ao governo. Primeiro teve uma\ncrise com a Queda do Mundo de Berlim. &nbsp;Cuba contava, na quest\u00e3o alimentar,\ncom muita ajuda dos pa\u00edses da Uni\u00e3o Sovi\u00e9tica. Depois Cuba contava com muita\najuda dos governos de esquerda da Am\u00e9rica Latina. Governo Lula e Dilma\nfavoreceram muito a quest\u00e3o alimentar em Cuba.<\/p>\n\n\n\n<p>O Brasil \u00e9 um dos maiores\nprodutores mundiais de alimentos e Cuba tem muita dificuldade. \u00c9 um pa\u00eds que\ncarece de recursos para ter a multiplicidade de alimentos que temos no Brasil.\nPara se ter uma ideia, em Cuba n\u00e3o tem sequer condi\u00e7\u00f5es, como se tem aqui, de\nproduzir energia el\u00e9trica. N\u00e3o tem grandes rios, n\u00e3o tem cachoeiras. A energia\nel\u00e9trica \u00e9 mantida a base do petr\u00f3leo importado, uma importa\u00e7\u00e3o cara.<\/p>\n\n\n\n<p>Apesar disso, h\u00e1 uma cesta\nb\u00e1sica garantida mensalmente para cada uma das fam\u00edlias cubanas. Depois que os\npa\u00edses da Am\u00e9rica Latina come\u00e7aram a perder governos progressistas, quem\najudava muito Cuba era a Venezuela. Mas com a crise com a Venezuela, cessou.<\/p>\n\n\n\n<p>E a\u00ed entra esse programa que\nn\u00f3s da FAO estamos desenvolvendo para fortalecer a soberania alimentar e a\neduca\u00e7\u00e3o nutricional em Cuba. S\u00e3o muitas medidas, \u00e9 muito interessante, mas\nisso \u00e9 um assunto pra outra conversa.<\/p>\n\n\n\n<p>At\u00e9 mesmo a partir da sua\natua\u00e7\u00e3o na ONU, como o Brasil est\u00e1 sendo visto l\u00e1 fora? Qual a imagem do nosso\npa\u00eds neste momento?<\/p>\n\n\n\n<p>As pessoas adoram os\nbrasileiros e brasileiros, a natureza, os que nunca vieram dizem que querem vir\nconhecer a Amaz\u00f4nia, o Pantanal, as praias. Agora, um horror ao governo. E a\npergunta: \u201cComo foi poss\u00edvel o povo brasileiro escolher um Bolsonero? O que\naconteceu que de repente, depois de 21 anos de ditadura militar que voc\u00eas\nsofreram, como se explica isso?\u201d.<\/p>\n\n\n\n<p>E realmente da\u00ed o meu\nlivro&nbsp;O diabo na corte. \u00c9 uma tentativa de ajudar na an\u00e1lise desse\nfen\u00f4meno negativo na hist\u00f3ria do nosso pa\u00eds. Fica minha dica para os ouvintes e\nleitores.\u201dO Diabo na corte\u201d pode ser adquirido mais barato&nbsp;<a href=\"https:\/\/www.freibetto.org\/livraria\/o-diabo-na-corte-leitura-critica-do-Brasil-atual\" target=\"_blank\" rel=\"noreferrer noopener\">atrav\u00e9s do meu site.<\/a><\/p>\n\n\n\n<p>O senhor mencionou que \u00e9\nmuito improv\u00e1vel que o&nbsp;Brasil se mantenha&nbsp;fora do Mapa da Fome.\nEstamos de m\u00e3os atadas? O que fazer para reverter o quadro?<\/p>\n\n\n\n<p>Estamos de m\u00e3os atadas pela\ndificuldade que a pandemia nos imp\u00f5e de mobiliza\u00e7\u00e3o nas ruas. Mas temos que\npressionar o Congresso, a m\u00eddia, fazer o que tiver ao alcance de cada um de\nn\u00f3s. Agora depende do governo, n\u00e3o temos como improvisarmos. Claro que h\u00e1\niniciativas muito positivas como a do MST, nos assentamentos, mas elas s\u00e3o\npontuais. Precisamos de medida de alcance nacional e isso tem que ser feito via\ngovernos, n\u00e3o tem outra maneira.<\/p>\n\n\n\n<p>Estamos vendo um cen\u00e1rio\ncada vez mais graves em pa\u00edses que adotam o modelo neoliberal, mas em meio \u00e0\npandemia houve orienta\u00e7\u00f5es de entidades como o Fundo Monet\u00e1rio Internacional e\no Banco Mundial, que falaram sobre a import\u00e2ncia de ajudar a popula\u00e7\u00e3o e da n\u00e3o\nrealiza\u00e7\u00e3o de ajuste fiscal. O senhor acha que a pandemia mudou algum consenso?<\/p>\n\n\n\n<p>Eu n\u00e3o confio nesse\ndiscurso. Acho que \u00e9 um discurso demag\u00f3gico que n\u00e3o chega a pr\u00e1tica. Eles\nquerem mesmo, cada vez mais, manter a economia dos nossos pa\u00edses asfixiada. O\nFMI est\u00e1 em p\u00e2nico com a possibilidade do Fernandez, na Argentina, declarar\nmorat\u00f3ria.<\/p>\n\n\n\n<p>H\u00e1 alguns governos\npercebendo que \u00e9 importante aumentar as medidas de amparo social, de pol\u00edticas sociais\npara os pobres e vulner\u00e1veis, at\u00e9 porque existe um detalhe nesse aspecto: assim\ncomo o v\u00edrus n\u00e3o faz distin\u00e7\u00e3o de classe, mas atinge majoritariamente o mais\npobres, quanto maior a pobreza mais a possibilidade de novos v\u00edrus aparecerem.\nAgora a quest\u00e3o da mis\u00e9ria e da pobreza, al\u00e9m de ser uma quest\u00e3o social,\necon\u00f4mica e pol\u00edtica, se tornou uma quest\u00e3o sanit\u00e1ria. Isso realmente exige uma\nreflex\u00e3o profunda de v\u00e1rios setores da sociedade.<\/p>\n\n\n\n<p>Inclusive de alguns setores\ndas altas finan\u00e7as. Pode ser que dentro do Fundo Monet\u00e1rio Internacional e do\nBanco Mundial haja diretores conscientes disso. Mas duvido muito que a\ninstitui\u00e7\u00e3o como tal v\u00e1 mudar sua diretriz de defesa intransigente do capital\nprivado e n\u00e3o dos direitos coletivos.<\/p>\n\n\n\n<p>Qual a perspectiva para a popula\u00e7\u00e3o\nbrasileira nos pr\u00f3ximos anos sob o governo Bolsonaro?<\/p>\n\n\n\n<p>Acho que primeiro temos a\nperspectiva dos pr\u00f3ximos meses, que \u00e9 votar bem nas elei\u00e7\u00f5es municipais. Votar\nem candidatos progressistas, \u00e9ticos, comprometidos com os movimentos sociais,\ncom os setores mais vulner\u00e1veis, com as minorias. Isso \u00e9 muito importante que\ncomecemos a nos mobilizar desde agora para mudar o perfil dos munic\u00edpios. Votar\nem prefeitos realmente identificados com as demandas populares.<\/p>\n\n\n\n<p>Avaliando as grandes\nnecessidades, como os candidatos reagiram diante da pandemia. E, ao mesmo\ntempo, come\u00e7ar a preparar as for\u00e7as pol\u00edticas para evitar que o Bolsonaro seja\nreeleito ou aquele que o suceder, caso ele n\u00e3o chegue ao fim do mandato.<\/p>\n\n\n\n<p>Ou seja: mudar totalmente\nesse&nbsp;<a href=\"https:\/\/www.brasildefato.com.br\/2020\/04\/30\/gosto-pelo-poder-mantem-militares-passivos-a-bolsonaro-avalia-cientista-politico\" target=\"_blank\" rel=\"noreferrer noopener\">governo militarizado<\/a>&nbsp;que s\u00f3 veio agravar mais a\nsitua\u00e7\u00e3o dos direitos humanos e dos direitos em geral, trabalhistas e previdenci\u00e1rios,\ndo povo brasileiro.<\/p>\n\n\n\n<p><strong>Fonte<\/strong>: <a href=\"https:\/\/www.diariodocentrodomundo.com.br\/nao-ha-como-conviver-mais-2-anos-com-um-governo-genocida-diz-frei-betto-por-lu-sudre\/\">https:\/\/www.diariodocentrodomundo.com.br\/nao-ha-como-conviver-mais-2-anos-com-um-governo-genocida-diz-frei-betto-por-lu-sudre\/<\/a><\/p>\n","protected":false},"excerpt":{"rendered":"<p>CARTA AOS AMIGOS E AMIGAS DO EXTERIOR e Entrevista ao Jornal Brasil de Fato. Por Frei Betto &nbsp;&nbsp;&nbsp;&nbsp;&nbsp;&nbsp; Queridos amigos e amigas: &nbsp;&nbsp;&nbsp;&nbsp;&nbsp;&nbsp; No Brasil ocorre um genoc\u00eddio! No momento em que escrevo, 16\/7\/2020, a<\/p>\n","protected":false},"author":2,"featured_media":7540,"comment_status":"open","ping_status":"open","sticky":false,"template":"","format":"standard","meta":{"footnotes":""},"categories":[21,27,30,43,26],"tags":[],"class_list":["post-7539","post","type-post","status-publish","format-standard","has-post-thumbnail","hentry","category-artigo","category-direitos-humanos","category-fe-e-politica","category-pedagogia-emancipatoria","category-teologia-da-libertacao"],"_links":{"self":[{"href":"http:\/\/gilvander.org.br\/site\/wp-json\/wp\/v2\/posts\/7539","targetHints":{"allow":["GET"]}}],"collection":[{"href":"http:\/\/gilvander.org.br\/site\/wp-json\/wp\/v2\/posts"}],"about":[{"href":"http:\/\/gilvander.org.br\/site\/wp-json\/wp\/v2\/types\/post"}],"author":[{"embeddable":true,"href":"http:\/\/gilvander.org.br\/site\/wp-json\/wp\/v2\/users\/2"}],"replies":[{"embeddable":true,"href":"http:\/\/gilvander.org.br\/site\/wp-json\/wp\/v2\/comments?post=7539"}],"version-history":[{"count":1,"href":"http:\/\/gilvander.org.br\/site\/wp-json\/wp\/v2\/posts\/7539\/revisions"}],"predecessor-version":[{"id":7541,"href":"http:\/\/gilvander.org.br\/site\/wp-json\/wp\/v2\/posts\/7539\/revisions\/7541"}],"wp:featuredmedia":[{"embeddable":true,"href":"http:\/\/gilvander.org.br\/site\/wp-json\/wp\/v2\/media\/7540"}],"wp:attachment":[{"href":"http:\/\/gilvander.org.br\/site\/wp-json\/wp\/v2\/media?parent=7539"}],"wp:term":[{"taxonomy":"category","embeddable":true,"href":"http:\/\/gilvander.org.br\/site\/wp-json\/wp\/v2\/categories?post=7539"},{"taxonomy":"post_tag","embeddable":true,"href":"http:\/\/gilvander.org.br\/site\/wp-json\/wp\/v2\/tags?post=7539"}],"curies":[{"name":"wp","href":"https:\/\/api.w.org\/{rel}","templated":true}]}}