{"id":7939,"date":"2020-08-13T11:05:43","date_gmt":"2020-08-13T14:05:43","guid":{"rendered":"http:\/\/gilvander.org.br\/site\/?p=7939"},"modified":"2020-08-13T11:05:45","modified_gmt":"2020-08-13T14:05:45","slug":"%ef%bb%bflingua-afiada-e-musica-na-resistencia-ao-despejo-no-quilombo-campo-grande-do-mst-em-campo-do-meio-no-sul-de-mg","status":"publish","type":"post","link":"http:\/\/gilvander.org.br\/site\/%ef%bb%bflingua-afiada-e-musica-na-resistencia-ao-despejo-no-quilombo-campo-grande-do-mst-em-campo-do-meio-no-sul-de-mg\/","title":{"rendered":"\ufeffL\u00edngua afiada e m\u00fasica na resist\u00eancia ao despejo no Quilombo Campo Grande, do MST, em Campo do Meio, no sul de MG"},"content":{"rendered":"\n<p><strong>L\u00edngua afiada e m\u00fasica na resist\u00eancia ao despejo no Quilombo Campo Grande, do MST, em Campo do Meio, no sul de MG &#8211; 12\/8\/2020. <\/strong><\/p>\n\n\n\n<figure class=\"wp-block-embed-youtube wp-block-embed is-type-video is-provider-youtube wp-embed-aspect-16-9 wp-has-aspect-ratio\"><div class=\"wp-block-embed__wrapper\">\n<div class=\"epyt-video-wrapper\"><iframe loading=\"lazy\"  id=\"_ytid_13157\"  width=\"810\" height=\"456\"  data-origwidth=\"810\" data-origheight=\"456\" src=\"https:\/\/www.youtube.com\/embed\/CPywZal65DE?enablejsapi=1&#038;autoplay=0&#038;cc_load_policy=0&#038;cc_lang_pref=&#038;iv_load_policy=1&#038;loop=0&#038;rel=1&#038;fs=1&#038;playsinline=0&#038;autohide=2&#038;theme=dark&#038;color=red&#038;controls=1&#038;disablekb=0&#038;\" class=\"__youtube_prefs__  epyt-is-override  no-lazyload\" title=\"YouTube player\"  allow=\"fullscreen; accelerometer; autoplay; clipboard-write; encrypted-media; gyroscope; picture-in-picture; web-share\" referrerpolicy=\"strict-origin-when-cross-origin\" allowfullscreen data-no-lazy=\"1\" data-skipgform_ajax_framebjll=\"\"><\/iframe><\/div>\n<\/div><\/figure>\n\n\n\n<p>2\u00aa Videorreportagem no calor da tens\u00e3o do despejo, de Frei Gilvander Moreira, da CPT, das CEBs, do CEBI, do SAB e da assessoria de Movimentos Populares, em Minas Gerais. <\/p>\n\n\n\n<figure class=\"wp-block-image is-resized\"><img loading=\"lazy\" decoding=\"async\" src=\"http:\/\/gilvander.org.br\/site\/wp-content\/uploads\/2020\/08\/WhatsApp-Image-2020-08-12-at-11.03.26-4-1024x682.jpeg\" alt=\"\" class=\"wp-image-7940\" width=\"520\" height=\"346\" srcset=\"http:\/\/gilvander.org.br\/site\/wp-content\/uploads\/2020\/08\/WhatsApp-Image-2020-08-12-at-11.03.26-4-1024x682.jpeg 1024w, http:\/\/gilvander.org.br\/site\/wp-content\/uploads\/2020\/08\/WhatsApp-Image-2020-08-12-at-11.03.26-4-300x200.jpeg 300w, http:\/\/gilvander.org.br\/site\/wp-content\/uploads\/2020\/08\/WhatsApp-Image-2020-08-12-at-11.03.26-4-768x512.jpeg 768w, http:\/\/gilvander.org.br\/site\/wp-content\/uploads\/2020\/08\/WhatsApp-Image-2020-08-12-at-11.03.26-4-420x280.jpeg 420w, http:\/\/gilvander.org.br\/site\/wp-content\/uploads\/2020\/08\/WhatsApp-Image-2020-08-12-at-11.03.26-4.jpeg 1280w\" sizes=\"auto, (max-width: 520px) 100vw, 520px\" \/><figcaption>Crian\u00e7as Sem Terrinha e professoras sendo despejadas pela tropa de choque da PM de MG, cumprindo ordens do TJMG e do Governador Zema. Despejo genocida!<\/figcaption><\/figure>\n\n\n\n<p>Acompanhe a luta pela terra e\npor Direitos tamb\u00e9m via <a href=\"http:\/\/www.gilvander.org.br\">www.gilvander.org.br<\/a>\n&nbsp;\u2013 <a href=\"http:\/\/www.freigilvander.blogspot.com\">www.freigilvander.blogspot.com<\/a>\n&nbsp;<\/p>\n\n\n\n<p>No Instagram: Frei Gilvander\nMoreira (gilvanderluismoreira) <\/p>\n\n\n\n<p>No Spotify: Frei Gilvander luta\npela terra e por direitos <\/p>\n\n\n\n<p>Inscreva-se no Canal Frei\nGilvander Luta pela Terra e por Direitos, no link:\nhttps:\/\/www.youtube.com\/user\/fgilvander, acione o sininho, receba as\nnotifica\u00e7\u00f5es de envio de v\u00eddeos e assista a diversos v\u00eddeos de luta por\ndireitos sociais. Se assistir e gostar, compartilhe. Sugerimos. <\/p>\n\n\n\n<p>#DespejoZero #FreiGilvander\n#NaLutaPorDireitos #PalavrasDeF\u00e9ComFreiGilvander #Palavra\u00c9ticacomFreiGilvander<\/p>\n","protected":false},"excerpt":{"rendered":"<p>L\u00edngua afiada e m\u00fasica na resist\u00eancia ao despejo no Quilombo Campo Grande, do MST, em Campo do Meio, no sul de MG &#8211; 12\/8\/2020. 2\u00aa Videorreportagem no calor da tens\u00e3o do despejo, de Frei Gilvander<\/p>\n","protected":false},"author":2,"featured_media":7940,"comment_status":"open","ping_status":"open","sticky":false,"template":"","format":"standard","meta":{"footnotes":""},"categories":[38,49,27,28,25,29,43,26,18],"tags":[],"class_list":["post-7939","post","type-post","status-publish","format-standard","has-post-thumbnail","hentry","category-direito-a-saude","category-direito-a-terra","category-direitos-humanos","category-luta-pela-moradia","category-luta-pela-terra-e-reforma-agraria","category-movimentos-sociais-populares","category-pedagogia-emancipatoria","category-teologia-da-libertacao","category-videos-de-frei-gilvander"],"_links":{"self":[{"href":"http:\/\/gilvander.org.br\/site\/wp-json\/wp\/v2\/posts\/7939","targetHints":{"allow":["GET"]}}],"collection":[{"href":"http:\/\/gilvander.org.br\/site\/wp-json\/wp\/v2\/posts"}],"about":[{"href":"http:\/\/gilvander.org.br\/site\/wp-json\/wp\/v2\/types\/post"}],"author":[{"embeddable":true,"href":"http:\/\/gilvander.org.br\/site\/wp-json\/wp\/v2\/users\/2"}],"replies":[{"embeddable":true,"href":"http:\/\/gilvander.org.br\/site\/wp-json\/wp\/v2\/comments?post=7939"}],"version-history":[{"count":1,"href":"http:\/\/gilvander.org.br\/site\/wp-json\/wp\/v2\/posts\/7939\/revisions"}],"predecessor-version":[{"id":7941,"href":"http:\/\/gilvander.org.br\/site\/wp-json\/wp\/v2\/posts\/7939\/revisions\/7941"}],"wp:featuredmedia":[{"embeddable":true,"href":"http:\/\/gilvander.org.br\/site\/wp-json\/wp\/v2\/media\/7940"}],"wp:attachment":[{"href":"http:\/\/gilvander.org.br\/site\/wp-json\/wp\/v2\/media?parent=7939"}],"wp:term":[{"taxonomy":"category","embeddable":true,"href":"http:\/\/gilvander.org.br\/site\/wp-json\/wp\/v2\/categories?post=7939"},{"taxonomy":"post_tag","embeddable":true,"href":"http:\/\/gilvander.org.br\/site\/wp-json\/wp\/v2\/tags?post=7939"}],"curies":[{"name":"wp","href":"https:\/\/api.w.org\/{rel}","templated":true}]}}