{"id":7945,"date":"2020-08-13T23:54:20","date_gmt":"2020-08-14T02:54:20","guid":{"rendered":"http:\/\/gilvander.org.br\/site\/?p=7945"},"modified":"2020-08-13T23:54:26","modified_gmt":"2020-08-14T02:54:26","slug":"%ef%bb%bfpoema-cemiterio-de-sertao-de-pedro-casaldaliga","status":"publish","type":"post","link":"http:\/\/gilvander.org.br\/site\/%ef%bb%bfpoema-cemiterio-de-sertao-de-pedro-casaldaliga\/","title":{"rendered":"\ufeffPoema \u201cCemit\u00e9rio de Sert\u00e3o\u201d, de Pedro Casald\u00e1liga"},"content":{"rendered":"\n<p><strong>Poema \u201cCemit\u00e9rio de Sert\u00e3o\u201d, de Pedro Casald\u00e1liga <\/strong><\/p>\n\n\n\n<figure class=\"wp-block-audio\"><audio controls src=\"http:\/\/gilvander.org.br\/site\/wp-content\/uploads\/2020\/08\/Cemit\u00e9rio-de-sert\u00e3o.mp3\" autoplay><\/audio><\/figure>\n\n\n\n<p><strong>Narra\u00e7\u00e3o<\/strong>:\nCarmem Imaculada de Brito<\/p>\n\n\n\n<p style=\"text-align:center\"><strong>Poema\n\u201cCemit\u00e9rio de Sert\u00e3o\u201d, de Pedro Casald\u00e1liga <\/strong><\/p>\n\n\n\n<p style=\"text-align:center\">Para descansar<\/p>\n\n\n\n<p style=\"text-align:center\">eu quero s\u00f3<\/p>\n\n\n\n<p style=\"text-align:center\">esta cruz de pau<\/p>\n\n\n\n<p style=\"text-align:center\">com chuva e sol,<\/p>\n\n\n\n<p style=\"text-align:center\">este sete palmos<\/p>\n\n\n\n<p style=\"text-align:center\">e a Ressurrei\u00e7\u00e3o!<\/p>\n\n\n\n<p style=\"text-align:center\">Mas para viver<\/p>\n\n\n\n<p style=\"text-align:center\">eu j\u00e1 quero ter<\/p>\n\n\n\n<p style=\"text-align:center\">a parte que me cabe<\/p>\n\n\n\n<p style=\"text-align:center\">no latif\u00fandio seu:<\/p>\n\n\n\n<p style=\"text-align:center\">que a terra n\u00e3o \u00e9 sua,<\/p>\n\n\n\n<p style=\"text-align:center\">seu doutor Ningu\u00e9m!<\/p>\n\n\n\n<p style=\"text-align:center\">A terra \u00e9 de todos<\/p>\n\n\n\n<p style=\"text-align:center\">Porque \u00e9 de Deus!<\/p>\n\n\n\n<p style=\"text-align:center\">Para descansar&#8230;<\/p>\n\n\n\n<p style=\"text-align:center\">Mas para viver,<\/p>\n\n\n\n<p style=\"text-align:center\">terra eu quero ter.<\/p>\n\n\n\n<p style=\"text-align:center\">Com Incra ou sem Incra,<\/p>\n\n\n\n<p style=\"text-align:center\">com lei ou sem lei.<\/p>\n\n\n\n<p style=\"text-align:center\">Que outra Lei mais alta<\/p>\n\n\n\n<p style=\"text-align:center\">j\u00e1 a Terra nos deu<\/p>\n\n\n\n<p style=\"text-align:center\">a todos os pobres<\/p>\n\n\n\n<p style=\"text-align:center\">sem voz e sem vez;<\/p>\n\n\n\n<p style=\"text-align:center\">que os filhos da gente<\/p>\n\n\n\n<p style=\"text-align:center\">s\u00e3o gente tamb\u00e9m!<\/p>\n\n\n\n<p style=\"text-align:center\">Para descansar&#8230;<\/p>\n\n\n\n<p style=\"text-align:center\">Mas para viver,<\/p>\n\n\n\n<p style=\"text-align:center\">terra exijo ter.<\/p>\n\n\n\n<p style=\"text-align:center\">Dinheiro e arame<\/p>\n\n\n\n<p style=\"text-align:center\">n\u00e3o nos v\u00e3o deter.<\/p>\n\n\n\n<p style=\"text-align:center\">Mil fac\u00f5es zangados<\/p>\n\n\n\n<p style=\"text-align:center\">cortam para valer.<\/p>\n\n\n\n<p style=\"text-align:center\">Dois mil bra\u00e7os juntos<\/p>\n\n\n\n<p style=\"text-align:center\">cercam terra e c\u00e9u.<\/p>\n\n\n\n<p style=\"text-align:center\">Para descansar&#8230;<\/p>\n\n\n\n<p style=\"text-align:center\">Cemit\u00e9rio de sert\u00e3o.<\/p>\n\n\n\n<p>Dom Pedro Casald\u00e1liga foi \u201centerrado\u201d, melhor dizendo,\nplantado, dia 12 de agosto de 2020, no &#8220;Cemit\u00e9rio Iny &#8211; Karaja&#8221;, \u00e0\nbeira do Rio Araguaia, em S\u00e3o F\u00e9lix do Araguaia, no Mato Grosso, cemit\u00e9rio dos\nsem terra, dos pobres, deserdados, exclu\u00eddos, migrantes, oper\u00e1rios, pe\u00f5es,\nboias frias, ind\u00edgenas, assassinados pelos grileiros, latifundi\u00e1rios&#8230;<\/p>\n\n\n\n<p>\u00a0= = = = = =<\/p>\n\n\n\n<figure class=\"wp-block-image is-resized\"><img loading=\"lazy\" decoding=\"async\" src=\"http:\/\/gilvander.org.br\/site\/wp-content\/uploads\/2020\/08\/T\u00famulo.jpeg\" alt=\"\" class=\"wp-image-7947\" width=\"516\" height=\"516\" srcset=\"http:\/\/gilvander.org.br\/site\/wp-content\/uploads\/2020\/08\/T\u00famulo.jpeg 720w, http:\/\/gilvander.org.br\/site\/wp-content\/uploads\/2020\/08\/T\u00famulo-150x150.jpeg 150w, http:\/\/gilvander.org.br\/site\/wp-content\/uploads\/2020\/08\/T\u00famulo-300x300.jpeg 300w\" sizes=\"auto, (max-width: 516px) 100vw, 516px\" \/><figcaption>T\u00famulo de Dom Pedro Casald\u00e1liga, no Cemit\u00e9rio dos pobres, em S\u00e3o F\u00e9lix, MT, ao lado do rio Araguaia, Dom Pedro foi &#8220;sepultado&#8221;, melhor dizendo, plantado entre uma mulher prostitu\u00edda e um pe\u00e3o boia-fria.<\/figcaption><\/figure>\n\n\n\n<p>*Inscreva-se no Canal Frei\nGilvander Luta pela Terra e por Direitos, no link: https:\/\/www.youtube.com\/user\/fgilvander,\nacione o sininho, receba as notifica\u00e7\u00f5es de envio de v\u00eddeos e assista a\ndiversos v\u00eddeos de luta por direitos sociais. Se assistir e gostar,\ncompartilhe. <\/p>\n\n\n\n<p>Acompanhe a luta pela terra\ne por Direitos tamb\u00e9m via <a href=\"http:\/\/www.gilvander.org.br\">www.gilvander.org.br<\/a>&nbsp; \u2013 <a href=\"http:\/\/www.freigilvander.blogspot.com\">www.freigilvander.blogspot.com<\/a> <\/p>\n\n\n\n<p>No Instagram: Frei Gilvander\nMoreira (gilvanderluismoreira) <\/p>\n\n\n\n<p>No Spotify: Frei Gilvander\nluta pela terra e por direitos<\/p>\n\n\n\n<p>Sugerimos. #FreiGilvander #NaLutaPorDireitos\n#PalavrasDeF\u00e9ComFreiGilvander #Palavra\u00c9ticacomFreiGilvander<\/p>\n","protected":false},"excerpt":{"rendered":"<p>Poema \u201cCemit\u00e9rio de Sert\u00e3o\u201d, de Pedro Casald\u00e1liga Narra\u00e7\u00e3o: Carmem Imaculada de Brito Poema \u201cCemit\u00e9rio de Sert\u00e3o\u201d, de Pedro Casald\u00e1liga Para descansar eu quero s\u00f3 esta cruz de pau com chuva e sol, este sete palmos<\/p>\n","protected":false},"author":2,"featured_media":7947,"comment_status":"open","ping_status":"open","sticky":false,"template":"","format":"standard","meta":{"footnotes":""},"categories":[50,46,44,27,30,43,57,45,26],"tags":[],"class_list":["post-7945","post","type-post","status-publish","format-standard","has-post-thumbnail","hentry","category-audio-de-frei-gilvander","category-direito-a-cultura-popular","category-direito-a-memoria","category-direitos-humanos","category-fe-e-politica","category-pedagogia-emancipatoria","category-podcast","category-poesia","category-teologia-da-libertacao"],"_links":{"self":[{"href":"http:\/\/gilvander.org.br\/site\/wp-json\/wp\/v2\/posts\/7945","targetHints":{"allow":["GET"]}}],"collection":[{"href":"http:\/\/gilvander.org.br\/site\/wp-json\/wp\/v2\/posts"}],"about":[{"href":"http:\/\/gilvander.org.br\/site\/wp-json\/wp\/v2\/types\/post"}],"author":[{"embeddable":true,"href":"http:\/\/gilvander.org.br\/site\/wp-json\/wp\/v2\/users\/2"}],"replies":[{"embeddable":true,"href":"http:\/\/gilvander.org.br\/site\/wp-json\/wp\/v2\/comments?post=7945"}],"version-history":[{"count":1,"href":"http:\/\/gilvander.org.br\/site\/wp-json\/wp\/v2\/posts\/7945\/revisions"}],"predecessor-version":[{"id":7948,"href":"http:\/\/gilvander.org.br\/site\/wp-json\/wp\/v2\/posts\/7945\/revisions\/7948"}],"wp:featuredmedia":[{"embeddable":true,"href":"http:\/\/gilvander.org.br\/site\/wp-json\/wp\/v2\/media\/7947"}],"wp:attachment":[{"href":"http:\/\/gilvander.org.br\/site\/wp-json\/wp\/v2\/media?parent=7945"}],"wp:term":[{"taxonomy":"category","embeddable":true,"href":"http:\/\/gilvander.org.br\/site\/wp-json\/wp\/v2\/categories?post=7945"},{"taxonomy":"post_tag","embeddable":true,"href":"http:\/\/gilvander.org.br\/site\/wp-json\/wp\/v2\/tags?post=7945"}],"curies":[{"name":"wp","href":"https:\/\/api.w.org\/{rel}","templated":true}]}}