{"id":7949,"date":"2020-08-14T10:19:27","date_gmt":"2020-08-14T13:19:27","guid":{"rendered":"http:\/\/gilvander.org.br\/site\/?p=7949"},"modified":"2020-08-14T10:19:29","modified_gmt":"2020-08-14T13:19:29","slug":"gov-zema-continua-despejo-no-quilombo-campo-grande-em-mg-mst-na-luta-despejo-genocida","status":"publish","type":"post","link":"http:\/\/gilvander.org.br\/site\/gov-zema-continua-despejo-no-quilombo-campo-grande-em-mg-mst-na-luta-despejo-genocida\/","title":{"rendered":"Gov. Zema continua despejo no Quilombo Campo Grande, em MG. MST na luta. Despejo genocida!"},"content":{"rendered":"\n<p><strong>Gov. Zema continua despejo no Quilombo Campo Grande, em MG. MST na luta. Despejo genocida! <\/strong>13\/8\/2020. <\/p>\n\n\n\n<figure class=\"wp-block-embed-youtube wp-block-embed is-type-video is-provider-youtube wp-embed-aspect-16-9 wp-has-aspect-ratio\"><div class=\"wp-block-embed__wrapper\">\n<div class=\"epyt-video-wrapper\"><iframe loading=\"lazy\"  id=\"_ytid_98637\"  width=\"810\" height=\"456\"  data-origwidth=\"810\" data-origheight=\"456\" src=\"https:\/\/www.youtube.com\/embed\/mk6FHigqR-U?enablejsapi=1&#038;autoplay=0&#038;cc_load_policy=0&#038;cc_lang_pref=&#038;iv_load_policy=1&#038;loop=0&#038;rel=1&#038;fs=1&#038;playsinline=0&#038;autohide=2&#038;theme=dark&#038;color=red&#038;controls=1&#038;disablekb=0&#038;\" class=\"__youtube_prefs__  epyt-is-override  no-lazyload\" title=\"YouTube player\"  allow=\"fullscreen; accelerometer; autoplay; clipboard-write; encrypted-media; gyroscope; picture-in-picture; web-share\" referrerpolicy=\"strict-origin-when-cross-origin\" allowfullscreen data-no-lazy=\"1\" data-skipgform_ajax_framebjll=\"\"><\/iframe><\/div>\n<\/div><\/figure>\n\n\n\n<p>O governador de Minas Gerais,\nRomeu Zema (do NOVO e aliado de Bolsonaro) insiste em continuar despejo no\nQuilombo Campo Grande, mas MST n\u00e3o arreda o p\u00e9 da resist\u00eancia, em Campo do\nMeio, no sul de MG &#8211; 13\/8\/2020. Confira link, abaixo, Nota da CPT\/MG. <a href=\"http:\/\/www.cptmg.org.br\/portal\/maldito-todo-despejo-despejar-familias-nao-e-atividade-essencial-exigimos-despejo-zero-nota-da-cpt-mg\/\">http:\/\/www.cptmg.org.br\/portal\/maldito-todo-despejo-despejar-familias-nao-e-atividade-essencial-exigimos-despejo-zero-nota-da-cpt-mg\/<\/a><\/p>\n\n\n\n<p>\u00a04\u00aa Videorreportagem no calor da tens\u00e3o do despejo, de Frei Gilvander Moreira, da CPT, das CEBs, do CEBI, do SAB e da assessoria de Movimentos Populares, em Minas Gerais. <\/p>\n\n\n\n<figure class=\"wp-block-image is-resized\"><img loading=\"lazy\" decoding=\"async\" src=\"http:\/\/gilvander.org.br\/site\/wp-content\/uploads\/2020\/08\/WhatsApp-Image-2020-08-14-at-08.56.26-5-1024x1024.jpeg\" alt=\"\" class=\"wp-image-7950\" width=\"518\" height=\"518\" srcset=\"http:\/\/gilvander.org.br\/site\/wp-content\/uploads\/2020\/08\/WhatsApp-Image-2020-08-14-at-08.56.26-5-1024x1024.jpeg 1024w, http:\/\/gilvander.org.br\/site\/wp-content\/uploads\/2020\/08\/WhatsApp-Image-2020-08-14-at-08.56.26-5-150x150.jpeg 150w, http:\/\/gilvander.org.br\/site\/wp-content\/uploads\/2020\/08\/WhatsApp-Image-2020-08-14-at-08.56.26-5-300x300.jpeg 300w, http:\/\/gilvander.org.br\/site\/wp-content\/uploads\/2020\/08\/WhatsApp-Image-2020-08-14-at-08.56.26-5-768x768.jpeg 768w, http:\/\/gilvander.org.br\/site\/wp-content\/uploads\/2020\/08\/WhatsApp-Image-2020-08-14-at-08.56.26-5.jpeg 1080w\" sizes=\"auto, (max-width: 518px) 100vw, 518px\" \/><\/figure>\n\n\n\n<p>Acompanhe a luta pela terra e\npor Direitos tamb\u00e9m via <a href=\"http:\/\/www.gilvander.org.br\">www.gilvander.org.br<\/a>\n&nbsp;\u2013 <a href=\"http:\/\/www.freigilvander.blogspot.com\">www.freigilvander.blogspot.com<\/a>\n<\/p>\n\n\n\n<p>No Instagram: Frei Gilvander\nMoreira (gilvanderluismoreira) <\/p>\n\n\n\n<p>No Spotify: Frei Gilvander luta\npela terra e por direitos.<\/p>\n\n\n\n<p>&nbsp;Inscreva-se no Canal Frei Gilvander Luta pela\nTerra e por Direitos, no link: https:\/\/www.youtube.com\/user\/fgilvander, acione\no sininho, receba as notifica\u00e7\u00f5es de envio de v\u00eddeos e assista a diversos\nv\u00eddeos de luta por direitos sociais. Se assistir e gostar, compartilhe.\nSugerimos. #DespejoZero #FreiGilvander #NaLutaPorDireitos\n#PalavrasDeF\u00e9ComFreiGilvander #Palavra\u00c9ticacomFreiGilvander<\/p>\n","protected":false},"excerpt":{"rendered":"<p>Gov. Zema continua despejo no Quilombo Campo Grande, em MG. MST na luta. Despejo genocida! 13\/8\/2020. O governador de Minas Gerais, Romeu Zema (do NOVO e aliado de Bolsonaro) insiste em continuar despejo no Quilombo<\/p>\n","protected":false},"author":2,"featured_media":7950,"comment_status":"open","ping_status":"open","sticky":false,"template":"","format":"standard","meta":{"footnotes":""},"categories":[38,49,27,30,28,25,29,43,26,18],"tags":[],"class_list":["post-7949","post","type-post","status-publish","format-standard","has-post-thumbnail","hentry","category-direito-a-saude","category-direito-a-terra","category-direitos-humanos","category-fe-e-politica","category-luta-pela-moradia","category-luta-pela-terra-e-reforma-agraria","category-movimentos-sociais-populares","category-pedagogia-emancipatoria","category-teologia-da-libertacao","category-videos-de-frei-gilvander"],"_links":{"self":[{"href":"http:\/\/gilvander.org.br\/site\/wp-json\/wp\/v2\/posts\/7949","targetHints":{"allow":["GET"]}}],"collection":[{"href":"http:\/\/gilvander.org.br\/site\/wp-json\/wp\/v2\/posts"}],"about":[{"href":"http:\/\/gilvander.org.br\/site\/wp-json\/wp\/v2\/types\/post"}],"author":[{"embeddable":true,"href":"http:\/\/gilvander.org.br\/site\/wp-json\/wp\/v2\/users\/2"}],"replies":[{"embeddable":true,"href":"http:\/\/gilvander.org.br\/site\/wp-json\/wp\/v2\/comments?post=7949"}],"version-history":[{"count":1,"href":"http:\/\/gilvander.org.br\/site\/wp-json\/wp\/v2\/posts\/7949\/revisions"}],"predecessor-version":[{"id":7951,"href":"http:\/\/gilvander.org.br\/site\/wp-json\/wp\/v2\/posts\/7949\/revisions\/7951"}],"wp:featuredmedia":[{"embeddable":true,"href":"http:\/\/gilvander.org.br\/site\/wp-json\/wp\/v2\/media\/7950"}],"wp:attachment":[{"href":"http:\/\/gilvander.org.br\/site\/wp-json\/wp\/v2\/media?parent=7949"}],"wp:term":[{"taxonomy":"category","embeddable":true,"href":"http:\/\/gilvander.org.br\/site\/wp-json\/wp\/v2\/categories?post=7949"},{"taxonomy":"post_tag","embeddable":true,"href":"http:\/\/gilvander.org.br\/site\/wp-json\/wp\/v2\/tags?post=7949"}],"curies":[{"name":"wp","href":"https:\/\/api.w.org\/{rel}","templated":true}]}}