{"id":7952,"date":"2020-08-14T10:25:44","date_gmt":"2020-08-14T13:25:44","guid":{"rendered":"http:\/\/gilvander.org.br\/site\/?p=7952"},"modified":"2020-08-14T10:25:46","modified_gmt":"2020-08-14T13:25:46","slug":"%ef%bb%bfpm-fica-no-quilombo-campo-grande-do-mst-para-3o-dia-de-despejo-em-campo-do-meio-mg","status":"publish","type":"post","link":"http:\/\/gilvander.org.br\/site\/%ef%bb%bfpm-fica-no-quilombo-campo-grande-do-mst-para-3o-dia-de-despejo-em-campo-do-meio-mg\/","title":{"rendered":"\ufeffPM fica no Quilombo Campo Grande, do MST, para 3\u00ba dia de despejo, em Campo do Meio, MG"},"content":{"rendered":"\n<p><strong>PM fica no Quilombo Campo Grande, do MST, para 3\u00ba dia de despejo, em Campo do Meio, MG &#8211; 13\/8\/2020. <\/strong><\/p>\n\n\n\n<figure class=\"wp-block-embed-youtube wp-block-embed is-type-video is-provider-youtube wp-embed-aspect-16-9 wp-has-aspect-ratio\"><div class=\"wp-block-embed__wrapper\">\n<div class=\"epyt-video-wrapper\"><iframe loading=\"lazy\"  id=\"_ytid_76764\"  width=\"810\" height=\"456\"  data-origwidth=\"810\" data-origheight=\"456\" src=\"https:\/\/www.youtube.com\/embed\/Vgf-fDkC8Ic?enablejsapi=1&#038;autoplay=0&#038;cc_load_policy=0&#038;cc_lang_pref=&#038;iv_load_policy=1&#038;loop=0&#038;rel=1&#038;fs=1&#038;playsinline=0&#038;autohide=2&#038;theme=dark&#038;color=red&#038;controls=1&#038;disablekb=0&#038;\" class=\"__youtube_prefs__  epyt-is-override  no-lazyload\" title=\"YouTube player\"  allow=\"fullscreen; accelerometer; autoplay; clipboard-write; encrypted-media; gyroscope; picture-in-picture; web-share\" referrerpolicy=\"strict-origin-when-cross-origin\" allowfullscreen data-no-lazy=\"1\" data-skipgform_ajax_framebjll=\"\"><\/iframe><\/div>\n<\/div><\/figure>\n\n\n\n<p>Dia 14\/8\/2020 continuar\u00e1 o despejo e tamb\u00e9m a resist\u00eancia para impedir despejo. 5\u00ba Videorreportagem no calor da tens\u00e3o do despejo, de Frei Gilvander Moreira, da CPT, das CEBs, do CEBI, do SAB e da assessoria de Movimentos Populares, em Minas Gerais. <\/p>\n\n\n\n<figure class=\"wp-block-image is-resized\"><img loading=\"lazy\" decoding=\"async\" src=\"http:\/\/gilvander.org.br\/site\/wp-content\/uploads\/2020\/08\/WhatsApp-Image-2020-08-14-at-08.56.26-4-1024x768.jpeg\" alt=\"\" class=\"wp-image-7953\" width=\"520\" height=\"390\" srcset=\"http:\/\/gilvander.org.br\/site\/wp-content\/uploads\/2020\/08\/WhatsApp-Image-2020-08-14-at-08.56.26-4-1024x768.jpeg 1024w, http:\/\/gilvander.org.br\/site\/wp-content\/uploads\/2020\/08\/WhatsApp-Image-2020-08-14-at-08.56.26-4-300x225.jpeg 300w, http:\/\/gilvander.org.br\/site\/wp-content\/uploads\/2020\/08\/WhatsApp-Image-2020-08-14-at-08.56.26-4-768x576.jpeg 768w, http:\/\/gilvander.org.br\/site\/wp-content\/uploads\/2020\/08\/WhatsApp-Image-2020-08-14-at-08.56.26-4.jpeg 1040w\" sizes=\"auto, (max-width: 520px) 100vw, 520px\" \/><\/figure>\n\n\n\n<p>Acompanhe a luta pela terra e por Direitos tamb\u00e9m via <a href=\"http:\/\/www.gilvander.org.br\">www.gilvander.org.br<\/a> \u00a0\u2013 <a href=\"http:\/\/www.freigilvander.blogspot.com\">www.freigilvander.blogspot.com<\/a> <\/p>\n\n\n\n<p>&nbsp;No Instagram: Frei Gilvander Moreira\n(gilvanderluismoreira) <\/p>\n\n\n\n<p>No Spotify: Frei Gilvander luta\npela terra e por direitos <\/p>\n\n\n\n<p>*Inscreva-se no Canal Frei\nGilvander Luta pela Terra e por Direitos, no link:\nhttps:\/\/www.youtube.com\/user\/fgilvander, acione o sininho, receba as\nnotifica\u00e7\u00f5es de envio de v\u00eddeos e assista a diversos v\u00eddeos de luta por\ndireitos sociais. Se assistir e gostar, compartilhe. Sugerimos. <\/p>\n\n\n\n<p>#FreiGilvander\n#NaLutaPorDireitos #PalavrasDeF\u00e9ComFreiGilvander #Palavra\u00c9ticacomFreiGilvander<\/p>\n","protected":false},"excerpt":{"rendered":"<p>PM fica no Quilombo Campo Grande, do MST, para 3\u00ba dia de despejo, em Campo do Meio, MG &#8211; 13\/8\/2020. Dia 14\/8\/2020 continuar\u00e1 o despejo e tamb\u00e9m a resist\u00eancia para impedir despejo. 5\u00ba Videorreportagem no<\/p>\n","protected":false},"author":2,"featured_media":7953,"comment_status":"open","ping_status":"open","sticky":false,"template":"","format":"standard","meta":{"footnotes":""},"categories":[38,49,27,30,28,25,29,43,26,18],"tags":[],"class_list":["post-7952","post","type-post","status-publish","format-standard","has-post-thumbnail","hentry","category-direito-a-saude","category-direito-a-terra","category-direitos-humanos","category-fe-e-politica","category-luta-pela-moradia","category-luta-pela-terra-e-reforma-agraria","category-movimentos-sociais-populares","category-pedagogia-emancipatoria","category-teologia-da-libertacao","category-videos-de-frei-gilvander"],"_links":{"self":[{"href":"http:\/\/gilvander.org.br\/site\/wp-json\/wp\/v2\/posts\/7952","targetHints":{"allow":["GET"]}}],"collection":[{"href":"http:\/\/gilvander.org.br\/site\/wp-json\/wp\/v2\/posts"}],"about":[{"href":"http:\/\/gilvander.org.br\/site\/wp-json\/wp\/v2\/types\/post"}],"author":[{"embeddable":true,"href":"http:\/\/gilvander.org.br\/site\/wp-json\/wp\/v2\/users\/2"}],"replies":[{"embeddable":true,"href":"http:\/\/gilvander.org.br\/site\/wp-json\/wp\/v2\/comments?post=7952"}],"version-history":[{"count":1,"href":"http:\/\/gilvander.org.br\/site\/wp-json\/wp\/v2\/posts\/7952\/revisions"}],"predecessor-version":[{"id":7954,"href":"http:\/\/gilvander.org.br\/site\/wp-json\/wp\/v2\/posts\/7952\/revisions\/7954"}],"wp:featuredmedia":[{"embeddable":true,"href":"http:\/\/gilvander.org.br\/site\/wp-json\/wp\/v2\/media\/7953"}],"wp:attachment":[{"href":"http:\/\/gilvander.org.br\/site\/wp-json\/wp\/v2\/media?parent=7952"}],"wp:term":[{"taxonomy":"category","embeddable":true,"href":"http:\/\/gilvander.org.br\/site\/wp-json\/wp\/v2\/categories?post=7952"},{"taxonomy":"post_tag","embeddable":true,"href":"http:\/\/gilvander.org.br\/site\/wp-json\/wp\/v2\/tags?post=7952"}],"curies":[{"name":"wp","href":"https:\/\/api.w.org\/{rel}","templated":true}]}}