{"id":7955,"date":"2020-08-14T10:33:27","date_gmt":"2020-08-14T13:33:27","guid":{"rendered":"http:\/\/gilvander.org.br\/site\/?p=7955"},"modified":"2020-08-14T10:33:29","modified_gmt":"2020-08-14T13:33:29","slug":"%ef%bb%bfquilombo-campo-grande-do-mst-resiste-ha-48-horas-ao-despejo-em-campo-do-meio-mg-caveirao-ja-esta-na-area","status":"publish","type":"post","link":"http:\/\/gilvander.org.br\/site\/%ef%bb%bfquilombo-campo-grande-do-mst-resiste-ha-48-horas-ao-despejo-em-campo-do-meio-mg-caveirao-ja-esta-na-area\/","title":{"rendered":"\ufeffQuilombo Campo Grande, do MST, resiste h\u00e1 48 horas ao despejo, em Campo do Meio\/MG. Caveir\u00e3o j\u00e1 est\u00e1 na \u00e1rea"},"content":{"rendered":"\n<p><strong>Quilombo Campo Grande, do MST, resiste h\u00e1 48 horas ao despejo, em Campo do Meio\/MG. Caveir\u00e3o j\u00e1 est\u00e1 na \u00e1rea \u2013 14\/8\/2020.<\/strong><\/p>\n\n\n\n<figure class=\"wp-block-embed-youtube wp-block-embed is-type-video is-provider-youtube wp-embed-aspect-16-9 wp-has-aspect-ratio\"><div class=\"wp-block-embed__wrapper\">\n<div class=\"epyt-video-wrapper\"><iframe loading=\"lazy\"  id=\"_ytid_33099\"  width=\"810\" height=\"456\"  data-origwidth=\"810\" data-origheight=\"456\" src=\"https:\/\/www.youtube.com\/embed\/M42CVmAiuW0?enablejsapi=1&#038;autoplay=0&#038;cc_load_policy=0&#038;cc_lang_pref=&#038;iv_load_policy=1&#038;loop=0&#038;rel=1&#038;fs=1&#038;playsinline=0&#038;autohide=2&#038;theme=dark&#038;color=red&#038;controls=1&#038;disablekb=0&#038;\" class=\"__youtube_prefs__  epyt-is-override  no-lazyload\" title=\"YouTube player\"  allow=\"fullscreen; accelerometer; autoplay; clipboard-write; encrypted-media; gyroscope; picture-in-picture; web-share\" referrerpolicy=\"strict-origin-when-cross-origin\" allowfullscreen data-no-lazy=\"1\" data-skipgform_ajax_framebjll=\"\"><\/iframe><\/div>\n<\/div><\/figure>\n\n\n\n<p>14\/8\/2020, \u00e0s 9h: Quilombo Campo\nGrande, do MST, resiste h\u00e1 48 horas ao despejo, em Campo do Meio\/MG. Caveir\u00e3o\nj\u00e1 est\u00e1 na \u00e1rea. Tropa de choque se prepara para atacar. Dep. Andreia de Jesus:\n\u201cA PM est\u00e1 fazendo tortura psicol\u00f3gica.\u201d M\u00e9dico infectologista da Faculdade de\nMedicina da UFMG exige suspens\u00e3o imediata do despejo. E muito mais, veja nesta\n6\u00aa videorreportagem aqui. <\/p>\n\n\n\n<p>6\u00aa Videorreportagem no calor da tens\u00e3o do despejo, de Frei Gilvander Moreira, da CPT, das CEBs, do CEBI, do SAB e da assessoria de Movimentos Populares, em Minas Gerais. <\/p>\n\n\n\n<figure class=\"wp-block-image is-resized\"><img loading=\"lazy\" decoding=\"async\" src=\"http:\/\/gilvander.org.br\/site\/wp-content\/uploads\/2020\/08\/WhatsApp-Image-2020-08-14-at-07.43.38-1024x576.jpeg\" alt=\"\" class=\"wp-image-7956\" width=\"520\" height=\"292\" srcset=\"http:\/\/gilvander.org.br\/site\/wp-content\/uploads\/2020\/08\/WhatsApp-Image-2020-08-14-at-07.43.38-1024x576.jpeg 1024w, http:\/\/gilvander.org.br\/site\/wp-content\/uploads\/2020\/08\/WhatsApp-Image-2020-08-14-at-07.43.38-300x169.jpeg 300w, http:\/\/gilvander.org.br\/site\/wp-content\/uploads\/2020\/08\/WhatsApp-Image-2020-08-14-at-07.43.38-768x432.jpeg 768w, http:\/\/gilvander.org.br\/site\/wp-content\/uploads\/2020\/08\/WhatsApp-Image-2020-08-14-at-07.43.38.jpeg 1280w\" sizes=\"auto, (max-width: 520px) 100vw, 520px\" \/><\/figure>\n\n\n\n<p>Acompanhe a luta pela terra e\npor Direitos tamb\u00e9m via <a href=\"http:\/\/www.gilvander.org.br\">www.gilvander.org.br<\/a>\n&nbsp;\u2013 <a href=\"http:\/\/www.freigilvander.blogspot.com\">www.freigilvander.blogspot.com<\/a>\n<\/p>\n\n\n\n<p>&nbsp;No Instagram: Frei Gilvander Moreira\n(gilvanderluismoreira) No Spotify: Frei Gilvander luta pela terra e por\ndireitos <\/p>\n\n\n\n<p>*Inscreva-se no Canal Frei\nGilvander Luta pela Terra e por Direitos, no link:\nhttps:\/\/www.youtube.com\/user\/fgilvander, acione o sininho, receba as\nnotifica\u00e7\u00f5es de envio de v\u00eddeos e assista a diversos v\u00eddeos de luta por\ndireitos sociais. Se assistir e gostar, compartilhe. Sugerimos. #FreiGilvander\n#NaLutaPorDireitos #PalavrasDeF\u00e9ComFreiGilvander #Palavra\u00c9ticacomFreiGilvander<\/p>\n","protected":false},"excerpt":{"rendered":"<p>Quilombo Campo Grande, do MST, resiste h\u00e1 48 horas ao despejo, em Campo do Meio\/MG. Caveir\u00e3o j\u00e1 est\u00e1 na \u00e1rea \u2013 14\/8\/2020. 14\/8\/2020, \u00e0s 9h: Quilombo Campo Grande, do MST, resiste h\u00e1 48 horas ao<\/p>\n","protected":false},"author":2,"featured_media":7956,"comment_status":"open","ping_status":"open","sticky":false,"template":"","format":"standard","meta":{"footnotes":""},"categories":[38,49,27,30,28,25,29,43,26,18],"tags":[],"class_list":["post-7955","post","type-post","status-publish","format-standard","has-post-thumbnail","hentry","category-direito-a-saude","category-direito-a-terra","category-direitos-humanos","category-fe-e-politica","category-luta-pela-moradia","category-luta-pela-terra-e-reforma-agraria","category-movimentos-sociais-populares","category-pedagogia-emancipatoria","category-teologia-da-libertacao","category-videos-de-frei-gilvander"],"_links":{"self":[{"href":"http:\/\/gilvander.org.br\/site\/wp-json\/wp\/v2\/posts\/7955","targetHints":{"allow":["GET"]}}],"collection":[{"href":"http:\/\/gilvander.org.br\/site\/wp-json\/wp\/v2\/posts"}],"about":[{"href":"http:\/\/gilvander.org.br\/site\/wp-json\/wp\/v2\/types\/post"}],"author":[{"embeddable":true,"href":"http:\/\/gilvander.org.br\/site\/wp-json\/wp\/v2\/users\/2"}],"replies":[{"embeddable":true,"href":"http:\/\/gilvander.org.br\/site\/wp-json\/wp\/v2\/comments?post=7955"}],"version-history":[{"count":1,"href":"http:\/\/gilvander.org.br\/site\/wp-json\/wp\/v2\/posts\/7955\/revisions"}],"predecessor-version":[{"id":7957,"href":"http:\/\/gilvander.org.br\/site\/wp-json\/wp\/v2\/posts\/7955\/revisions\/7957"}],"wp:featuredmedia":[{"embeddable":true,"href":"http:\/\/gilvander.org.br\/site\/wp-json\/wp\/v2\/media\/7956"}],"wp:attachment":[{"href":"http:\/\/gilvander.org.br\/site\/wp-json\/wp\/v2\/media?parent=7955"}],"wp:term":[{"taxonomy":"category","embeddable":true,"href":"http:\/\/gilvander.org.br\/site\/wp-json\/wp\/v2\/categories?post=7955"},{"taxonomy":"post_tag","embeddable":true,"href":"http:\/\/gilvander.org.br\/site\/wp-json\/wp\/v2\/tags?post=7955"}],"curies":[{"name":"wp","href":"https:\/\/api.w.org\/{rel}","templated":true}]}}