{"id":7958,"date":"2020-08-14T22:44:20","date_gmt":"2020-08-15T01:44:20","guid":{"rendered":"http:\/\/gilvander.org.br\/site\/?p=7958"},"modified":"2020-08-14T22:44:22","modified_gmt":"2020-08-15T01:44:22","slug":"poema-sem-terra-de-carlos-pronzato%ef%bb%bf","status":"publish","type":"post","link":"http:\/\/gilvander.org.br\/site\/poema-sem-terra-de-carlos-pronzato%ef%bb%bf\/","title":{"rendered":"Poema \u201cSEM TERRA\u201d, de Carlos Pronzato\ufeff"},"content":{"rendered":"\n<p><strong>Poema \u201cSEM TERRA\u201d, de Carlos Pronzato<\/strong><\/p>\n\n\n\n<figure class=\"wp-block-audio\"><audio controls src=\"http:\/\/gilvander.org.br\/site\/wp-content\/uploads\/2020\/08\/Reforma-agr\u00e1ria.mp3\" autoplay><\/audio><\/figure>\n\n\n\n<p><strong>Narra\u00e7\u00e3o<\/strong>:\nCarmem Imaculada de Brito<\/p>\n\n\n\n<p style=\"text-align:center\"><strong>Poema\n\u201cSEM TERRA\u201d, de Carlos Pronzato<\/strong><\/p>\n\n\n\n<p>Reforma Agr\u00e1ria \u00c9 palavra Que d\u00f3i na alma Que grita na\ncalma De quem N\u00e3o se levanta. Reforma Agr\u00e1ria \u00c9 bandeira Que clama Revolta E\napenas reclama \u201cna lei ou na marra\u201d Com uma palavra: Terra!<\/p>\n\n\n\n<p>As cercas Crescem com o dia Demarcam A imensid\u00e3o Do\nlatif\u00fandio E calam O murm\u00fario Das sementes Nas madrugadas O campon\u00eas Arma o\ncora\u00e7\u00e3o Da derrubada O arame farpado N\u00e3o deter\u00e1 jamais O grito Da aurora\nOcupada!<\/p>\n\n\n\n<p>Quem te dar\u00e1 A terra Se n\u00e3o forem Tuas m\u00e3os?<\/p>\n\n\n\n<p>Quem te dar\u00e1 A terra Se n\u00e3o forem Teus bra\u00e7os? Quem te\ndar\u00e1 A terra Se n\u00e3o fores tu Trabalhador do campo Que semeias Com suor E sangue\nO sil\u00eancio Que geme na terra O teu canto? Quem?<\/p>\n\n\n\n<p>Teus p\u00e9s Tocaram A terra ensang\u00fcentada Teu cora\u00e7\u00e3o\nDecidiu Tomar as armas Tua cabe\u00e7a Ajusta O alvo.<\/p>\n\n\n\n<p>Oh Liberdade! Espalha no sereno As armas Da ocupa\u00e7\u00e3o\nSomos c\u00famplices Das flores Abre a fac\u00e3o Uma clareira No tenebroso Latif\u00fandio<\/p>\n\n\n\n<p>Somos c\u00famplices Dos p\u00e1ssaros Assobia para n\u00f3s Aquele\nc\u00e2ntico Infinito dos rebeldes Somos c\u00famplices Do vento Oh Liberdade! O teu\ncora\u00e7\u00e3o Tem o cheiro Da terra Do outro lado Da cerca.<\/p>\n\n\n\n<p>= = = = =<\/p>\n\n\n\n<figure class=\"wp-block-image is-resized\"><img loading=\"lazy\" decoding=\"async\" src=\"http:\/\/gilvander.org.br\/site\/wp-content\/uploads\/2020\/08\/WhatsApp-Image-2020-08-14-at-14.22.07-15-1024x682.jpeg\" alt=\"\" class=\"wp-image-7960\" width=\"535\" height=\"356\" srcset=\"http:\/\/gilvander.org.br\/site\/wp-content\/uploads\/2020\/08\/WhatsApp-Image-2020-08-14-at-14.22.07-15-1024x682.jpeg 1024w, http:\/\/gilvander.org.br\/site\/wp-content\/uploads\/2020\/08\/WhatsApp-Image-2020-08-14-at-14.22.07-15-300x200.jpeg 300w, http:\/\/gilvander.org.br\/site\/wp-content\/uploads\/2020\/08\/WhatsApp-Image-2020-08-14-at-14.22.07-15-768x512.jpeg 768w, http:\/\/gilvander.org.br\/site\/wp-content\/uploads\/2020\/08\/WhatsApp-Image-2020-08-14-at-14.22.07-15-420x280.jpeg 420w, http:\/\/gilvander.org.br\/site\/wp-content\/uploads\/2020\/08\/WhatsApp-Image-2020-08-14-at-14.22.07-15.jpeg 1280w\" sizes=\"auto, (max-width: 535px) 100vw, 535px\" \/><figcaption>Despejo violento no Quilombo Campo Grande, do MST, em Campo do Meio, sul de MG, dia 14\/8\/2020.<\/figcaption><\/figure>\n\n\n\n<p>*Inscreva-se no Canal Frei\nGilvander Luta pela Terra e por Direitos, no link:\nhttps:\/\/www.youtube.com\/user\/fgilvander, acione o sininho, receba as\nnotifica\u00e7\u00f5es de envio de v\u00eddeos e assista a diversos v\u00eddeos de luta por\ndireitos sociais. Se assistir e gostar, compartilhe. <\/p>\n\n\n\n<p>Acompanhe a luta pela terra\ne por Direitos tamb\u00e9m via <a href=\"http:\/\/www.gilvander.org.br\">www.gilvander.org.br<\/a>&nbsp; \u2013 <a href=\"http:\/\/www.freigilvander.blogspot.com\">www.freigilvander.blogspot.com<\/a> <\/p>\n\n\n\n<p>No Instagram: Frei Gilvander\nMoreira (gilvanderluismoreira) <\/p>\n\n\n\n<p>No Spotify: Frei Gilvander\nluta pela terra e por direitos<\/p>\n\n\n\n<p>Sugerimos. #FreiGilvander #NaLutaPorDireitos #PalavrasDeF\u00e9ComFreiGilvander\n#Palavra\u00c9ticacomFreiGilvander<\/p>\n","protected":false},"excerpt":{"rendered":"<p>Poema \u201cSEM TERRA\u201d, de Carlos Pronzato Narra\u00e7\u00e3o: Carmem Imaculada de Brito Poema \u201cSEM TERRA\u201d, de Carlos Pronzato Reforma Agr\u00e1ria \u00c9 palavra Que d\u00f3i na alma Que grita na calma De quem N\u00e3o se levanta. Reforma<\/p>\n","protected":false},"author":2,"featured_media":7960,"comment_status":"open","ping_status":"open","sticky":false,"template":"","format":"standard","meta":{"footnotes":""},"categories":[50,38,49,30,25,29,43,57,45],"tags":[],"class_list":["post-7958","post","type-post","status-publish","format-standard","has-post-thumbnail","hentry","category-audio-de-frei-gilvander","category-direito-a-saude","category-direito-a-terra","category-fe-e-politica","category-luta-pela-terra-e-reforma-agraria","category-movimentos-sociais-populares","category-pedagogia-emancipatoria","category-podcast","category-poesia"],"_links":{"self":[{"href":"http:\/\/gilvander.org.br\/site\/wp-json\/wp\/v2\/posts\/7958","targetHints":{"allow":["GET"]}}],"collection":[{"href":"http:\/\/gilvander.org.br\/site\/wp-json\/wp\/v2\/posts"}],"about":[{"href":"http:\/\/gilvander.org.br\/site\/wp-json\/wp\/v2\/types\/post"}],"author":[{"embeddable":true,"href":"http:\/\/gilvander.org.br\/site\/wp-json\/wp\/v2\/users\/2"}],"replies":[{"embeddable":true,"href":"http:\/\/gilvander.org.br\/site\/wp-json\/wp\/v2\/comments?post=7958"}],"version-history":[{"count":1,"href":"http:\/\/gilvander.org.br\/site\/wp-json\/wp\/v2\/posts\/7958\/revisions"}],"predecessor-version":[{"id":7961,"href":"http:\/\/gilvander.org.br\/site\/wp-json\/wp\/v2\/posts\/7958\/revisions\/7961"}],"wp:featuredmedia":[{"embeddable":true,"href":"http:\/\/gilvander.org.br\/site\/wp-json\/wp\/v2\/media\/7960"}],"wp:attachment":[{"href":"http:\/\/gilvander.org.br\/site\/wp-json\/wp\/v2\/media?parent=7958"}],"wp:term":[{"taxonomy":"category","embeddable":true,"href":"http:\/\/gilvander.org.br\/site\/wp-json\/wp\/v2\/categories?post=7958"},{"taxonomy":"post_tag","embeddable":true,"href":"http:\/\/gilvander.org.br\/site\/wp-json\/wp\/v2\/tags?post=7958"}],"curies":[{"name":"wp","href":"https:\/\/api.w.org\/{rel}","templated":true}]}}