{"id":7962,"date":"2020-08-15T11:10:07","date_gmt":"2020-08-15T14:10:07","guid":{"rendered":"http:\/\/gilvander.org.br\/site\/?p=7962"},"modified":"2020-08-15T18:53:27","modified_gmt":"2020-08-15T21:53:27","slug":"na-pandemia-sem-terra-do-mst-sao-despejados-em-mg-violencia-policial-e-acao-genocida-do-gov-zema","status":"publish","type":"post","link":"http:\/\/gilvander.org.br\/site\/na-pandemia-sem-terra-do-mst-sao-despejados-em-mg-violencia-policial-e-acao-genocida-do-gov-zema\/","title":{"rendered":"Na pandemia, sem-terra do MST s\u00e3o despejados em MG.Viol\u00eancia policial e a\u00e7\u00e3o genocida do Gov. Zema"},"content":{"rendered":"\n<p><strong>Na pandemia, sem-terra do MST s\u00e3o despejados em MG.Viol\u00eancia policial e a\u00e7\u00e3o genocida do Gov. Zema &#8211; 14\/8\/2020<\/strong><\/p>\n\n\n\n<figure class=\"wp-block-image is-resized\"><img loading=\"lazy\" decoding=\"async\" src=\"http:\/\/gilvander.org.br\/site\/wp-content\/uploads\/2020\/08\/WhatsApp-Image-2020-08-14-at-14.22.06-18-1024x682.jpeg\" alt=\"\" class=\"wp-image-7963\" width=\"519\" height=\"345\" srcset=\"http:\/\/gilvander.org.br\/site\/wp-content\/uploads\/2020\/08\/WhatsApp-Image-2020-08-14-at-14.22.06-18-1024x682.jpeg 1024w, http:\/\/gilvander.org.br\/site\/wp-content\/uploads\/2020\/08\/WhatsApp-Image-2020-08-14-at-14.22.06-18-300x200.jpeg 300w, http:\/\/gilvander.org.br\/site\/wp-content\/uploads\/2020\/08\/WhatsApp-Image-2020-08-14-at-14.22.06-18-768x512.jpeg 768w, http:\/\/gilvander.org.br\/site\/wp-content\/uploads\/2020\/08\/WhatsApp-Image-2020-08-14-at-14.22.06-18-420x280.jpeg 420w, http:\/\/gilvander.org.br\/site\/wp-content\/uploads\/2020\/08\/WhatsApp-Image-2020-08-14-at-14.22.06-18.jpeg 1280w\" sizes=\"auto, (max-width: 519px) 100vw, 519px\" \/><figcaption> Helic\u00f3ptero da PM de MG fazendo voos rasantes sobre o Quilombo Campo Grande, em Campo do Meio, no sul de MG, dia 14\/8\/2020., antes da tropa de choque bombardear as 450 fam\u00edlias de Sem Terra do MST que resistiam h\u00e1 tr\u00eas dias a despejo. Foto: Comunica\u00e7\u00e3o MST. <\/figcaption><\/figure>\n\n\n\n<figure class=\"wp-block-embed-youtube wp-block-embed is-type-video is-provider-youtube wp-embed-aspect-16-9 wp-has-aspect-ratio\"><div class=\"wp-block-embed__wrapper\">\n<div class=\"epyt-video-wrapper\"><iframe loading=\"lazy\"  id=\"_ytid_72192\"  width=\"810\" height=\"456\"  data-origwidth=\"810\" data-origheight=\"456\" src=\"https:\/\/www.youtube.com\/embed\/NIFnOETN9dw?enablejsapi=1&#038;autoplay=0&#038;cc_load_policy=0&#038;cc_lang_pref=&#038;iv_load_policy=1&#038;loop=0&#038;rel=1&#038;fs=1&#038;playsinline=0&#038;autohide=2&#038;theme=dark&#038;color=red&#038;controls=1&#038;disablekb=0&#038;\" class=\"__youtube_prefs__  epyt-is-override  no-lazyload\" title=\"YouTube player\"  allow=\"fullscreen; accelerometer; autoplay; clipboard-write; encrypted-media; gyroscope; picture-in-picture; web-share\" referrerpolicy=\"strict-origin-when-cross-origin\" allowfullscreen data-no-lazy=\"1\" data-skipgform_ajax_framebjll=\"\"><\/iframe><\/div>\n<\/div><\/figure>\n\n\n\n<p>Em meio \u00e0 pandemia,\nsem-terra do Quilombo Campo Grande, do MST, em Campo do Meio, no sul de MG, s\u00e3o\ndespejados. Liminar injusta e inconstitucional \u00e9 cumprida com viol\u00eancia\npolicial, crueldade e a\u00e7\u00e3o genocida do Governador Romeu Zema. A decis\u00e3o do\nTJMG, que expediu a liminar de reintegra\u00e7\u00e3o e se negou a cass\u00e1-la, mesmo diante\nde &#8220;mil&#8221; argumentos da Defensoria P\u00fablica, do Minist\u00e9rio P\u00fablico e de\nAdvogados populares, \u00e9 inconstitucional, porque viola e pisoteia no principal\nprinc\u00edpio e b\u00e1sico da Constitui\u00e7\u00e3o de 1988: RESPEITO \u00c0 DIGNIDADE DA PESSOA\nHUMANA. Al\u00e9m do terror, da Escola Popular Eduardo Galeano, de v\u00e1rias casas,\nsonhos e direitos destru\u00eddos, quantas pessoas ter\u00e3o contra\u00eddo ou disseminado o\ncoronav\u00edrus durante dos tr\u00eas dias de mega-opera\u00e7\u00e3o de despejo durante a\npandemia violando todas as regras sanit\u00e1rias recomendadas pela OMS e por\nm\u00e9dicos infectologistas? N\u00e3o h\u00e1 despejo apropriado e nem oportuno. Todo despejo\n\u00e9 maldito, cruel, desumano, execr\u00e1vel e desintegrador de sonhos e de direitos.\nMas a for\u00e7a m\u00edstica mais profunda da hist\u00f3ria est\u00e1 com os\/as injusti\u00e7ados\/as.\nOs opressores ser\u00e3o jogados na lata de lixo da hist\u00f3ria. Vivem em n\u00f3s na luta\npor tudo o que \u00e9 JUSTO e BEM COMUM Jesus Cristo, Che Guevara, Rosa Luxemburgo,\nChico Mendes, Padre Ezequiel Ramin, Padre Josimo, os fiscais massacrados em\nUna\u00ed, os Sem Terra assassinados, Dandara, Zumbi, Ant\u00f4nio Conselheiro &#8230; <\/p>\n\n\n\n<p>*V\u00eddeo original: G1\nJornal Nacional &#8211; 14\/8\/2020 <\/p>\n\n\n\n<p>*Divulga\u00e7\u00e3o: Frei\nGilvander, da CPT, das CEBs, do CEBI, do SAB e da assessoria de Movimentos\nPopulares. <\/p>\n\n\n\n<p>Edi\u00e7\u00e3o de N\u00e1dia\nOliveira, colaboradora da CPT-MG. <\/p>\n\n\n\n<p>*Inscreva-se no Canal\nFrei Gilvander Luta pela Terra e por Direitos, no link: <a href=\"https:\/\/www.youtube.com\/user\/fgilvander\">https:\/\/www.youtube.com\/user\/fgilvander<\/a>,\nacione o sininho, receba as notifica\u00e7\u00f5es de envio de v\u00eddeos e assista a\ndiversos v\u00eddeos de luta por direitos sociais. Se assistir e gostar,\ncompartilhe. Sugerimos. <\/p>\n\n\n\n<p><a href=\"https:\/\/www.youtube.com\/results?search_query=%23DespejoZero\">#DespejoZero<\/a>\n<a href=\"https:\/\/www.youtube.com\/results?search_query=%23FreiGilvander\">#FreiGilvander<\/a>\n<a href=\"https:\/\/www.youtube.com\/results?search_query=%23NaLutaPorDireitos\">#NaLutaPorDireitos<\/a>\n<a href=\"https:\/\/www.youtube.com\/results?search_query=%23PalavrasDeF%C3%A9ComFreiGilvander\">#PalavrasDeF\u00e9ComFreiGilvander<\/a>\n<a href=\"https:\/\/www.youtube.com\/results?search_query=%23Palavra%C3%89ticacomFreiGilvander\">#Palavra\u00c9ticacomFreiGilvander<\/a><\/p>\n","protected":false},"excerpt":{"rendered":"<p>Na pandemia, sem-terra do MST s\u00e3o despejados em MG.Viol\u00eancia policial e a\u00e7\u00e3o genocida do Gov. Zema &#8211; 14\/8\/2020 Em meio \u00e0 pandemia, sem-terra do Quilombo Campo Grande, do MST, em Campo do Meio, no sul<\/p>\n","protected":false},"author":2,"featured_media":7963,"comment_status":"open","ping_status":"open","sticky":false,"template":"","format":"standard","meta":{"footnotes":""},"categories":[17,38,49,27,30,28,25,29,20,43,26,32,18],"tags":[],"class_list":["post-7962","post","type-post","status-publish","format-standard","has-post-thumbnail","hentry","category-destaque","category-direito-a-saude","category-direito-a-terra","category-direitos-humanos","category-fe-e-politica","category-luta-pela-moradia","category-luta-pela-terra-e-reforma-agraria","category-movimentos-sociais-populares","category-noticia","category-pedagogia-emancipatoria","category-teologia-da-libertacao","category-videos","category-videos-de-frei-gilvander"],"_links":{"self":[{"href":"http:\/\/gilvander.org.br\/site\/wp-json\/wp\/v2\/posts\/7962","targetHints":{"allow":["GET"]}}],"collection":[{"href":"http:\/\/gilvander.org.br\/site\/wp-json\/wp\/v2\/posts"}],"about":[{"href":"http:\/\/gilvander.org.br\/site\/wp-json\/wp\/v2\/types\/post"}],"author":[{"embeddable":true,"href":"http:\/\/gilvander.org.br\/site\/wp-json\/wp\/v2\/users\/2"}],"replies":[{"embeddable":true,"href":"http:\/\/gilvander.org.br\/site\/wp-json\/wp\/v2\/comments?post=7962"}],"version-history":[{"count":2,"href":"http:\/\/gilvander.org.br\/site\/wp-json\/wp\/v2\/posts\/7962\/revisions"}],"predecessor-version":[{"id":7969,"href":"http:\/\/gilvander.org.br\/site\/wp-json\/wp\/v2\/posts\/7962\/revisions\/7969"}],"wp:featuredmedia":[{"embeddable":true,"href":"http:\/\/gilvander.org.br\/site\/wp-json\/wp\/v2\/media\/7963"}],"wp:attachment":[{"href":"http:\/\/gilvander.org.br\/site\/wp-json\/wp\/v2\/media?parent=7962"}],"wp:term":[{"taxonomy":"category","embeddable":true,"href":"http:\/\/gilvander.org.br\/site\/wp-json\/wp\/v2\/categories?post=7962"},{"taxonomy":"post_tag","embeddable":true,"href":"http:\/\/gilvander.org.br\/site\/wp-json\/wp\/v2\/tags?post=7962"}],"curies":[{"name":"wp","href":"https:\/\/api.w.org\/{rel}","templated":true}]}}