{"id":8242,"date":"2020-09-01T14:35:45","date_gmt":"2020-09-01T17:35:45","guid":{"rendered":"http:\/\/gilvander.org.br\/site\/?p=8242"},"modified":"2020-09-01T17:48:33","modified_gmt":"2020-09-01T20:48:33","slug":"musica-de-irma-marysa-saboya-sobre-o-livro-do-deuteronomio-para-mes-da-biblia-de-2020","status":"publish","type":"post","link":"http:\/\/gilvander.org.br\/site\/musica-de-irma-marysa-saboya-sobre-o-livro-do-deuteronomio-para-mes-da-biblia-de-2020\/","title":{"rendered":"M\u00fasica de Irm\u00e3 Marysa Saboya sobre o livro do DEUTERON\u00d4MIO para m\u00eas da B\u00edblia de 2020."},"content":{"rendered":"\n<p><strong>M\u00fasica de Irm\u00e3 Marysa Saboya sobre o livro do DEUTERON\u00d4MIO para m\u00eas da B\u00edblia de 2020. <\/strong><\/p>\n\n\n\n<figure class=\"wp-block-audio\"><audio controls src=\"http:\/\/gilvander.org.br\/site\/wp-content\/uploads\/2020\/09\/M\u00fasica-do-livro-do-Deuteron\u00f4mio-m\u00eas-da-B\u00edblia-de-2020-Por-Marysa-Saboia.mp3\" autoplay><\/audio><\/figure>\n\n\n\n<p>Letra (par\u00f3dia) de Irm\u00e3 Marysa M. Saboya M\u00fasica, m\u00fasica de \u201cVem, eu mostrarei &#8230;\u201d, de Waldeci Farias, cantada por Lu\u00eds Elias dos Santos (Luiz\u00e3o) e Jo\u00e3o Bento, no viol\u00e3o. \u00a0<\/p>\n\n\n\n<p><strong>M\u00fasica sobre o livro do\nDeuteron\u00f4mio<\/strong><\/p>\n\n\n\n<p><strong>1\u00aa\nEstrofe: Autoria do Livro<\/strong><\/p>\n\n\n\n<p>L\u00e1, v\u00eam os Levitas que s\u00e3o da tribo\nsacerdotal<\/p>\n\n\n\n<p>De\nMois\u00e9s, de M\u00edrian e Aar\u00e3o, com sua miss\u00e3o t\u00e3o pastoral:<\/p>\n\n\n\n<p>Em\nsua voz, ouve-se a voz de Mois\u00e9s bradar&#8230;<\/p>\n\n\n\n<p>Deuteron\u00f4mio \u00e9 a Palavra:\nLuz para o Povo caminhar!<\/p>\n\n\n\n<p>L\u00e1 \u2013 l\u00e1 \u2013 r\u00e1, L\u00e1 \u2013 l\u00e1 \u2013 r\u00e1, L\u00e1 \u2013 l\u00e1\n\u2013 r\u00e3o&#8230;<\/p>\n\n\n\n<p><strong>2\u00aa Estrofe: Imagem de Deus<\/strong><\/p>\n\n\n\n<p>Sim,\n\u00f3 Israel, ouviste a Deus, guardaste Alian\u00e7a e F\u00e9!<\/p>\n\n\n\n<p>Sendo\nfiel, ganhaste o Ch\u00e3o que te mostrou teu Deus Jav\u00e9.<\/p>\n\n\n\n<p>Hoje,\npor\u00e9m, o tempo \u00e9 novo, nova Liberta\u00e7\u00e3o!<\/p>\n\n\n\n<p>O\nDeus Amor, em Jesus Cristo, mostrou seu Rosto: Compaix\u00e3o!<\/p>\n\n\n\n<p>L\u00e1\n\u2013 l\u00e1 \u2013 r\u00e1, L\u00e1 \u2013 l\u00e1 \u2013 r\u00e1, L\u00e1 \u2013 l\u00e1 \u2013 r\u00e3o&#8230;<\/p>\n\n\n\n<p><strong>3\u00aa\nEstrofe: Alian\u00e7a<\/strong><\/p>\n\n\n\n<p>N\u00e3o foi para Si, foi para n\u00f3s, que\nDeus sonhou<\/p>\n\n\n\n<p>Este\nmundo. Somos chamados a bem cuidar do Lar Comum que Ele criou.<\/p>\n\n\n\n<p>Eu,\nna Alian\u00e7a, irei entrar, dizendo logo um <em>Sim! <\/em><\/p>\n\n\n\n<p>J\u00e1\ncome\u00e7amos&#8230; Muito erramos&#8230; Mas s\u00f3 se aprende \u00e9 mesmo assim&#8230;<\/p>\n\n\n\n<p>L\u00e1\n\u2013 l\u00e1 \u2013 r\u00e1, L\u00e1 \u2013 l\u00e1 \u2013 r\u00e1, L\u00e1 \u2013 l\u00e1 \u2013 r\u00e3o&#8230;<\/p>\n\n\n\n<p><strong>4\u00aa\nEstrofe: Os dois caminhos<\/strong><\/p>\n\n\n\n<p>Oh! Pelos imp\u00e9rios de ontem\ne de hoje, quanta opress\u00e3o<\/p>\n\n\n\n<p>J\u00e1\nsofreu a Humanidade, jugo pesado de escravid\u00e3o.<\/p>\n\n\n\n<p>H\u00e1\ndois caminhos a escolher: o da Justi\u00e7a e Paz<\/p>\n\n\n\n<p>Ou\no caminho da viol\u00eancia, do ego\u00edsmo: s\u00f3 desfaz!<\/p>\n\n\n\n<p>L\u00e1\n\u2013 l\u00e1 \u2013 r\u00e1, L\u00e1 \u2013 l\u00e1 \u2013 r\u00e1, L\u00e1 \u2013 l\u00e1 \u2013 r\u00e3o&#8230;<\/p>\n\n\n\n<p><strong>5\u00aa\nEstrofe: \u00c9tica adulta e vivencial<\/strong><\/p>\n\n\n\n<p>Luz que Deus acende, de cada um, no\ncora\u00e7\u00e3o<\/p>\n\n\n\n<p>J\u00e1\nbrilhou. Por\u00e9m precisa ser protegida da escurid\u00e3o<\/p>\n\n\n\n<p>Dos\nvendavais, mitos sociais, pois a ambi\u00e7\u00e3o seduz&#8230;<\/p>\n\n\n\n<p>V\u00eam\nbestas feras, o Sol se p\u00f5e, mas logo a Aurora vem, reluz!<\/p>\n\n\n\n<p>L\u00e1\n\u2013 l\u00e1 \u2013 r\u00e1, L\u00e1 \u2013 l\u00e1 \u2013 r\u00e1, L\u00e1 \u2013 l\u00e1 \u2013 r\u00e3o&#8230;<\/p>\n\n\n\n<p><strong>6\u00aa\nEstrofe: Ecumenismo<\/strong><\/p>\n\n\n\n<p>Sim,\nDeus \u00e9 Um s\u00f3, mas Ele fala a cada qual,<\/p>\n\n\n\n<p>De\nseu jeito; sabe entender cada cultura, cada caminho: sem igual!<\/p>\n\n\n\n<p>Sendo\nPai \u2013 M\u00e3e, sabe esperar: na hora Ele chamou,<\/p>\n\n\n\n<p>Abriu\nseus bra\u00e7os a quem voltou; pediu respeito a quem ficou! <em>(Cf. Lc 15, 11-32) <\/em><\/p>\n\n\n\n<p>L\u00e1 \u2013 l\u00e1 \u2013 r\u00e1, L\u00e1 \u2013 l\u00e1 \u2013 r\u00e1, L\u00e1 \u2013 l\u00e1 \u2013 r\u00e3o&#8230;<\/p>\n\n\n\n<p>= = = = = =<\/p>\n\n\n\n<p><strong>Observa\u00e7\u00e3o<\/strong>: A m\u00fasica deste\ncanto exige, \u00e0s vezes, fus\u00f5es de vogais numa s\u00f3 nota. Observe os sublinhados!\nE o ritmo exige, quase sempre, uma continuidade de um verso para o\noutro, sem parar nos fins das linhas. Com a grava\u00e7\u00e3o, isso ficar\u00e1 mais claro. <\/p>\n\n\n\n<p><strong>Observa\u00e7\u00e3o 1: clicando nos tr\u00eas pontinhos no final do \u00e1udio \u00e9 poss\u00edvel baixar a m\u00fasica.<\/strong><\/p>\n\n\n\n<p><strong>Observa\u00e7\u00e3o 2<\/strong>: O CEBI\/MG elaborou Cartilha para o m\u00eas da B\u00edblia de 2020 a partir do livro do Deuteron\u00f4mio e um livrinho \u201ctexto-base\u201d com chaves de leitura para o livro de Deuteron\u00f4mio. A Cartilha j\u00e1 pode ser encomendada com Marilda, secret\u00e1ria do CEBI\/MG, via whatsapp 31 99984-2440. A Cartilha j\u00e1 est\u00e1 publicada. O Texto-Base sobre o livro do Deuteron\u00f4mio est\u00e1 quase saindo da gr\u00e1fica. Se gostou da m\u00fasica, acima, baixe gratuitamente e divulgue.<\/p>\n\n\n\n<figure class=\"wp-block-image\"><img loading=\"lazy\" decoding=\"async\" width=\"512\" height=\"512\" src=\"http:\/\/gilvander.org.br\/site\/wp-content\/uploads\/2020\/09\/Setembro-m\u00eas-da-B\u00edblia.jpg\" alt=\"\" class=\"wp-image-8243\" srcset=\"http:\/\/gilvander.org.br\/site\/wp-content\/uploads\/2020\/09\/Setembro-m\u00eas-da-B\u00edblia.jpg 512w, http:\/\/gilvander.org.br\/site\/wp-content\/uploads\/2020\/09\/Setembro-m\u00eas-da-B\u00edblia-150x150.jpg 150w, http:\/\/gilvander.org.br\/site\/wp-content\/uploads\/2020\/09\/Setembro-m\u00eas-da-B\u00edblia-300x300.jpg 300w\" sizes=\"auto, (max-width: 512px) 100vw, 512px\" \/><\/figure>\n","protected":false},"excerpt":{"rendered":"<p>M\u00fasica de Irm\u00e3 Marysa Saboya sobre o livro do DEUTERON\u00d4MIO para m\u00eas da B\u00edblia de 2020. Letra (par\u00f3dia) de Irm\u00e3 Marysa M. Saboya M\u00fasica, m\u00fasica de \u201cVem, eu mostrarei &#8230;\u201d, de Waldeci Farias, cantada por<\/p>\n","protected":false},"author":2,"featured_media":8243,"comment_status":"open","ping_status":"open","sticky":false,"template":"","format":"standard","meta":{"footnotes":""},"categories":[50,44,30,57,45,26],"tags":[],"class_list":["post-8242","post","type-post","status-publish","format-standard","has-post-thumbnail","hentry","category-audio-de-frei-gilvander","category-direito-a-memoria","category-fe-e-politica","category-podcast","category-poesia","category-teologia-da-libertacao"],"_links":{"self":[{"href":"http:\/\/gilvander.org.br\/site\/wp-json\/wp\/v2\/posts\/8242","targetHints":{"allow":["GET"]}}],"collection":[{"href":"http:\/\/gilvander.org.br\/site\/wp-json\/wp\/v2\/posts"}],"about":[{"href":"http:\/\/gilvander.org.br\/site\/wp-json\/wp\/v2\/types\/post"}],"author":[{"embeddable":true,"href":"http:\/\/gilvander.org.br\/site\/wp-json\/wp\/v2\/users\/2"}],"replies":[{"embeddable":true,"href":"http:\/\/gilvander.org.br\/site\/wp-json\/wp\/v2\/comments?post=8242"}],"version-history":[{"count":2,"href":"http:\/\/gilvander.org.br\/site\/wp-json\/wp\/v2\/posts\/8242\/revisions"}],"predecessor-version":[{"id":8246,"href":"http:\/\/gilvander.org.br\/site\/wp-json\/wp\/v2\/posts\/8242\/revisions\/8246"}],"wp:featuredmedia":[{"embeddable":true,"href":"http:\/\/gilvander.org.br\/site\/wp-json\/wp\/v2\/media\/8243"}],"wp:attachment":[{"href":"http:\/\/gilvander.org.br\/site\/wp-json\/wp\/v2\/media?parent=8242"}],"wp:term":[{"taxonomy":"category","embeddable":true,"href":"http:\/\/gilvander.org.br\/site\/wp-json\/wp\/v2\/categories?post=8242"},{"taxonomy":"post_tag","embeddable":true,"href":"http:\/\/gilvander.org.br\/site\/wp-json\/wp\/v2\/tags?post=8242"}],"curies":[{"name":"wp","href":"https:\/\/api.w.org\/{rel}","templated":true}]}}