{"id":8247,"date":"2020-09-01T18:22:40","date_gmt":"2020-09-01T21:22:40","guid":{"rendered":"http:\/\/gilvander.org.br\/site\/?p=8247"},"modified":"2020-09-01T22:15:11","modified_gmt":"2020-09-02T01:15:11","slug":"%ef%bb%bfsupram-e-cmi-aprovam-licenca-para-que-mineradora-canadense-avance-sobre-as-comunidades-atingidas-em-riacho-dos-machados-no-norte-de-mg","status":"publish","type":"post","link":"http:\/\/gilvander.org.br\/site\/%ef%bb%bfsupram-e-cmi-aprovam-licenca-para-que-mineradora-canadense-avance-sobre-as-comunidades-atingidas-em-riacho-dos-machados-no-norte-de-mg\/","title":{"rendered":"\ufeffNa pandemia, SUPRAM e CMI aprovam licen\u00e7a para que Mineradora Canadense avance sobre as comunidades atingidas em Riacho dos Machados,  no norte de MG"},"content":{"rendered":"\n<p><strong>Na pandemia, SUPRAM e CMI aprovam licen\u00e7a para que Mineradora Canadense avance sobre as comunidades atingidas em Riacho dos Machados,\u00a0 no norte de MG<\/strong><\/p>\n\n\n\n<figure class=\"wp-block-image is-resized\"><img loading=\"lazy\" decoding=\"async\" src=\"http:\/\/gilvander.org.br\/site\/wp-content\/uploads\/2020\/09\/mineracao-C\u00f3pia.jpg\" alt=\"\" class=\"wp-image-8248\" width=\"518\" height=\"389\" srcset=\"http:\/\/gilvander.org.br\/site\/wp-content\/uploads\/2020\/09\/mineracao-C\u00f3pia.jpg 984w, http:\/\/gilvander.org.br\/site\/wp-content\/uploads\/2020\/09\/mineracao-C\u00f3pia-300x225.jpg 300w, http:\/\/gilvander.org.br\/site\/wp-content\/uploads\/2020\/09\/mineracao-C\u00f3pia-768x576.jpg 768w\" sizes=\"auto, (max-width: 518px) 100vw, 518px\" \/><figcaption><em>Cerca de 800 pessoas trabalham na minera\u00e7\u00e3o em Riacho dos Machados \u2014 Foto: Juliana Peixoto\/G1<\/em> <\/figcaption><\/figure>\n\n\n\n<p>No\ndia 28 de agosto de 2020, a CMI (C\u00e2mara de Atividades Miner\u00e1rias), do COPAM (Conselho\nde Pol\u00edtica Ambiental de MG), que tem o poder de aprovar as licen\u00e7as ambientais\ndos projetos das empresas mineradoras, aprovou licen\u00e7a ambiental para que a\nMineradora Riacho dos Machados aumente a cava em dire\u00e7\u00e3o da comunidade Piranga,\nno munic\u00edpio de Riacho dos Machados, no norte de Minas Gerais. <\/p>\n\n\n\n<p>Com\na nova licen\u00e7a ambiental da mineradora Equinox Gold\/MRM, a comunidade Piranga\nficar\u00e1 a aproximadamente 400 metros da \u00e1rea da cava. A comunidade j\u00e1 sofre com\nas explos\u00f5es, poeira, riscos e amea\u00e7as de contamina\u00e7\u00e3o das \u00e1guas e v\u00e1rias\noutras mudan\u00e7as negativas que a mineradora trouxe para a localidade. Al\u00e9m das\nconstantes crises de sa\u00fade dos comunit\u00e1rios.<\/p>\n\n\n\n<p>A\nempresa MRM est\u00e1 em fase de revalidar a Licen\u00e7a de Opera\u00e7\u00e3o, que venceu em\njulho de 2020. Mas pelo que assistimos, a estrat\u00e9gia \u00e9 criar adendos, licen\u00e7as\ndiscutidas separadamente do todo do projeto. Esta \u00e9 uma manobra para facilitar a\nmaquiagem legal dos projetos de minera\u00e7\u00e3o. As comunidades e organiza\u00e7\u00f5es se\nmanifestaram contra a concess\u00e3o de licen\u00e7a, pois avaliam que todos os processos\ndevem ser discutidos na avalia\u00e7\u00e3o da licen\u00e7a de opera\u00e7\u00e3o, pois o projeto atual\n\u00e9 bastante diferente do que foi aprovado nos Estudos de Impacto Ambiental (EIA)\ne no Relat\u00f3rio de Impactos ao Meio Ambiente (Rima) original. Ainda, h\u00e1 v\u00e1rios\nprocessos contradit\u00f3rios que ocorrem envolvendo a mineradora MRM e a\nSUPRAM\/SEMAD: 1) Alteamento ilegal da barragem de rejeitos; 2) embargos da barragem\nde \u00e1gua, que funcionou muitos anos com licen\u00e7as provis\u00f3rias; 3) retiradas de\n\u00e1gua subterr\u00e2nea das comunidades do entorno; 4) suspeitas muito s\u00e9rias de\ncontamina\u00e7\u00e3o das \u00e1guas e do solo e resultados de an\u00e1lises que apresentam metais\npesados para al\u00e9m dos n\u00edveis aceit\u00e1veis.<\/p>\n\n\n\n<p>A\nparticipa\u00e7\u00e3o de uma pessoa da comunidade e de entidades da regi\u00e3o trouxeram os\ngraves problemas e riscos vividos pelas comunidades locais, mas n\u00e3o foi o suficiente\npara sensibilizar os conselheiros da CMI. Eles parecem que n\u00e3o tem cora\u00e7\u00e3o ou\ntem \u201ccora\u00e7\u00e3o de pedra\u201d. Alguns mostraram preocupa\u00e7\u00f5es com a comunica\u00e7\u00e3o entre a\nempresa MRM e a comunidade. Pareceu-nos mais preocupados com a imagem da\nempresa MRM do que com os problemas reais. A empresa deveria comunicar o que?\nQue as fam\u00edlias sofrer\u00e3o mais com o avan\u00e7o da mineradora? Isso j\u00e1 \u00e9 por demais\nsabido. Quanto mais avan\u00e7a os projetos miner\u00e1rios mais devasta\u00e7\u00e3o vai\nacontecendo.<\/p>\n\n\n\n<p>A\nSupram Norte de Minas fez um parecer favor\u00e1vel ao avan\u00e7o da cratera na dire\u00e7\u00e3o\nda comunidade Piranga. O presidente da CMI, Yuri Trov\u00e3o, que faz parte da\nSUPRAM NM, tentou desqualificar as falas das organiza\u00e7\u00f5es locais, dizendo que\nas quest\u00f5es colocadas estavam fora da pauta. Injustamente e covardemente,\noperam o Estado a servi\u00e7o dos interesses capitalistas das empresas. As medidas\nde mitiga\u00e7\u00e3o dos impactos \u201cpara ingl\u00eas ver\u201d est\u00e3o muito longe de resolver algum\nproblema. Assim, o Governo de Minas Gerais em conluio com as mineradoras aumentam\na degrada\u00e7\u00e3o ambiental e a explora\u00e7\u00e3o das comunidades. A mineradora MRM pretende\nminerar por no m\u00ednimo mais 10 anos (a licen\u00e7a tem o prazo de 10 anos).\nCertamente aumentar\u00e3o os problemas e a injusti\u00e7a socioambiental que j\u00e1 clama\naos c\u00e9us!<\/p>\n\n\n\n<p>\u201cMalditas todas as cercas!\u201d, dizia Dom Pedro\nCasald\u00e1liga. Precisamos acrescentar: \u201cMalditas as licen\u00e7as expedidas pela CMI\ndo COPAM em Minas Gerais\u201d, pois s\u00e3o licen\u00e7as para matar a dignidade da pessoa\nhumana e as condi\u00e7\u00f5es objetivas que asseguram a reprodu\u00e7\u00e3o da vida. <\/p>\n\n\n\n<p>&nbsp;<strong>Assina\nesta Nota:<\/strong><\/p>\n\n\n\n<p>Comiss\u00e3o\nPastoral da Terra (CPT\/MG)<\/p>\n\n\n\n<p>Montes\nClaros, MG, 29 de agosto de 2020.<\/p>\n","protected":false},"excerpt":{"rendered":"<p>Na pandemia, SUPRAM e CMI aprovam licen\u00e7a para que Mineradora Canadense avance sobre as comunidades atingidas em Riacho dos Machados,\u00a0 no norte de MG No dia 28 de agosto de 2020, a CMI (C\u00e2mara de<\/p>\n","protected":false},"author":2,"featured_media":8248,"comment_status":"open","ping_status":"open","sticky":false,"template":"","format":"standard","meta":{"footnotes":""},"categories":[47,44,27,25,56,29,43],"tags":[],"class_list":["post-8247","post","type-post","status-publish","format-standard","has-post-thumbnail","hentry","category-direito-a-agua","category-direito-a-memoria","category-direitos-humanos","category-luta-pela-terra-e-reforma-agraria","category-meio-ambiente","category-movimentos-sociais-populares","category-pedagogia-emancipatoria"],"_links":{"self":[{"href":"http:\/\/gilvander.org.br\/site\/wp-json\/wp\/v2\/posts\/8247","targetHints":{"allow":["GET"]}}],"collection":[{"href":"http:\/\/gilvander.org.br\/site\/wp-json\/wp\/v2\/posts"}],"about":[{"href":"http:\/\/gilvander.org.br\/site\/wp-json\/wp\/v2\/types\/post"}],"author":[{"embeddable":true,"href":"http:\/\/gilvander.org.br\/site\/wp-json\/wp\/v2\/users\/2"}],"replies":[{"embeddable":true,"href":"http:\/\/gilvander.org.br\/site\/wp-json\/wp\/v2\/comments?post=8247"}],"version-history":[{"count":2,"href":"http:\/\/gilvander.org.br\/site\/wp-json\/wp\/v2\/posts\/8247\/revisions"}],"predecessor-version":[{"id":8262,"href":"http:\/\/gilvander.org.br\/site\/wp-json\/wp\/v2\/posts\/8247\/revisions\/8262"}],"wp:featuredmedia":[{"embeddable":true,"href":"http:\/\/gilvander.org.br\/site\/wp-json\/wp\/v2\/media\/8248"}],"wp:attachment":[{"href":"http:\/\/gilvander.org.br\/site\/wp-json\/wp\/v2\/media?parent=8247"}],"wp:term":[{"taxonomy":"category","embeddable":true,"href":"http:\/\/gilvander.org.br\/site\/wp-json\/wp\/v2\/categories?post=8247"},{"taxonomy":"post_tag","embeddable":true,"href":"http:\/\/gilvander.org.br\/site\/wp-json\/wp\/v2\/tags?post=8247"}],"curies":[{"name":"wp","href":"https:\/\/api.w.org\/{rel}","templated":true}]}}