{"id":8250,"date":"2020-09-01T18:27:48","date_gmt":"2020-09-01T21:27:48","guid":{"rendered":"http:\/\/gilvander.org.br\/site\/?p=8250"},"modified":"2020-09-01T22:14:32","modified_gmt":"2020-09-02T01:14:32","slug":"camara-mineraria-do-copam-aprova-todos-os-projetos-das-mineradoras-contra-o-povo-passando-a-boiada-em-mg%ef%bb%bf","status":"publish","type":"post","link":"http:\/\/gilvander.org.br\/site\/camara-mineraria-do-copam-aprova-todos-os-projetos-das-mineradoras-contra-o-povo-passando-a-boiada-em-mg%ef%bb%bf\/","title":{"rendered":"Na pandemia, C\u00e2mara Miner\u00e1ria do COPAM aprova todos os projetos das mineradoras contra o povo \u201cpassando a Boiada\u201d em MG\ufeff"},"content":{"rendered":"\n<p><strong>Na pandemia, C\u00e2mara Miner\u00e1ria do COPAM aprova todos os projetos das mineradoras contra o povo \u201cpassando a Boiada\u201d em MG<\/strong><\/p>\n\n\n\n<p>No\ndia 28 de agosto de 2020, das 9h00 \u00e0s 17h00, aconteceu mais uma reuni\u00e3o da CMI (C\u00e2mara\nde Atividades Miner\u00e1rias) do COPAM (Conselho de Pol\u00edtica Ambiental do Governo\nde Minas Gerais), que tem o poder de aprovar as licen\u00e7as ambientais dos\nprojetos das empresas mineradoras.&nbsp; Todas\nas decis\u00f5es tomadas na CMI, nos \u00faltimos anos, foram em favor das empresas. Mesmo\nem per\u00edodo de pandemia do novo coronav\u00edrus, a m\u00e1quina de aprovar licen\u00e7as\nambientais n\u00e3o parou. Mesmo os grav\u00edssimos crimes cometidos pelas mineradoras\nSamarco e Vale (cabe dizer que os crimes ocorreram ap\u00f3s licenciamentos\naprovados pelo COPAM e CMI), n\u00e3o foram suficientes para alterar a din\u00e2mica de\naprova\u00e7\u00e3o em cascata. Ou seja, continuam passando a boiada e autorizando\nprojetos criminosos e devastadores no estado de Minas Gerais.&nbsp; &nbsp;&nbsp;&nbsp;<\/p>\n\n\n\n<p>As\nentidades que comp\u00f5em a CMI s\u00e3o: <\/p>\n\n\n\n<p>&#8211;\nSEGOV, SEDE, SEDESE (do Governo de Minas);<\/p>\n\n\n\n<p>&#8211;\nCODEMIG (de economia mista, mas Governo de MG tamb\u00e9m);<\/p>\n\n\n\n<p>&#8211;\nIBAMA e ANM (Ag\u00eancia Nacional de Minera\u00e7\u00e3o), \u00f3rg\u00e3os do Governo Federal;<\/p>\n\n\n\n<p>&#8211;\nSINDEXTRA (Sindicato da Ind\u00fastria Mineral do Estado de MG) e FIEMG (Federa\u00e7\u00e3o\ndas Ind\u00fastrias de MG), entidades de classe das mineradoras;<\/p>\n\n\n\n<p>&#8211;\nSME (Sociedade Mineira de Engenheiros) e ABES (Associa\u00e7\u00e3o Brasileira de\nEngenharia Sanit\u00e1ria e Ambiental), entidades que votam em defesa do interesse\ndas empresas);<\/p>\n\n\n\n<p>&#8211;\nRelictos e Promutuca (ONGs ambientalistas).<\/p>\n\n\n\n<p>Com\nessa composi\u00e7\u00e3o, TODOS os pedidos de licen\u00e7as ou adendos, que as empresas mineradoras\nencaminharam foram aprovados. As decis\u00f5es desrespeitaram as manifesta\u00e7\u00f5es das\nentidades locais, que enviaram suas posi\u00e7\u00f5es por meio das ONGs ambientalistas (em\napenas um caso n\u00e3o ocorreu nenhum tipo de manifesta\u00e7\u00e3o das comunidades). Abaixo,\no resultado das vota\u00e7\u00f5es que tem sido o mesmo em todos os processos de minera\u00e7\u00e3o\ndevastadora.<\/p>\n\n\n\n<figure class=\"wp-block-image is-resized\"><img loading=\"lazy\" decoding=\"async\" src=\"http:\/\/gilvander.org.br\/site\/wp-content\/uploads\/2020\/09\/Slide1.jpg\" alt=\"\" class=\"wp-image-8251\" width=\"518\" height=\"389\" srcset=\"http:\/\/gilvander.org.br\/site\/wp-content\/uploads\/2020\/09\/Slide1.jpg 960w, http:\/\/gilvander.org.br\/site\/wp-content\/uploads\/2020\/09\/Slide1-300x225.jpg 300w, http:\/\/gilvander.org.br\/site\/wp-content\/uploads\/2020\/09\/Slide1-768x576.jpg 768w\" sizes=\"auto, (max-width: 518px) 100vw, 518px\" \/><figcaption>Nexa Recursos Minerais S.A. \/ Nexa Recursos Minerais S.A. &#8211; Projeto Bonsucesso &#8211; Lavra Subterr\u00e2nea exceto Pegmatitos e Gemas &#8211; Paracatu\/MG. Licen\u00e7a pr\u00e9via concomitante com licen\u00e7a de opera\u00e7\u00e3o. Outro absurdo no licenciamento ambiental em Minas Gerais \u00e9 a concess\u00e3o de licen\u00e7as concomitantes. <\/figcaption><\/figure>\n\n\n\n<figure class=\"wp-block-image is-resized\"><img loading=\"lazy\" decoding=\"async\" src=\"http:\/\/gilvander.org.br\/site\/wp-content\/uploads\/2020\/09\/Slide2.jpg\" alt=\"\" class=\"wp-image-8252\" width=\"517\" height=\"388\" srcset=\"http:\/\/gilvander.org.br\/site\/wp-content\/uploads\/2020\/09\/Slide2.jpg 960w, http:\/\/gilvander.org.br\/site\/wp-content\/uploads\/2020\/09\/Slide2-300x225.jpg 300w, http:\/\/gilvander.org.br\/site\/wp-content\/uploads\/2020\/09\/Slide2-768x576.jpg 768w\" sizes=\"auto, (max-width: 517px) 100vw, 517px\" \/><figcaption>Anglo Gold Ashanti C\u00f3rrego do S\u00edtio Minera\u00e7\u00e3o S.A. &#8211; Aterro para res\u00edduos perigosos &#8211; classe I &#8211; Nova Lima\/MG. <strong>Licen\u00e7a Pr\u00e9via concomitante com a Licen\u00e7a de Instala\u00e7\u00e3o e a Licen\u00e7a de Opera\u00e7\u00e3o.<\/strong> <\/figcaption><\/figure>\n\n\n\n<p><br><\/p>\n\n\n\n<figure class=\"wp-block-image is-resized\"><img loading=\"lazy\" decoding=\"async\" src=\"http:\/\/gilvander.org.br\/site\/wp-content\/uploads\/2020\/09\/Slide3.jpg\" alt=\"\" class=\"wp-image-8253\" width=\"519\" height=\"389\" srcset=\"http:\/\/gilvander.org.br\/site\/wp-content\/uploads\/2020\/09\/Slide3.jpg 960w, http:\/\/gilvander.org.br\/site\/wp-content\/uploads\/2020\/09\/Slide3-300x225.jpg 300w, http:\/\/gilvander.org.br\/site\/wp-content\/uploads\/2020\/09\/Slide3-768x576.jpg 768w\" sizes=\"auto, (max-width: 519px) 100vw, 519px\" \/><figcaption>J&amp;F Minera\u00e7\u00e3o Ltda. &#8211; Extra\u00e7\u00e3o de areia e cascalho para utiliza\u00e7\u00e3o imediata na constru\u00e7\u00e3o civil &#8211; Alvin\u00f3polis\/MG. <\/figcaption><\/figure>\n\n\n\n<figure class=\"wp-block-image is-resized\"><img loading=\"lazy\" decoding=\"async\" src=\"http:\/\/gilvander.org.br\/site\/wp-content\/uploads\/2020\/09\/Slide4.jpg\" alt=\"\" class=\"wp-image-8254\" width=\"517\" height=\"388\" srcset=\"http:\/\/gilvander.org.br\/site\/wp-content\/uploads\/2020\/09\/Slide4.jpg 960w, http:\/\/gilvander.org.br\/site\/wp-content\/uploads\/2020\/09\/Slide4-300x225.jpg 300w, http:\/\/gilvander.org.br\/site\/wp-content\/uploads\/2020\/09\/Slide4-768x576.jpg 768w\" sizes=\"auto, (max-width: 517px) 100vw, 517px\" \/><figcaption>CSN Minera\u00e7\u00e3o S.A. &#8211; Pilha de Rejeitos do Fraile II; pilhas de rejeito\/est\u00e9ril; min\u00e9rio de ferro &#8211; Congonhas\/MG &#8211; Licen\u00e7a de Opera\u00e7\u00e3o.  <\/figcaption><\/figure>\n\n\n\n<figure class=\"wp-block-image is-resized\"><img loading=\"lazy\" decoding=\"async\" src=\"http:\/\/gilvander.org.br\/site\/wp-content\/uploads\/2020\/09\/Slide5.jpg\" alt=\"\" class=\"wp-image-8255\" width=\"517\" height=\"388\" srcset=\"http:\/\/gilvander.org.br\/site\/wp-content\/uploads\/2020\/09\/Slide5.jpg 960w, http:\/\/gilvander.org.br\/site\/wp-content\/uploads\/2020\/09\/Slide5-300x225.jpg 300w, http:\/\/gilvander.org.br\/site\/wp-content\/uploads\/2020\/09\/Slide5-768x576.jpg 768w\" sizes=\"auto, (max-width: 517px) 100vw, 517px\" \/><figcaption>Minera\u00e7\u00e3o Riacho dos Machados Ltda. &#8211; Lavra a c\u00e9u aberto &#8211; Minerais met\u00e1licos, exceto min\u00e9rio de ferro &#8211; Riacho dos Machados e Porteirinha\/MG \u2013 Adendo \u00e0 licen\u00e7a de opera\u00e7\u00e3o.  <\/figcaption><\/figure>\n\n\n\n<p>Importante ressaltar que todos os pareceres da\nSUPRAM\/SEMAD foram favor\u00e1veis \u00e0s empresas, o que demonstra o conluio e a\ncumplicidade do Governo de Minas Gerais com as mineradoras. <\/p>\n\n\n\n<p>A partir dos resultados das vota\u00e7\u00f5es, podemos\navaliar: <\/p>\n\n\n\n<p>&#8211; todos os votos do Governo de Minas e do Governo\nFederal s\u00e3o a favor dos projetos das empresas mineradoras, o que demonstra que\nos Governos estadual e federal n\u00e3o governam para o bem comum, mas est\u00e3o a\nservi\u00e7o do grande capital.<\/p>\n\n\n\n<p>&#8211; Governos e organiza\u00e7\u00f5es da classe dos\nempres\u00e1rios somam mais de 80% dos votos. <\/p>\n\n\n\n<p>&#8211; dos cinco projetos acima, quatro tiveram a\nmanifesta\u00e7\u00e3o contr\u00e1ria das comunidades locais atingidas, mas mesmo assim, foram\naprovados.<\/p>\n\n\n\n<p>A organiza\u00e7\u00e3o da CMI cria enormes dificuldades\npara a participa\u00e7\u00e3o popular. Sempre dando mais espa\u00e7os para as empresas. <\/p>\n\n\n\n<p>O desgoverno de Minas Gerais, c\u00famplice das mineradoras,\ntamb\u00e9m est\u00e1 passando a boiada. As licen\u00e7as ambientais n\u00e3o s\u00e3o democr\u00e1ticas e servem\npara \u201clegalizar\u201d a a\u00e7\u00e3o das empresas contra o meio ambiente e contra as\ncomunidades atingidas e massacradas. Sempre em nome do lucro e da acumula\u00e7\u00e3o de\ncapital para empresas mineradoras e seus acionistas. O governo de Minas e\nGoverno Federal se prestam a esse papel de reproduzir da injusti\u00e7a\nsocioambiental. As Audi\u00eancias da CMI do COPAM parecem teatro de horrores, com\ncartas marcadas. Os representantes do Governo de Minas Gerais e dos interesses\ndas mineradoras escutam \u201cmil argumentos\u201d das for\u00e7as vivas da sociedade,\npermanecem sempre calados, n\u00e3o falam quase nada, ficam mais olhando no celular\ne na hora de vota\u00e7\u00e3o SEMPRE votam de acordo com os interesses do capital dando\nlicen\u00e7as ambientais para matar os ecossistemas e as comunidades aos poucos.<\/p>\n\n\n\n<p><strong>Fontes<\/strong>:<\/p>\n\n\n\n<p><a href=\"https:\/\/www.youtube.com\/watch?v=6ms_zVIMe50\">https:\/\/www.youtube.com\/watch?v=6ms_zVIMe50<\/a><\/p>\n\n\n\n<p><a href=\"http:\/\/www.meioambiente.mg.gov.br\/component\/content\/article\/4342\">http:\/\/www.meioambiente.mg.gov.br\/component\/content\/article\/4342<\/a><\/p>\n\n\n\n<p><strong>Assina esta Nota:<\/strong><\/p>\n\n\n\n<p>Comiss\u00e3o\nPastoral da Terra (CPT\/MG)<\/p>\n\n\n\n<p>Montes\nClaros, MG, 29 de agosto de 2020.<\/p>\n","protected":false},"excerpt":{"rendered":"<p>Na pandemia, C\u00e2mara Miner\u00e1ria do COPAM aprova todos os projetos das mineradoras contra o povo \u201cpassando a Boiada\u201d em MG No dia 28 de agosto de 2020, das 9h00 \u00e0s 17h00, aconteceu mais uma reuni\u00e3o<\/p>\n","protected":false},"author":2,"featured_media":8251,"comment_status":"open","ping_status":"open","sticky":false,"template":"","format":"standard","meta":{"footnotes":""},"categories":[47,38,49,56,29,43,26,32],"tags":[],"class_list":["post-8250","post","type-post","status-publish","format-standard","has-post-thumbnail","hentry","category-direito-a-agua","category-direito-a-saude","category-direito-a-terra","category-meio-ambiente","category-movimentos-sociais-populares","category-pedagogia-emancipatoria","category-teologia-da-libertacao","category-videos"],"_links":{"self":[{"href":"http:\/\/gilvander.org.br\/site\/wp-json\/wp\/v2\/posts\/8250","targetHints":{"allow":["GET"]}}],"collection":[{"href":"http:\/\/gilvander.org.br\/site\/wp-json\/wp\/v2\/posts"}],"about":[{"href":"http:\/\/gilvander.org.br\/site\/wp-json\/wp\/v2\/types\/post"}],"author":[{"embeddable":true,"href":"http:\/\/gilvander.org.br\/site\/wp-json\/wp\/v2\/users\/2"}],"replies":[{"embeddable":true,"href":"http:\/\/gilvander.org.br\/site\/wp-json\/wp\/v2\/comments?post=8250"}],"version-history":[{"count":2,"href":"http:\/\/gilvander.org.br\/site\/wp-json\/wp\/v2\/posts\/8250\/revisions"}],"predecessor-version":[{"id":8261,"href":"http:\/\/gilvander.org.br\/site\/wp-json\/wp\/v2\/posts\/8250\/revisions\/8261"}],"wp:featuredmedia":[{"embeddable":true,"href":"http:\/\/gilvander.org.br\/site\/wp-json\/wp\/v2\/media\/8251"}],"wp:attachment":[{"href":"http:\/\/gilvander.org.br\/site\/wp-json\/wp\/v2\/media?parent=8250"}],"wp:term":[{"taxonomy":"category","embeddable":true,"href":"http:\/\/gilvander.org.br\/site\/wp-json\/wp\/v2\/categories?post=8250"},{"taxonomy":"post_tag","embeddable":true,"href":"http:\/\/gilvander.org.br\/site\/wp-json\/wp\/v2\/tags?post=8250"}],"curies":[{"name":"wp","href":"https:\/\/api.w.org\/{rel}","templated":true}]}}