{"id":8257,"date":"2020-09-01T22:13:19","date_gmt":"2020-09-02T01:13:19","guid":{"rendered":"http:\/\/gilvander.org.br\/site\/?p=8257"},"modified":"2020-09-01T22:13:21","modified_gmt":"2020-09-02T01:13:21","slug":"%ef%bb%bfpoema-o-cantico-da-terra-de-cora-coralina","status":"publish","type":"post","link":"http:\/\/gilvander.org.br\/site\/%ef%bb%bfpoema-o-cantico-da-terra-de-cora-coralina\/","title":{"rendered":"\ufeffPoema \u201cO c\u00e2ntico da terra\u201d, de Cora Coralina"},"content":{"rendered":"\n<p><strong>Poema \u201cO c\u00e2ntico da terra\u201d, de Cora Coralina<\/strong><\/p>\n\n\n\n<figure class=\"wp-block-audio\"><audio controls src=\"http:\/\/gilvander.org.br\/site\/wp-content\/uploads\/2020\/09\/C\u00e2ntico-da-terra-CORA-CORALINA.mp3\" autoplay><\/audio><\/figure>\n\n\n\n<p><strong>Narra\u00e7\u00e3o<\/strong>:\nCarmem Imaculada de Brito<\/p>\n\n\n\n<p style=\"text-align:center\"><strong>Poema\n\u201cO c\u00e2ntico da terra\u201d, de Cora Coralina<\/strong><\/p>\n\n\n\n<p style=\"text-align:center\">Eu sou a terra, eu sou a\nvida.<\/p>\n\n\n\n<p style=\"text-align:center\">Do meu barro primeiro veio o\nhomem.<\/p>\n\n\n\n<p style=\"text-align:center\">De mim veio a mulher e veio\no amor.<\/p>\n\n\n\n<p style=\"text-align:center\">Veio a \u00e1rvore, veio a fonte.<\/p>\n\n\n\n<p style=\"text-align:center\">Vem o fruto e vem a flor.<\/p>\n\n\n\n<p style=\"text-align:center\">Eu sou a fonte original de\ntoda vida.<\/p>\n\n\n\n<p style=\"text-align:center\">Sou o ch\u00e3o que se prende \u00e0\ntua casa.<\/p>\n\n\n\n<p style=\"text-align:center\">Sou a telha da coberta de\nteu lar.<\/p>\n\n\n\n<p style=\"text-align:center\">A mina constante de teu\npo\u00e7o.<\/p>\n\n\n\n<p style=\"text-align:center\">Sou a espiga generosa de teu\ngado<\/p>\n\n\n\n<p style=\"text-align:center\">e certeza tranquila ao teu\nesfor\u00e7o.<\/p>\n\n\n\n<p style=\"text-align:center\">Sou a raz\u00e3o de tua vida.<\/p>\n\n\n\n<p style=\"text-align:center\">De mim vieste pela m\u00e3o do\nCriador,<\/p>\n\n\n\n<p style=\"text-align:center\">e a mim tu voltar\u00e1s no fim\nda lida.<\/p>\n\n\n\n<p style=\"text-align:center\">S\u00f3 em mim achar\u00e1s descanso e\nPaz.<\/p>\n\n\n\n<p style=\"text-align:center\">Eu sou a grande M\u00e3e\nUniversal.<\/p>\n\n\n\n<p style=\"text-align:center\">Tua filha, tua noiva e\ndesposada.<\/p>\n\n\n\n<p style=\"text-align:center\">A mulher e o ventre que\nfecundas.<\/p>\n\n\n\n<p style=\"text-align:center\">Sou a gleba, a gesta\u00e7\u00e3o, eu\nsou o amor.<\/p>\n\n\n\n<p style=\"text-align:center\">A ti, \u00f3 lavrador, tudo\nquanto \u00e9 meu.<\/p>\n\n\n\n<p style=\"text-align:center\">Teu arado, tua foice, teu\nmachado.<\/p>\n\n\n\n<p style=\"text-align:center\">O ber\u00e7o pequenino de teu\nfilho.<\/p>\n\n\n\n<p style=\"text-align:center\">O algod\u00e3o de tua veste<\/p>\n\n\n\n<p style=\"text-align:center\">e o p\u00e3o de tua casa.<\/p>\n\n\n\n<p style=\"text-align:center\">E um dia bem distante<\/p>\n\n\n\n<p style=\"text-align:center\">a mim tu voltar\u00e1s.<\/p>\n\n\n\n<p style=\"text-align:center\">E no canteiro materno de meu\nseio<\/p>\n\n\n\n<p style=\"text-align:center\">tranquilo dormir\u00e1s.<\/p>\n\n\n\n<p style=\"text-align:center\">Plantemos a ro\u00e7a.<\/p>\n\n\n\n<p style=\"text-align:center\">Lavremos a gleba.<\/p>\n\n\n\n<p style=\"text-align:center\">Cuidemos do ninho,<\/p>\n\n\n\n<p style=\"text-align:center\">do gado e da tulha.<\/p>\n\n\n\n<p style=\"text-align:center\">Fartura teremos<\/p>\n\n\n\n<p style=\"text-align:center\">e donos de s\u00edtio<\/p>\n\n\n\n<p style=\"text-align:center\">felizes seremos.<\/p>\n\n\n\n<p>= = = = = <\/p>\n\n\n\n<figure class=\"wp-block-image is-resized\"><img loading=\"lazy\" decoding=\"async\" src=\"http:\/\/gilvander.org.br\/site\/wp-content\/uploads\/2020\/09\/C\u00e2ntico-da-terra-de-Cora-Coralina-1024x576.jpg\" alt=\"\" class=\"wp-image-8259\" width=\"517\" height=\"290\" srcset=\"http:\/\/gilvander.org.br\/site\/wp-content\/uploads\/2020\/09\/C\u00e2ntico-da-terra-de-Cora-Coralina-1024x576.jpg 1024w, http:\/\/gilvander.org.br\/site\/wp-content\/uploads\/2020\/09\/C\u00e2ntico-da-terra-de-Cora-Coralina-300x169.jpg 300w, http:\/\/gilvander.org.br\/site\/wp-content\/uploads\/2020\/09\/C\u00e2ntico-da-terra-de-Cora-Coralina-768x432.jpg 768w, http:\/\/gilvander.org.br\/site\/wp-content\/uploads\/2020\/09\/C\u00e2ntico-da-terra-de-Cora-Coralina.jpg 1280w\" sizes=\"auto, (max-width: 517px) 100vw, 517px\" \/><figcaption>A Poetisa Cora Coralina<\/figcaption><\/figure>\n\n\n\n<p><strong>CORA\nCORALINA nasceu em&nbsp;20 Agosto 1889 (Goi\u00e1s, Brasil) e morreu em 10 Abril\n1985 (Goi\u00e1s, Goi\u00e1s, Brasil)<\/strong><\/p>\n\n\n\n<p><strong>Cora\nCoralina, pseud\u00f4nimo de Ana Lins dos Guimar\u00e3es Peixoto Bretas, foi uma poetisa\ne contista brasileira.<\/strong><\/p>\n\n\n\n<p>*Inscreva-se no Canal Frei\nGilvander Luta pela Terra e por Direitos, no link:\nhttps:\/\/www.youtube.com\/user\/fgilvander, acione o sininho, receba as\nnotifica\u00e7\u00f5es de envio de v\u00eddeos e assista a diversos v\u00eddeos de luta por direitos\nsociais. Se assistir e gostar, compartilhe. <\/p>\n\n\n\n<p>Acompanhe a luta pela terra\ne por Direitos tamb\u00e9m via <a href=\"http:\/\/www.gilvander.org.br\">www.gilvander.org.br<\/a>&nbsp; \u2013 <a href=\"http:\/\/www.freigilvander.blogspot.com\">www.freigilvander.blogspot.com<\/a> <\/p>\n\n\n\n<p>No Instagram: Frei Gilvander\nMoreira (gilvanderluismoreira) <\/p>\n\n\n\n<p>No Spotify: Frei Gilvander\nluta pela terra e por direitos<\/p>\n\n\n\n<p>Sugerimos. #DespejoZero #FreiGilvander\n#NaLutaPorDireitos #PalavrasDeF\u00e9ComFreiGilvander #Palavra\u00c9ticacomFreiGilvander<\/p>\n","protected":false},"excerpt":{"rendered":"<p>Poema \u201cO c\u00e2ntico da terra\u201d, de Cora Coralina Narra\u00e7\u00e3o: Carmem Imaculada de Brito Poema \u201cO c\u00e2ntico da terra\u201d, de Cora Coralina Eu sou a terra, eu sou a vida. Do meu barro primeiro veio o<\/p>\n","protected":false},"author":2,"featured_media":8259,"comment_status":"open","ping_status":"open","sticky":false,"template":"","format":"standard","meta":{"footnotes":""},"categories":[50,46,44,49,43,57,45],"tags":[],"class_list":["post-8257","post","type-post","status-publish","format-standard","has-post-thumbnail","hentry","category-audio-de-frei-gilvander","category-direito-a-cultura-popular","category-direito-a-memoria","category-direito-a-terra","category-pedagogia-emancipatoria","category-podcast","category-poesia"],"_links":{"self":[{"href":"http:\/\/gilvander.org.br\/site\/wp-json\/wp\/v2\/posts\/8257","targetHints":{"allow":["GET"]}}],"collection":[{"href":"http:\/\/gilvander.org.br\/site\/wp-json\/wp\/v2\/posts"}],"about":[{"href":"http:\/\/gilvander.org.br\/site\/wp-json\/wp\/v2\/types\/post"}],"author":[{"embeddable":true,"href":"http:\/\/gilvander.org.br\/site\/wp-json\/wp\/v2\/users\/2"}],"replies":[{"embeddable":true,"href":"http:\/\/gilvander.org.br\/site\/wp-json\/wp\/v2\/comments?post=8257"}],"version-history":[{"count":1,"href":"http:\/\/gilvander.org.br\/site\/wp-json\/wp\/v2\/posts\/8257\/revisions"}],"predecessor-version":[{"id":8260,"href":"http:\/\/gilvander.org.br\/site\/wp-json\/wp\/v2\/posts\/8257\/revisions\/8260"}],"wp:featuredmedia":[{"embeddable":true,"href":"http:\/\/gilvander.org.br\/site\/wp-json\/wp\/v2\/media\/8259"}],"wp:attachment":[{"href":"http:\/\/gilvander.org.br\/site\/wp-json\/wp\/v2\/media?parent=8257"}],"wp:term":[{"taxonomy":"category","embeddable":true,"href":"http:\/\/gilvander.org.br\/site\/wp-json\/wp\/v2\/categories?post=8257"},{"taxonomy":"post_tag","embeddable":true,"href":"http:\/\/gilvander.org.br\/site\/wp-json\/wp\/v2\/tags?post=8257"}],"curies":[{"name":"wp","href":"https:\/\/api.w.org\/{rel}","templated":true}]}}