{"id":8263,"date":"2020-09-02T21:57:25","date_gmt":"2020-09-03T00:57:25","guid":{"rendered":"http:\/\/gilvander.org.br\/site\/?p=8263"},"modified":"2020-09-02T21:57:28","modified_gmt":"2020-09-03T00:57:28","slug":"letra-e-musica-apesar-de-voce-de-chico-buarque","status":"publish","type":"post","link":"http:\/\/gilvander.org.br\/site\/letra-e-musica-apesar-de-voce-de-chico-buarque\/","title":{"rendered":"Letra e m\u00fasica \u201cApesar de voc\u00ea\u201d, de Chico Buarque"},"content":{"rendered":"\n<p><strong>Letra e m\u00fasica \u201cApesar de voc\u00ea\u201d, de Chico Buarque <\/strong><\/p>\n\n\n\n<figure class=\"wp-block-audio\"><audio controls src=\"http:\/\/gilvander.org.br\/site\/wp-content\/uploads\/2020\/09\/Apesar-de-voc\u00ea.mp3\" autoplay><\/audio><\/figure>\n\n\n\n<p><strong>Narra\u00e7\u00e3o<\/strong>:\nCarmem Imaculada de Brito<\/p>\n\n\n\n<p><strong>Letra e m\u00fasica \u201cApesar de voc\u00ea\u201d, de Chico Buarque <\/strong><\/p>\n\n\n\n<p style=\"text-align:center\">Hoje voc\u00ea \u00e9 quem manda<\/p>\n\n\n\n<p style=\"text-align:center\">Falou, t\u00e1 falado<\/p>\n\n\n\n<p style=\"text-align:center\">N\u00e3o tem discuss\u00e3o<\/p>\n\n\n\n<p style=\"text-align:center\">A minha gente hoje anda<\/p>\n\n\n\n<p style=\"text-align:center\">Falando de lado<\/p>\n\n\n\n<p style=\"text-align:center\">E olhando pro ch\u00e3o, viu<\/p>\n\n\n\n<p style=\"text-align:center\">Voc\u00ea que inventou esse estado<\/p>\n\n\n\n<p style=\"text-align:center\">E inventou de inventar<\/p>\n\n\n\n<p style=\"text-align:center\">Toda a escurid\u00e3o<\/p>\n\n\n\n<p style=\"text-align:center\">Voc\u00ea que inventou o pecado<\/p>\n\n\n\n<p style=\"text-align:center\">Esqueceu-se de inventar<\/p>\n\n\n\n<p style=\"text-align:center\">O perd\u00e3o<\/p>\n\n\n\n<p style=\"text-align:center\">Apesar de voc\u00ea<\/p>\n\n\n\n<p style=\"text-align:center\">Amanh\u00e3 h\u00e1 de ser<\/p>\n\n\n\n<p style=\"text-align:center\">Outro dia<\/p>\n\n\n\n<p style=\"text-align:center\">Eu pergunto a voc\u00ea<\/p>\n\n\n\n<p style=\"text-align:center\">Onde vai se esconder<\/p>\n\n\n\n<p style=\"text-align:center\">Da enorme euforia<\/p>\n\n\n\n<p style=\"text-align:center\">Como vai proibir<\/p>\n\n\n\n<p style=\"text-align:center\">Quando o galo insistir<\/p>\n\n\n\n<p style=\"text-align:center\">Em cantar<\/p>\n\n\n\n<p style=\"text-align:center\">\u00c1gua nova brotando<\/p>\n\n\n\n<p style=\"text-align:center\">E a gente se amando<\/p>\n\n\n\n<p style=\"text-align:center\">Sem parar<\/p>\n\n\n\n<p style=\"text-align:center\">Quando chegar o momento<\/p>\n\n\n\n<p style=\"text-align:center\">Esse meu sofrimento<\/p>\n\n\n\n<p style=\"text-align:center\">Vou cobrar com juros, juro<\/p>\n\n\n\n<p style=\"text-align:center\">Todo esse amor reprimido<\/p>\n\n\n\n<p style=\"text-align:center\">Esse grito contido<\/p>\n\n\n\n<p style=\"text-align:center\">Este samba no escuro<\/p>\n\n\n\n<p style=\"text-align:center\">Voc\u00ea que inventou a tristeza<\/p>\n\n\n\n<p style=\"text-align:center\">Ora, tenha a fineza<\/p>\n\n\n\n<p style=\"text-align:center\">De desinventar<\/p>\n\n\n\n<p style=\"text-align:center\">Voc\u00ea vai pagar e \u00e9 dobrado<\/p>\n\n\n\n<p style=\"text-align:center\">Cada l\u00e1grima rolada<\/p>\n\n\n\n<p style=\"text-align:center\">Nesse meu penar<\/p>\n\n\n\n<p style=\"text-align:center\">Apesar de voc\u00ea<\/p>\n\n\n\n<p style=\"text-align:center\">Amanh\u00e3 h\u00e1 de ser<\/p>\n\n\n\n<p style=\"text-align:center\">Outro dia<\/p>\n\n\n\n<p style=\"text-align:center\">Inda pago pra ver<\/p>\n\n\n\n<p style=\"text-align:center\">O jardim florescer<\/p>\n\n\n\n<p style=\"text-align:center\">Qual voc\u00ea n\u00e3o queria<\/p>\n\n\n\n<p style=\"text-align:center\">Voc\u00ea vai se amargar<\/p>\n\n\n\n<p style=\"text-align:center\">Vendo o dia raiar<\/p>\n\n\n\n<p style=\"text-align:center\">Sem lhe pedir licen\u00e7a<\/p>\n\n\n\n<p style=\"text-align:center\">E eu vou morrer de rir<\/p>\n\n\n\n<p style=\"text-align:center\">Que esse dia h\u00e1 de vir<\/p>\n\n\n\n<p style=\"text-align:center\">Antes do que voc\u00ea pensa<\/p>\n\n\n\n<p style=\"text-align:center\">Apesar de voc\u00ea<\/p>\n\n\n\n<p style=\"text-align:center\">Amanh\u00e3 h\u00e1 de ser<\/p>\n\n\n\n<p style=\"text-align:center\">Outro dia<\/p>\n\n\n\n<p style=\"text-align:center\">Voc\u00ea vai ter que ver<\/p>\n\n\n\n<p style=\"text-align:center\">A manh\u00e3 renascer<\/p>\n\n\n\n<p style=\"text-align:center\">E esbanjar poesia<\/p>\n\n\n\n<p style=\"text-align:center\">Como vai se explicar<\/p>\n\n\n\n<p style=\"text-align:center\">Vendo o c\u00e9u clarear<\/p>\n\n\n\n<p style=\"text-align:center\">De repente, impunemente<\/p>\n\n\n\n<p style=\"text-align:center\">Como vai abafar<\/p>\n\n\n\n<p style=\"text-align:center\">Nosso coro a cantar<\/p>\n\n\n\n<p style=\"text-align:center\">Na sua frente<\/p>\n\n\n\n<p style=\"text-align:center\">Apesar de voc\u00ea<\/p>\n\n\n\n<p style=\"text-align:center\">Amanh\u00e3 h\u00e1 de ser<\/p>\n\n\n\n<p style=\"text-align:center\">Outro dia<\/p>\n\n\n\n<p style=\"text-align:center\">Voc\u00ea vai se dar mal<\/p>\n\n\n\n<p style=\"text-align:center\">Etc. e tal<\/p>\n\n\n\n<p>= = = = = = <\/p>\n\n\n\n<p><strong>Chico Buarque &#8211; Apesar de Voc\u00ea (com Letra)<\/strong><\/p>\n\n\n\n<figure class=\"wp-block-embed-youtube wp-block-embed is-type-video is-provider-youtube wp-embed-aspect-4-3 wp-has-aspect-ratio\"><div class=\"wp-block-embed__wrapper\">\n<div class=\"epyt-video-wrapper\"><iframe loading=\"lazy\"  id=\"_ytid_95457\"  width=\"810\" height=\"608\"  data-origwidth=\"810\" data-origheight=\"608\" src=\"https:\/\/www.youtube.com\/embed\/33-bMTOlvx0?enablejsapi=1&#038;autoplay=0&#038;cc_load_policy=0&#038;cc_lang_pref=&#038;iv_load_policy=1&#038;loop=0&#038;rel=1&#038;fs=1&#038;playsinline=0&#038;autohide=2&#038;theme=dark&#038;color=red&#038;controls=1&#038;disablekb=0&#038;\" class=\"__youtube_prefs__  epyt-is-override  no-lazyload\" title=\"YouTube player\"  allow=\"fullscreen; accelerometer; autoplay; clipboard-write; encrypted-media; gyroscope; picture-in-picture; web-share\" referrerpolicy=\"strict-origin-when-cross-origin\" allowfullscreen data-no-lazy=\"1\" data-skipgform_ajax_framebjll=\"\"><\/iframe><\/div>\n<\/div><\/figure>\n\n\n\n<figure class=\"wp-block-image is-resized\"><img loading=\"lazy\" decoding=\"async\" src=\"http:\/\/gilvander.org.br\/site\/wp-content\/uploads\/2020\/09\/chico_buarque_apesar_de_voce_amanha_vai_ser_outro_dia_l3el996.jpg\" alt=\"\" class=\"wp-image-8265\" width=\"517\" height=\"271\" srcset=\"http:\/\/gilvander.org.br\/site\/wp-content\/uploads\/2020\/09\/chico_buarque_apesar_de_voce_amanha_vai_ser_outro_dia_l3el996.jpg 600w, http:\/\/gilvander.org.br\/site\/wp-content\/uploads\/2020\/09\/chico_buarque_apesar_de_voce_amanha_vai_ser_outro_dia_l3el996-300x158.jpg 300w\" sizes=\"auto, (max-width: 517px) 100vw, 517px\" \/><\/figure>\n\n\n\n<p>Divulga\u00e7\u00e3o: Frei Gilvander Moreira, da CPT, das CEBs, do CEBI, do SAB e da assessoria de Movimentos Populares, em Minas Gerais. <\/p>\n\n\n\n<p>Acompanhe a luta pela\nterra e por Direitos tamb\u00e9m via <a href=\"http:\/\/www.gilvander.org.br\">www.gilvander.org.br<\/a>&nbsp; \u2013 <a href=\"http:\/\/www.freigilvander.blogspot.com\">www.freigilvander.blogspot.com<\/a>\n<\/p>\n\n\n\n<p>&nbsp;No Instagram: Frei Gilvander Moreira\n(gilvanderluismoreira) <\/p>\n\n\n\n<p>No Spotify: Frei\nGilvander luta pela terra e por direitos <\/p>\n\n\n\n<p>*Inscreva-se no Canal\nFrei Gilvander Luta pela Terra e por Direitos, no link: <a href=\"https:\/\/www.youtube.com\/user\/fgilvander\">https:\/\/www.youtube.com\/user\/fgilvander<\/a>,\nacione o sininho, receba as notifica\u00e7\u00f5es de envio de v\u00eddeos e assista a\ndiversos v\u00eddeos de luta por direitos sociais. Se assistir e gostar,\ncompartilhe. <\/p>\n\n\n\n<p>Sugerimos. #DespejoZero #\u00c1guasParaaVida #BarragemN\u00e3o\n<a href=\"https:\/\/www.youtube.com\/results?search_query=%23FreiGilvander\">#FreiGilvander<\/a>\n<a href=\"https:\/\/www.youtube.com\/results?search_query=%23NaLutaPorDireitos\">#NaLutaPorDireitos<\/a>\n<a href=\"https:\/\/www.youtube.com\/results?search_query=%23PalavrasDeF%C3%A9ComFreiGilvander\">#PalavrasDeF\u00e9ComFreiGilvander<\/a>\n<a href=\"https:\/\/www.youtube.com\/results?search_query=%23Palavra%C3%89ticacomFreiGilvander\">#Palavra\u00c9ticacomFreiGilvander<\/a><\/p>\n","protected":false},"excerpt":{"rendered":"<p>Letra e m\u00fasica \u201cApesar de voc\u00ea\u201d, de Chico Buarque Narra\u00e7\u00e3o: Carmem Imaculada de Brito Letra e m\u00fasica \u201cApesar de voc\u00ea\u201d, de Chico Buarque Hoje voc\u00ea \u00e9 quem manda Falou, t\u00e1 falado N\u00e3o tem discuss\u00e3o A<\/p>\n","protected":false},"author":2,"featured_media":8265,"comment_status":"open","ping_status":"open","sticky":false,"template":"","format":"standard","meta":{"footnotes":""},"categories":[50,44,27,30,43,57,45,26,32],"tags":[],"class_list":["post-8263","post","type-post","status-publish","format-standard","has-post-thumbnail","hentry","category-audio-de-frei-gilvander","category-direito-a-memoria","category-direitos-humanos","category-fe-e-politica","category-pedagogia-emancipatoria","category-podcast","category-poesia","category-teologia-da-libertacao","category-videos"],"_links":{"self":[{"href":"http:\/\/gilvander.org.br\/site\/wp-json\/wp\/v2\/posts\/8263","targetHints":{"allow":["GET"]}}],"collection":[{"href":"http:\/\/gilvander.org.br\/site\/wp-json\/wp\/v2\/posts"}],"about":[{"href":"http:\/\/gilvander.org.br\/site\/wp-json\/wp\/v2\/types\/post"}],"author":[{"embeddable":true,"href":"http:\/\/gilvander.org.br\/site\/wp-json\/wp\/v2\/users\/2"}],"replies":[{"embeddable":true,"href":"http:\/\/gilvander.org.br\/site\/wp-json\/wp\/v2\/comments?post=8263"}],"version-history":[{"count":1,"href":"http:\/\/gilvander.org.br\/site\/wp-json\/wp\/v2\/posts\/8263\/revisions"}],"predecessor-version":[{"id":8266,"href":"http:\/\/gilvander.org.br\/site\/wp-json\/wp\/v2\/posts\/8263\/revisions\/8266"}],"wp:featuredmedia":[{"embeddable":true,"href":"http:\/\/gilvander.org.br\/site\/wp-json\/wp\/v2\/media\/8265"}],"wp:attachment":[{"href":"http:\/\/gilvander.org.br\/site\/wp-json\/wp\/v2\/media?parent=8263"}],"wp:term":[{"taxonomy":"category","embeddable":true,"href":"http:\/\/gilvander.org.br\/site\/wp-json\/wp\/v2\/categories?post=8263"},{"taxonomy":"post_tag","embeddable":true,"href":"http:\/\/gilvander.org.br\/site\/wp-json\/wp\/v2\/tags?post=8263"}],"curies":[{"name":"wp","href":"https:\/\/api.w.org\/{rel}","templated":true}]}}