{"id":8268,"date":"2020-09-03T22:24:06","date_gmt":"2020-09-04T01:24:06","guid":{"rendered":"http:\/\/gilvander.org.br\/site\/?p=8268"},"modified":"2020-09-03T22:24:08","modified_gmt":"2020-09-04T01:24:08","slug":"%ef%bb%bfpoema-o-silencio-de-pablo-neruda","status":"publish","type":"post","link":"http:\/\/gilvander.org.br\/site\/%ef%bb%bfpoema-o-silencio-de-pablo-neruda\/","title":{"rendered":"\ufeffPoema \u201cO sil\u00eancio\u201d, de Pablo Neruda"},"content":{"rendered":"\n<p><strong>Poema \u201cO sil\u00eancio\u201d, de Pablo Neruda<\/strong><\/p>\n\n\n\n<figure class=\"wp-block-audio\"><audio controls src=\"http:\/\/gilvander.org.br\/site\/wp-content\/uploads\/2020\/09\/Sil\u00eancio.mp3\" autoplay><\/audio><\/figure>\n\n\n\n<p><strong>Narra\u00e7\u00e3o<\/strong>:\nCarmem Imaculada de Brito<\/p>\n\n\n\n<p style=\"text-align:center\"><strong>Poema \u201cO sil\u00eancio\u201d, de Pablo Neruda<\/strong><\/p>\n\n\n\n<p style=\"text-align:center\">Agora contaremos este doze<\/p>\n\n\n\n<p style=\"text-align:center\">e ficaremos todos quietos.<\/p>\n\n\n\n<p style=\"text-align:center\">Por uma vez sobre a terra<\/p>\n\n\n\n<p style=\"text-align:center\">n\u00e3o falemos em nenhum idioma,<\/p>\n\n\n\n<p style=\"text-align:center\">por um segundo nos detenhamos,<\/p>\n\n\n\n<p style=\"text-align:center\">n\u00e3o movamos tanto os bra\u00e7os.<\/p>\n\n\n\n<p style=\"text-align:center\">Seria um minuto flagrante,<\/p>\n\n\n\n<p style=\"text-align:center\">sem pressa, sem autom\u00f3veis,<\/p>\n\n\n\n<p style=\"text-align:center\">todos estar\u00edamos juntos<\/p>\n\n\n\n<p style=\"text-align:center\">em uma quietude instant\u00e2nea.<\/p>\n\n\n\n<p style=\"text-align:center\">Os pescadores do mar frio<\/p>\n\n\n\n<p style=\"text-align:center\">n\u00e3o fariam mal \u00e0s baleias<\/p>\n\n\n\n<p style=\"text-align:center\">e o trabalhador do sal<\/p>\n\n\n\n<p style=\"text-align:center\">olharia suas m\u00e3os rotas.<\/p>\n\n\n\n<p style=\"text-align:center\">Os que preparam guerras verdes,<\/p>\n\n\n\n<p style=\"text-align:center\">guerras de g\u00e1s, guerras de fogo,<\/p>\n\n\n\n<p style=\"text-align:center\">vit\u00f3rias sem sobreviventes,<\/p>\n\n\n\n<p style=\"text-align:center\">vestiriam um traje puro<\/p>\n\n\n\n<p style=\"text-align:center\">e andariam com seus irm\u00e3os<\/p>\n\n\n\n<p style=\"text-align:center\">pela sombra, sem nada fazer.<\/p>\n\n\n\n<p style=\"text-align:center\">N\u00e3o confundam o que quero<\/p>\n\n\n\n<p style=\"text-align:center\">com a inani\u00e7\u00e3o definitiva:<\/p>\n\n\n\n<p style=\"text-align:center\">a vida \u00e9 s\u00f3 o que se faz,<\/p>\n\n\n\n<p style=\"text-align:center\">n\u00e3o quero nada com a morte.<\/p>\n\n\n\n<p style=\"text-align:center\">Se n\u00e3o podemos ser un\u00e2nimes<\/p>\n\n\n\n<p style=\"text-align:center\">movendo tanto nossas vidas,<\/p>\n\n\n\n<p style=\"text-align:center\">talvez n\u00e3o fazer nada uma vez,<\/p>\n\n\n\n<p style=\"text-align:center\">talvez um grande sil\u00eancio possa<\/p>\n\n\n\n<p style=\"text-align:center\">interromper esta tristeza,<\/p>\n\n\n\n<p style=\"text-align:center\">este n\u00e3o entendermos jamais<\/p>\n\n\n\n<p style=\"text-align:center\">este amea\u00e7ar\u2013nos com a morte,<\/p>\n\n\n\n<p style=\"text-align:center\">talvez a terra nos ensine<\/p>\n\n\n\n<p style=\"text-align:center\">quando tudo parece morto<\/p>\n\n\n\n<p style=\"text-align:center\">ent\u00e3o tudo est\u00e1 vivo.<\/p>\n\n\n\n<p style=\"text-align:center\">Agora contarei at\u00e9 doze<\/p>\n\n\n\n<p style=\"text-align:center\">E tu te calas e eu me vou.<\/p>\n\n\n\n<p>= = = = = <\/p>\n\n\n\n<figure class=\"wp-block-image is-resized\"><img loading=\"lazy\" decoding=\"async\" src=\"http:\/\/gilvander.org.br\/site\/wp-content\/uploads\/2020\/09\/Pablo-Neruda-Sil\u00eancio.jpg\" alt=\"\" class=\"wp-image-8270\" width=\"519\" height=\"244\" srcset=\"http:\/\/gilvander.org.br\/site\/wp-content\/uploads\/2020\/09\/Pablo-Neruda-Sil\u00eancio.jpg 850w, http:\/\/gilvander.org.br\/site\/wp-content\/uploads\/2020\/09\/Pablo-Neruda-Sil\u00eancio-300x141.jpg 300w, http:\/\/gilvander.org.br\/site\/wp-content\/uploads\/2020\/09\/Pablo-Neruda-Sil\u00eancio-768x361.jpg 768w\" sizes=\"auto, (max-width: 519px) 100vw, 519px\" \/><\/figure>\n\n\n\n<p>Divulga\u00e7\u00e3o: Frei\nGilvander Moreira, da CPT, das CEBs, do CEBI, do SAB e da assessoria de\nMovimentos Populares, em Minas Gerais. <\/p>\n\n\n\n<p>Acompanhe a luta pela\nterra e por Direitos tamb\u00e9m via <a href=\"http:\/\/www.gilvander.org.br\">www.gilvander.org.br<\/a>&nbsp; \u2013 <a href=\"http:\/\/www.freigilvander.blogspot.com\">www.freigilvander.blogspot.com<\/a>\n<\/p>\n\n\n\n<p>&nbsp;No Instagram: Frei Gilvander Moreira\n(gilvanderluismoreira) <\/p>\n\n\n\n<p>No Spotify: Frei\nGilvander luta pela terra e por direitos <\/p>\n\n\n\n<p>*Inscreva-se no Canal\nFrei Gilvander Luta pela Terra e por Direitos, no link: <a href=\"https:\/\/www.youtube.com\/user\/fgilvander\">https:\/\/www.youtube.com\/user\/fgilvander<\/a>,\nacione o sininho, receba as notifica\u00e7\u00f5es de envio de v\u00eddeos e assista a\ndiversos v\u00eddeos de luta por direitos sociais. Se assistir e gostar,\ncompartilhe. <\/p>\n\n\n\n<p>Sugerimos. #DespejoZero #\u00c1guasParaaVida #BarragemN\u00e3o\n<a href=\"https:\/\/www.youtube.com\/results?search_query=%23FreiGilvander\">#FreiGilvander<\/a>\n<a href=\"https:\/\/www.youtube.com\/results?search_query=%23NaLutaPorDireitos\">#NaLutaPorDireitos<\/a>\n<a href=\"https:\/\/www.youtube.com\/results?search_query=%23PalavrasDeF%C3%A9ComFreiGilvander\">#PalavrasDeF\u00e9ComFreiGilvander<\/a>\n<a href=\"https:\/\/www.youtube.com\/results?search_query=%23Palavra%C3%89ticacomFreiGilvander\">#Palavra\u00c9ticacomFreiGilvander<\/a><\/p>\n","protected":false},"excerpt":{"rendered":"<p>Poema \u201cO sil\u00eancio\u201d, de Pablo Neruda Narra\u00e7\u00e3o: Carmem Imaculada de Brito Poema \u201cO sil\u00eancio\u201d, de Pablo Neruda Agora contaremos este doze e ficaremos todos quietos. Por uma vez sobre a terra n\u00e3o falemos em nenhum<\/p>\n","protected":false},"author":2,"featured_media":8270,"comment_status":"open","ping_status":"open","sticky":false,"template":"","format":"standard","meta":{"footnotes":""},"categories":[50,27,43,57,45,26],"tags":[],"class_list":["post-8268","post","type-post","status-publish","format-standard","has-post-thumbnail","hentry","category-audio-de-frei-gilvander","category-direitos-humanos","category-pedagogia-emancipatoria","category-podcast","category-poesia","category-teologia-da-libertacao"],"_links":{"self":[{"href":"http:\/\/gilvander.org.br\/site\/wp-json\/wp\/v2\/posts\/8268","targetHints":{"allow":["GET"]}}],"collection":[{"href":"http:\/\/gilvander.org.br\/site\/wp-json\/wp\/v2\/posts"}],"about":[{"href":"http:\/\/gilvander.org.br\/site\/wp-json\/wp\/v2\/types\/post"}],"author":[{"embeddable":true,"href":"http:\/\/gilvander.org.br\/site\/wp-json\/wp\/v2\/users\/2"}],"replies":[{"embeddable":true,"href":"http:\/\/gilvander.org.br\/site\/wp-json\/wp\/v2\/comments?post=8268"}],"version-history":[{"count":1,"href":"http:\/\/gilvander.org.br\/site\/wp-json\/wp\/v2\/posts\/8268\/revisions"}],"predecessor-version":[{"id":8271,"href":"http:\/\/gilvander.org.br\/site\/wp-json\/wp\/v2\/posts\/8268\/revisions\/8271"}],"wp:featuredmedia":[{"embeddable":true,"href":"http:\/\/gilvander.org.br\/site\/wp-json\/wp\/v2\/media\/8270"}],"wp:attachment":[{"href":"http:\/\/gilvander.org.br\/site\/wp-json\/wp\/v2\/media?parent=8268"}],"wp:term":[{"taxonomy":"category","embeddable":true,"href":"http:\/\/gilvander.org.br\/site\/wp-json\/wp\/v2\/categories?post=8268"},{"taxonomy":"post_tag","embeddable":true,"href":"http:\/\/gilvander.org.br\/site\/wp-json\/wp\/v2\/tags?post=8268"}],"curies":[{"name":"wp","href":"https:\/\/api.w.org\/{rel}","templated":true}]}}