{"id":8695,"date":"2020-10-27T09:56:48","date_gmt":"2020-10-27T12:56:48","guid":{"rendered":"http:\/\/gilvander.org.br\/site\/?p=8695"},"modified":"2020-10-27T09:56:51","modified_gmt":"2020-10-27T12:56:51","slug":"doar-a-vida-na-luta-pela-terra-causa-justa-por-frei-gilvander","status":"publish","type":"post","link":"http:\/\/gilvander.org.br\/site\/doar-a-vida-na-luta-pela-terra-causa-justa-por-frei-gilvander\/","title":{"rendered":"Doar a vida na luta pela terra: causa justa! Por Frei Gilvander"},"content":{"rendered":"\n<p><strong>Doar a vida na luta pela terra: causa justa! <\/strong>Por Frei Gilvander Moreira<a href=\"#_ftn1\"><sup>[1]<\/sup><\/a><\/p>\n\n\n\n<figure class=\"wp-block-image is-resized\"><img loading=\"lazy\" decoding=\"async\" src=\"http:\/\/gilvander.org.br\/site\/wp-content\/uploads\/2020\/10\/\u00canio-Pasqualin-do-MST-24-10-2020.jpeg\" alt=\"\" class=\"wp-image-8696\" width=\"655\" height=\"655\" srcset=\"http:\/\/gilvander.org.br\/site\/wp-content\/uploads\/2020\/10\/\u00canio-Pasqualin-do-MST-24-10-2020.jpeg 225w, http:\/\/gilvander.org.br\/site\/wp-content\/uploads\/2020\/10\/\u00canio-Pasqualin-do-MST-24-10-2020-150x150.jpeg 150w\" sizes=\"auto, (max-width: 655px) 100vw, 655px\" \/><figcaption>\u00canio Pasqualin, lideran\u00e7a do MST\/PR, assassinado ap\u00f3s sequestro, dia 24\/10\/2020. Foto: Divulga\u00e7\u00e3o \/ MST<\/figcaption><\/figure>\n\n\n\n<p>Dia 24 de\noutubro de 2020, no interior do Paran\u00e1, no Assentamento\nIreno Alves dos Santos, no munic\u00edpio de Rio\nBonito do Igua\u00e7u, \u00canio Pasqualin, dirigente estadual do Movimento dos\nTrabalhadores Rurais Sem Terra (MST) do Paran\u00e1, ap\u00f3s ser sequestrado, foi\nassassinado a tiros. Mais um m\u00e1rtir da luta pela terra no Brasil. \u201c<em>Por causa de um pouco de terra, por uma\nfatia de p\u00e3o, mataram mais um irm\u00e3o<\/em>\u2026\u201d. O latif\u00fandio e o agroneg\u00f3cio matam, mas venceremos. Nosso\nabra\u00e7o solid\u00e1rio \u00e0 fam\u00edlia de \u00canio e ao MST. O sangue de \u00canio continuar\u00e1\ncorrendo em nossas art\u00e9rias. Honraremos sua\/nossa luta justa e necess\u00e1ria. A\nhist\u00f3ria demonstra que quanto mais repress\u00e3o, mais a luta pela socializa\u00e7\u00e3o da\nterra cresce. Eis um exemplo a seguir. <\/p>\n\n\n\n<p>Geralda\nMagela da Fonseca, carinhosamente chamada Irm\u00e3 Geraldinha, das Irm\u00e3s Dominicanas, foi\namea\u00e7ada de morte in\u00fameras vezes durante v\u00e1rios anos por causa da luta pela\nterra no munic\u00edpio de Salto da Divisa, no Baixo Jequitinhonha, em Minas Gerais.\nQuando identificadas, as amea\u00e7as eram sempre vindas de pessoas ligadas aos\nlatifundi\u00e1rios do munic\u00edpio. Em um \u00fanico dia, ela chegou a receber tr\u00eas\ntelefonemas no seu celular, de n\u00fameros n\u00e3o identificados. Depois as amea\u00e7as\neram ouvidas por companheiros\/as do acampamento ou por amigos\/as na cidade de\nSalto da Divisa. No Acampamento Dom Luciano, do MST<a href=\"#_ftn2\">[2]<\/a>,\nIrm\u00e3 Geraldinha tinha seu barraco de madeira e palha. Ela teve que passar a\ndormir em barracos diferentes a cada noite no acampamento para n\u00e3o ser pega de\nsurpresa por jagun\u00e7os. Companheiros\/as da comiss\u00e3o de seguran\u00e7a do acampamento\nDom Luciano Mendes conseguiram livrar a irm\u00e3 Geraldinha de tr\u00eas emboscadas ao\ndescobrir que ela estava sendo esperada em tocaia. Avisada, ela mudou o hor\u00e1rio\nde passar no local e passou sob escolta dos companheiros. Em outra tentativa,\nquatro pessoas em autom\u00f3vel cor preta, dia 29 de outubro de 2007, foram vistas\npr\u00f3ximas ao acampamento procurando por irm\u00e3 Geraldinha e no dia seguinte, na\ncidade de Salto da Divisa, algu\u00e9m em um autom\u00f3vel cor preta procurava por ela.<a href=\"#_ftn3\"><sup>[3]<\/sup><\/a> Em\numa das amea\u00e7as, a mensagem era: \u201cVoc\u00ea vai parar de apoiar o MST e essa luta\nquando acontecer com voc\u00ea o que aconteceu com a irm\u00e3 Dorothy Stang\u201d.<a href=\"#_ftn4\"><sup>[4]<\/sup><\/a> Ap\u00f3s\nvisita ao Acampamento Dom Luciano, dia 17 de setembro de 2009, uma comiss\u00e3o de\nrepresentantes da Secretaria Especial dos Direitos Humanos da Presid\u00eancia da\nRep\u00fablica expediu um Parecer demonstrando a gravidade do conflito agr\u00e1rio\ninstalado em Salto da Divisa e tamb\u00e9m a gravidade das amea\u00e7as \u00e0 Irm\u00e3 Geraldinha\ne a outros membros do Acampamento.<a href=\"#_ftn5\"><sup>[5]<\/sup><\/a> No\nParecer se afirma: \u201c<em>\u00c9 inconteste o fato de que tais viola\u00e7\u00f5es t\u00eam sido\ncausadas por fazendeiros da regi\u00e3o e por policiais civis e militares, sendo que\ntodas elas s\u00e3o decorrentes das atividades em defesa dos direitos humanos\nrealizadas pela Irm\u00e3 Geraldinha e por membros do Acampamento Dom Luciano.\nFaz-se necess\u00e1rio, ainda, que sejam feitas articula\u00e7\u00f5es com autoridades\np\u00fablicas estaduais e locais no sentido de que se tomem as provid\u00eancias legais\npara que as causas das amea\u00e7as sejam resolvidas pelos \u00f3rg\u00e3os competentes<\/em>\u201d (MANIFESTO DA CPT\/MG, 30\/10\/2009).<a href=\"#_ftn6\"><sup>[6]<\/sup><\/a><\/p>\n\n\n\n<p>Irm\u00e3 Geraldinha, mesmo ap\u00f3s visitar sua m\u00e3e e saber que a not\u00edcia das\namea\u00e7as de morte j\u00e1 tinham chegado a ela e aos seus 15 irm\u00e3os, reafirma sempre:\n\u201c<em>Estou disposta, sim, a entregar minha\nvida por essa causa justa dos movimentos populares se necess\u00e1rio for, se tiver\nque ser, para que o povo conquiste a terra e para que a reforma agr\u00e1ria\naconte\u00e7a no nosso pa\u00eds, pois sem a distribui\u00e7\u00e3o das terras devolutas e dos\nlatif\u00fandios improdutivos que n\u00e3o cumprem sua fun\u00e7\u00e3o social n\u00e3o haver\u00e1 justi\u00e7a,\nnem vida e nem paz na sociedade. \u00c9 claro que n\u00e3o vou entregar de bobeira minha\nvida. Vamos tomar as precau\u00e7\u00f5es necess\u00e1rias, mas estou disposta, sim, a\nentregar minha vida para que a luta pela terra possa continuar<\/em>\u201d (Irm\u00e3\nGeraldinha \u00e0 TVC\/BH no Programa Inconfid\u00eancias Mineiras).<a href=\"#_ftn7\"><sup>[7]<\/sup><\/a><\/p>\n\n\n\n<p>Orozimbo\nda Cunha Peixoto, o co\u00adronel Zimbu, av\u00f4 do prefeito Ronaldo Cunha Peixoto,\ntinha v\u00e1rios jagun\u00e7os para eliminar quem o incomodava. Uma testemunha que vive\nna regi\u00e3o h\u00e1 v\u00e1rias d\u00e9cadas, que n\u00e3o aceita se revelar por temer ser\nassassinada, afirma: \u201c<em>Essas fazendas aqui\ndo Baixo Jequitinhonha foram tomadas na marra. Eles man\u00addavam os pistoleiros\npara matar os posseiros. Se algum deles vacilasse e n\u00e3o matasse, morria tam\u00adb\u00e9m<\/em>\u201d.<\/p>\n\n\n\n<p>A entrada\ndo acampamento Dom Luciano Mendes passou a ser controlada por equipe de\nsentinelas 24 horas por dia, um grupo de mulheres se revezando durante o dia e\num grupo de homens durante toda a noite, sempre com alguns foguetes para\nexplodir e chamar todas as fam\u00edlias em caso de alguma coisa estranha. Uma\ncorrente forte foi colocada na entrada do acampamento para impedir a entrada de\nautom\u00f3veis ou motocicletas estranhos, sem autoriza\u00e7\u00e3o. Al\u00e9m da entrada do\nacampamento, \u00e0 noite, um grupo de companheiros mant\u00e9m ronda em todo o\nacampamento e seu entorno com lanternas. Ap\u00f3s cobran\u00e7as do MST e da CPT<a href=\"#_ftn8\">[8]<\/a>,\no comando da PM em Salto da Divisa foi trocado e uma viatura da PM passou a ir\nao acampamento duas ou tr\u00eas vezes por dia. Isso tamb\u00e9m inibiu os amea\u00e7adores. A\nSecretaria Nacional dos Direitos Humanos, a Comiss\u00e3o de Direitos Humanos da\nAssembleia Legislativa, o Programa de Prote\u00e7\u00e3o aos Defensores de Direitos\nHumanos amea\u00e7ados, a Defensoria P\u00fablica Estadual e a Defensoria P\u00fablica da\nUni\u00e3o, entre outras organiza\u00e7\u00f5es, contribu\u00edram para que as den\u00fancias e\nreivindica\u00e7\u00f5es das fam\u00edlias acampadas em Salto da Divisa fossem ouvidas.<\/p>\n\n\n\n<p>Ap\u00f3s\namea\u00e7as, dia 28 de julho de 2009, quatro pessoas chegaram \u00e0s proximidades do\nacampamento em um autom\u00f3vel e atearam fogo no pasto ao redor do acampamento. O\ninc\u00eandio foi detectado a tempo pelos acampados e n\u00e3o se propagou. Dentro do\nautom\u00f3vel, estavam Ilton Ferreira Guimar\u00e3es, Paulo Roberto In\u00e1cio da Silva, seu\nfilho Daniel Salom\u00e3o Silva e Genilton Menezes Santos, cunhado de Jos\u00e9 Alziton\nda Cunha Peixoto, primo do prefeito eleito extemporaneamente em elei\u00e7\u00e3o dois\ndias antes, Ronaldo Athayde da Cunha Peixoto, e presidente da Funda\u00e7\u00e3o Tin\u00f4 da\nCunha Peixoto na \u00e9poca, que alegava ser propriet\u00e1ria das terras da Fazenda\nManga do Gustavo e da Fazenda Monte Cristo. Policiais demoraram a atender ao\nchamado dos acampados e, pior, ao chegarem ao local do incidente lavraram\nBoletim de Ocorr\u00eancia acusando irm\u00e3 Geraldinha e os acampados de c\u00e1rcere\nprivado dos quatro agressores que estavam no autom\u00f3vel. Irm\u00e3 Geraldinha teve\nque viajar at\u00e9 a Cidade de Jacinto \u2013 cidade vizinha &#8211; para, na delegacia,\nlavrar um Boletim de Ocorr\u00eancia relatando os fatos verdadeiros sobre a\ntentativa de incendiar o acampamento.<\/p>\n\n\n\n<p>Para\ninibir as investidas dos latifundi\u00e1rios e jagun\u00e7os amea\u00e7ando irm\u00e3 Geraldinha e\noutras lideran\u00e7as do Acampamento Dom Luciano Mendes organizamos uma\nsignificativa Rede de Apoio, inclusive, internacional. O bispo Dom Tom\u00e1s\nBaldu\u00edno, fundador e presidente honor\u00e1rio da CPT por muitos anos, visitou o\nacampamento e, ao lado do bispo da Diocese de Almenara, na \u00e9poca, Dom Hugo Maria Van\nSteekelenburg, e de\noutras freiras e freis, fez miss\u00e3o na cidade de Salto da Divisa hipotecando\nirrestrito apoio \u00e0 causa da luta pela terra. Isso contribuiu para frear a ira\nassassina contra irm\u00e3 Geraldinha.<\/p>\n\n\n\n<p>Com a\npostura aguerrida de Irm\u00e3 Geraldinha de n\u00e3o arredar o p\u00e9 da luta, mesmo sob\namea\u00e7as de morte, a luta cresceu e hoje, em Salto da Divisa, MG, j\u00e1 foram\nconquistados dois assentamentos \u2013 Assentamento Dom Luciano Mendes e\nAssentamento Irm\u00e3 Geraldinha \u2013 e a Comunidade Quilombola Bra\u00e7o Forte. Enfim,\neis um sinal de que as amea\u00e7as e os assassinatos n\u00e3o barram a luta, ao\ncontr\u00e1rio, fazem a luta se multiplicar. Se fazem sexta-feira da paix\u00e3o, fa\u00e7amos\ndomingos de ressurrei\u00e7\u00e3o com terra partilhada e socializada, convictos de que o sangue\ndos\/as m\u00e1rtires e o suor da luta fecundam o ch\u00e3o&#8230; Porvir de ressurrei\u00e7\u00e3o!<\/p>\n\n\n\n<p>27\/10\/2020.<\/p>\n\n\n\n<p>&nbsp;<strong>Obs<\/strong>.:\nOs v\u00eddeos nos links e o \u00e1udio, abaixo, ilustram o assunto tratado acima.<\/p>\n\n\n\n<p><strong>1 &#8211; Live Campanha pelo DESPEJO ZERO: pelo direito \u00e0\nvida. Despejar na pandemia \u00e9 matar, \u00e9 cruel. 05\/8\/20<\/strong><\/p>\n\n\n\n<figure class=\"wp-block-embed-youtube wp-block-embed is-type-video is-provider-youtube wp-embed-aspect-16-9 wp-has-aspect-ratio\"><div class=\"wp-block-embed__wrapper\">\n<div class=\"epyt-video-wrapper\"><iframe loading=\"lazy\"  id=\"_ytid_11934\"  width=\"810\" height=\"456\"  data-origwidth=\"810\" data-origheight=\"456\" src=\"https:\/\/www.youtube.com\/embed\/R5LEqhFtXDA?enablejsapi=1&#038;autoplay=0&#038;cc_load_policy=0&#038;cc_lang_pref=&#038;iv_load_policy=1&#038;loop=0&#038;rel=1&#038;fs=1&#038;playsinline=0&#038;autohide=2&#038;theme=dark&#038;color=red&#038;controls=1&#038;disablekb=0&#038;\" class=\"__youtube_prefs__  epyt-is-override  no-lazyload\" title=\"YouTube player\"  allow=\"fullscreen; accelerometer; autoplay; clipboard-write; encrypted-media; gyroscope; picture-in-picture; web-share\" referrerpolicy=\"strict-origin-when-cross-origin\" allowfullscreen data-no-lazy=\"1\" data-skipgform_ajax_framebjll=\"\"><\/iframe><\/div>\n<\/div><\/figure>\n\n\n\n<p><strong>2 &#8211; &#8220;A VALE preparou uma armadilha para matar o\npovo de Brumadinho, MG.&#8221; Justi\u00e7a! V\u00eddeo 7 &#8211; 13\/12\/2019<\/strong><\/p>\n\n\n\n<figure class=\"wp-block-embed-youtube wp-block-embed is-type-video is-provider-youtube wp-embed-aspect-16-9 wp-has-aspect-ratio\"><div class=\"wp-block-embed__wrapper\">\n<div class=\"epyt-video-wrapper\"><iframe loading=\"lazy\"  id=\"_ytid_63243\"  width=\"810\" height=\"456\"  data-origwidth=\"810\" data-origheight=\"456\" src=\"https:\/\/www.youtube.com\/embed\/ngbzd7nBZiw?enablejsapi=1&#038;autoplay=0&#038;cc_load_policy=0&#038;cc_lang_pref=&#038;iv_load_policy=1&#038;loop=0&#038;rel=1&#038;fs=1&#038;playsinline=0&#038;autohide=2&#038;theme=dark&#038;color=red&#038;controls=1&#038;disablekb=0&#038;\" class=\"__youtube_prefs__  epyt-is-override  no-lazyload\" title=\"YouTube player\"  allow=\"fullscreen; accelerometer; autoplay; clipboard-write; encrypted-media; gyroscope; picture-in-picture; web-share\" referrerpolicy=\"strict-origin-when-cross-origin\" allowfullscreen data-no-lazy=\"1\" data-skipgform_ajax_framebjll=\"\"><\/iframe><\/div>\n<\/div><\/figure>\n\n\n\n<p><strong>3 &#8211; VALE e Estado mataram o rio Paraopeba, peixes e\npescadores na mis\u00e9ria. V\u00eddeo 1. 19\/4\/2019<\/strong><\/p>\n\n\n\n<figure class=\"wp-block-embed-youtube wp-block-embed is-type-video is-provider-youtube wp-embed-aspect-16-9 wp-has-aspect-ratio\"><div class=\"wp-block-embed__wrapper\">\n<div class=\"epyt-video-wrapper\"><iframe loading=\"lazy\"  id=\"_ytid_10278\"  width=\"810\" height=\"456\"  data-origwidth=\"810\" data-origheight=\"456\" src=\"https:\/\/www.youtube.com\/embed\/05SJrl6DAH8?enablejsapi=1&#038;autoplay=0&#038;cc_load_policy=0&#038;cc_lang_pref=&#038;iv_load_policy=1&#038;loop=0&#038;rel=1&#038;fs=1&#038;playsinline=0&#038;autohide=2&#038;theme=dark&#038;color=red&#038;controls=1&#038;disablekb=0&#038;\" class=\"__youtube_prefs__  epyt-is-override  no-lazyload\" title=\"YouTube player\"  allow=\"fullscreen; accelerometer; autoplay; clipboard-write; encrypted-media; gyroscope; picture-in-picture; web-share\" referrerpolicy=\"strict-origin-when-cross-origin\" allowfullscreen data-no-lazy=\"1\" data-skipgform_ajax_framebjll=\"\"><\/iframe><\/div>\n<\/div><\/figure>\n\n\n\n<p><strong>4 &#8211; Dona Zinha, da Ocupa\u00e7\u00e3o Vit\u00f3ria\/Izidora\/BH:\n&#8220;despejo matar\u00e1 todos os idosos das Ocupa\u00e7\u00f5es.&#8221; 19\/11\/2016<\/strong><\/p>\n\n\n\n<figure class=\"wp-block-embed-youtube wp-block-embed is-type-video is-provider-youtube wp-embed-aspect-16-9 wp-has-aspect-ratio\"><div class=\"wp-block-embed__wrapper\">\n<div class=\"epyt-video-wrapper\"><iframe loading=\"lazy\"  id=\"_ytid_36755\"  width=\"810\" height=\"456\"  data-origwidth=\"810\" data-origheight=\"456\" src=\"https:\/\/www.youtube.com\/embed\/QvyHy5aBFcA?enablejsapi=1&#038;autoplay=0&#038;cc_load_policy=0&#038;cc_lang_pref=&#038;iv_load_policy=1&#038;loop=0&#038;rel=1&#038;fs=1&#038;playsinline=0&#038;autohide=2&#038;theme=dark&#038;color=red&#038;controls=1&#038;disablekb=0&#038;\" class=\"__youtube_prefs__  epyt-is-override  no-lazyload\" title=\"YouTube player\"  allow=\"fullscreen; accelerometer; autoplay; clipboard-write; encrypted-media; gyroscope; picture-in-picture; web-share\" referrerpolicy=\"strict-origin-when-cross-origin\" allowfullscreen data-no-lazy=\"1\" data-skipgform_ajax_framebjll=\"\"><\/iframe><\/div>\n<\/div><\/figure>\n\n\n\n<p><strong>5 &#8211; Dia 25 de julho: Dia da\/o trabalhador\/a rural,\nMulher Negra, Pai Nosso dos M\u00e1rtires\/1,6 ano de crime<\/strong><\/p>\n\n\n\n<figure class=\"wp-block-embed-youtube wp-block-embed is-type-video is-provider-youtube wp-embed-aspect-16-9 wp-has-aspect-ratio\"><div class=\"wp-block-embed__wrapper\">\n<div class=\"epyt-video-wrapper\"><iframe loading=\"lazy\"  id=\"_ytid_30847\"  width=\"810\" height=\"456\"  data-origwidth=\"810\" data-origheight=\"456\" src=\"https:\/\/www.youtube.com\/embed\/Gjh2lbsbOMM?enablejsapi=1&#038;autoplay=0&#038;cc_load_policy=0&#038;cc_lang_pref=&#038;iv_load_policy=1&#038;loop=0&#038;rel=1&#038;fs=1&#038;playsinline=0&#038;autohide=2&#038;theme=dark&#038;color=red&#038;controls=1&#038;disablekb=0&#038;\" class=\"__youtube_prefs__  epyt-is-override  no-lazyload\" title=\"YouTube player\"  allow=\"fullscreen; accelerometer; autoplay; clipboard-write; encrypted-media; gyroscope; picture-in-picture; web-share\" referrerpolicy=\"strict-origin-when-cross-origin\" allowfullscreen data-no-lazy=\"1\" data-skipgform_ajax_framebjll=\"\"><\/iframe><\/div>\n<\/div><\/figure>\n\n\n\n<p><strong>6 &#8211; Padre Ezequiel Ramin: M\u00e1rtir da Op\u00e7\u00e3o pelos\nPobres (Document\u00e1rio Verbo Filmes). 24\/7\/2020: 35 anos<\/strong><\/p>\n\n\n\n<figure class=\"wp-block-embed-youtube wp-block-embed is-type-video is-provider-youtube wp-embed-aspect-16-9 wp-has-aspect-ratio\"><div class=\"wp-block-embed__wrapper\">\n<div class=\"epyt-video-wrapper\"><iframe loading=\"lazy\"  id=\"_ytid_74951\"  width=\"810\" height=\"456\"  data-origwidth=\"810\" data-origheight=\"456\" src=\"https:\/\/www.youtube.com\/embed\/oazawhes8V0?enablejsapi=1&#038;autoplay=0&#038;cc_load_policy=0&#038;cc_lang_pref=&#038;iv_load_policy=1&#038;loop=0&#038;rel=1&#038;fs=1&#038;playsinline=0&#038;autohide=2&#038;theme=dark&#038;color=red&#038;controls=1&#038;disablekb=0&#038;\" class=\"__youtube_prefs__  epyt-is-override  no-lazyload\" title=\"YouTube player\"  allow=\"fullscreen; accelerometer; autoplay; clipboard-write; encrypted-media; gyroscope; picture-in-picture; web-share\" referrerpolicy=\"strict-origin-when-cross-origin\" allowfullscreen data-no-lazy=\"1\" data-skipgform_ajax_framebjll=\"\"><\/iframe><\/div>\n<\/div><\/figure>\n\n\n\n<p><strong>7 &#8211; M\u00e1rtires vivos na IV Romaria das \u00c1guas e da\nTerra da Bacia do ex-rio Doce. V\u00eddeo 5 &#8211; 02\/6\/2019<\/strong><\/p>\n\n\n\n<figure class=\"wp-block-embed-youtube wp-block-embed is-type-video is-provider-youtube wp-embed-aspect-16-9 wp-has-aspect-ratio\"><div class=\"wp-block-embed__wrapper\">\n<div class=\"epyt-video-wrapper\"><iframe loading=\"lazy\"  id=\"_ytid_31223\"  width=\"810\" height=\"456\"  data-origwidth=\"810\" data-origheight=\"456\" src=\"https:\/\/www.youtube.com\/embed\/Ph4GNugf-m8?enablejsapi=1&#038;autoplay=0&#038;cc_load_policy=0&#038;cc_lang_pref=&#038;iv_load_policy=1&#038;loop=0&#038;rel=1&#038;fs=1&#038;playsinline=0&#038;autohide=2&#038;theme=dark&#038;color=red&#038;controls=1&#038;disablekb=0&#038;\" class=\"__youtube_prefs__  epyt-is-override  no-lazyload\" title=\"YouTube player\"  allow=\"fullscreen; accelerometer; autoplay; clipboard-write; encrypted-media; gyroscope; picture-in-picture; web-share\" referrerpolicy=\"strict-origin-when-cross-origin\" allowfullscreen data-no-lazy=\"1\" data-skipgform_ajax_framebjll=\"\"><\/iframe><\/div>\n<\/div><\/figure>\n\n\n\n<hr class=\"wp-block-separator\"\/>\n\n\n\n<p><a href=\"#_ftnref1\">[1]<\/a>\nFrei e padre da Ordem dos carmelitas; doutor em Educa\u00e7\u00e3o pela FAE\/UFMG;\nlicenciado e bacharel em Filosofia pela UFPR; bacharel em Teologia pelo\nITESP\/SP; mestre em Exegese B\u00edblica pelo Pontif\u00edcio Instituto B\u00edblico, em Roma,\nIt\u00e1lia; agente da CPT, assessor do CEBI e Ocupa\u00e7\u00f5es Urbanas; prof. de\n\u201cMovimentos Sociais Populares e Direitos Humanos\u201d no IDH e de Teologia b\u00edblica\nno SAB (Servi\u00e7o de Anima\u00e7\u00e3o B\u00edblica), em Belo Horizonte, MG. E-mail:&nbsp;<a href=\"mailto:gilvanderlm@gmail.com\">gilvanderlm@gmail.com<\/a>&nbsp;\u2013&nbsp;<a href=\"http:\/\/www.gilvander.org.br\/\">www.gilvander.org.br<\/a>&nbsp;\u2013&nbsp;<a href=\"http:\/\/www.freigilvander.blogspot.com.br\/\">www.freigilvander.blogspot.com.br<\/a>&nbsp;&nbsp;&nbsp;&nbsp;&nbsp;\n\u2013&nbsp;&nbsp;&nbsp;&nbsp;&nbsp;&nbsp;&nbsp;<a href=\"http:\/\/www.twitter.com\/gilvanderluis\">www.twitter.com\/gilvanderluis<\/a>&nbsp;&nbsp;&nbsp;&nbsp;&nbsp;&nbsp;&nbsp;\n\u2013&nbsp;&nbsp; &nbsp;Facebook: Gilvander Moreira III<\/p>\n\n\n\n<p><a href=\"#_ftnref2\">[2]<\/a>\nMovimento dos Trabalhadores Rurais Sem Terra \u2013 <a href=\"http:\/\/www.mst.org.br\">www.mst.org.br<\/a>\n<\/p>\n\n\n\n<p><a href=\"#_ftnref3\">[3]<\/a>\nDen\u00fancia feita por irm\u00e3 Geraldinha em Boletins de Ocorr\u00eancia e a muitas\nautoridades, inclusive no Programa Inconfid\u00eancias Mineiras, da TV Comunit\u00e1ria\nde Belo Horizonte, em 60 minutos de entrevista, dia 09\/11\/2009,&nbsp; disponibilizada no You Tube em seis partes.\nNa 3\u00aa parte est\u00e1 a den\u00fancia das amea\u00e7as, acima, descritas. Cf. o link <a href=\"https:\/\/www.youtube.com\/watch?v=Ek3e-ECzGCQ\">https:\/\/www.youtube.com\/watch?v=Ek3e-ECzGCQ<\/a>\n<\/p>\n\n\n\n<p><a href=\"#_ftnref4\">[4]<\/a>\nCf. a 4a parte do Programa Inconfid\u00eancias Mineiras na TVC\/BH, dia 09\/11\/2009,\ncom Irm\u00e3 Geraldinha no link <a href=\"https:\/\/www.youtube.com\/watch?v=PFrQNL9elLY\">https:\/\/www.youtube.com\/watch?v=PFrQNL9elLY<\/a>\nem 7\u201908ss<\/p>\n\n\n\n<p><a href=\"#_ftnref5\">[5]<\/a>\nCf. a 4a parte do Programa Inconfid\u00eancias Mineiras na TVC\/BH, dia 09\/11\/2009,\ncom Irm\u00e3 Geraldinha no link <a href=\"https:\/\/www.youtube.com\/watch?v=PFrQNL9elLY\">https:\/\/www.youtube.com\/watch?v=PFrQNL9elLY<\/a>\n<\/p>\n\n\n\n<p><a href=\"#_ftnref6\">[6]<\/a> Cf. <a href=\"http:\/\/www.ecodebate.com.br\/2009\/10\/30\/manifesto-da-cpt-mg-conflito-agrario-em-salto-da-divisa-vale-do-jequitinhonha-causa-ameacas-de-morte-a-irma-geraldinha\/\">http:\/\/www.ecodebate.com.br\/2009\/10\/30\/manifesto-da-cpt-mg-conflito-agrario-em-salto-da-divisa-vale-do-jequitinhonha-causa-ameacas-de-morte-a-irma-geraldinha\/<\/a>&nbsp;\n<\/p>\n\n\n\n<p><a href=\"#_ftnref7\">[7]<\/a>\nCf. a 4a e a 5\u00aa parte do Programa Inconfid\u00eancias Mineiras na TVC\/BH, dia\n09\/11\/2009, com Irm\u00e3 Geraldinha nos links&nbsp;\n<a href=\"https:\/\/www.youtube.com\/watch?v=PFrQNL9elLY\">https:\/\/www.youtube.com\/watch?v=PFrQNL9elLY<\/a>\n, e <a href=\"https:\/\/www.youtube.com\/watch?v=UuLxq8v64M4\">https:\/\/www.youtube.com\/watch?v=UuLxq8v64M4<\/a>\n<\/p>\n\n\n\n<p><a href=\"#_ftnref8\">[8]<\/a>\nComiss\u00e3o Pastoral da Terra \u2013 <a href=\"http:\/\/www.cptnacional.org.br\">www.cptnacional.org.br<\/a>\n<\/p>\n","protected":false},"excerpt":{"rendered":"<p>Doar a vida na luta pela terra: causa justa! Por Frei Gilvander Moreira[1] Dia 24 de outubro de 2020, no interior do Paran\u00e1, no Assentamento Ireno Alves dos Santos, no munic\u00edpio de Rio Bonito do<\/p>\n","protected":false},"author":2,"featured_media":8696,"comment_status":"open","ping_status":"open","sticky":false,"template":"","format":"standard","meta":{"footnotes":""},"categories":[21,44,49,27,30,25,29,43,26,32,18],"tags":[],"class_list":["post-8695","post","type-post","status-publish","format-standard","has-post-thumbnail","hentry","category-artigo","category-direito-a-memoria","category-direito-a-terra","category-direitos-humanos","category-fe-e-politica","category-luta-pela-terra-e-reforma-agraria","category-movimentos-sociais-populares","category-pedagogia-emancipatoria","category-teologia-da-libertacao","category-videos","category-videos-de-frei-gilvander"],"_links":{"self":[{"href":"http:\/\/gilvander.org.br\/site\/wp-json\/wp\/v2\/posts\/8695","targetHints":{"allow":["GET"]}}],"collection":[{"href":"http:\/\/gilvander.org.br\/site\/wp-json\/wp\/v2\/posts"}],"about":[{"href":"http:\/\/gilvander.org.br\/site\/wp-json\/wp\/v2\/types\/post"}],"author":[{"embeddable":true,"href":"http:\/\/gilvander.org.br\/site\/wp-json\/wp\/v2\/users\/2"}],"replies":[{"embeddable":true,"href":"http:\/\/gilvander.org.br\/site\/wp-json\/wp\/v2\/comments?post=8695"}],"version-history":[{"count":1,"href":"http:\/\/gilvander.org.br\/site\/wp-json\/wp\/v2\/posts\/8695\/revisions"}],"predecessor-version":[{"id":8697,"href":"http:\/\/gilvander.org.br\/site\/wp-json\/wp\/v2\/posts\/8695\/revisions\/8697"}],"wp:featuredmedia":[{"embeddable":true,"href":"http:\/\/gilvander.org.br\/site\/wp-json\/wp\/v2\/media\/8696"}],"wp:attachment":[{"href":"http:\/\/gilvander.org.br\/site\/wp-json\/wp\/v2\/media?parent=8695"}],"wp:term":[{"taxonomy":"category","embeddable":true,"href":"http:\/\/gilvander.org.br\/site\/wp-json\/wp\/v2\/categories?post=8695"},{"taxonomy":"post_tag","embeddable":true,"href":"http:\/\/gilvander.org.br\/site\/wp-json\/wp\/v2\/tags?post=8695"}],"curies":[{"name":"wp","href":"https:\/\/api.w.org\/{rel}","templated":true}]}}