{"id":9234,"date":"2021-01-03T07:23:13","date_gmt":"2021-01-03T10:23:13","guid":{"rendered":"http:\/\/gilvander.org.br\/site\/?p=9234"},"modified":"2021-01-03T07:31:45","modified_gmt":"2021-01-03T10:31:45","slug":"urgente-ampliacao-da-ocupacao-vila-fazendinha-em-belo-horizonte-luta-por-moradia","status":"publish","type":"post","link":"http:\/\/gilvander.org.br\/site\/urgente-ampliacao-da-ocupacao-vila-fazendinha-em-belo-horizonte-luta-por-moradia\/","title":{"rendered":"Urgente! Amplia\u00e7\u00e3o da Ocupa\u00e7\u00e3o Vila Fazendinha em Belo Horizonte: luta por moradia."},"content":{"rendered":"\n<p><strong>Urgente! Amplia\u00e7\u00e3o da Ocupa\u00e7\u00e3o Vila Fazendinha em Belo Horizonte: luta por moradia.<\/strong><\/p>\n\n\n\n<figure class=\"wp-block-image is-resized\"><img loading=\"lazy\" decoding=\"async\" src=\"http:\/\/gilvander.org.br\/site\/wp-content\/uploads\/2021\/01\/WhatsApp-Image-2021-01-03-at-06.24.57-1024x577.jpeg\" alt=\"\" class=\"wp-image-9235\" width=\"653\" height=\"367\" srcset=\"http:\/\/gilvander.org.br\/site\/wp-content\/uploads\/2021\/01\/WhatsApp-Image-2021-01-03-at-06.24.57-1024x577.jpeg 1024w, http:\/\/gilvander.org.br\/site\/wp-content\/uploads\/2021\/01\/WhatsApp-Image-2021-01-03-at-06.24.57-300x169.jpeg 300w, http:\/\/gilvander.org.br\/site\/wp-content\/uploads\/2021\/01\/WhatsApp-Image-2021-01-03-at-06.24.57-768x433.jpeg 768w, http:\/\/gilvander.org.br\/site\/wp-content\/uploads\/2021\/01\/WhatsApp-Image-2021-01-03-at-06.24.57.jpeg 1048w\" sizes=\"auto, (max-width: 653px) 100vw, 653px\" \/><figcaption>Foto: Divulga\u00e7\u00e3o \/ MOB\/MG<\/figcaption><\/figure>\n\n\n\n<p><strong>O ANO VIROU E\nNADA MUDOU. ENT\u00c3O, INICIAMOS EM LUTA! <\/strong><\/p>\n\n\n\n<p><strong>AMPLIA-SE MAIS UMA OCUPA\u00c7\u00c3O URBANA EM BELO HORIZONTE!<\/strong><\/p>\n\n\n\n<p><strong>VIVA A VILA\nFAZENDINHA!<\/strong><\/p>\n\n\n\n<p>Nos \u00faltimos dias, o MOB\/MG (Movimento de Organiza\u00e7\u00e3o de Base de MG) e cerca de 100 fam\u00edlias se somaram \u00e0s fam\u00edlias que no in\u00edcio do ano de 2020 fizeram cumprir a devida fun\u00e7\u00e3o social a um terreno abandonado h\u00e1 muitos anos pelo descaso advindo do Estado de Minas Gerais.<\/p>\n\n\n\n<p><strong>A Ocupa\u00e7\u00e3o Vila\nFazendinha est\u00e1 localizada na Avenida Tereza Cristina, 360<\/strong>, (atr\u00e1s do\ncampo do Nacional\/ em frente o Minas Rural) aonde era lixo e abandono, nasce a\nesperan\u00e7a em luta de uma vida digna para mulheres e homens de todas as idades.<\/p>\n\n\n\n<p><strong>Precisamos de\nsua solidariedade para resistirmos!<\/strong><\/p>\n\n\n\n<p>Venha\ncom toda a prote\u00e7\u00e3o \u2013 M\u00c1SCARAS SER\u00c3O OBRIGAT\u00d3RIAS! <\/p>\n\n\n\n<p><strong>Precisamos da\nDOA\u00c7\u00c3O de:<\/strong><\/p>\n\n\n\n<p>\u2022&nbsp;&nbsp;&nbsp;&nbsp;&nbsp;&nbsp;&nbsp;&nbsp; Materiais de Limpeza (principalmente\n\u00e1lcool gel e sabonete)<\/p>\n\n\n\n<p>\u2022&nbsp;&nbsp;&nbsp;&nbsp;&nbsp;&nbsp;&nbsp;&nbsp; Alimentos<\/p>\n\n\n\n<p>\u2022&nbsp;&nbsp;&nbsp;&nbsp;&nbsp;&nbsp;&nbsp;&nbsp; Copos, pratos, talheres descart\u00e1veis.<\/p>\n\n\n\n<p>\u2022&nbsp;&nbsp;&nbsp;&nbsp;&nbsp;&nbsp;&nbsp;&nbsp; Agua filtrada<\/p>\n\n\n\n<p>Se\nvivemos sob governos da morte, <strong>CONSTRUIREMOS\nA POL\u00cdTICA DA VIDA!<\/strong><\/p>\n\n\n\n<p>O\npovo pobre merece viver! E viver POR UMA VIDA DIGNA!<\/p>\n\n\n\n<p>Compare\u00e7a,\ncontribua, divulgue!<\/p>\n\n\n\n<p>Assina\nesta Nota:<\/p>\n\n\n\n<p>MOB\n&#8211; MOVIMENTO DE ORGANIZA\u00c7\u00c3O DE BASE DE MINAS GERAIS<\/p>\n\n\n\n<p>LUTAR! CRIAR! PODER POPULAR!<\/p>\n\n\n\n<figure class=\"wp-block-image is-resized\"><img loading=\"lazy\" decoding=\"async\" src=\"http:\/\/gilvander.org.br\/site\/wp-content\/uploads\/2021\/01\/WhatsApp-Image-2021-01-03-at-07.24.47-2.jpeg\" alt=\"\" class=\"wp-image-9238\" width=\"654\" height=\"654\" srcset=\"http:\/\/gilvander.org.br\/site\/wp-content\/uploads\/2021\/01\/WhatsApp-Image-2021-01-03-at-07.24.47-2.jpeg 567w, http:\/\/gilvander.org.br\/site\/wp-content\/uploads\/2021\/01\/WhatsApp-Image-2021-01-03-at-07.24.47-2-150x150.jpeg 150w, http:\/\/gilvander.org.br\/site\/wp-content\/uploads\/2021\/01\/WhatsApp-Image-2021-01-03-at-07.24.47-2-300x300.jpeg 300w\" sizes=\"auto, (max-width: 654px) 100vw, 654px\" \/><\/figure>\n\n\n\n<figure class=\"wp-block-image is-resized\"><img loading=\"lazy\" decoding=\"async\" src=\"http:\/\/gilvander.org.br\/site\/wp-content\/uploads\/2021\/01\/WhatsApp-Image-2021-01-03-at-07.24.20-1-1024x1024.jpeg\" alt=\"\" class=\"wp-image-9239\" width=\"654\" height=\"654\" srcset=\"http:\/\/gilvander.org.br\/site\/wp-content\/uploads\/2021\/01\/WhatsApp-Image-2021-01-03-at-07.24.20-1-1024x1024.jpeg 1024w, http:\/\/gilvander.org.br\/site\/wp-content\/uploads\/2021\/01\/WhatsApp-Image-2021-01-03-at-07.24.20-1-150x150.jpeg 150w, http:\/\/gilvander.org.br\/site\/wp-content\/uploads\/2021\/01\/WhatsApp-Image-2021-01-03-at-07.24.20-1-300x300.jpeg 300w, http:\/\/gilvander.org.br\/site\/wp-content\/uploads\/2021\/01\/WhatsApp-Image-2021-01-03-at-07.24.20-1-768x768.jpeg 768w, http:\/\/gilvander.org.br\/site\/wp-content\/uploads\/2021\/01\/WhatsApp-Image-2021-01-03-at-07.24.20-1.jpeg 1080w\" sizes=\"auto, (max-width: 654px) 100vw, 654px\" \/><\/figure>\n\n\n\n<figure class=\"wp-block-image is-resized\"><img loading=\"lazy\" decoding=\"async\" src=\"http:\/\/gilvander.org.br\/site\/wp-content\/uploads\/2021\/01\/WhatsApp-Image-2021-01-03-at-07.24.47-1.jpeg\" alt=\"\" class=\"wp-image-9240\" width=\"650\" height=\"650\" srcset=\"http:\/\/gilvander.org.br\/site\/wp-content\/uploads\/2021\/01\/WhatsApp-Image-2021-01-03-at-07.24.47-1.jpeg 567w, http:\/\/gilvander.org.br\/site\/wp-content\/uploads\/2021\/01\/WhatsApp-Image-2021-01-03-at-07.24.47-1-150x150.jpeg 150w, http:\/\/gilvander.org.br\/site\/wp-content\/uploads\/2021\/01\/WhatsApp-Image-2021-01-03-at-07.24.47-1-300x300.jpeg 300w\" sizes=\"auto, (max-width: 650px) 100vw, 650px\" \/><\/figure>\n\n\n\n<figure class=\"wp-block-image is-resized\"><img loading=\"lazy\" decoding=\"async\" src=\"http:\/\/gilvander.org.br\/site\/wp-content\/uploads\/2021\/01\/WhatsApp-Image-2021-01-03-at-07.29.15.jpeg\" alt=\"\" class=\"wp-image-9241\" width=\"653\" height=\"653\" srcset=\"http:\/\/gilvander.org.br\/site\/wp-content\/uploads\/2021\/01\/WhatsApp-Image-2021-01-03-at-07.29.15.jpeg 567w, http:\/\/gilvander.org.br\/site\/wp-content\/uploads\/2021\/01\/WhatsApp-Image-2021-01-03-at-07.29.15-150x150.jpeg 150w, http:\/\/gilvander.org.br\/site\/wp-content\/uploads\/2021\/01\/WhatsApp-Image-2021-01-03-at-07.29.15-300x300.jpeg 300w\" sizes=\"auto, (max-width: 653px) 100vw, 653px\" \/><\/figure>\n","protected":false},"excerpt":{"rendered":"<p>Urgente! Amplia\u00e7\u00e3o da Ocupa\u00e7\u00e3o Vila Fazendinha em Belo Horizonte: luta por moradia. O ANO VIROU E NADA MUDOU. ENT\u00c3O, INICIAMOS EM LUTA! AMPLIA-SE MAIS UMA OCUPA\u00c7\u00c3O URBANA EM BELO HORIZONTE! VIVA A VILA FAZENDINHA! Nos<\/p>\n","protected":false},"author":2,"featured_media":9235,"comment_status":"open","ping_status":"open","sticky":false,"template":"","format":"standard","meta":{"footnotes":""},"categories":[49,27,28,29,23,43],"tags":[],"class_list":["post-9234","post","type-post","status-publish","format-standard","has-post-thumbnail","hentry","category-direito-a-terra","category-direitos-humanos","category-luta-pela-moradia","category-movimentos-sociais-populares","category-ocupacao-urbana","category-pedagogia-emancipatoria"],"_links":{"self":[{"href":"http:\/\/gilvander.org.br\/site\/wp-json\/wp\/v2\/posts\/9234","targetHints":{"allow":["GET"]}}],"collection":[{"href":"http:\/\/gilvander.org.br\/site\/wp-json\/wp\/v2\/posts"}],"about":[{"href":"http:\/\/gilvander.org.br\/site\/wp-json\/wp\/v2\/types\/post"}],"author":[{"embeddable":true,"href":"http:\/\/gilvander.org.br\/site\/wp-json\/wp\/v2\/users\/2"}],"replies":[{"embeddable":true,"href":"http:\/\/gilvander.org.br\/site\/wp-json\/wp\/v2\/comments?post=9234"}],"version-history":[{"count":3,"href":"http:\/\/gilvander.org.br\/site\/wp-json\/wp\/v2\/posts\/9234\/revisions"}],"predecessor-version":[{"id":9243,"href":"http:\/\/gilvander.org.br\/site\/wp-json\/wp\/v2\/posts\/9234\/revisions\/9243"}],"wp:featuredmedia":[{"embeddable":true,"href":"http:\/\/gilvander.org.br\/site\/wp-json\/wp\/v2\/media\/9235"}],"wp:attachment":[{"href":"http:\/\/gilvander.org.br\/site\/wp-json\/wp\/v2\/media?parent=9234"}],"wp:term":[{"taxonomy":"category","embeddable":true,"href":"http:\/\/gilvander.org.br\/site\/wp-json\/wp\/v2\/categories?post=9234"},{"taxonomy":"post_tag","embeddable":true,"href":"http:\/\/gilvander.org.br\/site\/wp-json\/wp\/v2\/tags?post=9234"}],"curies":[{"name":"wp","href":"https:\/\/api.w.org\/{rel}","templated":true}]}}