{"id":9297,"date":"2021-01-12T16:42:44","date_gmt":"2021-01-12T19:42:44","guid":{"rendered":"http:\/\/gilvander.org.br\/site\/?p=9297"},"modified":"2021-01-14T09:35:06","modified_gmt":"2021-01-14T12:35:06","slug":"a-cidade-e-nossa-roca-nossa-luta-e-na-carroca-a-luta-da-comunidade-tradicional-carroceira-pelos-direitos-humanos-e-animais-por-frei-gilvander","status":"publish","type":"post","link":"http:\/\/gilvander.org.br\/site\/a-cidade-e-nossa-roca-nossa-luta-e-na-carroca-a-luta-da-comunidade-tradicional-carroceira-pelos-direitos-humanos-e-animais-por-frei-gilvander\/","title":{"rendered":"\u201cA cidade \u00e9 nossa ro\u00e7a! Nossa luta \u00e9 na carro\u00e7a!\u201d A luta da Comunidade Tradicional Carroceira pelos direitos humanos e animais. Por Frei Gilvander"},"content":{"rendered":"\n<p><strong>\u201cA cidade \u00e9 nossa ro\u00e7a! Nossa luta \u00e9 na carro\u00e7a!\u201d A luta da Comunidade Tradicional Carroceira pelos direitos humanos e animais. <\/strong>Por Frei Gilvander Moreira<a href=\"#_ftn1\"><sup>[1]<\/sup><\/a><\/p>\n\n\n\n<figure class=\"wp-block-image is-resized\"><img loading=\"lazy\" decoding=\"async\" src=\"http:\/\/gilvander.org.br\/site\/wp-content\/uploads\/2021\/01\/WhatsApp-Image-2021-01-10-at-11.30.10-1-1024x1024.jpeg\" alt=\"\" class=\"wp-image-9298\" width=\"652\" height=\"652\" srcset=\"http:\/\/gilvander.org.br\/site\/wp-content\/uploads\/2021\/01\/WhatsApp-Image-2021-01-10-at-11.30.10-1-1024x1024.jpeg 1024w, http:\/\/gilvander.org.br\/site\/wp-content\/uploads\/2021\/01\/WhatsApp-Image-2021-01-10-at-11.30.10-1-150x150.jpeg 150w, http:\/\/gilvander.org.br\/site\/wp-content\/uploads\/2021\/01\/WhatsApp-Image-2021-01-10-at-11.30.10-1-300x300.jpeg 300w, http:\/\/gilvander.org.br\/site\/wp-content\/uploads\/2021\/01\/WhatsApp-Image-2021-01-10-at-11.30.10-1-768x768.jpeg 768w, http:\/\/gilvander.org.br\/site\/wp-content\/uploads\/2021\/01\/WhatsApp-Image-2021-01-10-at-11.30.10-1.jpeg 1280w\" sizes=\"auto, (max-width: 652px) 100vw, 652px\" \/><\/figure>\n\n\n\n<p>Est\u00e1 em baila em todas as capitais, nas grandes, m\u00e9dias e em parte das pequenas cidades do Brasil uma enorme press\u00e3o para proibir o trabalho dos\/as carroceiros\/as. Infelizmente, em v\u00e1rias delas j\u00e1 aprovaram leis proibindo o modo de vida carroceiro. Outras cidades est\u00e3o resistindo. Em Porto Alegre, RS, algum tempo ap\u00f3s a proibi\u00e7\u00e3o do trabalho dos\/as carroceiros\/as, pesquisa da prefeitura apontou um crescimento do empobrecimento e vulnerabilidade social em milhares de fam\u00edlias que perderam o seu ganha-p\u00e3o. A press\u00e3o \u00e9 liderada, \u00e0 primeira vista, por pretensos ambientalistas defensores dos animais, mas por tr\u00e1s tamb\u00e9m est\u00e1 o lobby das grandes empresas de ca\u00e7amba com gan\u00e2ncia para ampliar seus lucros e em tempos de crise garantir a acumula\u00e7\u00e3o de capital mesmo \u00e0 custa do exterm\u00ednio de modos de vida e cultura tradicionais. Em Belo Horizonte, MG, est\u00e1 na mesa do prefeito Alexandre Kalil um Projeto de Lei, o PL 142\/2017, que ap\u00f3s quatro anos de tramita\u00e7\u00e3o autorit\u00e1ria, sem nenhum tipo de di\u00e1logo com as comunidades afetadas, foi aprovado em 2\u00ba turno na C\u00e2mara Municipal de Belo Horizonte (CMBH) por 28 vereadores no universo de 41, dia 15 de dezembro de 2020 e agora espera a sans\u00e3o ou veto final. Em pleno cen\u00e1rio de pandemia, os\/as carroceiros\/as ficaram de fora do plen\u00e1rio, at\u00f4nitos com tamanho absurdo e desrespeito. Tudo pareceu uma grande manobra. <\/p>\n\n\n\n<p> <\/p>\n\n\n\n<figure class=\"wp-block-image is-resized\"><img loading=\"lazy\" decoding=\"async\" src=\"http:\/\/gilvander.org.br\/site\/wp-content\/uploads\/2021\/01\/WhatsApp-Image-2021-01-10-at-11.29.40-819x1024.jpeg\" alt=\"\" class=\"wp-image-9299\" width=\"652\" height=\"815\" srcset=\"http:\/\/gilvander.org.br\/site\/wp-content\/uploads\/2021\/01\/WhatsApp-Image-2021-01-10-at-11.29.40-819x1024.jpeg 819w, http:\/\/gilvander.org.br\/site\/wp-content\/uploads\/2021\/01\/WhatsApp-Image-2021-01-10-at-11.29.40-240x300.jpeg 240w, http:\/\/gilvander.org.br\/site\/wp-content\/uploads\/2021\/01\/WhatsApp-Image-2021-01-10-at-11.29.40-768x960.jpeg 768w, http:\/\/gilvander.org.br\/site\/wp-content\/uploads\/2021\/01\/WhatsApp-Image-2021-01-10-at-11.29.40.jpeg 1024w\" sizes=\"auto, (max-width: 652px) 100vw, 652px\" \/><\/figure>\n\n\n\n<p>Estamos lutando para que seja vetado pelo prefeito Kalil o PL 142, que pro\u00edbe o trabalho dos\/as carroceiros\/as na capital mineira. O leg\u00edtimo e justo \u00e9 o veto por muitos motivos. Primeiro, porque se trata de um projeto autorit\u00e1rio, pois n\u00e3o ouviu os\/as carroceiros\/as e n\u00e3o teve participa\u00e7\u00e3o popular. O ex-vereador Adriano Ventura, que era um dos autores do PL original, repensou e retirou o PL de tramita\u00e7\u00e3o, ap\u00f3s descobrir que seria grav\u00edssima viola\u00e7\u00e3o dos direitos humanos fundamentais da Comunidade Carroceira e tamb\u00e9m n\u00e3o resultaria em bons-tratos para os cavalos, \u00e9guas, mulas e burros. Outro vereador, Osvaldo Lopes, agora deputado estadual, reapresentou o projeto que foi aprovado na CMBH. O PL 142 \u00e9 uma express\u00e3o de racismo institucional e estrutural que permeia a guerra contra os pobres, pois matar\u00e1 aos poucos milhares de fam\u00edlias que sobrevivem com o trabalho em carro\u00e7as. O PL 142 \u00e9 inconstitucional, porque viola os artigos 215 e 216 que garantem a diversidade cultural e tamb\u00e9m viola e desconsidera os tratados internacionais tais como a Conven\u00e7\u00e3o 169 da Organiza\u00e7\u00e3o Internacional do Trabalho (OIT), da Organiza\u00e7\u00e3o das Na\u00e7\u00f5es Unidas (ONU), que protegem os Povos e Comunidades Tradicionais. A Comunidade carroceira \u00e9 Povo Tradicional, em Belo Horizonte, j\u00e1 com Auto-Declara\u00e7\u00e3o formalizada, o que confere valor jur\u00eddico. <\/p>\n\n\n\n<div class=\"wp-block-image\"><figure class=\"alignleft is-resized\"><img loading=\"lazy\" decoding=\"async\" src=\"http:\/\/gilvander.org.br\/site\/wp-content\/uploads\/2021\/01\/WhatsApp-Image-2021-01-10-at-11.30.10-2-1024x1024.jpeg\" alt=\"\" class=\"wp-image-9300\" width=\"390\" height=\"390\" srcset=\"http:\/\/gilvander.org.br\/site\/wp-content\/uploads\/2021\/01\/WhatsApp-Image-2021-01-10-at-11.30.10-2-1024x1024.jpeg 1024w, http:\/\/gilvander.org.br\/site\/wp-content\/uploads\/2021\/01\/WhatsApp-Image-2021-01-10-at-11.30.10-2-150x150.jpeg 150w, http:\/\/gilvander.org.br\/site\/wp-content\/uploads\/2021\/01\/WhatsApp-Image-2021-01-10-at-11.30.10-2-300x300.jpeg 300w, http:\/\/gilvander.org.br\/site\/wp-content\/uploads\/2021\/01\/WhatsApp-Image-2021-01-10-at-11.30.10-2-768x768.jpeg 768w, http:\/\/gilvander.org.br\/site\/wp-content\/uploads\/2021\/01\/WhatsApp-Image-2021-01-10-at-11.30.10-2.jpeg 1280w\" sizes=\"auto, (max-width: 390px) 100vw, 390px\" \/><\/figure><\/div>\n\n\n\n<p>O \u201cOf\u00edcio de Carroceiro\u201d \u00e9 hist\u00f3rico e deve ser respeitado enquanto meio de transporte milenar e tradicional, bem como patrim\u00f4nio biocultural e imaterial, o que implica em um profundo conhecimento ecol\u00f3gico por parte dos\/as carroceiros\/as e etol\u00f3gico dos cavalos relacionados aos saberes e \u00e0s madeiras mais adequadas para fabrica\u00e7\u00e3o das carro\u00e7as, ao uso de plantas medicinais, \u00e0s benze\u00e7\u00f5es e outras formas de cuidado da sa\u00fade dos animais, bem como o manejo e a coleta de diversas esp\u00e9cies de gram\u00edneas de crescimento espont\u00e2neo nas cidades que comp\u00f5em parte da dieta oferecida aos cavalos. A carro\u00e7a, que pode possuir v\u00e1rios formatos, tipos e desenhos, ao longo do tempo, constitui-se como artefato e mem\u00f3ria tecnol\u00f3gica, que merece registro e invent\u00e1rio patrimonial. Os espa\u00e7os de uso como ruas, lotes, descampados e seus trajetos constituem territorialidades da tradi\u00e7\u00e3o carroceira e suas conex\u00f5es socioespaciais. O modo de vida tradicional de carroceiros e cavalos tamb\u00e9m envolve formas especificas de sociabilidade, tais como as catiras e as cavalgadas, baseadas na reciprocidade e&nbsp;no parentesco sendo muito comum ver tr\u00eas gera\u00e7\u00f5es de carroceiros juntas em uma carro\u00e7a, constitu\u00edda como espa\u00e7o de resist\u00eancia sempre em movimento. \u00c9 sempre bom lembrar que muitos carroceiros em \u00e1reas rurais ou urbanas podem pertencer duplamente a categorias de outros povos tradicionais, tais como: Ciganos, Agricultores Familiares, Ind\u00edgenas e Quilombolas.&nbsp;&nbsp;&nbsp;&nbsp;&nbsp; &nbsp;<\/p>\n\n\n\n<div class=\"wp-block-image\"><figure class=\"alignright is-resized\"><img loading=\"lazy\" decoding=\"async\" src=\"http:\/\/gilvander.org.br\/site\/wp-content\/uploads\/2021\/01\/WhatsApp-Image-2021-01-10-at-11.30.11-1024x1024.jpeg\" alt=\"\" class=\"wp-image-9304\" width=\"366\" height=\"366\" srcset=\"http:\/\/gilvander.org.br\/site\/wp-content\/uploads\/2021\/01\/WhatsApp-Image-2021-01-10-at-11.30.11-1024x1024.jpeg 1024w, http:\/\/gilvander.org.br\/site\/wp-content\/uploads\/2021\/01\/WhatsApp-Image-2021-01-10-at-11.30.11-150x150.jpeg 150w, http:\/\/gilvander.org.br\/site\/wp-content\/uploads\/2021\/01\/WhatsApp-Image-2021-01-10-at-11.30.11-300x300.jpeg 300w, http:\/\/gilvander.org.br\/site\/wp-content\/uploads\/2021\/01\/WhatsApp-Image-2021-01-10-at-11.30.11-768x768.jpeg 768w, http:\/\/gilvander.org.br\/site\/wp-content\/uploads\/2021\/01\/WhatsApp-Image-2021-01-10-at-11.30.11.jpeg 1280w\" sizes=\"auto, (max-width: 366px) 100vw, 366px\" \/><\/figure><\/div>\n\n\n\n<p>&nbsp;&nbsp;&nbsp;&nbsp;&nbsp;&nbsp;&nbsp;&nbsp;&nbsp;&nbsp;<\/p>\n\n\n\n<div class=\"wp-block-image\"><figure class=\"alignright is-resized\"><img loading=\"lazy\" decoding=\"async\" src=\"http:\/\/gilvander.org.br\/site\/wp-content\/uploads\/2021\/01\/WhatsApp-Image-2021-01-10-at-11.30.10-1024x1024.jpeg\" alt=\"\" class=\"wp-image-9301\" width=\"371\" height=\"371\" srcset=\"http:\/\/gilvander.org.br\/site\/wp-content\/uploads\/2021\/01\/WhatsApp-Image-2021-01-10-at-11.30.10-1024x1024.jpeg 1024w, http:\/\/gilvander.org.br\/site\/wp-content\/uploads\/2021\/01\/WhatsApp-Image-2021-01-10-at-11.30.10-150x150.jpeg 150w, http:\/\/gilvander.org.br\/site\/wp-content\/uploads\/2021\/01\/WhatsApp-Image-2021-01-10-at-11.30.10-300x300.jpeg 300w, http:\/\/gilvander.org.br\/site\/wp-content\/uploads\/2021\/01\/WhatsApp-Image-2021-01-10-at-11.30.10-768x768.jpeg 768w, http:\/\/gilvander.org.br\/site\/wp-content\/uploads\/2021\/01\/WhatsApp-Image-2021-01-10-at-11.30.10.jpeg 1280w\" sizes=\"auto, (max-width: 371px) 100vw, 371px\" \/><\/figure><\/div>\n\n\n\n<p>A constru\u00e7\u00e3o das\ncidades, mesmo as mais recentes, incluindo Belo Horizonte, capital de Minas\nGerais, n\u00e3o teria sido poss\u00edvel sem o apoio cont\u00ednuo dos\/as carroceiros\/as,\ntransportando g\u00eaneros aliment\u00edcios para os oper\u00e1rios, bagagens e mobili\u00e1rio\npara os primeiros moradores, al\u00e9m de material de constru\u00e7\u00e3o e de obras trazidos\ndas esta\u00e7\u00f5es dos trens.<\/p>\n\n\n\n<p>Segundo o Sr. Sebasti\u00e3o Alves de Lima, presidente da Associa\u00e7\u00e3o dos Carroceiros e Carroceiras Unidos\/as de Belo Horizonte e RMBH, quando houve uma reuni\u00e3o com o Prefeito Kalil, em agosto de 2017, este teria prometido que jamais iria aprovar uma lei que prejudicasse os carroceiros em Belo Horizonte, pois ele reconhecia a import\u00e2ncia destes na hist\u00f3ria do munic\u00edpio. O pr\u00f3prio Kalil contou para os representantes dos carroceiros em reuni\u00e3o que ele estaria ciente de que, durante a Segunda Grande Guerra, quando faltou combust\u00edvel para os caminh\u00f5es, foram os\/as carroceiros\/as que levaram mat\u00e9ria-prima para obras de pavimenta\u00e7\u00e3o na regi\u00e3o central de Belo Horizonte. <\/p>\n\n\n\n<div class=\"wp-block-image\"><figure class=\"alignleft is-resized\"><img loading=\"lazy\" decoding=\"async\" src=\"http:\/\/gilvander.org.br\/site\/wp-content\/uploads\/2021\/01\/WhatsApp-Image-2021-01-10-at-11.30.11-1-1024x1024.jpeg\" alt=\"\" class=\"wp-image-9302\" width=\"320\" height=\"320\" srcset=\"http:\/\/gilvander.org.br\/site\/wp-content\/uploads\/2021\/01\/WhatsApp-Image-2021-01-10-at-11.30.11-1-1024x1024.jpeg 1024w, http:\/\/gilvander.org.br\/site\/wp-content\/uploads\/2021\/01\/WhatsApp-Image-2021-01-10-at-11.30.11-1-150x150.jpeg 150w, http:\/\/gilvander.org.br\/site\/wp-content\/uploads\/2021\/01\/WhatsApp-Image-2021-01-10-at-11.30.11-1-300x300.jpeg 300w, http:\/\/gilvander.org.br\/site\/wp-content\/uploads\/2021\/01\/WhatsApp-Image-2021-01-10-at-11.30.11-1-768x768.jpeg 768w, http:\/\/gilvander.org.br\/site\/wp-content\/uploads\/2021\/01\/WhatsApp-Image-2021-01-10-at-11.30.11-1.jpeg 1280w\" sizes=\"auto, (max-width: 320px) 100vw, 320px\" \/><\/figure><\/div>\n\n\n\n<p>Parece emblem\u00e1tico uma cidade que tem como nome primeiro \u201cCurral del Rei\u201d\nquerer agora expulsar o que tem de mais genu\u00edno em sua origem.&nbsp; Segundo Al\u00edcia Penna, em 1711 j\u00e1 existia\no Arraial do Curral del Rei, sendo seus habitantes denominados curralenses<a href=\"#_ftn2\">[2]<\/a>;\nainda nos resta parte da Serra do Curral que emoldura o cen\u00e1rio da capital. &nbsp;&nbsp;&nbsp;&nbsp;<\/p>\n\n\n\n<p>Se sancionado o PL 142, a proibi\u00e7\u00e3o do trabalho dos\/as carroceiros\/as causar\u00e1 uma trag\u00e9dia socioecon\u00f4mica na capital mineira, pois todos os bairros fora do per\u00edmetro da Av. do Contorno, com exce\u00e7\u00e3o daqueles enriquecidos, necessitam do trabalho dos\/as carroceiros\/as, que t\u00eam uma fun\u00e7\u00e3o social imprescind\u00edvel na cidade. Os bairros de classe baixa, populares e periferias n\u00e3o t\u00eam condi\u00e7\u00f5es de pagar ca\u00e7amba para recolher pequenas quantidades de res\u00edduos, pois o custo \u00e9 elevado e assim sendo a exist\u00eancia dos\/as carroceiros\/as ajuda a baixar o pre\u00e7o das ca\u00e7ambas. Nos bairros perif\u00e9ricos, em muitos lugares, n\u00e3o \u00e9 poss\u00edvel um caminh\u00e3o ca\u00e7amba chegar, por causa de ruas estreitas, \u00edngremes ou becos. Enfim, o PL 142 atende, dentre outros, ao lobby das grandes empresas de ca\u00e7amba e matar\u00e1 aos poucos os cavalos e as fam\u00edlias de cerca de 10 mil carroceiros\/as existentes em BH e RMBH. Este n\u00famero \u00e9 estimado j\u00e1 que n\u00e3o foi feito ainda um censo que contemple esta categoria na regi\u00e3o. A partir de pesquisa da UFMG, de 2010, estima-se a exist\u00eancia de 10 mil carroceiros\/as em BH e Regi\u00e3o Metropolitana. Como \u00e9 poss\u00edvel proibir o trabalho dos\/as carroceiros\/as sem um censo, sem saber quantos s\u00e3o e qual sua realidade? &nbsp;Sem os carroceiros\/as, o pre\u00e7o das ca\u00e7ambas subir\u00e1 muito, o que trar\u00e1 um grande impacto econ\u00f4mico para as fam\u00edlias de classe baixa e popular. <\/p>\n\n\n\n<div class=\"wp-block-image\"><figure class=\"alignright is-resized\"><img loading=\"lazy\" decoding=\"async\" src=\"http:\/\/gilvander.org.br\/site\/wp-content\/uploads\/2021\/01\/WhatsApp-Image-2021-01-10-at-11.30.11-2-1024x1024.jpeg\" alt=\"\" class=\"wp-image-9303\" width=\"353\" height=\"353\" srcset=\"http:\/\/gilvander.org.br\/site\/wp-content\/uploads\/2021\/01\/WhatsApp-Image-2021-01-10-at-11.30.11-2-1024x1024.jpeg 1024w, http:\/\/gilvander.org.br\/site\/wp-content\/uploads\/2021\/01\/WhatsApp-Image-2021-01-10-at-11.30.11-2-150x150.jpeg 150w, http:\/\/gilvander.org.br\/site\/wp-content\/uploads\/2021\/01\/WhatsApp-Image-2021-01-10-at-11.30.11-2-300x300.jpeg 300w, http:\/\/gilvander.org.br\/site\/wp-content\/uploads\/2021\/01\/WhatsApp-Image-2021-01-10-at-11.30.11-2-768x768.jpeg 768w, http:\/\/gilvander.org.br\/site\/wp-content\/uploads\/2021\/01\/WhatsApp-Image-2021-01-10-at-11.30.11-2.jpeg 1280w\" sizes=\"auto, (max-width: 353px) 100vw, 353px\" \/><\/figure><\/div>\n\n\n\n<p>O PL 142 tecnicamente \u00e9 um absurdo, pois\nn\u00e3o existem estudos s\u00e9rios que atestem a viabilidade de se substituir cavalos\npor motos, &#8220;cavalos de lata&#8221;, o que, al\u00e9m da impossibilidade t\u00e9cnica,\naumentar\u00e1 a polui\u00e7\u00e3o sonora e do ar e o n\u00famero de acidentes e mortos. Basta de\nuso de combust\u00edvel f\u00f3ssil na cidade! <\/p>\n\n\n\n<p>A cidade que queremos passa pelo apoio aos\/\u00e0s carroceiros\/as, que foram imprescind\u00edveis na constru\u00e7\u00e3o da capital mineira e de todas as cidades. O PL 142 n\u00e3o garante em nada \u201cbons-tratos\u201d aos cavalos, ao contr\u00e1rio, chega-se \u00e0 hilariante proposta de \u201cdoa\u00e7\u00e3o solid\u00e1ria\u201d, ou seja, os melhores cavalos poder\u00e3o ser adotados por pessoas ricas que, segundo alegam, teriam melhores condi\u00e7\u00f5es de cuidar deles. Isso \u00e9 cinismo, hipocrisia e covardia sem tamanho, pois, al\u00e9m de deixar de \u201cm\u00e3os vazias\u201d mais de 10 mil fam\u00edlias carroceiras, sem acesso ao seu ganha-p\u00e3o, ainda dever\u00e3o doar seus animais para pessoas ricas. &nbsp;\u00c9 \u00f3bvio que existem casos de maus-tratos, mas n\u00e3o \u00e9 a regra. Maus-tratos n\u00e3o se combatem s\u00f3 com proibi\u00e7\u00e3o e repress\u00e3o! Nos oito anos de governos municipais em Belo Horizonte, com os prefeitos Patrus Ananias e C\u00e9lio de Castro, foi implementada uma Pol\u00edtica P\u00fablica com a participa\u00e7\u00e3o dos\/as carroceiros\/as, que envolvia a constru\u00e7\u00e3o de 34 URPVs (Unidades de Recolhimento de Pequenos Volumes), emplacamento das carro\u00e7as, expedi\u00e7\u00e3o de carteirinha para os\/as carroceiros\/as, tudo isso em parceria com a Faculdade de Veterin\u00e1ria da UFMG, que vacinavam e ajudavam os carroceiros\/as a cuidar dos animais. E tamb\u00e9m havia fiscaliza\u00e7\u00e3o. Por\u00e9m, nos \u00faltimos doze anos foi desmantelada esta pol\u00edtica p\u00fablica, ao que tudo indica como uma estrat\u00e9gia &nbsp;para suprimi-la mais \u00e0 frente.&nbsp; Exigimos o resgate dessas pol\u00edticas p\u00fablicas.<\/p>\n\n\n\n<div class=\"wp-block-image\"><figure class=\"alignleft is-resized\"><img loading=\"lazy\" decoding=\"async\" src=\"http:\/\/gilvander.org.br\/site\/wp-content\/uploads\/2021\/01\/WhatsApp-Image-2021-01-10-at-11.30.12-1024x1024.jpeg\" alt=\"\" class=\"wp-image-9305\" width=\"271\" height=\"271\" srcset=\"http:\/\/gilvander.org.br\/site\/wp-content\/uploads\/2021\/01\/WhatsApp-Image-2021-01-10-at-11.30.12-1024x1024.jpeg 1024w, http:\/\/gilvander.org.br\/site\/wp-content\/uploads\/2021\/01\/WhatsApp-Image-2021-01-10-at-11.30.12-150x150.jpeg 150w, http:\/\/gilvander.org.br\/site\/wp-content\/uploads\/2021\/01\/WhatsApp-Image-2021-01-10-at-11.30.12-300x300.jpeg 300w, http:\/\/gilvander.org.br\/site\/wp-content\/uploads\/2021\/01\/WhatsApp-Image-2021-01-10-at-11.30.12-768x768.jpeg 768w, http:\/\/gilvander.org.br\/site\/wp-content\/uploads\/2021\/01\/WhatsApp-Image-2021-01-10-at-11.30.12.jpeg 1280w\" sizes=\"auto, (max-width: 271px) 100vw, 271px\" \/><\/figure><\/div>\n\n\n\n<p>Enfim, essa tentativa de criminalizar o modo de vida\ncarroceiro \u00e9 resultado de uma postura colonialista, racista, etnoc\u00eantrica e\nhigienista que busca impor sobre toda a sociedade uma \u00fanica forma de se viver\nas rela\u00e7\u00f5es entre humanos e animais. <\/p>\n\n\n\n<p>\u201cA cidade \u00e9 nossa ro\u00e7a! Nossa luta \u00e9 na carro\u00e7a!\u201d, eis o lema dos\/as carroceiros\/as na capital mineira. Apoiamos este segmento social na luta por pol\u00edticas p\u00fablicas s\u00e9rias e id\u00f4neas, com participa\u00e7\u00e3o popular e respeito aos modos de ser, viver e trabalhar das comunidades tradicionais das quais os\/as carroceiros\/as fazem parte. Jesus entrou em Jerusal\u00e9m montado em um jumento. A burrinha de Bal\u00e3o foi profetisa. Fazemos ecoar aqui o canto de Luiz Gonzaga: \u201cRespeite o jumento\u201d e os\/as carroceiros\/as no seu modo de ser e de existir. N\u00e3o adianta alegar que a PM cuida bem dos cavalos da cavalaria, porque al\u00e9m dos suspeitos treinamentos, que podem ser a duras penas, \u201ccuidam bem dos cavalos, mas para fazer maus-tratos a outros: os pobres e negros das periferias que s\u00e3o tratados pior do que aos animais\u201d. Qual o ritmo humano para a cidade que queremos: o ritmo lento dos cavalos que garante trabalho, renda e dignidade ou a correria dos autom\u00f3veis e das pessoas com o ritmo fren\u00e9tico, agressivo, poluente e excludente baseado nos combust\u00edveis f\u00f3sseis? Essa luta \u00e9 justa e dela ningu\u00e9m pode se omitir.<a href=\"#_ftn3\">[3]<\/a><\/p>\n\n\n\n<div class=\"wp-block-image\"><figure class=\"alignleft is-resized\"><img loading=\"lazy\" decoding=\"async\" src=\"http:\/\/gilvander.org.br\/site\/wp-content\/uploads\/2021\/01\/WhatsApp-Image-2021-01-10-at-11.30.12-1-1024x1024.jpeg\" alt=\"\" class=\"wp-image-9306\" width=\"243\" height=\"243\" srcset=\"http:\/\/gilvander.org.br\/site\/wp-content\/uploads\/2021\/01\/WhatsApp-Image-2021-01-10-at-11.30.12-1-1024x1024.jpeg 1024w, http:\/\/gilvander.org.br\/site\/wp-content\/uploads\/2021\/01\/WhatsApp-Image-2021-01-10-at-11.30.12-1-150x150.jpeg 150w, http:\/\/gilvander.org.br\/site\/wp-content\/uploads\/2021\/01\/WhatsApp-Image-2021-01-10-at-11.30.12-1-300x300.jpeg 300w, http:\/\/gilvander.org.br\/site\/wp-content\/uploads\/2021\/01\/WhatsApp-Image-2021-01-10-at-11.30.12-1-768x768.jpeg 768w, http:\/\/gilvander.org.br\/site\/wp-content\/uploads\/2021\/01\/WhatsApp-Image-2021-01-10-at-11.30.12-1.jpeg 1280w\" sizes=\"auto, (max-width: 243px) 100vw, 243px\" \/><\/figure><\/div>\n\n\n\n<div class=\"wp-block-image\"><figure class=\"alignright is-resized\"><img loading=\"lazy\" decoding=\"async\" src=\"http:\/\/gilvander.org.br\/site\/wp-content\/uploads\/2021\/01\/WhatsApp-Image-2021-01-10-at-11.30.13-1024x1024.jpeg\" alt=\"\" class=\"wp-image-9307\" width=\"330\" height=\"330\" srcset=\"http:\/\/gilvander.org.br\/site\/wp-content\/uploads\/2021\/01\/WhatsApp-Image-2021-01-10-at-11.30.13-1024x1024.jpeg 1024w, http:\/\/gilvander.org.br\/site\/wp-content\/uploads\/2021\/01\/WhatsApp-Image-2021-01-10-at-11.30.13-150x150.jpeg 150w, http:\/\/gilvander.org.br\/site\/wp-content\/uploads\/2021\/01\/WhatsApp-Image-2021-01-10-at-11.30.13-300x300.jpeg 300w, http:\/\/gilvander.org.br\/site\/wp-content\/uploads\/2021\/01\/WhatsApp-Image-2021-01-10-at-11.30.13-768x768.jpeg 768w, http:\/\/gilvander.org.br\/site\/wp-content\/uploads\/2021\/01\/WhatsApp-Image-2021-01-10-at-11.30.13.jpeg 1280w\" sizes=\"auto, (max-width: 330px) 100vw, 330px\" \/><\/figure><\/div>\n\n\n\n<p>12\/01\/2021<\/p>\n\n\n\n<p><strong>&nbsp;&nbsp;&nbsp;&nbsp;&nbsp;&nbsp;&nbsp;&nbsp;&nbsp;&nbsp;&nbsp;&nbsp; Obs<\/strong>.: Os v\u00eddeos nos\nlinks, abaixo, ilustram o assunto tratado acima.<\/p>\n\n\n\n<p><strong>1 \u2013 &#8220;Carroceiros\/as \u00e9 Povo\nTradicional com cultura milenar. Kalil, VETE o PL 142&#8221;: Alenice\nBaeta-1\/01\/21<\/strong><\/p>\n\n\n\n<figure class=\"wp-block-embed-youtube wp-block-embed is-type-video is-provider-youtube wp-embed-aspect-16-9 wp-has-aspect-ratio\"><div class=\"wp-block-embed__wrapper\">\n<div class=\"epyt-video-wrapper\"><iframe loading=\"lazy\"  id=\"_ytid_73376\"  width=\"810\" height=\"456\"  data-origwidth=\"810\" data-origheight=\"456\" src=\"https:\/\/www.youtube.com\/embed\/bpRI7M00HS4?enablejsapi=1&#038;autoplay=0&#038;cc_load_policy=0&#038;cc_lang_pref=&#038;iv_load_policy=1&#038;loop=0&#038;rel=1&#038;fs=1&#038;playsinline=0&#038;autohide=2&#038;theme=dark&#038;color=red&#038;controls=1&#038;disablekb=0&#038;\" class=\"__youtube_prefs__  epyt-is-override  no-lazyload\" title=\"YouTube player\"  allow=\"fullscreen; accelerometer; autoplay; clipboard-write; encrypted-media; gyroscope; picture-in-picture; web-share\" referrerpolicy=\"strict-origin-when-cross-origin\" allowfullscreen data-no-lazy=\"1\" data-skipgform_ajax_framebjll=\"\"><\/iframe><\/div>\n<\/div><\/figure>\n\n\n\n<p><strong>2 &#8211; Live &#8211; Carroceiros\/as de BH:\n&#8220;Est\u00e3o nos julgando sem nos conhecer. Kalil, VETE o PL 142&#8221;. &#8211;\n30\/12\/20<\/strong><\/p>\n\n\n\n<figure class=\"wp-block-embed-youtube wp-block-embed is-type-video is-provider-youtube wp-embed-aspect-16-9 wp-has-aspect-ratio\"><div class=\"wp-block-embed__wrapper\">\n<div class=\"epyt-video-wrapper\"><iframe loading=\"lazy\"  id=\"_ytid_91345\"  width=\"810\" height=\"456\"  data-origwidth=\"810\" data-origheight=\"456\" src=\"https:\/\/www.youtube.com\/embed\/yDV-hIhdIWw?enablejsapi=1&#038;autoplay=0&#038;cc_load_policy=0&#038;cc_lang_pref=&#038;iv_load_policy=1&#038;loop=0&#038;rel=1&#038;fs=1&#038;playsinline=0&#038;autohide=2&#038;theme=dark&#038;color=red&#038;controls=1&#038;disablekb=0&#038;\" class=\"__youtube_prefs__  epyt-is-override  no-lazyload\" title=\"YouTube player\"  allow=\"fullscreen; accelerometer; autoplay; clipboard-write; encrypted-media; gyroscope; picture-in-picture; web-share\" referrerpolicy=\"strict-origin-when-cross-origin\" allowfullscreen data-no-lazy=\"1\" data-skipgform_ajax_framebjll=\"\"><\/iframe><\/div>\n<\/div><\/figure>\n\n\n\n<p><strong>3 &#8211; &#8220;Veta, Kalil, o PL 142\nracista&#8221;, exigem os 10.000 carroceiros\/as de BH e RMBH V\u00eddeo 3 &#8211;\n21\/12\/2020<\/strong><\/p>\n\n\n\n<figure class=\"wp-block-embed-youtube wp-block-embed is-type-video is-provider-youtube wp-embed-aspect-16-9 wp-has-aspect-ratio\"><div class=\"wp-block-embed__wrapper\">\n<div class=\"epyt-video-wrapper\"><iframe loading=\"lazy\"  id=\"_ytid_59868\"  width=\"810\" height=\"456\"  data-origwidth=\"810\" data-origheight=\"456\" src=\"https:\/\/www.youtube.com\/embed\/PZTgegHfZuQ?enablejsapi=1&#038;autoplay=0&#038;cc_load_policy=0&#038;cc_lang_pref=&#038;iv_load_policy=1&#038;loop=0&#038;rel=1&#038;fs=1&#038;playsinline=0&#038;autohide=2&#038;theme=dark&#038;color=red&#038;controls=1&#038;disablekb=0&#038;\" class=\"__youtube_prefs__  epyt-is-override  no-lazyload\" title=\"YouTube player\"  allow=\"fullscreen; accelerometer; autoplay; clipboard-write; encrypted-media; gyroscope; picture-in-picture; web-share\" referrerpolicy=\"strict-origin-when-cross-origin\" allowfullscreen data-no-lazy=\"1\" data-skipgform_ajax_framebjll=\"\"><\/iframe><\/div>\n<\/div><\/figure>\n\n\n\n<p><strong>4 &#8211; Carro\u00e7asso em BH: 10.000\ncarroceiros\/as exigem que Kalil VETE o PL 142 racista. V\u00eddeo 2 &#8211; 21\/12\/20<\/strong><\/p>\n\n\n\n<figure class=\"wp-block-embed-youtube wp-block-embed is-type-video is-provider-youtube wp-embed-aspect-16-9 wp-has-aspect-ratio\"><div class=\"wp-block-embed__wrapper\">\n<div class=\"epyt-video-wrapper\"><iframe loading=\"lazy\"  id=\"_ytid_63521\"  width=\"810\" height=\"456\"  data-origwidth=\"810\" data-origheight=\"456\" src=\"https:\/\/www.youtube.com\/embed\/RoWLc4pldig?enablejsapi=1&#038;autoplay=0&#038;cc_load_policy=0&#038;cc_lang_pref=&#038;iv_load_policy=1&#038;loop=0&#038;rel=1&#038;fs=1&#038;playsinline=0&#038;autohide=2&#038;theme=dark&#038;color=red&#038;controls=1&#038;disablekb=0&#038;\" class=\"__youtube_prefs__  epyt-is-override  no-lazyload\" title=\"YouTube player\"  allow=\"fullscreen; accelerometer; autoplay; clipboard-write; encrypted-media; gyroscope; picture-in-picture; web-share\" referrerpolicy=\"strict-origin-when-cross-origin\" allowfullscreen data-no-lazy=\"1\" data-skipgform_ajax_framebjll=\"\"><\/iframe><\/div>\n<\/div><\/figure>\n\n\n\n<p><strong>5 &#8211; Carroceiros\/as na luta para que\nKalil vete o PL 142, RACISTA: in\u00edcio do Carro\u00e7asso. V\u00eddeo 1-21\/12\/20<\/strong><\/p>\n\n\n\n<figure class=\"wp-block-embed-youtube wp-block-embed is-type-video is-provider-youtube wp-embed-aspect-16-9 wp-has-aspect-ratio\"><div class=\"wp-block-embed__wrapper\">\n<div class=\"epyt-video-wrapper\"><iframe loading=\"lazy\"  id=\"_ytid_37613\"  width=\"810\" height=\"456\"  data-origwidth=\"810\" data-origheight=\"456\" src=\"https:\/\/www.youtube.com\/embed\/FYb79EuOUPE?enablejsapi=1&#038;autoplay=0&#038;cc_load_policy=0&#038;cc_lang_pref=&#038;iv_load_policy=1&#038;loop=0&#038;rel=1&#038;fs=1&#038;playsinline=0&#038;autohide=2&#038;theme=dark&#038;color=red&#038;controls=1&#038;disablekb=0&#038;\" class=\"__youtube_prefs__  epyt-is-override  no-lazyload\" title=\"YouTube player\"  allow=\"fullscreen; accelerometer; autoplay; clipboard-write; encrypted-media; gyroscope; picture-in-picture; web-share\" referrerpolicy=\"strict-origin-when-cross-origin\" allowfullscreen data-no-lazy=\"1\" data-skipgform_ajax_framebjll=\"\"><\/iframe><\/div>\n<\/div><\/figure>\n\n\n\n<p><strong>6 &#8211; &#8220;A cidade \u00e9 nossa ro\u00e7a. Nossa\nluta \u00e9 na carro\u00e7a.&#8221; Carroceiros\/as, SIM! Por frei Gilvander &#8211; 20\/12\/20<\/strong><\/p>\n\n\n\n<figure class=\"wp-block-embed-youtube wp-block-embed is-type-video is-provider-youtube wp-embed-aspect-16-9 wp-has-aspect-ratio\"><div class=\"wp-block-embed__wrapper\">\n<div class=\"epyt-video-wrapper\"><iframe loading=\"lazy\"  id=\"_ytid_58975\"  width=\"810\" height=\"456\"  data-origwidth=\"810\" data-origheight=\"456\" src=\"https:\/\/www.youtube.com\/embed\/1eMVYnnPIjQ?enablejsapi=1&#038;autoplay=0&#038;cc_load_policy=0&#038;cc_lang_pref=&#038;iv_load_policy=1&#038;loop=0&#038;rel=1&#038;fs=1&#038;playsinline=0&#038;autohide=2&#038;theme=dark&#038;color=red&#038;controls=1&#038;disablekb=0&#038;\" class=\"__youtube_prefs__  epyt-is-override  no-lazyload\" title=\"YouTube player\"  allow=\"fullscreen; accelerometer; autoplay; clipboard-write; encrypted-media; gyroscope; picture-in-picture; web-share\" referrerpolicy=\"strict-origin-when-cross-origin\" allowfullscreen data-no-lazy=\"1\" data-skipgform_ajax_framebjll=\"\"><\/iframe><\/div>\n<\/div><\/figure>\n\n\n\n<p><strong>7 &#8211; Pelos Direitos do Povo Tradicional\nCarroceiro e dos Cavalos e \u00c9guas\/Frei Gilvander\/1\u00aaParte-20\/12\/20<\/strong><\/p>\n\n\n\n<figure class=\"wp-block-embed-youtube wp-block-embed is-type-video is-provider-youtube wp-embed-aspect-16-9 wp-has-aspect-ratio\"><div class=\"wp-block-embed__wrapper\">\n<div class=\"epyt-video-wrapper\"><iframe loading=\"lazy\"  id=\"_ytid_30162\"  width=\"810\" height=\"456\"  data-origwidth=\"810\" data-origheight=\"456\" src=\"https:\/\/www.youtube.com\/embed\/uF_03VH-g7k?enablejsapi=1&#038;autoplay=0&#038;cc_load_policy=0&#038;cc_lang_pref=&#038;iv_load_policy=1&#038;loop=0&#038;rel=1&#038;fs=1&#038;playsinline=0&#038;autohide=2&#038;theme=dark&#038;color=red&#038;controls=1&#038;disablekb=0&#038;\" class=\"__youtube_prefs__  epyt-is-override  no-lazyload\" title=\"YouTube player\"  allow=\"fullscreen; accelerometer; autoplay; clipboard-write; encrypted-media; gyroscope; picture-in-picture; web-share\" referrerpolicy=\"strict-origin-when-cross-origin\" allowfullscreen data-no-lazy=\"1\" data-skipgform_ajax_framebjll=\"\"><\/iframe><\/div>\n<\/div><\/figure>\n\n\n\n<p><strong>8 &#8211; Lei racista e que faz guerra contra\n10.000 carroceiros\/as foi aprovada em Belo Horizonte -16\/12\/2020<\/strong><\/p>\n\n\n\n<figure class=\"wp-block-embed-youtube wp-block-embed is-type-video is-provider-youtube wp-embed-aspect-16-9 wp-has-aspect-ratio\"><div class=\"wp-block-embed__wrapper\">\n<div class=\"epyt-video-wrapper\"><iframe loading=\"lazy\"  id=\"_ytid_74392\"  width=\"810\" height=\"456\"  data-origwidth=\"810\" data-origheight=\"456\" src=\"https:\/\/www.youtube.com\/embed\/VwaOg2jbi0s?enablejsapi=1&#038;autoplay=0&#038;cc_load_policy=0&#038;cc_lang_pref=&#038;iv_load_policy=1&#038;loop=0&#038;rel=1&#038;fs=1&#038;playsinline=0&#038;autohide=2&#038;theme=dark&#038;color=red&#038;controls=1&#038;disablekb=0&#038;\" class=\"__youtube_prefs__  epyt-is-override  no-lazyload\" title=\"YouTube player\"  allow=\"fullscreen; accelerometer; autoplay; clipboard-write; encrypted-media; gyroscope; picture-in-picture; web-share\" referrerpolicy=\"strict-origin-when-cross-origin\" allowfullscreen data-no-lazy=\"1\" data-skipgform_ajax_framebjll=\"\"><\/iframe><\/div>\n<\/div><\/figure>\n\n\n\n<p><strong>9 &#8211; Em BH, sancionar PL 142 autorit\u00e1rio\nsem participa\u00e7\u00e3o dos carroceiros ser\u00e1 injusti\u00e7a. V\u00eddeo 4 -7\/1\/21<\/strong><\/p>\n\n\n\n<figure class=\"wp-block-embed-youtube wp-block-embed is-type-video is-provider-youtube wp-embed-aspect-16-9 wp-has-aspect-ratio\"><div class=\"wp-block-embed__wrapper\">\n<div class=\"epyt-video-wrapper\"><iframe loading=\"lazy\"  id=\"_ytid_46848\"  width=\"810\" height=\"456\"  data-origwidth=\"810\" data-origheight=\"456\" src=\"https:\/\/www.youtube.com\/embed\/T84NYqFiJeM?enablejsapi=1&#038;autoplay=0&#038;cc_load_policy=0&#038;cc_lang_pref=&#038;iv_load_policy=1&#038;loop=0&#038;rel=1&#038;fs=1&#038;playsinline=0&#038;autohide=2&#038;theme=dark&#038;color=red&#038;controls=1&#038;disablekb=0&#038;\" class=\"__youtube_prefs__  epyt-is-override  no-lazyload\" title=\"YouTube player\"  allow=\"fullscreen; accelerometer; autoplay; clipboard-write; encrypted-media; gyroscope; picture-in-picture; web-share\" referrerpolicy=\"strict-origin-when-cross-origin\" allowfullscreen data-no-lazy=\"1\" data-skipgform_ajax_framebjll=\"\"><\/iframe><\/div>\n<\/div><\/figure>\n\n\n\n<p><strong>10 &#8211; &#8220;Carroceiros em BH s\u00e3o\nnecess\u00e1rios para solucionar o problema dos res\u00edduos s\u00f3lidos&#8221;. V\u00eddeo 3\n-7\/1\/21<\/strong><\/p>\n\n\n\n<figure class=\"wp-block-embed-youtube wp-block-embed is-type-video is-provider-youtube wp-embed-aspect-16-9 wp-has-aspect-ratio\"><div class=\"wp-block-embed__wrapper\">\n<div class=\"epyt-video-wrapper\"><iframe loading=\"lazy\"  id=\"_ytid_52003\"  width=\"810\" height=\"456\"  data-origwidth=\"810\" data-origheight=\"456\" src=\"https:\/\/www.youtube.com\/embed\/c7a7DR1I5xU?enablejsapi=1&#038;autoplay=0&#038;cc_load_policy=0&#038;cc_lang_pref=&#038;iv_load_policy=1&#038;loop=0&#038;rel=1&#038;fs=1&#038;playsinline=0&#038;autohide=2&#038;theme=dark&#038;color=red&#038;controls=1&#038;disablekb=0&#038;\" class=\"__youtube_prefs__  epyt-is-override  no-lazyload\" title=\"YouTube player\"  allow=\"fullscreen; accelerometer; autoplay; clipboard-write; encrypted-media; gyroscope; picture-in-picture; web-share\" referrerpolicy=\"strict-origin-when-cross-origin\" allowfullscreen data-no-lazy=\"1\" data-skipgform_ajax_framebjll=\"\"><\/iframe><\/div>\n<\/div><\/figure>\n\n\n\n<p><strong>11 &#8211; &#8220;Proibir carroceiros\/as em BH\n\u00e9 priorizar grandes empresas de ca\u00e7amba.&#8221; Prof. Tiago. V\u00eddeo 2 -6\/1\/21<\/strong><\/p>\n\n\n\n<figure class=\"wp-block-embed-youtube wp-block-embed is-type-video is-provider-youtube wp-embed-aspect-16-9 wp-has-aspect-ratio\"><div class=\"wp-block-embed__wrapper\">\n<div class=\"epyt-video-wrapper\"><iframe loading=\"lazy\"  id=\"_ytid_57708\"  width=\"810\" height=\"456\"  data-origwidth=\"810\" data-origheight=\"456\" src=\"https:\/\/www.youtube.com\/embed\/fxggdayFPVs?enablejsapi=1&#038;autoplay=0&#038;cc_load_policy=0&#038;cc_lang_pref=&#038;iv_load_policy=1&#038;loop=0&#038;rel=1&#038;fs=1&#038;playsinline=0&#038;autohide=2&#038;theme=dark&#038;color=red&#038;controls=1&#038;disablekb=0&#038;\" class=\"__youtube_prefs__  epyt-is-override  no-lazyload\" title=\"YouTube player\"  allow=\"fullscreen; accelerometer; autoplay; clipboard-write; encrypted-media; gyroscope; picture-in-picture; web-share\" referrerpolicy=\"strict-origin-when-cross-origin\" allowfullscreen data-no-lazy=\"1\" data-skipgform_ajax_framebjll=\"\"><\/iframe><\/div>\n<\/div><\/figure>\n\n\n\n<p><strong>12 &#8211; &#8220;FUN\u00c7\u00c3O SOCIAL dos\/as\ncarroceiros\/as \u00e9 imprescind\u00edvel em Belo Horizonte&#8221; (Eduardo). V\u00eddeo 1\n-06\/1\/21<\/strong><\/p>\n\n\n\n<figure class=\"wp-block-embed-youtube wp-block-embed is-type-video is-provider-youtube wp-embed-aspect-16-9 wp-has-aspect-ratio\"><div class=\"wp-block-embed__wrapper\">\n<div class=\"epyt-video-wrapper\"><iframe loading=\"lazy\"  id=\"_ytid_89690\"  width=\"810\" height=\"456\"  data-origwidth=\"810\" data-origheight=\"456\" src=\"https:\/\/www.youtube.com\/embed\/u2qObNGhNpE?enablejsapi=1&#038;autoplay=0&#038;cc_load_policy=0&#038;cc_lang_pref=&#038;iv_load_policy=1&#038;loop=0&#038;rel=1&#038;fs=1&#038;playsinline=0&#038;autohide=2&#038;theme=dark&#038;color=red&#038;controls=1&#038;disablekb=0&#038;\" class=\"__youtube_prefs__  epyt-is-override  no-lazyload\" title=\"YouTube player\"  allow=\"fullscreen; accelerometer; autoplay; clipboard-write; encrypted-media; gyroscope; picture-in-picture; web-share\" referrerpolicy=\"strict-origin-when-cross-origin\" allowfullscreen data-no-lazy=\"1\" data-skipgform_ajax_framebjll=\"\"><\/iframe><\/div>\n<\/div><\/figure>\n\n\n\n<p><strong>13 &#8211; \u201cQuem aprovou o PL 142 para acabar\ncom carroceiros\/as em BH nunca passou fome.&#8221; Valdinalva. V\u00eddeo 2<\/strong><\/p>\n\n\n\n<figure class=\"wp-block-embed-youtube wp-block-embed is-type-video is-provider-youtube wp-embed-aspect-16-9 wp-has-aspect-ratio\"><div class=\"wp-block-embed__wrapper\">\n<div class=\"epyt-video-wrapper\"><iframe loading=\"lazy\"  id=\"_ytid_30476\"  width=\"810\" height=\"456\"  data-origwidth=\"810\" data-origheight=\"456\" src=\"https:\/\/www.youtube.com\/embed\/yB3qJDxsTDQ?enablejsapi=1&#038;autoplay=0&#038;cc_load_policy=0&#038;cc_lang_pref=&#038;iv_load_policy=1&#038;loop=0&#038;rel=1&#038;fs=1&#038;playsinline=0&#038;autohide=2&#038;theme=dark&#038;color=red&#038;controls=1&#038;disablekb=0&#038;\" class=\"__youtube_prefs__  epyt-is-override  no-lazyload\" title=\"YouTube player\"  allow=\"fullscreen; accelerometer; autoplay; clipboard-write; encrypted-media; gyroscope; picture-in-picture; web-share\" referrerpolicy=\"strict-origin-when-cross-origin\" allowfullscreen data-no-lazy=\"1\" data-skipgform_ajax_framebjll=\"\"><\/iframe><\/div>\n<\/div><\/figure>\n\n\n\n<p><strong>14 &#8211; Cigana Valdinalva &#8211; apelo\nemocionado, em BH: &#8220;Kalil, VETE o PL 142, pois \u00e9 racista\u201d. V\u00eddeo1 \u20135\/01\/21<\/strong><\/p>\n\n\n\n<figure class=\"wp-block-embed-youtube wp-block-embed is-type-video is-provider-youtube wp-embed-aspect-16-9 wp-has-aspect-ratio\"><div class=\"wp-block-embed__wrapper\">\n<div class=\"epyt-video-wrapper\"><iframe loading=\"lazy\"  id=\"_ytid_85347\"  width=\"810\" height=\"456\"  data-origwidth=\"810\" data-origheight=\"456\" src=\"https:\/\/www.youtube.com\/embed\/LocRU5XJles?enablejsapi=1&#038;autoplay=0&#038;cc_load_policy=0&#038;cc_lang_pref=&#038;iv_load_policy=1&#038;loop=0&#038;rel=1&#038;fs=1&#038;playsinline=0&#038;autohide=2&#038;theme=dark&#038;color=red&#038;controls=1&#038;disablekb=0&#038;\" class=\"__youtube_prefs__  epyt-is-override  no-lazyload\" title=\"YouTube player\"  allow=\"fullscreen; accelerometer; autoplay; clipboard-write; encrypted-media; gyroscope; picture-in-picture; web-share\" referrerpolicy=\"strict-origin-when-cross-origin\" allowfullscreen data-no-lazy=\"1\" data-skipgform_ajax_framebjll=\"\"><\/iframe><\/div>\n<\/div><\/figure>\n\n\n\n<p><strong>15 &#8211; &#8220;H\u00e1 carroceiros ciganos.\nDireitos dos ciganos s\u00e3o violados no PL 142 em BH. Vete, Kalil&#8221;, diz\nItamar<\/strong><\/p>\n\n\n\n<figure class=\"wp-block-embed-youtube wp-block-embed is-type-video is-provider-youtube wp-embed-aspect-16-9 wp-has-aspect-ratio\"><div class=\"wp-block-embed__wrapper\">\n<div class=\"epyt-video-wrapper\"><iframe loading=\"lazy\"  id=\"_ytid_65098\"  width=\"810\" height=\"456\"  data-origwidth=\"810\" data-origheight=\"456\" src=\"https:\/\/www.youtube.com\/embed\/j3MS0NQYQlk?enablejsapi=1&#038;autoplay=0&#038;cc_load_policy=0&#038;cc_lang_pref=&#038;iv_load_policy=1&#038;loop=0&#038;rel=1&#038;fs=1&#038;playsinline=0&#038;autohide=2&#038;theme=dark&#038;color=red&#038;controls=1&#038;disablekb=0&#038;\" class=\"__youtube_prefs__  epyt-is-override  no-lazyload\" title=\"YouTube player\"  allow=\"fullscreen; accelerometer; autoplay; clipboard-write; encrypted-media; gyroscope; picture-in-picture; web-share\" referrerpolicy=\"strict-origin-when-cross-origin\" allowfullscreen data-no-lazy=\"1\" data-skipgform_ajax_framebjll=\"\"><\/iframe><\/div>\n<\/div><\/figure>\n\n\n\n<hr class=\"wp-block-separator\"\/>\n\n\n\n<p><a href=\"#_ftnref1\">[1]<\/a>\nFrei e padre da Ordem dos carmelitas; doutor em Educa\u00e7\u00e3o pela FAE\/UFMG;\nlicenciado e bacharel em Filosofia pela UFPR; bacharel em Teologia pelo\nITESP\/SP; mestre em Exegese B\u00edblica pelo Pontif\u00edcio Instituto B\u00edblico, em Roma,\nIt\u00e1lia; agente da CPT, assessor do CEBI e Ocupa\u00e7\u00f5es Urbanas; prof. de\n\u201cMovimentos Sociais Populares e Direitos Humanos\u201d no IDH e de Teologia b\u00edblica\nno SAB (Servi\u00e7o de Anima\u00e7\u00e3o B\u00edblica), em Belo Horizonte, MG. E-mail:&nbsp;<a href=\"mailto:gilvanderlm@gmail.com\">gilvanderlm@gmail.com<\/a>&nbsp;\u2013&nbsp;<a href=\"http:\/\/www.gilvander.org.br\/\">www.gilvander.org.br<\/a>&nbsp;\u2013&nbsp;<a href=\"http:\/\/www.freigilvander.blogspot.com.br\/\">www.freigilvander.blogspot.com.br<\/a>&nbsp;&nbsp;&nbsp;&nbsp;&nbsp;\n\u2013&nbsp;&nbsp;&nbsp;&nbsp;&nbsp;&nbsp;&nbsp;<a href=\"http:\/\/www.twitter.com\/gilvanderluis\">www.twitter.com\/gilvanderluis<\/a>&nbsp;&nbsp;&nbsp;&nbsp;&nbsp;&nbsp;&nbsp;\n\u2013&nbsp;&nbsp; &nbsp;Facebook: Gilvander Moreira III<\/p>\n\n\n\n<p><a href=\"#_ftnref2\">[2]<\/a>\nPENNA,\nAl\u00edcia D. O espa\u00e7o infiel: quando o giro da economia capitalista imp\u00f5e se \u00e0\ncidade. Disserta\u00e7\u00e3o (Mestrado). Universidade Federal de Minas Gerais-UFMG, Belo\nHorizonte, 1997.<\/p>\n\n\n\n<p><a href=\"#_ftnref3\">[3]<\/a> Gratid\u00e3o ao Prof. Emmanuel\nAlmada, da UEMG, \u00e0 Professora Alenice Baeta, do CEDEFES, e \u00e0 Carmem Imaculada\nde Brito pela revis\u00e3o do texto.<\/p>\n","protected":false},"excerpt":{"rendered":"<p>\u201cA cidade \u00e9 nossa ro\u00e7a! Nossa luta \u00e9 na carro\u00e7a!\u201d A luta da Comunidade Tradicional Carroceira pelos direitos humanos e animais. Por Frei Gilvander Moreira[1] Est\u00e1 em baila em todas as capitais, nas grandes, m\u00e9dias<\/p>\n","protected":false},"author":2,"featured_media":9301,"comment_status":"open","ping_status":"open","sticky":false,"template":"","format":"standard","meta":{"footnotes":""},"categories":[21,46,44,38,49,41,37,27,30,56,29,26,18],"tags":[],"class_list":["post-9297","post","type-post","status-publish","format-standard","has-post-thumbnail","hentry","category-artigo","category-direito-a-cultura-popular","category-direito-a-memoria","category-direito-a-saude","category-direito-a-terra","category-direitos-dos-carroceiros","category-direitos-dos-ciganos","category-direitos-humanos","category-fe-e-politica","category-meio-ambiente","category-movimentos-sociais-populares","category-teologia-da-libertacao","category-videos-de-frei-gilvander"],"_links":{"self":[{"href":"http:\/\/gilvander.org.br\/site\/wp-json\/wp\/v2\/posts\/9297","targetHints":{"allow":["GET"]}}],"collection":[{"href":"http:\/\/gilvander.org.br\/site\/wp-json\/wp\/v2\/posts"}],"about":[{"href":"http:\/\/gilvander.org.br\/site\/wp-json\/wp\/v2\/types\/post"}],"author":[{"embeddable":true,"href":"http:\/\/gilvander.org.br\/site\/wp-json\/wp\/v2\/users\/2"}],"replies":[{"embeddable":true,"href":"http:\/\/gilvander.org.br\/site\/wp-json\/wp\/v2\/comments?post=9297"}],"version-history":[{"count":6,"href":"http:\/\/gilvander.org.br\/site\/wp-json\/wp\/v2\/posts\/9297\/revisions"}],"predecessor-version":[{"id":9335,"href":"http:\/\/gilvander.org.br\/site\/wp-json\/wp\/v2\/posts\/9297\/revisions\/9335"}],"wp:featuredmedia":[{"embeddable":true,"href":"http:\/\/gilvander.org.br\/site\/wp-json\/wp\/v2\/media\/9301"}],"wp:attachment":[{"href":"http:\/\/gilvander.org.br\/site\/wp-json\/wp\/v2\/media?parent=9297"}],"wp:term":[{"taxonomy":"category","embeddable":true,"href":"http:\/\/gilvander.org.br\/site\/wp-json\/wp\/v2\/categories?post=9297"},{"taxonomy":"post_tag","embeddable":true,"href":"http:\/\/gilvander.org.br\/site\/wp-json\/wp\/v2\/tags?post=9297"}],"curies":[{"name":"wp","href":"https:\/\/api.w.org\/{rel}","templated":true}]}}