{"id":9414,"date":"2021-01-24T06:42:18","date_gmt":"2021-01-24T09:42:18","guid":{"rendered":"http:\/\/gilvander.org.br\/site\/?p=9414"},"modified":"2021-01-24T06:42:21","modified_gmt":"2021-01-24T09:42:21","slug":"dia-triste-em-belo-horizonte-pela-aprovacao-da-lei-que-proibe-o-trabalho-de-10-000-carroceiros-as-as-bandeiras-da-justica-da-verdade-e-da-vida-digna-flamulam-a-meia-altura-nota-publica","status":"publish","type":"post","link":"http:\/\/gilvander.org.br\/site\/dia-triste-em-belo-horizonte-pela-aprovacao-da-lei-que-proibe-o-trabalho-de-10-000-carroceiros-as-as-bandeiras-da-justica-da-verdade-e-da-vida-digna-flamulam-a-meia-altura-nota-publica\/","title":{"rendered":"DIA TRISTE EM BELO HORIZONTE PELA APROVA\u00c7\u00c3O DA LEI QUE PRO\u00cdBE O TRABALHO DE 10.000 CARROCEIROS\/AS. As bandeiras da justi\u00e7a, da verdade e da vida digna flamulam a meia altura. Nota p\u00fablica!"},"content":{"rendered":"\n<p><strong>DIA TRISTE EM BELO HORIZONTE PELA APROVA\u00c7\u00c3O DA LEI QUE PRO\u00cdBE O TRABALHO DE 10.000 CARROCEIROS\/AS. As bandeiras da justi\u00e7a, da verdade e da vida digna flamulam a meia altura. Nota p\u00fablica!<\/strong> <\/p>\n\n\n\n<figure class=\"wp-block-image is-resized\"><img loading=\"lazy\" decoding=\"async\" src=\"http:\/\/gilvander.org.br\/site\/wp-content\/uploads\/2021\/01\/WhatsApp-Image-2021-01-23-at-20.46.13-6.jpeg\" alt=\"\" class=\"wp-image-9415\" width=\"654\" height=\"654\" srcset=\"http:\/\/gilvander.org.br\/site\/wp-content\/uploads\/2021\/01\/WhatsApp-Image-2021-01-23-at-20.46.13-6.jpeg 853w, http:\/\/gilvander.org.br\/site\/wp-content\/uploads\/2021\/01\/WhatsApp-Image-2021-01-23-at-20.46.13-6-150x150.jpeg 150w, http:\/\/gilvander.org.br\/site\/wp-content\/uploads\/2021\/01\/WhatsApp-Image-2021-01-23-at-20.46.13-6-300x300.jpeg 300w, http:\/\/gilvander.org.br\/site\/wp-content\/uploads\/2021\/01\/WhatsApp-Image-2021-01-23-at-20.46.13-6-768x768.jpeg 768w\" sizes=\"auto, (max-width: 654px) 100vw, 654px\" \/><figcaption>Carroceata em Belo Horizonte, MG, dia 19\/01\/2021. Fotos: C\u00e1ritas Brasileira Regional MG<\/figcaption><\/figure>\n\n\n\n<p>No dia de ontem, 22 de janeiro de 2021, o prefeito Alexandre Kalil (PSD) sancionou a lei que extingue o trabalho e o sustento financeiro de 10 mil fam\u00edlias carroceiras em Belo Horizonte e Regi\u00e3o Metropolitana. Foi sancionado \u201co cora\u00e7\u00e3o, os pulm\u00f5es, os rins e a coluna mestra do PL 142\u201d e vetado pontos secund\u00e1rios, que ser\u00e3o comentados aqui. De autoria do ent\u00e3o vereador e empres\u00e1rio Osvaldo Lopes (ent\u00e3o PHS, hoje PSD), o projeto de lei 142\/2017 prev\u00ea que em prazo m\u00e1ximo de 10 anos a tra\u00e7\u00e3o animal em Belo Horizonte n\u00e3o mais exista e seja pass\u00edvel de puni\u00e7\u00e3o a desobedi\u00eancia dos que permanecerem em pr\u00e1tica. O prefeito ainda anunciou que ser\u00e1 enviado projeto do executivo, tratando especificamente sobre medidas de apoio aos carroceiros durante o processo de transi\u00e7\u00e3o. Pro\u00edbe, encurrala colocando no corredor da morte 10.000 carroceiros\/as e suas fam\u00edlias e diz que \u201cvai encaminhar medidas de apoio\u201d. Isso \u00e9 o mesmo que perguntar a quem foi dada uma senten\u00e7a de morte: que tipo de morte voc\u00ea escolhe? A inexist\u00eancia concreta dessa proposta se soma \u00e0 viol\u00eancia da criminaliza\u00e7\u00e3o, uma vez que gera maior inseguran\u00e7a e incerteza quanto ao futuro da comunidade carroceira.<\/p>\n\n\n\n<div class=\"wp-block-image\"><figure class=\"alignleft is-resized\"><img loading=\"lazy\" decoding=\"async\" src=\"http:\/\/gilvander.org.br\/site\/wp-content\/uploads\/2021\/01\/WhatsApp-Image-2021-01-23-at-20.46.13-8.jpeg\" alt=\"\" class=\"wp-image-9416\" width=\"302\" height=\"302\" srcset=\"http:\/\/gilvander.org.br\/site\/wp-content\/uploads\/2021\/01\/WhatsApp-Image-2021-01-23-at-20.46.13-8.jpeg 853w, http:\/\/gilvander.org.br\/site\/wp-content\/uploads\/2021\/01\/WhatsApp-Image-2021-01-23-at-20.46.13-8-150x150.jpeg 150w, http:\/\/gilvander.org.br\/site\/wp-content\/uploads\/2021\/01\/WhatsApp-Image-2021-01-23-at-20.46.13-8-300x300.jpeg 300w, http:\/\/gilvander.org.br\/site\/wp-content\/uploads\/2021\/01\/WhatsApp-Image-2021-01-23-at-20.46.13-8-768x768.jpeg 768w\" sizes=\"auto, (max-width: 302px) 100vw, 302px\" \/><\/figure><\/div>\n\n\n\n<p>A tentativa de criminaliza\u00e7\u00e3o dos\ncarroceiros \u00e9 baseada em argumentos falaciosos depositados em cima da suposi\u00e7\u00e3o\nde que o modo de vida de milhares de fam\u00edlias seria baseado nos maus-tratos aos\nanimais. Sob a capa do pretenso cuidado com os animais impera o manto do\nRACISMO, do \u00d3DIO AOS POBRES, do HIGIENISMO, do AUTORITARISMO, da VIOLA\u00c7\u00c3O AOS\nDIREITOS DOS POVOS E COMUNIDADES TRADICIONAIS, entre os quais est\u00e3o os\ncarroceiros, quilombolas, os ciganos, agricultores familiares e demais\ncomunidades tradicionais que utilizam a carro\u00e7a no seu dia a dia para trabalhar\ne como modo de fazer e viver. <\/p>\n\n\n\n<p>N\u00e3o existe nenhum estudo respons\u00e1vel sobre o assunto. A prefeitura, na figura do prefeito Alexandre Kalil, em conluio com os vereadores que aprovaram o projeto e os defensores advindos de movimentos que dizem defender o direito dos animais, n\u00e3o tem sequer um estudo ou pesquisa sobre a condi\u00e7\u00e3o das carroceiras e dos carroceiros em Belo Horizonte. N\u00e3o s\u00e3o capazes de apresentar o n\u00famero oficial de trabalhadores e trabalhadoras, o n\u00famero de animais envolvidos e nem o n\u00famero de animais apreendidos pelo poder p\u00fablico, v\u00edtimas de maus-tratos advindos do trabalho carroceiro. Estima-se que haja mais de 10.000 carroceiros\/as em BH e mais de 20 mil cavalos, mas foi aprovada uma lei racista sem sequer um censo. <\/p>\n\n\n\n<div class=\"wp-block-image\"><figure class=\"alignright is-resized\"><img loading=\"lazy\" decoding=\"async\" src=\"http:\/\/gilvander.org.br\/site\/wp-content\/uploads\/2021\/01\/WhatsApp-Image-2021-01-23-at-20.46.13-7.jpeg\" alt=\"\" class=\"wp-image-9417\" width=\"375\" height=\"375\" srcset=\"http:\/\/gilvander.org.br\/site\/wp-content\/uploads\/2021\/01\/WhatsApp-Image-2021-01-23-at-20.46.13-7.jpeg 720w, http:\/\/gilvander.org.br\/site\/wp-content\/uploads\/2021\/01\/WhatsApp-Image-2021-01-23-at-20.46.13-7-150x150.jpeg 150w, http:\/\/gilvander.org.br\/site\/wp-content\/uploads\/2021\/01\/WhatsApp-Image-2021-01-23-at-20.46.13-7-300x300.jpeg 300w\" sizes=\"auto, (max-width: 375px) 100vw, 375px\" \/><\/figure><\/div>\n\n\n\n<p>O poder p\u00fablico jamais deve se afirmar\nsobre achismos. A vida dos mais empobrecidos\/as n\u00e3o pode ser destru\u00edda pelo\npoder de achismos advindos de pessoas poderosas e influentes. De novo, reina o\nanti-cientificismo t\u00edpico de governos autorit\u00e1rios e fascistas. Tampouco pode o\npoder p\u00fablico lavar as m\u00e3os ante a responsabilidade de decis\u00f5es importantes. O\nprefeito Kalil foi o Pilatos que, por covardia, condenou as fam\u00edlias\ncarroceiras ao calv\u00e1rio da mis\u00e9ria. Um covarde n\u00e3o tem envergadura para exercer\na dire\u00e7\u00e3o de cidade alguma, muito menos a de Belo Horizonte \u2013 t\u00e3o grande, t\u00e3o\ncomplexa, t\u00e3o diversa.<\/p>\n\n\n\n<p>Uma cidade com a grandiosidade, a complexidade e a diversidade de Belo Horizonte n\u00e3o pode excluir carroceiras e carroceiros. Elas e eles s\u00e3o ciganos, s\u00e3o quilombolas, ind\u00edgenas, agricultores familiares &#8211; carroceiros por tradi\u00e7\u00e3o de cultura e fam\u00edlia, s\u00e3o Povos e Comunidades Tradicionais, protegidos pelos artigos 215 e 216 da Constitui\u00e7\u00e3o Federal e pela Conven\u00e7\u00e3o 169 da Organiza\u00e7\u00e3o Internacional do Trabalho (OIT), da ONU.<\/p>\n\n\n\n<div class=\"wp-block-image\"><figure class=\"alignleft is-resized\"><img loading=\"lazy\" decoding=\"async\" src=\"http:\/\/gilvander.org.br\/site\/wp-content\/uploads\/2021\/01\/WhatsApp-Image-2021-01-23-at-20.46.13-5.jpeg\" alt=\"\" class=\"wp-image-9418\" width=\"319\" height=\"319\" srcset=\"http:\/\/gilvander.org.br\/site\/wp-content\/uploads\/2021\/01\/WhatsApp-Image-2021-01-23-at-20.46.13-5.jpeg 854w, http:\/\/gilvander.org.br\/site\/wp-content\/uploads\/2021\/01\/WhatsApp-Image-2021-01-23-at-20.46.13-5-150x150.jpeg 150w, http:\/\/gilvander.org.br\/site\/wp-content\/uploads\/2021\/01\/WhatsApp-Image-2021-01-23-at-20.46.13-5-300x300.jpeg 300w, http:\/\/gilvander.org.br\/site\/wp-content\/uploads\/2021\/01\/WhatsApp-Image-2021-01-23-at-20.46.13-5-768x768.jpeg 768w\" sizes=\"auto, (max-width: 319px) 100vw, 319px\" \/><\/figure><\/div>\n\n\n\n<p>O prefeito Kalil e os 28 vereadores,\nentre os quais muitos pastores, levar\u00e3o impresso \u00e0s suas hist\u00f3rias a covardia\nde tentar extinguir a profiss\u00e3o e o modo de vida das pessoas pobres que buscam\nVIDA DIGNA para suas fam\u00edlias \u2013 compostas de humanos e animais \u2013 por meio do\ntrabalho com carro\u00e7as, uma cultura milenar.<\/p>\n\n\n\n<p>Assim como n\u00e3o se constr\u00f3i uma casa pelo telhado, casas n\u00e3o devem ser desmontadas pelo alicerce. Na lei 11.285\/2021, racista, aprovada, dizem como senhores escravocratas: \u201cCavalo para sustentar fam\u00edlia pobre n\u00e3o pode. Cavalo e cachorro que s\u00e3o \u201cdomesticados\u201d (violentados) para estra\u00e7alhar pessoas pelos des\u00edgnios de for\u00e7as militares pode\u201d. Colocar cachorros adestrados para farejar drogas letais e mergulhar em lama t\u00f3xica e biocida, pode? N\u00e3o h\u00e1 questionamentos sobre a ind\u00fastria farmac\u00eautica, a cosm\u00e9tica e a militar na mesma propor\u00e7\u00e3o que a persegui\u00e7\u00e3o aos carroceiros. \u201cPara isso pode maltratar os animais\u201d, dizem hipocritamente.<\/p>\n\n\n\n<div class=\"wp-block-image\"><figure class=\"alignright is-resized\"><img loading=\"lazy\" decoding=\"async\" src=\"http:\/\/gilvander.org.br\/site\/wp-content\/uploads\/2021\/01\/WhatsApp-Image-2021-01-23-at-20.46.13-2.jpeg\" alt=\"\" class=\"wp-image-9419\" width=\"363\" height=\"363\" srcset=\"http:\/\/gilvander.org.br\/site\/wp-content\/uploads\/2021\/01\/WhatsApp-Image-2021-01-23-at-20.46.13-2.jpeg 720w, http:\/\/gilvander.org.br\/site\/wp-content\/uploads\/2021\/01\/WhatsApp-Image-2021-01-23-at-20.46.13-2-150x150.jpeg 150w, http:\/\/gilvander.org.br\/site\/wp-content\/uploads\/2021\/01\/WhatsApp-Image-2021-01-23-at-20.46.13-2-300x300.jpeg 300w\" sizes=\"auto, (max-width: 363px) 100vw, 363px\" \/><\/figure><\/div>\n\n\n\n<p>As &nbsp;vit\u00f3rias ser\u00e3o festejadas pelas patadas\nimpressas no peito do povo preto e pobre &#8211; e pobre n\u00e3o por origem, mas por\nconsequ\u00eancia hist\u00f3rica da escravid\u00e3o e das rela\u00e7\u00f5es sociais escravocratas que\ninsistem em se reproduzir cotidianamente. Podem, realmente ser chamadas de\nvit\u00f3rias? H\u00e1 quem ganha perdendo. Perde-se humanidade, \u00e9tica, car\u00e1ter,\nsensibilidade, respeito&#8230; E se isso n\u00e3o os incomoda, mais gravemente afetados\nest\u00e3o por esse sistema de destrui\u00e7\u00e3o e morte, que coloca o capital acima de\ntudo e de todos.<\/p>\n\n\n\n<p>O Brasil, tendo adotado a ilegalidade da\nescravid\u00e3o h\u00e1 pouco mais de um s\u00e9culo, se recusa a abolir a escravid\u00e3o como\npr\u00e1tica social sobre os corpos negros. Sob a hip\u00f3crita capa da prote\u00e7\u00e3o aos\nanimais, h\u00e1 o regozijo sobre o sofrimento negro &#8211; \u201cque puxem eles as carro\u00e7as!\u201d\n&#8211; reverberam!<\/p>\n\n\n\n<p>Por isso, a lei 11.285\/2021 aprovada \u00e9 RACISTA, porque \u00e9 COVARDE! S\u00e3o aguerridos contra os pobres \u2013 quase sempre pretos &#8211; e s\u00e3o submissos aos poderosos das ind\u00fastrias e das armas militares \u2013 quase sempre brancos. S\u00e3o COVARDES, s\u00e3o RACISTAS e t\u00eam \u00d3DIO AOS POBRES! O \u00d3DIO AOS POBRES \u00e9 tal que se maquia se como projeto educativo! <\/p>\n\n\n\n<div class=\"wp-block-image\"><figure class=\"alignleft is-resized\"><img loading=\"lazy\" decoding=\"async\" src=\"http:\/\/gilvander.org.br\/site\/wp-content\/uploads\/2021\/01\/WhatsApp-Image-2021-01-23-at-20.46.13-1.jpeg\" alt=\"\" class=\"wp-image-9420\" width=\"379\" height=\"379\" srcset=\"http:\/\/gilvander.org.br\/site\/wp-content\/uploads\/2021\/01\/WhatsApp-Image-2021-01-23-at-20.46.13-1.jpeg 853w, http:\/\/gilvander.org.br\/site\/wp-content\/uploads\/2021\/01\/WhatsApp-Image-2021-01-23-at-20.46.13-1-150x150.jpeg 150w, http:\/\/gilvander.org.br\/site\/wp-content\/uploads\/2021\/01\/WhatsApp-Image-2021-01-23-at-20.46.13-1-300x300.jpeg 300w, http:\/\/gilvander.org.br\/site\/wp-content\/uploads\/2021\/01\/WhatsApp-Image-2021-01-23-at-20.46.13-1-768x768.jpeg 768w\" sizes=\"auto, (max-width: 379px) 100vw, 379px\" \/><\/figure><\/div>\n\n\n\n<p>Pretensamente, a prefeitura dever\u00e1\noferecer cursos de forma\u00e7\u00e3o \u00e0queles que se tornar\u00e3o desempregados e ser\u00e3o\nempurrados para a mis\u00e9ria, a fome e a morte lenta, um pouco a cada dia. Entretanto,\na quest\u00e3o fundamental n\u00e3o repousa sobre a forma\u00e7\u00e3o, mas sobre a GARANTIA DE\nTRABALHO! As pessoas e suas fam\u00edlias n\u00e3o se sustentam por possibilidades, e sim\npor efetividades! A conquista do p\u00e3o, o pagamento das contas, os gastos com\nsa\u00fade e lazer n\u00e3o s\u00e3o advindos de ilus\u00f5es, mas de trabalho concreto, renda e\nsuor. A prefeitura da capital mineira, os vereadores e as agremia\u00e7\u00f5es\nsupostamente dedicadas \u00e0 pretensa prote\u00e7\u00e3o animal garantir\u00e3o a vida digna das\nmais de 10 mil fam\u00edlias carroceiras, com trabalho e renda!? \u2013 N\u00c3O!!! S\u00e3o\nhip\u00f3critas! Ent\u00e3o, o projeto, transformado em lei, simplesmente n\u00e3o prev\u00ea e nem\ngarante isso. Por isso, al\u00e9m de RACISTA e COVARDE, \u00e9 um projeto de \u00d3DIO AOS\nPOBRES! N\u00c3O BASTA A POBREZA, DEVEM SER JOGADOS NA MIS\u00c9RIA!<\/p>\n\n\n\n<p>A prefeitura de BH sabe que em Porto\nAlegre, RS, sob administra\u00e7\u00e3o de direita e antipopular, ap\u00f3s a proibi\u00e7\u00e3o do\ntrabalho dos\/as carroceiras, apenas uma \u00ednfima minoria conseguiu algum tipo de\noutro trabalho, e pesquisa da pr\u00f3pria prefeitura demonstrou que milhares de\nfam\u00edlias foram empurradas para a mis\u00e9ria e a fome.<\/p>\n\n\n\n<p>Pisar, violentar e cuspir na Comunidade\nTradicional Carroceira em Belo Horizonte entristece o horizonte e violenta a\nhist\u00f3ria de BH, cidade constru\u00edda pelo povo carroceiro desde o Curral del Rey.\nPor v\u00e1rias d\u00e9cadas, antes da tra\u00e7\u00e3o motora, os carroceiros foram imprescind\u00edveis\npara a constru\u00e7\u00e3o de BH. Centenas e centenas de carro\u00e7as pegavam as mercadorias\nna Pra\u00e7a da Esta\u00e7\u00e3o trazida pelos trens e distribu\u00edam para toda a cidade. No\nMuseu de Arte e Of\u00edcios, situada na mesma Pra\u00e7a da Esta\u00e7\u00e3o, est\u00e3o expostas nas\nvitrines carro\u00e7as antigas e utens\u00edlios dos carroceiros e tropeiros. Considerado o primeiro projeto museol\u00f3gico dedicado\nintegralmente ao tema do&nbsp;<a href=\"https:\/\/pt.wikipedia.org\/wiki\/Trabalho_(economia)\">trabalho<\/a>, das artes e dos of\u00edcios de todo o pa\u00eds, entende-se\nque h\u00e1 um reconhecimento desta categoria sociocultural, em n\u00edvel nacional, mas\nparece que a atual gest\u00e3o da capital mineira prefere ouvir os \u201cnegacionistas\u201d.\nH\u00e1 ainda v\u00e1rios artigos, publica\u00e7\u00f5es, livros e teses de mestrado e de doutorado\nsobre a mem\u00f3ria, a hist\u00f3ria, os direitos e a tradi\u00e7\u00e3o carroceira. Os racistas,\nna pr\u00e1tica, dizem: \u201cNo museu e nos livros podem estar, mas nas ruas como\ncultura viva n\u00e3o pode\u201d. Matar a diversidade cultural \u00e9 exterminar o futuro de\numa cidade que queremos justa, fraterna, solid\u00e1ria, o que passa necessariamente\npela valoriza\u00e7\u00e3o e reconhecimento da imensa diversidade biocultural presente na\ncidade. Tudo isso apunhalado agora por esta lei racista.<\/p>\n\n\n\n<p>O que fazer com os milhares de animais\n(cavalos, \u00e9guas, burros e mulas) que foram proibidos de integrar a comunidade\ncarroceira? A solu\u00e7\u00e3o apresentada pelos que tentam criminalizar os carroceiros\ntem sido a \u201cado\u00e7\u00e3o solid\u00e1ria\u201d. Como proposta, os animais ser\u00e3o adotados por\npessoas que possuam e apresentem capacidades t\u00e9cnicas e econ\u00f4micas suficientes\npara tratar os animais. Essas \u201ccapacidades\u201d indicam um determinado modo de\ntratamento e certa vis\u00e3o \u2013 todas elas estritamente ligadas a uma concep\u00e7\u00e3o\nburguesa que quer limitar o cuidado com os animais \u00e0 concep\u00e7\u00e3o reduzida de se\nter os animais como seres enclausurados em apartamentos e castrados em nome da\ndocilidade e submiss\u00e3o. Adestramento e controle social preconizados por grupos higienistas\ne racistas, aos quais as carroceiras e os carroceiros jamais se submeter\u00e3o! <\/p>\n\n\n\n<p>Esse distanciamento das m\u00faltiplas\npr\u00e1ticas desenvolvidas pelos povos \u00e9 uma concep\u00e7\u00e3o burguesa e absolutamente\nredutora e est\u00fapida ante a hist\u00f3ria e cultura desenvolvida na rela\u00e7\u00e3o entre\nseres humanos e animais. Ser\u00e3o entre 15 e 20 mil animais que n\u00e3o ter\u00e3o mais\ngarantias de cuidado, porque trabalhadoras e trabalhadores ainda mais\nempobrecidos que agora n\u00e3o ser\u00e3o capazes de sustentar os animais. Obviamente\nn\u00e3o se trata de uma ado\u00e7\u00e3o, mas de um confisco dos cavalos, parceiros\nintegrantes das fam\u00edlias carroceiras, imprescind\u00edveis para o trabalho di\u00e1rio\npara garantir o p\u00e3o de cada dia! Na pr\u00e1tica, roubo dos pobres pelos ricos! A\n\u201cado\u00e7\u00e3o solid\u00e1ria\u201d em verdade significa o confisco dos animais cuidados pelos\nempobrecidos e entregues aos economicamente ricos. Belas palavras para encobrir\num p\u00e9rfido objetivo!<\/p>\n\n\n\n<p>Carroceiras e carroceiros constru\u00edram a\nhist\u00f3ria do mundo e tamb\u00e9m de Belo Horizonte. Contribuem com a limpeza urbana\ne, por causa disso, devem ser reconhecidos como agentes de sa\u00fade p\u00fablica e\nprecisam ser respeitados como Comunidade Tradicional composta por homens e\nmulheres, letrados e analfabetos, carrega hist\u00f3ria e cultura e luta contra os\nmaus-tratos para com animais. M\u00e1s atitudes de maus trabalhadores existem em\ntodas as profiss\u00f5es. Em nenhuma delas a extin\u00e7\u00e3o da profiss\u00e3o \u00e9 apontada como\nsolu\u00e7\u00e3o. H\u00e1 maus professores, m\u00e9dicos, juristas, garis, padres, pastores, veterin\u00e1rios,\nvereadores, deputados, carroceiros etc. Maus trabalhadores devem ser\nmonitorados, indicados para a transforma\u00e7\u00e3o de pr\u00e1ticas nocivas e mesmo\nretirados e\/ou proibidos de exercerem a profiss\u00e3o.<\/p>\n\n\n\n<p>Deste modo, o Movimento das Carroceiras\ne Carroceiros n\u00e3o nega a exist\u00eancia de maus-tratos, que n\u00e3o s\u00e3o a regra, e\ntampouco compactua com pr\u00e1ticas nocivas. A solu\u00e7\u00e3o para isso est\u00e1 na\nauto-organiza\u00e7\u00e3o daqueles que trabalham e tamb\u00e9m na constitui\u00e7\u00e3o de pol\u00edticas\np\u00fablicas voltadas para boas pr\u00e1ticas trabalhistas e em CUIDADO COM SERES\nHUMANOS E ANIMAIS. Est\u00e3o tentando crucificar 10.000 fam\u00edlias carroceiras, mas\nestas soerguer\u00e3o assim como Jesus Cristo ressuscitou ap\u00f3s ser crucificado pelos\npodres poderes da religi\u00e3o opressora, da pol\u00edtica imperial e do poderio\necon\u00f4mico dos saduceus, latifundi\u00e1rios da \u00e9poca.<\/p>\n\n\n\n<p>Por fim, seremos enf\u00e1ticos, <strong>A LUTA CARROCEIRA SE ERGUER\u00c1, TRANSFORMAR\u00c1\nASFALTO EM POEIRA E OCUPAR\u00c1 AS RUAS E AVENIDAS DE TODA A BELO HORIZONTE E\nREGI\u00c3O METROPOLITANA!<\/strong><\/p>\n\n\n\n<p>A defesa do meio ambiente \u00e9 justa e\nnecess\u00e1ria! T\u00e3o justa e necess\u00e1ria quanto a an\u00e1lise real das condi\u00e7\u00f5es e\nnecessidades daqueles que vivem \u2013 animais humanos e n\u00e3o humanos \u2013 estes e todas\nas outras formas de vida.<\/p>\n\n\n\n<p>O RACISMO, o NEGACIONISMO, O \u00d3DIO AOS\nPOBRES E A COVARDIA devem ser denunciados todos os dias! N\u00e3o se constr\u00f3i um\nfuturo promissor \u00e0 custa de mentiras e preconceitos. O povo pobre e trabalhador\nque constr\u00f3i a vida na carro\u00e7a lutar\u00e1 sempre pelos seus direitos, que s\u00e3o\nsagrados e necess\u00e1rios!<\/p>\n\n\n\n<p>A comunidade carroceira gritar\u00e1 em cada\nrinc\u00e3o dessa cidade: <strong>\u201cA CIDADE \u00c9 NOSSA\nRO\u00c7A! NOSSA LUTA \u00c9 NA CARRO\u00c7A!\u201d <\/strong><\/p>\n\n\n\n<p>Assina esta Nota:<\/p>\n\n\n\n<p><strong>ACCBM \u2013 Associa\u00e7\u00e3o dos Carroceiros e Carroceiras\nUnidos\/as de BH e Regi\u00e3o Metropolitana<\/strong><\/p>\n\n\n\n<p><a><strong>Apoiam\na luta da Comunidade Carroceira:<\/strong><\/a><\/p>\n\n\n\n<p>&#8211; Comiss\u00e3o Estadual para o Desenvolvimento Sustent\u00e1vel dos&nbsp;Povos e\nComunidades Tradicionais de Minas Gerais \u2013 CEPCT-MG <\/p>\n\n\n\n<p>&#8211; Conselho Estadual de Promo\u00e7\u00e3o da Igualdade Racial \u2013 CONEPIR\/MG<\/p>\n\n\n\n<p>&#8211; Associa\u00e7\u00e3o dos Carroceiros de Contagem<\/p>\n\n\n\n<p>&#8211; Comitiva de Muladeiros de Nova Lima<\/p>\n\n\n\n<p>&#8211; Kaipora \u2013 Laborat\u00f3rio de Estudos Bioculturais \u2013 UEMG <\/p>\n\n\n\n<p>&#8211; Comiss\u00e3o Pastoral da Terra \u2013 CPT\/MG<\/p>\n\n\n\n<p>&#8211; CEDEFES \u2013 Centro de Documenta\u00e7\u00e3o Eloy Ferreira da Silva<\/p>\n\n\n\n<p>&#8211; Movimento de Organiza\u00e7\u00e3o de Base (MOB)<\/p>\n\n\n\n<p>&#8211; Associa\u00e7\u00e3o Estadual Cultural de Direitos e Defesa dos Povos Ciganos<\/p>\n\n\n\n<p>&#8211; C\u00e1ritas Brasileira &#8211; Regional Minas Gerais<\/p>\n\n\n\n<p>&#8211; FONSANPOTMA \u2013 F\u00f3rum Nacional de Seguran\u00e7a Alimentar e Nutricional dos\nPovos Tradicionais de Matriz Africana<\/p>\n\n\n\n<p>&#8211; RENAP &#8211; Rede Nacional de Advogadas e Advogados Populares<\/p>\n\n\n\n<p>&#8211; Movimento Nacional de Catadores de Material Recicl\u00e1vel (MNCMR)<\/p>\n\n\n\n<p>&#8211; Movimento dos Trabalhadores Rurais Sem Terra \u2013 MST\/MG<\/p>\n\n\n\n<p>&#8211; Comit\u00ea Chico Mendes<\/p>\n\n\n\n<p>&#8211; Centro Franciscano de Defesa de Direitos<\/p>\n\n\n\n<p>&#8211; MTD &#8211; Movimento de Trabalhadoras e Trabalhadores por Direitos<\/p>\n\n\n\n<p>&#8211; F\u00f3rum Pol\u00edtico Interreligioso \u2013 Belo Horizonte \u2013 MG<\/p>\n\n\n\n<p>&#8211; Vicariato Episcopal para A\u00e7\u00e3o Social, Pol\u00edtica e Ambiental \u2013\nArquidiocese de Belo Horizonte<\/p>\n\n\n\n<p>&#8211; Articula\u00e7\u00e3o Emba\u00faba \u2013 Parteiras, Raizeiras e Benzedeiras da RMBH<\/p>\n\n\n\n<p>&#8211; AMAU &#8211; Articula\u00e7\u00e3o Metropolitana de Agricultura Urbana<\/p>\n\n\n\n<p>&#8211; Coletivo de Agroecologia do Aglomerado Cabana<\/p>\n\n\n\n<p>&#8211; Brigadas Populares<\/p>\n\n\n\n<p>&#8211; MLB &#8211; Movimento de Luta de nos Bairros, Vilas e Favelas<\/p>\n\n\n\n<p>&#8211; Movimento de Liberta\u00e7\u00e3o Popular (MLP)<\/p>\n\n\n\n<p>&#8211; INSEA&nbsp; (Instituto Nenuca de\nDesenvolvimento Sustent\u00e1vel)<\/p>\n\n\n\n<p>&#8211; Coaliza\u00e7\u00e3o Pelo Clima &#8211; BH<\/p>\n\n\n\n<p>&#8211; Projeto Mapeamento de Povos e Comunidades Tradicionais de Minas Gerais\n\u2013 UFMG <\/p>\n\n\n\n<p>&#8211; AU\u00ca \u2013 Grupo de Estudos em Agricultura Urbana \u2013 UFMG<\/p>\n\n\n\n<p>&#8211; GESTA \u2013 Grupo de Estudos em Tem\u00e1ticas Ambientais \u2013 UFMG<\/p>\n\n\n\n<p>&#8211; GEPTT \u2013 Grupo de Estudos e Pesquisas em Trabalho e Tecnologias &#8211; CEFET\n\u2013 MG<\/p>\n\n\n\n<p>&#8211; MUTIR\u00d3 \u2013 N\u00facleo de Estudos em Agroecologia \u2013 CEFET-MG\/UEMG<\/p>\n\n\n\n<p>&#8211; LEAEH \u2013 Laborat\u00f3rio de Educa\u00e7\u00e3o Ambiental e Ecologia Humana &#8211;\nUNIMONTES<\/p>\n\n\n\n<p>&#8211; NIISA \u2013 N\u00facleo Interdisciplinar de Investiga\u00e7\u00e3o Socioambiental &#8211;\nUNIMONTES<\/p>\n","protected":false},"excerpt":{"rendered":"<p>DIA TRISTE EM BELO HORIZONTE PELA APROVA\u00c7\u00c3O DA LEI QUE PRO\u00cdBE O TRABALHO DE 10.000 CARROCEIROS\/AS. As bandeiras da justi\u00e7a, da verdade e da vida digna flamulam a meia altura. Nota p\u00fablica! No dia de<\/p>\n","protected":false},"author":2,"featured_media":9415,"comment_status":"open","ping_status":"open","sticky":false,"template":"","format":"standard","meta":{"footnotes":""},"categories":[21,31,40,46,44,38,49,41,37,39,35,27,29,33,43,26],"tags":[],"class_list":["post-9414","post","type-post","status-publish","format-standard","has-post-thumbnail","hentry","category-artigo","category-catadores-de-material-reciclavel","category-direito-a-cidade","category-direito-a-cultura-popular","category-direito-a-memoria","category-direito-a-saude","category-direito-a-terra","category-direitos-dos-carroceiros","category-direitos-dos-ciganos","category-direitos-dos-povos-indigenas","category-direitos-dos-quilombolas","category-direitos-humanos","category-movimentos-sociais-populares","category-nota-publica","category-pedagogia-emancipatoria","category-teologia-da-libertacao"],"_links":{"self":[{"href":"http:\/\/gilvander.org.br\/site\/wp-json\/wp\/v2\/posts\/9414","targetHints":{"allow":["GET"]}}],"collection":[{"href":"http:\/\/gilvander.org.br\/site\/wp-json\/wp\/v2\/posts"}],"about":[{"href":"http:\/\/gilvander.org.br\/site\/wp-json\/wp\/v2\/types\/post"}],"author":[{"embeddable":true,"href":"http:\/\/gilvander.org.br\/site\/wp-json\/wp\/v2\/users\/2"}],"replies":[{"embeddable":true,"href":"http:\/\/gilvander.org.br\/site\/wp-json\/wp\/v2\/comments?post=9414"}],"version-history":[{"count":1,"href":"http:\/\/gilvander.org.br\/site\/wp-json\/wp\/v2\/posts\/9414\/revisions"}],"predecessor-version":[{"id":9421,"href":"http:\/\/gilvander.org.br\/site\/wp-json\/wp\/v2\/posts\/9414\/revisions\/9421"}],"wp:featuredmedia":[{"embeddable":true,"href":"http:\/\/gilvander.org.br\/site\/wp-json\/wp\/v2\/media\/9415"}],"wp:attachment":[{"href":"http:\/\/gilvander.org.br\/site\/wp-json\/wp\/v2\/media?parent=9414"}],"wp:term":[{"taxonomy":"category","embeddable":true,"href":"http:\/\/gilvander.org.br\/site\/wp-json\/wp\/v2\/categories?post=9414"},{"taxonomy":"post_tag","embeddable":true,"href":"http:\/\/gilvander.org.br\/site\/wp-json\/wp\/v2\/tags?post=9414"}],"curies":[{"name":"wp","href":"https:\/\/api.w.org\/{rel}","templated":true}]}}