{"id":9422,"date":"2021-01-24T19:45:31","date_gmt":"2021-01-24T22:45:31","guid":{"rendered":"http:\/\/gilvander.org.br\/site\/?p=9422"},"modified":"2021-01-24T19:45:39","modified_gmt":"2021-01-24T22:45:39","slug":"crianca-morre-atropelada-por-caminhao-pipa-na-ocupacao-vitoria-sem-agua-em-belo-horizonte-justica-para-joao-vitor","status":"publish","type":"post","link":"http:\/\/gilvander.org.br\/site\/crianca-morre-atropelada-por-caminhao-pipa-na-ocupacao-vitoria-sem-agua-em-belo-horizonte-justica-para-joao-vitor\/","title":{"rendered":"Crian\u00e7a morre atropelada por caminh\u00e3o pipa na Ocupa\u00e7\u00e3o Vit\u00f3ria, sem \u00e1gua, em Belo Horizonte. JUSTI\u00c7A PARA JO\u00c3O V\u00cdTOR"},"content":{"rendered":"\n<p><strong>Crian\u00e7a morre atropelada por caminh\u00e3o pipa na Ocupa\u00e7\u00e3o Vit\u00f3ria, sem \u00e1gua, em Belo Horizonte. JUSTI\u00c7A PARA JO\u00c3O V\u00cdTOR <\/strong><\/p>\n\n\n\n<figure class=\"wp-block-image is-resized\"><img loading=\"lazy\" decoding=\"async\" src=\"http:\/\/gilvander.org.br\/site\/wp-content\/uploads\/2021\/01\/WhatsApp-Image-2021-01-24-at-12.30.06.jpeg\" alt=\"\" class=\"wp-image-9423\" width=\"654\" height=\"654\" srcset=\"http:\/\/gilvander.org.br\/site\/wp-content\/uploads\/2021\/01\/WhatsApp-Image-2021-01-24-at-12.30.06.jpeg 800w, http:\/\/gilvander.org.br\/site\/wp-content\/uploads\/2021\/01\/WhatsApp-Image-2021-01-24-at-12.30.06-150x150.jpeg 150w, http:\/\/gilvander.org.br\/site\/wp-content\/uploads\/2021\/01\/WhatsApp-Image-2021-01-24-at-12.30.06-300x300.jpeg 300w, http:\/\/gilvander.org.br\/site\/wp-content\/uploads\/2021\/01\/WhatsApp-Image-2021-01-24-at-12.30.06-768x768.jpeg 768w\" sizes=\"auto, (max-width: 654px) 100vw, 654px\" \/><\/figure>\n\n\n\n<p><strong>At\u00e9 quando a COPASA, o Governo de MG e a Prefeitura\nde Belo Horizonte v\u00e3o sonegar \u00e1gua a 30.000 fam\u00edlias em 119 Ocupa\u00e7\u00f5es em BH?<\/strong><\/p>\n\n\n\n<p>Ontem, dia 23 de janeiro de 2021, foi um dia de luto na Ocupa\u00e7\u00e3o-comunidade Vit\u00f3ria, na regi\u00e3o da Izidora, em Belo Horizonte, MG. A neglig\u00eancia do poder p\u00fablico e da COPASA, que negam \u00e1gua a uma comunidade de mais de 8 mil fam\u00edlias das ocupa\u00e7\u00f5es da Izidora, produziu mais uma v\u00edtima ontem: <strong>Jo\u00e3o V\u00edtor Santana, crian\u00e7a de 5 anos, enquanto brincava na rua de sua casa, morreu atropelado por um caminh\u00e3o Pipa.<\/strong> Isso mesmo: CAMINH\u00c3O PIPA EM BELO HORIZONTE, porque a COPASA, Governo de Minas Gerais e Prefeitura de Belo Horizonte continuam negando \u00e1gua a 30.000 fam\u00edlias em 119 Ocupa\u00e7\u00f5es, com alega\u00e7\u00e3o imoral de quem n\u00e3o s\u00e3o comunidades regularizadas. Assim, o Estado viola um direito essencial: direito a \u00e1gua, bem comum e essencial.<\/p>\n\n\n\n<p>Jo\u00e3o V\u00edtor era uma\ncrian\u00e7a de luta. Na Ocupa\u00e7\u00e3o Vit\u00f3ria conquistou junto com sua fam\u00edlia o direito\nde um teto para morar, mas enfrentou a nega\u00e7\u00e3o de diversos outros direitos como\no direito \u00e0 educa\u00e7\u00e3o, direito de ter \u00e1gua para banhar-se, energia el\u00e9trica\nregular, uma rua pavimentada. Em uma cidade rica como Belo Horizonte, mas\ntremendamente desigual e injusta socialmente, JO\u00c3O V\u00cdTOR morreu, porque a\ncomunidade, consolidada h\u00e1 quase 9 anos, ainda precisa de recorrer a caminh\u00e3o\npipa para ter o b\u00e1sico para sobreviver: a \u00e1gua!<\/p>\n\n\n\n<p>A situa\u00e7\u00e3o \u00e9 muito\ngrave, ainda mais durante uma pandemia, com as escolas fechadas, sem \u00e1gua e sem\nrenda, as crian\u00e7as vivem m\u00faltiplas viola\u00e7\u00f5es de direitos. Uma cidade que n\u00e3o\nviabiliza condi\u00e7\u00f5es de vida digna para suas crian\u00e7as n\u00e3o \u00e9 uma cidade justa. <\/p>\n\n\n\n<p>No ano passado, a\ncomunidade realizou manifesta\u00e7\u00e3o na porta da COPASA, porque n\u00e3o tinha uma gota\nde \u00e1gua h\u00e1 meses nas torneiras. A COPASA, no entanto, se esquivou de sua\nresponsabilidade, dizendo que a Prefeitura de BH deveria apresentar o Plano de\nUrbaniza\u00e7\u00e3o primeiro. A prefeitura, por sua vez, informa que j\u00e1 autorizou a\ninstala\u00e7\u00e3o de \u00e1gua em diversas ruas. Empurra de l\u00e1, empurra de c\u00e1, nada se\nresolve e quem paga a conta, com a pr\u00f3pria vida, \u00e9 o povo pobre e negro nas ocupa\u00e7\u00f5es\nurbanas em BH.<\/p>\n\n\n\n<p>A verdade \u00e9 que a\nprefeitura de Belo Horizonte, prefeito Alexandre Kalil, a COPASA e o governador\nRomeu Zema s\u00e3o correspons\u00e1veis irrespons\u00e1veis por essa morte t\u00e3o tr\u00e1gica, que\nceifou uma vida inocente ainda come\u00e7ando. <strong>Quantas\ncrian\u00e7as, como Jo\u00e3o V\u00edtor, ainda ser\u00e3o assassinadas para que os direitos de\ncrian\u00e7as e adolescentes de periferias sejam respeitados?<\/strong><\/p>\n\n\n\n<p>Denunciamos com\nl\u00e1grimas nos olhos, o cora\u00e7\u00e3o apertado de tristeza e revolta essa morte.\nClamamos para que os \u00f3rg\u00e3os p\u00fablicos tomem provid\u00eancias imediatas para a\ninstala\u00e7\u00e3o de \u00e1gua nas comunidades.<\/p>\n\n\n\n<p>Exigimos atua\u00e7\u00e3o da\nDefensoria P\u00fablica de Minas Gerais e do Minist\u00e9rio P\u00fablico de Minas Gerias com medidas\nnecess\u00e1rias para superar essa viola\u00e7\u00e3o de direitos que n\u00e3o d\u00e1 mais para\ntolerar.<\/p>\n\n\n\n<p>Que a morte de Jo\u00e3o\nV\u00edtor n\u00e3o seja em v\u00e3o! Que o direito \u00e0 \u00e1gua seja universal em toda Belo\nHorizonte! Que possamos construir com as crian\u00e7as uma cidade para todas as\npessoas.<\/p>\n\n\n\n<p>Nosso abra\u00e7o\nsolid\u00e1rio \u00e0 fam\u00edlia de Jo\u00e3o V\u00edtor Santana e a toda a Ocupa\u00e7\u00e3o-Comunidade\nVit\u00f3ria, nome de outra crian\u00e7a da comunidade no momento do in\u00edcio da comunidade\nem 2013.<\/p>\n\n\n\n<p>Jo\u00e3o V\u00edtor,\nPresente, sempre em n\u00f3s, na luta!<\/p>\n\n\n\n<p>Repetimos a\npergunta: <strong>At\u00e9 quando a COPASA, o Governo\nde MG e a Prefeitura de Belo Horizonte v\u00e3o sonegar \u00e1gua a 30.000 fam\u00edlias em\n119 Ocupa\u00e7\u00f5es em BH?<\/strong><\/p>\n\n\n\n<p>Assinam esta Nota:<\/p>\n\n\n\n<p>&#8211; Ocupa\u00e7\u00e3o Vit\u00f3ria <\/p>\n\n\n\n<p>&#8211; Brigadas\nPopulares <\/p>\n\n\n\n<p>&#8211; Comiss\u00e3o Pastoral\nda Terra (CPT\/MG)<\/p>\n\n\n\n<p>&#8211; Ocupa\u00e7\u00e3o Rosa\nLe\u00e3o<\/p>\n\n\n\n<p>&#8211; Ocupa\u00e7\u00e3o\nEsperan\u00e7a<\/p>\n\n\n\n<p>&#8211; Ocupa\u00e7\u00e3o Helena\nGreco<\/p>\n\n\n\n<p>&#8211; Vereadora Bella\nGon\u00e7alves &#8211; PSOL<\/p>\n\n\n\n<p>&#8211; Projeto Unscorre\n&#8211; EA UFMG<\/p>\n\n\n\n<p>&#8211; Projeto de extens\u00e3o\nPROSA (Escola de Forma\u00e7\u00e3o de Autoprodutores em Processos S\u00f3cio-Ambientais) &#8211; AU\nPUCMINAS<\/p>\n\n\n\n<p>&#8211; Projeto de\npesquisa RFP (Regulariza\u00e7\u00e3o Fundi\u00e1ria Plena) &#8211; AU PUCMINAS<\/p>\n\n\n\n<p>&#8211; Advogadas da\nIzidora<\/p>\n\n\n\n<p>&#8211; Unidade Popular\n(UP)<\/p>\n\n\n\n<p>&#8211; Movimento de Luta\nnos Bairros, Vilas e Favelas &#8211; MLB<\/p>\n\n\n\n<p>&#8211; Arquitetas Sem\nFronteiras.<\/p>\n\n\n\n<p>&#8211; PSOL &#8211; Partido\nSocialismo e Liberdade<\/p>\n\n\n\n<p>Belo Horizonte, MG, 24 de janeiro de 2021<\/p>\n\n\n\n<p><strong>Obs<\/strong>.: Os sete videorreportagens nos\nlinks, abaixo, &nbsp;s\u00e3o parte dos treze\nvideorreportagens que frei Gilvander j\u00e1 fez denunciando a falta de \u00e1gua nas\nOcupa\u00e7\u00f5es da Izidora. Ilustram o assunto tratado acima.<\/p>\n\n\n\n<p><strong>1 &#8211; Cad\u00ea \u00e1gua e energia, Kalil\/COPASA\/CEMIG?\nSeis anos da Ocupa\u00e7\u00e3o Vit\u00f3ria\/Izidora em BH. V\u00eddeo 3<\/strong><\/p>\n\n\n\n<figure class=\"wp-block-embed-youtube wp-block-embed is-type-video is-provider-youtube wp-embed-aspect-16-9 wp-has-aspect-ratio\"><div class=\"wp-block-embed__wrapper\">\n<div class=\"epyt-video-wrapper\"><iframe loading=\"lazy\"  id=\"_ytid_63482\"  width=\"810\" height=\"456\"  data-origwidth=\"810\" data-origheight=\"456\" src=\"https:\/\/www.youtube.com\/embed\/K29x4Mzq_3c?enablejsapi=1&#038;autoplay=0&#038;cc_load_policy=0&#038;cc_lang_pref=&#038;iv_load_policy=1&#038;loop=0&#038;rel=1&#038;fs=1&#038;playsinline=0&#038;autohide=2&#038;theme=dark&#038;color=red&#038;controls=1&#038;disablekb=0&#038;\" class=\"__youtube_prefs__  epyt-is-override  no-lazyload\" title=\"YouTube player\"  allow=\"fullscreen; accelerometer; autoplay; clipboard-write; encrypted-media; gyroscope; picture-in-picture; web-share\" referrerpolicy=\"strict-origin-when-cross-origin\" allowfullscreen data-no-lazy=\"1\" data-skipgform_ajax_framebjll=\"\"><\/iframe><\/div>\n<\/div><\/figure>\n\n\n\n<p><strong>2 &#8211; \u00c1gua pela COPASA na Izidora? Poesia e\nluta por direitos na Ocupa\u00e7\u00e3o Rosa Le\u00e3o. 10\/8\/17. 5\u00ba v\u00eddeo<\/strong><\/p>\n\n\n\n<figure class=\"wp-block-embed-youtube wp-block-embed is-type-video is-provider-youtube wp-embed-aspect-16-9 wp-has-aspect-ratio\"><div class=\"wp-block-embed__wrapper\">\n<div class=\"epyt-video-wrapper\"><iframe loading=\"lazy\"  id=\"_ytid_39927\"  width=\"810\" height=\"456\"  data-origwidth=\"810\" data-origheight=\"456\" src=\"https:\/\/www.youtube.com\/embed\/4eLrduAWfx8?enablejsapi=1&#038;autoplay=0&#038;cc_load_policy=0&#038;cc_lang_pref=&#038;iv_load_policy=1&#038;loop=0&#038;rel=1&#038;fs=1&#038;playsinline=0&#038;autohide=2&#038;theme=dark&#038;color=red&#038;controls=1&#038;disablekb=0&#038;\" class=\"__youtube_prefs__  epyt-is-override  no-lazyload\" title=\"YouTube player\"  allow=\"fullscreen; accelerometer; autoplay; clipboard-write; encrypted-media; gyroscope; picture-in-picture; web-share\" referrerpolicy=\"strict-origin-when-cross-origin\" allowfullscreen data-no-lazy=\"1\" data-skipgform_ajax_framebjll=\"\"><\/iframe><\/div>\n<\/div><\/figure>\n\n\n\n<p><strong>3 &#8211; Povo da Ocupa\u00e7\u00e3o Vit\u00f3ria clama por \u00e1gua.\nCOPASA NAS OCUPA\u00c7\u00d5ES DA IZIDORA? 10\/8\/17. 3a reportagem<\/strong><\/p>\n\n\n\n<figure class=\"wp-block-embed-youtube wp-block-embed is-type-video is-provider-youtube wp-embed-aspect-16-9 wp-has-aspect-ratio\"><div class=\"wp-block-embed__wrapper\">\n<div class=\"epyt-video-wrapper\"><iframe loading=\"lazy\"  id=\"_ytid_85807\"  width=\"810\" height=\"456\"  data-origwidth=\"810\" data-origheight=\"456\" src=\"https:\/\/www.youtube.com\/embed\/iCiawktI38M?enablejsapi=1&#038;autoplay=0&#038;cc_load_policy=0&#038;cc_lang_pref=&#038;iv_load_policy=1&#038;loop=0&#038;rel=1&#038;fs=1&#038;playsinline=0&#038;autohide=2&#038;theme=dark&#038;color=red&#038;controls=1&#038;disablekb=0&#038;\" class=\"__youtube_prefs__  epyt-is-override  no-lazyload\" title=\"YouTube player\"  allow=\"fullscreen; accelerometer; autoplay; clipboard-write; encrypted-media; gyroscope; picture-in-picture; web-share\" referrerpolicy=\"strict-origin-when-cross-origin\" allowfullscreen data-no-lazy=\"1\" data-skipgform_ajax_framebjll=\"\"><\/iframe><\/div>\n<\/div><\/figure>\n\n\n\n<p><strong>4 &#8211; Ocupa\u00e7\u00e3o Esperan\u00e7a, em BH: Luiz Roberto\nchora exigindo \u00e1gua da COPASA. &#8220;Negar \u00e1gua?&#8221; 14\/10\/14<\/strong><\/p>\n\n\n\n<figure class=\"wp-block-embed-youtube wp-block-embed is-type-video is-provider-youtube wp-embed-aspect-16-9 wp-has-aspect-ratio\"><div class=\"wp-block-embed__wrapper\">\n<div class=\"epyt-video-wrapper\"><iframe loading=\"lazy\"  id=\"_ytid_75561\"  width=\"810\" height=\"456\"  data-origwidth=\"810\" data-origheight=\"456\" src=\"https:\/\/www.youtube.com\/embed\/p22tTKMcD7I?enablejsapi=1&#038;autoplay=0&#038;cc_load_policy=0&#038;cc_lang_pref=&#038;iv_load_policy=1&#038;loop=0&#038;rel=1&#038;fs=1&#038;playsinline=0&#038;autohide=2&#038;theme=dark&#038;color=red&#038;controls=1&#038;disablekb=0&#038;\" class=\"__youtube_prefs__  epyt-is-override  no-lazyload\" title=\"YouTube player\"  allow=\"fullscreen; accelerometer; autoplay; clipboard-write; encrypted-media; gyroscope; picture-in-picture; web-share\" referrerpolicy=\"strict-origin-when-cross-origin\" allowfullscreen data-no-lazy=\"1\" data-skipgform_ajax_framebjll=\"\"><\/iframe><\/div>\n<\/div><\/figure>\n\n\n\n<p><strong>5 &#8211; Ocupa\u00e7\u00f5es do Isidoro sem \u00e1gua. A COPASA\nest\u00e1 negando \u00e1gua para as ocupa\u00e7\u00f5es. 14\/10\/14<\/strong><\/p>\n\n\n\n<figure class=\"wp-block-embed-youtube wp-block-embed is-type-video is-provider-youtube wp-embed-aspect-16-9 wp-has-aspect-ratio\"><div class=\"wp-block-embed__wrapper\">\n<div class=\"epyt-video-wrapper\"><iframe loading=\"lazy\"  id=\"_ytid_85687\"  width=\"810\" height=\"456\"  data-origwidth=\"810\" data-origheight=\"456\" src=\"https:\/\/www.youtube.com\/embed\/Gh64BqywCs0?enablejsapi=1&#038;autoplay=0&#038;cc_load_policy=0&#038;cc_lang_pref=&#038;iv_load_policy=1&#038;loop=0&#038;rel=1&#038;fs=1&#038;playsinline=0&#038;autohide=2&#038;theme=dark&#038;color=red&#038;controls=1&#038;disablekb=0&#038;\" class=\"__youtube_prefs__  epyt-is-override  no-lazyload\" title=\"YouTube player\"  allow=\"fullscreen; accelerometer; autoplay; clipboard-write; encrypted-media; gyroscope; picture-in-picture; web-share\" referrerpolicy=\"strict-origin-when-cross-origin\" allowfullscreen data-no-lazy=\"1\" data-skipgform_ajax_framebjll=\"\"><\/iframe><\/div>\n<\/div><\/figure>\n\n\n\n<p><strong>6 &#8211; Ocupa\u00e7\u00e3o Rosa Le\u00e3o, em BH, tamb\u00e9m com\nescassez de \u00e1gua Cad\u00ea a \u00e1gua, COPASA? 14\/10\/14<\/strong><\/p>\n\n\n\n<figure class=\"wp-block-embed-youtube wp-block-embed is-type-video is-provider-youtube wp-embed-aspect-16-9 wp-has-aspect-ratio\"><div class=\"wp-block-embed__wrapper\">\n<div class=\"epyt-video-wrapper\"><iframe loading=\"lazy\"  id=\"_ytid_62503\"  width=\"810\" height=\"456\"  data-origwidth=\"810\" data-origheight=\"456\" src=\"https:\/\/www.youtube.com\/embed\/Iyon8laaUP0?enablejsapi=1&#038;autoplay=0&#038;cc_load_policy=0&#038;cc_lang_pref=&#038;iv_load_policy=1&#038;loop=0&#038;rel=1&#038;fs=1&#038;playsinline=0&#038;autohide=2&#038;theme=dark&#038;color=red&#038;controls=1&#038;disablekb=0&#038;\" class=\"__youtube_prefs__  epyt-is-override  no-lazyload\" title=\"YouTube player\"  allow=\"fullscreen; accelerometer; autoplay; clipboard-write; encrypted-media; gyroscope; picture-in-picture; web-share\" referrerpolicy=\"strict-origin-when-cross-origin\" allowfullscreen data-no-lazy=\"1\" data-skipgform_ajax_framebjll=\"\"><\/iframe><\/div>\n<\/div><\/figure>\n\n\n\n<p><strong>7 &#8211; Ocupa\u00e7\u00e3o Esperan\u00e7a, em BH: COPASA\ndeixando ocupa\u00e7\u00f5es sem \u00e1gua em BH e regi\u00e3o metropolitana. 14\/10\/14<\/strong><\/p>\n\n\n\n<figure class=\"wp-block-embed-youtube wp-block-embed is-type-video is-provider-youtube wp-embed-aspect-16-9 wp-has-aspect-ratio\"><div class=\"wp-block-embed__wrapper\">\n<div class=\"epyt-video-wrapper\"><iframe loading=\"lazy\"  id=\"_ytid_52240\"  width=\"810\" height=\"456\"  data-origwidth=\"810\" data-origheight=\"456\" src=\"https:\/\/www.youtube.com\/embed\/Y-gTgfgBSCQ?enablejsapi=1&#038;autoplay=0&#038;cc_load_policy=0&#038;cc_lang_pref=&#038;iv_load_policy=1&#038;loop=0&#038;rel=1&#038;fs=1&#038;playsinline=0&#038;autohide=2&#038;theme=dark&#038;color=red&#038;controls=1&#038;disablekb=0&#038;\" class=\"__youtube_prefs__  epyt-is-override  no-lazyload\" title=\"YouTube player\"  allow=\"fullscreen; accelerometer; autoplay; clipboard-write; encrypted-media; gyroscope; picture-in-picture; web-share\" referrerpolicy=\"strict-origin-when-cross-origin\" allowfullscreen data-no-lazy=\"1\" data-skipgform_ajax_framebjll=\"\"><\/iframe><\/div>\n<\/div><\/figure>\n","protected":false},"excerpt":{"rendered":"<p>Crian\u00e7a morre atropelada por caminh\u00e3o pipa na Ocupa\u00e7\u00e3o Vit\u00f3ria, sem \u00e1gua, em Belo Horizonte. JUSTI\u00c7A PARA JO\u00c3O V\u00cdTOR At\u00e9 quando a COPASA, o Governo de MG e a Prefeitura de Belo Horizonte v\u00e3o sonegar \u00e1gua<\/p>\n","protected":false},"author":2,"featured_media":9423,"comment_status":"open","ping_status":"open","sticky":false,"template":"","format":"standard","meta":{"footnotes":""},"categories":[21,47,40,44,38,49,27,28,29,33,43,18],"tags":[],"class_list":["post-9422","post","type-post","status-publish","format-standard","has-post-thumbnail","hentry","category-artigo","category-direito-a-agua","category-direito-a-cidade","category-direito-a-memoria","category-direito-a-saude","category-direito-a-terra","category-direitos-humanos","category-luta-pela-moradia","category-movimentos-sociais-populares","category-nota-publica","category-pedagogia-emancipatoria","category-videos-de-frei-gilvander"],"_links":{"self":[{"href":"http:\/\/gilvander.org.br\/site\/wp-json\/wp\/v2\/posts\/9422","targetHints":{"allow":["GET"]}}],"collection":[{"href":"http:\/\/gilvander.org.br\/site\/wp-json\/wp\/v2\/posts"}],"about":[{"href":"http:\/\/gilvander.org.br\/site\/wp-json\/wp\/v2\/types\/post"}],"author":[{"embeddable":true,"href":"http:\/\/gilvander.org.br\/site\/wp-json\/wp\/v2\/users\/2"}],"replies":[{"embeddable":true,"href":"http:\/\/gilvander.org.br\/site\/wp-json\/wp\/v2\/comments?post=9422"}],"version-history":[{"count":1,"href":"http:\/\/gilvander.org.br\/site\/wp-json\/wp\/v2\/posts\/9422\/revisions"}],"predecessor-version":[{"id":9424,"href":"http:\/\/gilvander.org.br\/site\/wp-json\/wp\/v2\/posts\/9422\/revisions\/9424"}],"wp:featuredmedia":[{"embeddable":true,"href":"http:\/\/gilvander.org.br\/site\/wp-json\/wp\/v2\/media\/9423"}],"wp:attachment":[{"href":"http:\/\/gilvander.org.br\/site\/wp-json\/wp\/v2\/media?parent=9422"}],"wp:term":[{"taxonomy":"category","embeddable":true,"href":"http:\/\/gilvander.org.br\/site\/wp-json\/wp\/v2\/categories?post=9422"},{"taxonomy":"post_tag","embeddable":true,"href":"http:\/\/gilvander.org.br\/site\/wp-json\/wp\/v2\/tags?post=9422"}],"curies":[{"name":"wp","href":"https:\/\/api.w.org\/{rel}","templated":true}]}}