{"id":9443,"date":"2021-01-26T10:27:30","date_gmt":"2021-01-26T13:27:30","guid":{"rendered":"http:\/\/gilvander.org.br\/site\/?p=9443"},"modified":"2021-01-28T16:23:52","modified_gmt":"2021-01-28T19:23:52","slug":"em-bh-carroceiros-as-proibidos-as-mas-a-historia-e-de-luta-a-esperanca-nasce-por-frei-gilvander","status":"publish","type":"post","link":"http:\/\/gilvander.org.br\/site\/em-bh-carroceiros-as-proibidos-as-mas-a-historia-e-de-luta-a-esperanca-nasce-por-frei-gilvander\/","title":{"rendered":"BH pro\u00edbe carro\u00e7as, mas a hist\u00f3ria \u00e9 de luta, a Esperan\u00e7a nasce! Por Frei Gilvander"},"content":{"rendered":"\n<p><strong>BH pro\u00edbe carro\u00e7as, mas a hist\u00f3ria \u00e9 de luta, a Esperan\u00e7a nasce! <\/strong>Por Gilvander Moreira<a href=\"#_ftn1\"><sup>[1]<\/sup><\/a><\/p>\n\n\n\n<figure class=\"wp-block-image is-resized\"><img loading=\"lazy\" decoding=\"async\" src=\"http:\/\/gilvander.org.br\/site\/wp-content\/uploads\/2021\/01\/WhatsApp-Image-2021-01-26-at-07.37.13-1024x768.jpeg\" alt=\"\" class=\"wp-image-9444\" width=\"654\" height=\"491\" srcset=\"http:\/\/gilvander.org.br\/site\/wp-content\/uploads\/2021\/01\/WhatsApp-Image-2021-01-26-at-07.37.13-1024x768.jpeg 1024w, http:\/\/gilvander.org.br\/site\/wp-content\/uploads\/2021\/01\/WhatsApp-Image-2021-01-26-at-07.37.13-300x225.jpeg 300w, http:\/\/gilvander.org.br\/site\/wp-content\/uploads\/2021\/01\/WhatsApp-Image-2021-01-26-at-07.37.13-768x576.jpeg 768w, http:\/\/gilvander.org.br\/site\/wp-content\/uploads\/2021\/01\/WhatsApp-Image-2021-01-26-at-07.37.13.jpeg 1280w\" sizes=\"auto, (max-width: 654px) 100vw, 654px\" \/><figcaption>Poucas horas ap\u00f3s a aprova\u00e7\u00e3o da Lei 11.285\/21 que pro\u00edbe o trabalho de dez mil carroceiros\/as em Belo Horizonte, nasceu, no bairro Cai\u00e7ara, em BH, uma \u00e9gua no curral do carroceiro Ricardo, filho de Jos\u00e9 Carlos Andrade, o famoso &#8220;Z\u00e9 da \u00c9gua&#8221; &#8211; uma potrinha (uma eguinha), que recebeu o nome de ESPERAN\u00c7A. &#8220;<em>Chegou um beb\u00ea para a nossa fam\u00edlia<\/em>!&#8221;, conta Rosemary Pedrosa Leal, esposa de Ricardo. Com a Esperan\u00e7a est\u00e1 aumentando o n\u00famero de entes desta linda fam\u00edlia carroceira.&nbsp;&nbsp;O nascimento da eguinha ESPERAN\u00c7A est\u00e1 sendo saudado como um sinal do Deus da vida, da for\u00e7a e da luz do Povo Carroceiro, que clama: CARROCEIROS\/AS, UNI-VOS! Fotos: acervo da fam\u00edlia carroceira de Ricardo e Rosemary Pedrosa Leal<\/figcaption><\/figure>\n\n\n\n<p>22 de janeiro de 2021, um dos dias mais tristes da hist\u00f3ria de Belo Horizonte, MG, e regi\u00e3o: partiram para a vida em plenitude o Padre Pigi (Pier Luigi Bernareggi) e o Professor Michel Marie Le Ven; e o prefeito Alexandre Kalil (PSD) sancionou a lei 11.285\/2021 que extingue o trabalho e o sustento financeiro de cerca de 10 mil fam\u00edlias carroceiras de Belo Horizonte (BH)<a href=\"#_ftn2\">[2]<\/a>. A lei prev\u00ea que, em prazo m\u00e1ximo de 10 anos, a tra\u00e7\u00e3o animal em BH n\u00e3o mais exista e seja pass\u00edvel de puni\u00e7\u00e3o a desobedi\u00eancia dos que permanecerem nesta pr\u00e1tica. Dez mil carroceiros\/as est\u00e3o sendo encurralados\/as e colocados\/as no corredor da morte lenta. Sob a capa do pretenso cuidado com os animais impera o manto do racismo, do \u00f3dio aos pobres, do higienismo, do autoritarismo, da viola\u00e7\u00e3o aos direitos dos povos e comunidades tradicionais, entre os quais est\u00e3o os\/as carroceiros\/as, quilombolas, os\/as ciganos\/as, agricultores familiares e demais comunidades tradicionais que utilizam a carro\u00e7a no seu dia a dia para trabalhar e viver. <\/p>\n\n\n\n<figure class=\"wp-block-image is-resized\"><img loading=\"lazy\" decoding=\"async\" src=\"http:\/\/gilvander.org.br\/site\/wp-content\/uploads\/2021\/01\/WhatsApp-Image-2021-01-21-at-23.12.57-1-768x1024.jpeg\" alt=\"\" class=\"wp-image-9445\" width=\"653\" height=\"870\" srcset=\"http:\/\/gilvander.org.br\/site\/wp-content\/uploads\/2021\/01\/WhatsApp-Image-2021-01-21-at-23.12.57-1-768x1024.jpeg 768w, http:\/\/gilvander.org.br\/site\/wp-content\/uploads\/2021\/01\/WhatsApp-Image-2021-01-21-at-23.12.57-1-225x300.jpeg 225w, http:\/\/gilvander.org.br\/site\/wp-content\/uploads\/2021\/01\/WhatsApp-Image-2021-01-21-at-23.12.57-1.jpeg 960w\" sizes=\"auto, (max-width: 653px) 100vw, 653px\" \/><figcaption>O grande e hist\u00f3rico carroceiro de Belo Horizonte, MG, Jos\u00e9 Carlos de Andrade, o famoso \u201cZ\u00e9 da \u00c9gua\u201d. <\/figcaption><\/figure>\n\n\n\n<p>Uma cidade com a grandiosidade, a complexidade e a diversidade de Belo Horizonte n\u00e3o pode excluir a popula\u00e7\u00e3o composta por ciganos\/as, quilombolas, ind\u00edgenas, agricultores\/as familiares que s\u00e3o carroceiros\/as por tradi\u00e7\u00e3o de cultura e fam\u00edlia e s\u00e3o tamb\u00e9m Povos e Comunidades Tradicionais, protegidos pelos artigos 215 e 216 da Constitui\u00e7\u00e3o Federal e pela Conven\u00e7\u00e3o 169 da Organiza\u00e7\u00e3o Internacional do Trabalho (OIT), vinculada \u00e0 Organiza\u00e7\u00e3o das Na\u00e7\u00f5es Unidas (ONU). <\/p>\n\n\n\n<figure class=\"wp-block-image is-resized\"><img loading=\"lazy\" decoding=\"async\" src=\"http:\/\/gilvander.org.br\/site\/wp-content\/uploads\/2021\/01\/WhatsApp-Image-2021-01-21-at-23.13.24-1-768x1024.jpeg\" alt=\"\" class=\"wp-image-9446\" width=\"652\" height=\"869\" srcset=\"http:\/\/gilvander.org.br\/site\/wp-content\/uploads\/2021\/01\/WhatsApp-Image-2021-01-21-at-23.13.24-1-768x1024.jpeg 768w, http:\/\/gilvander.org.br\/site\/wp-content\/uploads\/2021\/01\/WhatsApp-Image-2021-01-21-at-23.13.24-1-225x300.jpeg 225w, http:\/\/gilvander.org.br\/site\/wp-content\/uploads\/2021\/01\/WhatsApp-Image-2021-01-21-at-23.13.24-1.jpeg 960w\" sizes=\"auto, (max-width: 652px) 100vw, 652px\" \/><\/figure>\n\n\n\n<p>Consideramos a lei 11.285\/2021 racista na medida em que pro\u00edbe o uso dos animais de tra\u00e7\u00e3o para sustentar fam\u00edlias, mas nada diz sobre o fato de estes e outros animais como os c\u00e3es poderem ser \u201cdomesticados\u201d (violentados) para estra\u00e7alhar pessoas pelos des\u00edgnios de for\u00e7as militares ou para farejar drogas letais e mergulhar em lama t\u00f3xica e biocida. Da mesma forma, n\u00e3o h\u00e1 questionamentos na mesma propor\u00e7\u00e3o que a persegui\u00e7\u00e3o aos carroceiros sobre o uso dos testes em animais que a ind\u00fastria farmac\u00eautica, a cosm\u00e9tica e a militar perpetuam. \u201cPara isso pode maltratar os animais\u201d, dizem hipocritamente. O Brasil, tendo adotado a ilegalidade da escravid\u00e3o h\u00e1 pouco mais de um s\u00e9culo, se recusa a abolir a escravid\u00e3o como pr\u00e1tica social sobre os corpos negros. Sob a hip\u00f3crita capa da prote\u00e7\u00e3o aos animais, h\u00e1 o regozijo sobre o sofrimento negro &#8211; \u201cque puxem eles as carro\u00e7as!\u201d &#8211; reverberam!<\/p>\n\n\n\n<div class=\"wp-block-image\"><figure class=\"alignleft is-resized\"><img loading=\"lazy\" decoding=\"async\" src=\"http:\/\/gilvander.org.br\/site\/wp-content\/uploads\/2021\/01\/WhatsApp-Image-2021-01-22-at-09.18.35-576x1024.jpeg\" alt=\"\" class=\"wp-image-9447\" width=\"332\" height=\"590\" srcset=\"http:\/\/gilvander.org.br\/site\/wp-content\/uploads\/2021\/01\/WhatsApp-Image-2021-01-22-at-09.18.35-576x1024.jpeg 576w, http:\/\/gilvander.org.br\/site\/wp-content\/uploads\/2021\/01\/WhatsApp-Image-2021-01-22-at-09.18.35-169x300.jpeg 169w, http:\/\/gilvander.org.br\/site\/wp-content\/uploads\/2021\/01\/WhatsApp-Image-2021-01-22-at-09.18.35.jpeg 720w\" sizes=\"auto, (max-width: 332px) 100vw, 332px\" \/><\/figure><\/div>\n\n\n\n<p>A\nprefeitura da capital mineira, a maioria dos vereadores e as agremia\u00e7\u00f5es\nsupostamente dedicados \u00e0 pretensa prote\u00e7\u00e3o animal garantir\u00e3o a vida digna das\nmais de 10 mil fam\u00edlias carroceiras, com trabalho e renda!? \u2013 N\u00c3O!!! S\u00e3o\nhip\u00f3critas, pois o projeto, transformado em lei, simplesmente n\u00e3o prev\u00ea e nem\ngarante isso. Por isso, al\u00e9m de racista e covarde, \u00e9 um projeto de \u00f3dio aos\npobres! N\u00e3o basta a pobreza, devem ser jogados na mis\u00e9ria! A prefeitura de Belo\nHorizonte sabe que em Porto Alegre, RS, sob administra\u00e7\u00e3o de direita e\nantipopular, ap\u00f3s a proibi\u00e7\u00e3o do trabalho dos\/as carroceiras, apenas uma \u00ednfima\nminoria conseguiu algum tipo de outro trabalho, e pesquisa da pr\u00f3pria\nprefeitura demonstrou que milhares de fam\u00edlias carroceiras foram empurradas\npara a mis\u00e9ria e a fome.<\/p>\n\n\n\n<p>Pisar, violentar e cuspir na Comunidade Tradicional Carroceira entristece o horizonte e violenta a hist\u00f3ria de BH, cidade constru\u00edda com o trabalho do povo carroceiro desde o Curral del Rey. Trabalho que, por v\u00e1rias d\u00e9cadas, antes da tra\u00e7\u00e3o motora, foi imprescind\u00edvel para a constru\u00e7\u00e3o da futura capital mineira. Centenas e centenas de carro\u00e7as pegavam as mercadorias na Pra\u00e7a da Esta\u00e7\u00e3o trazida pelos trens e distribu\u00edam para toda a cidade. No Museu de Arte e Of\u00edcios, situado na mesma Pra\u00e7a da Esta\u00e7\u00e3o, est\u00e3o expostas nas vitrines carro\u00e7as antigas e utens\u00edlios dos tropeiros. Considerado o primeiro projeto museol\u00f3gico dedicado integralmente ao tema do trabalho, das artes e dos of\u00edcios de todo o pa\u00eds, entende-se que h\u00e1 um reconhecimento desta categoria sociocultural, em n\u00edvel nacional, mas parece que a atual gest\u00e3o da capital mineira prefere ouvir os \u201cnegacionistas\u201d. Os racistas, na pr\u00e1tica, dizem: \u201cNo museu e nos livros podem estar, mas nas ruas como cultura viva n\u00e3o podem\u201d. Matar a diversidade cultural \u00e9 exterminar o futuro de uma cidade que queremos justa, fraterna, solid\u00e1ria, o que passa necessariamente pela valoriza\u00e7\u00e3o e reconhecimento da imensa diversidade biocultural presente na cidade. Tudo isso apunhalado agora por esta lei racista.<\/p>\n\n\n\n<div class=\"wp-block-image\"><figure class=\"alignright is-resized\"><img loading=\"lazy\" decoding=\"async\" src=\"http:\/\/gilvander.org.br\/site\/wp-content\/uploads\/2021\/01\/WhatsApp-Image-2021-01-22-at-09.18.57-576x1024.jpeg\" alt=\"\" class=\"wp-image-9448\" width=\"366\" height=\"651\" srcset=\"http:\/\/gilvander.org.br\/site\/wp-content\/uploads\/2021\/01\/WhatsApp-Image-2021-01-22-at-09.18.57-576x1024.jpeg 576w, http:\/\/gilvander.org.br\/site\/wp-content\/uploads\/2021\/01\/WhatsApp-Image-2021-01-22-at-09.18.57-169x300.jpeg 169w, http:\/\/gilvander.org.br\/site\/wp-content\/uploads\/2021\/01\/WhatsApp-Image-2021-01-22-at-09.18.57.jpeg 720w\" sizes=\"auto, (max-width: 366px) 100vw, 366px\" \/><\/figure><\/div>\n\n\n\n<p>O que fazer com os milhares de animais (cavalos, \u00e9guas, burros e mulas) que foram proibidos de integrar a comunidade carroceira? A solu\u00e7\u00e3o apresentada pelos que criminalizam os\/as carroceiros\/as tem sido a \u201cado\u00e7\u00e3o solid\u00e1ria\u201d. Como proposta, os animais ser\u00e3o adotados por pessoas que possuam e apresentem capacidades t\u00e9cnicas e econ\u00f4micas suficientes para tratar os animais. Essas \u201ccapacidades\u201d indicam um determinado modo de tratamento e certa vis\u00e3o \u2013 todas elas estritamente ligadas a uma concep\u00e7\u00e3o burguesa que quer limitar o cuidado com os animais \u00e0 concep\u00e7\u00e3o reduzida de se ter os animais como seres enclausurados e castrados em nome da docilidade e submiss\u00e3o. Carroceiras e carroceiros jamais se submeter\u00e3o ao adestramento e ao controle social preconizados por grupos higienistas e racistas.<\/p>\n\n\n\n<div class=\"wp-block-image\"><figure class=\"alignleft is-resized\"><img loading=\"lazy\" decoding=\"async\" src=\"http:\/\/gilvander.org.br\/site\/wp-content\/uploads\/2021\/01\/WhatsApp-Image-2021-01-22-at-09.19.14-1-576x1024.jpeg\" alt=\"\" class=\"wp-image-9450\" width=\"344\" height=\"612\" srcset=\"http:\/\/gilvander.org.br\/site\/wp-content\/uploads\/2021\/01\/WhatsApp-Image-2021-01-22-at-09.19.14-1-576x1024.jpeg 576w, http:\/\/gilvander.org.br\/site\/wp-content\/uploads\/2021\/01\/WhatsApp-Image-2021-01-22-at-09.19.14-1-169x300.jpeg 169w, http:\/\/gilvander.org.br\/site\/wp-content\/uploads\/2021\/01\/WhatsApp-Image-2021-01-22-at-09.19.14-1.jpeg 720w\" sizes=\"auto, (max-width: 344px) 100vw, 344px\" \/><\/figure><\/div>\n\n\n\n<p>Carroceiras e carroceiros constru\u00edram a hist\u00f3ria do mundo e tamb\u00e9m de Belo Horizonte. Contribuem com a limpeza urbana e, por causa disso, devem ser reconhecidos como agentes de sa\u00fade p\u00fablica e precisam ser respeitados como Comunidade Tradicional composta por homens e mulheres, letrados e analfabetos, que carrega hist\u00f3ria,  cultura e luta contra os maus-tratos para com animais. Atitudes de maus trabalhadores existem em todas as \u00e1reas de trabalho sem que em nenhuma delas a extin\u00e7\u00e3o da profiss\u00e3o \u00e9 apontada como solu\u00e7\u00e3o. H\u00e1 maus professores, m\u00e9dicos, juristas, garis, padres, pastores, veterin\u00e1rios, vereadores, deputados, carroceiros etc. Maus trabalhadores devem ser monitorados, indicados para a transforma\u00e7\u00e3o de pr\u00e1ticas nocivas e mesmo retirados e\/ou proibidos de exercerem a profiss\u00e3o.<\/p>\n\n\n\n<div class=\"wp-block-image\"><figure class=\"alignright is-resized\"><img loading=\"lazy\" decoding=\"async\" src=\"http:\/\/gilvander.org.br\/site\/wp-content\/uploads\/2021\/01\/WhatsApp-Image-2021-01-22-at-13.59.54-1.jpeg\" alt=\"\" class=\"wp-image-9451\" width=\"317\" height=\"309\" srcset=\"http:\/\/gilvander.org.br\/site\/wp-content\/uploads\/2021\/01\/WhatsApp-Image-2021-01-22-at-13.59.54-1.jpeg 712w, http:\/\/gilvander.org.br\/site\/wp-content\/uploads\/2021\/01\/WhatsApp-Image-2021-01-22-at-13.59.54-1-300x293.jpeg 300w\" sizes=\"auto, (max-width: 317px) 100vw, 317px\" \/><figcaption>Professor Michel Le Ven. Foto: Rosely Augusto.<\/figcaption><\/figure><\/div>\n\n\n\n<p>Neste contexto de viola\u00e7\u00e3o de direitos e opress\u00e3o, lembramos aqui a luta de Michel Marie Le Ven, padre casado, e de Padre Pigi. Michel Marie Le Ven, grande cidad\u00e3o, Professor da UFMG que partiu para a vida plena aos 89 anos, tendo nascido dia 23 de outubro de 1931. Um dos padres franceses da Igreja do Horto em Belo Horizonte, que foi preso pela ditadura militar-civil-empresarial por incentivar a organiza\u00e7\u00e3o dos\/as trabalhadores\/as e apoiar a 1\u00aa greve durante a ditadura, nos anos de chumbo, em 1968, dos metal\u00fargicos, em Contagem e Belo Horizonte. Assessor da Juventude Oper\u00e1ria Cat\u00f3lica (JOC), posteriormente militante da Pastoral Oper\u00e1ria e do Partido dos Trabalhadores, atuante em movimentos comunit\u00e1rios na luta pelos direitos humanos, Professor Michel foi antes de tudo, um grande democrata. Enfrentou a Ditadura e foi v\u00edtima do AI-5<a href=\"#_ftn3\">[3]<\/a>. Entre os registros hist\u00f3ricos que deixou, sua tese de Doutoramento em Ci\u00eancia Pol\u00edtica na USP intitulada <em>Trabalho e Democracia: A Experi\u00eancia dos Metal\u00fargicos Mineiros<\/em> (1978-1984) &#8211; <em>Os Movimentos Populares em 1979<\/em>. Grande Michel Le Ven! Um crist\u00e3o, outro Cristo libertador. Lutador imprescind\u00edvel, foi justo e lutou por tudo que \u00e9 justo at\u00e9 o fim. Deixou-nos um legado extraordin\u00e1rio e revolucion\u00e1rio na Regi\u00e3o Metropolitana de Belo Horizonte onde militou organizando grupos solid\u00e1rios de enfrentamento \u00e0s pol\u00edticas autorit\u00e1rias por meio de um lindo movimento de Economia Solid\u00e1ria em Ribeir\u00e3o das Neves, MG. <\/p>\n\n\n\n<div class=\"wp-block-image\"><figure class=\"alignleft is-resized\"><img loading=\"lazy\" decoding=\"async\" src=\"http:\/\/gilvander.org.br\/site\/wp-content\/uploads\/2021\/01\/pigi-1-1024x576.jpg\" alt=\"\" class=\"wp-image-9452\" width=\"345\" height=\"194\" srcset=\"http:\/\/gilvander.org.br\/site\/wp-content\/uploads\/2021\/01\/pigi-1-1024x576.jpg 1024w, http:\/\/gilvander.org.br\/site\/wp-content\/uploads\/2021\/01\/pigi-1-300x169.jpg 300w, http:\/\/gilvander.org.br\/site\/wp-content\/uploads\/2021\/01\/pigi-1-768x432.jpg 768w, http:\/\/gilvander.org.br\/site\/wp-content\/uploads\/2021\/01\/pigi-1.jpg 1280w\" sizes=\"auto, (max-width: 345px) 100vw, 345px\" \/><figcaption>Padre Pigi (Pier Luigi Bernareggi). Foto: Frei Gilvander<\/figcaption><\/figure><\/div>\n\n\n\n<p>Padre Pigi: partiu para a vida plena, aos 81 anos. Um gigante na luta pela moradia digna, pr\u00f3pria e adequada em BH e Regi\u00e3o Metropolitana. Milhares de fam\u00edlias foram libertadas da pesad\u00edssima cruz do aluguel ou da humilha\u00e7\u00e3o que \u00e9 sobreviver de favor, com o apoio e acompanhamento do nosso mestre e profeta padre Pigi. Inesquec\u00edveis os pronunciamentos do Padre Pigi em Audi\u00eancias P\u00fablicas na C\u00e2mara de Vereadores de BH e na Assembleia Legislativa de Minas Gerais, defendendo com intrepidez e com ira santa a legitimidade da luta dos Sem Casa pelo direito de morar dignamente. Em momentos de grav\u00edssimo risco de despejo da Ocupa\u00e7\u00e3o Dandara, na zona norte de Belo Horizonte, hoje com mais de 2.500 fam\u00edlias assentadas em um bairro lindo autoconstru\u00eddo, Padre Pigi atendeu nosso convite e em Assembleia com o povo, com mais de mil pessoas, disse de cabe\u00e7a erguida e com dedo em riste: \u201c<em>Esta terra \u00e9 de voc\u00eas. Esta propriedade estava abandonada h\u00e1 s\u00e9culos, n\u00e3o cumpria a fun\u00e7\u00e3o social. Voc\u00eas, povo querido da Ocupa\u00e7\u00e3o Dandara, t\u00eam direito a esta terra e voc\u00eas devem construir aqui as moradias dignas de voc\u00eas. N\u00e3o abram m\u00e3o de nem um cent\u00edmetro desta terra. Construam aqui uma comunidade justa e solid\u00e1ria, um lugar bom de se viver\u201d<\/em>. Estas palavras prof\u00e9ticas animaram o povo a n\u00e3o arredar o p\u00e9 da luta e a espantar o despejo que insistia em atropel\u00e1-los. Assim que ficou sabendo que tinham acontecido as Ocupa\u00e7\u00f5es Rosa Le\u00e3o, Esperan\u00e7a e Vit\u00f3ria, na regi\u00e3o da Izidora, tamb\u00e9m na zona norte de BH, na divisa com o munic\u00edpio de Santa Luzia, padre Pigi me ligou e me chamou para conversar. Ele me disse: \u201c<em>Frei Gilvander, as terras ocupadas na Izidora s\u00e3o terras griladas, abandonadas e n\u00e3o cumprem a fun\u00e7\u00e3o social. O povo n\u00e3o pode deixar acontecer despejo l\u00e1<\/em>\u201d. Durante tr\u00eas meses, o Padre Pigi fez pesquisa criteriosa em cart\u00f3rios de Santa Luzia e de Belo Horizonte e encontrou uma s\u00e9rie de escrituras e documentos que, ap\u00f3s PARECER de Advogados da Comiss\u00e3o Pastoral da Terra (CPT), comprovaram a exist\u00eancia de nove ind\u00edcios de ilegalidades na cadeia dominial da escritura n. 1202, da Granja Werneck S.A. Nove ilegalidades que apontam ind\u00edcios s\u00e9rios de grilagem de terra. Com esses documentos em m\u00e3os, padre Pigi nos concedeu entrevista em videorreportagem fazendo estas den\u00fancias. Assim, sempre comprometido com a causa dos pobres, padre Pigi tamb\u00e9m foi decisivo para impedir despejos nas Ocupa\u00e7\u00f5es da Izidora, onde hoje vivem cerca de 8 mil fam\u00edlias libertadas da cruz da falta de moradia, da especula\u00e7\u00e3o imobili\u00e1ria, falta de reformas agr\u00e1ria e urbana. <\/p>\n\n\n\n<p>Por volta do ano 587 antes de Cristo, na\nPalestina, com a cidade de Jerusal\u00e9m sitiada pelo ex\u00e9rcito do rei\nNabucodonosor, h\u00e1 18 anos dominando e escravizando muitos povos, o profeta\nJeremias, ouvindo a voz do Deus solid\u00e1rio e libertador, comprou um terreno em\nAnatot. O povo entendeu como um sinal de Deus de que o terror da opress\u00e3o do\nImp\u00e9rio Babil\u00f4nico passaria e \u201c<em>naquela\nterra ainda se comprar\u00e3o casas, campos e vinhedos<\/em>\u201d (Jeremias 32,15), pois \u201c<em>para Deus nada \u00e9 imposs\u00edvel<\/em>\u201d (Jer\n32,27). Encurralado pelo poderio do rei Nabucodonosor, o povo compreendeu que\nali estava um sinal de Deus: \u201c<em>Vou\ntraz\u00ea-los de volta para este lugar, e os farei morar tranquilos<\/em>\u201d (Jer\n32,37). Por meio do profeta Jeremias, Deus acrescentou: \u201c<em>Farei com eles uma alian\u00e7a eterna e nunca deixarei de fazer-lhes o bem<\/em>\u201d\n(Jer 32,40). Ontem, o povo da B\u00edblia; hoje, o Povo Carroceiro. <\/p>\n\n\n\n<p>Poucas horas ap\u00f3s a aprova\u00e7\u00e3o da Lei 11.285\/21 que pro\u00edbe o trabalho de dez mil carroceiros\/as em Belo Horizonte, nasceu, no bairro Cai\u00e7ara, em BH, uma \u00e9gua no curral do carroceiro Ricardo C\u00e9lio de Andrade, filho de Jos\u00e9 Carlos Andrade, o famoso &#8220;Z\u00e9 da \u00c9gua&#8221; &#8211; uma potrinha (uma eguinha), que recebeu o nome de ESPERAN\u00c7A. &#8220;<em>Chegou um beb\u00ea para a nossa fam\u00edlia<\/em>!&#8221;, conta Rosemary Pedrosa Leal, esposa de Ricardo. Com a Esperan\u00e7a est\u00e1 aumentando o n\u00famero de entes desta linda fam\u00edlia carroceira.&nbsp;&nbsp;O nascimento da eguinha ESPERAN\u00c7A est\u00e1 sendo saudado como um sinal do Deus da vida, da for\u00e7a e da luz do Povo Carroceiro, que clama: CARROCEIROS\/AS, UNI-VOS! Ser\u00e1 a mascote da luta carroceira em Belo Horizonte. \u00c9 necess\u00e1rio e poss\u00edvel reverter essa lei que, se mantida, causar\u00e1 um triste horizonte na capital mineira. Mas n\u00e3o basta Esperan\u00e7a, a ela tem que se somar for\u00e7a, organiza\u00e7\u00e3o e muita luta. A Esperan\u00e7a ser\u00e1 inspira\u00e7\u00e3o desta nova etapa de luta contra as in\u00fameras injusti\u00e7as impostas \u00e0 comunidade carroceira! Nasce a Esperan\u00e7a: s\u00edmbolo da luta carroceira. Que beleza!<\/p>\n\n\n\n<p>Est\u00e3o\ntentando crucificar 10 mil fam\u00edlias carroceiras, mas estas soerguer\u00e3o assim\ncomo Jesus Cristo ressuscitou ap\u00f3s ser crucificado pelos podres poderes de uma\nreligi\u00e3o opressora, da pol\u00edtica imperial e do poderio econ\u00f4mico dos saduceus,\nlatifundi\u00e1rios da \u00e9poca. A luta carroceira se erguer\u00e1, transformar\u00e1 asfalto em\npoeira e ocupar\u00e1 as ruas e avenidas de toda a Belo horizonte e regi\u00e3o\nmetropolitana! A comunidade carroceira gritar\u00e1 em cada rinc\u00e3o dessa cidade: \u201cA\nCIDADE \u00c9 NOSSA RO\u00c7A! NOSSA LUTA \u00c9 NA CARRO\u00c7A!\u201d<a href=\"#_ftn4\">[4]<\/a> <\/p>\n\n\n\n<p>26\/12\/2020<\/p>\n\n\n\n<p><strong>Obs<\/strong>.: Os v\u00eddeos nos links, abaixo,\nilustram o assunto tratado acima.<\/p>\n\n\n\n<p><strong>1 \u2013 &#8220;Carroceiros\/as \u00e9 Povo\nTradicional com cultura milenar. Kalil, VETE o PL 142&#8221;: Alenice\nBaeta-1\/01\/21<\/strong><\/p>\n\n\n\n<figure class=\"wp-block-embed-youtube wp-block-embed is-type-video is-provider-youtube wp-embed-aspect-16-9 wp-has-aspect-ratio\"><div class=\"wp-block-embed__wrapper\">\n<div class=\"epyt-video-wrapper\"><iframe loading=\"lazy\"  id=\"_ytid_28537\"  width=\"810\" height=\"456\"  data-origwidth=\"810\" data-origheight=\"456\" src=\"https:\/\/www.youtube.com\/embed\/bpRI7M00HS4?enablejsapi=1&#038;autoplay=0&#038;cc_load_policy=0&#038;cc_lang_pref=&#038;iv_load_policy=1&#038;loop=0&#038;rel=1&#038;fs=1&#038;playsinline=0&#038;autohide=2&#038;theme=dark&#038;color=red&#038;controls=1&#038;disablekb=0&#038;\" class=\"__youtube_prefs__  epyt-is-override  no-lazyload\" title=\"YouTube player\"  allow=\"fullscreen; accelerometer; autoplay; clipboard-write; encrypted-media; gyroscope; picture-in-picture; web-share\" referrerpolicy=\"strict-origin-when-cross-origin\" allowfullscreen data-no-lazy=\"1\" data-skipgform_ajax_framebjll=\"\"><\/iframe><\/div>\n<\/div><\/figure>\n\n\n\n<p><strong>2 &#8211; Live &#8211; Carroceiros\/as de BH:\n&#8220;Est\u00e3o nos julgando sem nos conhecer. Kalil, VETE o PL 142&#8221;. &#8211;\n30\/12\/20<\/strong><\/p>\n\n\n\n<figure class=\"wp-block-embed-youtube wp-block-embed is-type-video is-provider-youtube wp-embed-aspect-16-9 wp-has-aspect-ratio\"><div class=\"wp-block-embed__wrapper\">\n<div class=\"epyt-video-wrapper\"><iframe loading=\"lazy\"  id=\"_ytid_54810\"  width=\"810\" height=\"456\"  data-origwidth=\"810\" data-origheight=\"456\" src=\"https:\/\/www.youtube.com\/embed\/yDV-hIhdIWw?enablejsapi=1&#038;autoplay=0&#038;cc_load_policy=0&#038;cc_lang_pref=&#038;iv_load_policy=1&#038;loop=0&#038;rel=1&#038;fs=1&#038;playsinline=0&#038;autohide=2&#038;theme=dark&#038;color=red&#038;controls=1&#038;disablekb=0&#038;\" class=\"__youtube_prefs__  epyt-is-override  no-lazyload\" title=\"YouTube player\"  allow=\"fullscreen; accelerometer; autoplay; clipboard-write; encrypted-media; gyroscope; picture-in-picture; web-share\" referrerpolicy=\"strict-origin-when-cross-origin\" allowfullscreen data-no-lazy=\"1\" data-skipgform_ajax_framebjll=\"\"><\/iframe><\/div>\n<\/div><\/figure>\n\n\n\n<p><strong>3 &#8211; &#8220;Veta, Kalil, o PL 142\nracista&#8221;, exigem os 10.000 carroceiros\/as de BH e RMBH V\u00eddeo 3 &#8211;\n21\/12\/2020<\/strong><\/p>\n\n\n\n<figure class=\"wp-block-embed-youtube wp-block-embed is-type-video is-provider-youtube wp-embed-aspect-16-9 wp-has-aspect-ratio\"><div class=\"wp-block-embed__wrapper\">\n<div class=\"epyt-video-wrapper\"><iframe loading=\"lazy\"  id=\"_ytid_31481\"  width=\"810\" height=\"456\"  data-origwidth=\"810\" data-origheight=\"456\" src=\"https:\/\/www.youtube.com\/embed\/PZTgegHfZuQ?enablejsapi=1&#038;autoplay=0&#038;cc_load_policy=0&#038;cc_lang_pref=&#038;iv_load_policy=1&#038;loop=0&#038;rel=1&#038;fs=1&#038;playsinline=0&#038;autohide=2&#038;theme=dark&#038;color=red&#038;controls=1&#038;disablekb=0&#038;\" class=\"__youtube_prefs__  epyt-is-override  no-lazyload\" title=\"YouTube player\"  allow=\"fullscreen; accelerometer; autoplay; clipboard-write; encrypted-media; gyroscope; picture-in-picture; web-share\" referrerpolicy=\"strict-origin-when-cross-origin\" allowfullscreen data-no-lazy=\"1\" data-skipgform_ajax_framebjll=\"\"><\/iframe><\/div>\n<\/div><\/figure>\n\n\n\n<p><strong>4 &#8211; Carro\u00e7asso em BH: 10.000\ncarroceiros\/as exigem que Kalil VETE o PL 142 racista. V\u00eddeo 2 &#8211; 21\/12\/20<\/strong><\/p>\n\n\n\n<figure class=\"wp-block-embed-youtube wp-block-embed is-type-video is-provider-youtube wp-embed-aspect-16-9 wp-has-aspect-ratio\"><div class=\"wp-block-embed__wrapper\">\n<div class=\"epyt-video-wrapper\"><iframe loading=\"lazy\"  id=\"_ytid_80433\"  width=\"810\" height=\"456\"  data-origwidth=\"810\" data-origheight=\"456\" src=\"https:\/\/www.youtube.com\/embed\/RoWLc4pldig?enablejsapi=1&#038;autoplay=0&#038;cc_load_policy=0&#038;cc_lang_pref=&#038;iv_load_policy=1&#038;loop=0&#038;rel=1&#038;fs=1&#038;playsinline=0&#038;autohide=2&#038;theme=dark&#038;color=red&#038;controls=1&#038;disablekb=0&#038;\" class=\"__youtube_prefs__  epyt-is-override  no-lazyload\" title=\"YouTube player\"  allow=\"fullscreen; accelerometer; autoplay; clipboard-write; encrypted-media; gyroscope; picture-in-picture; web-share\" referrerpolicy=\"strict-origin-when-cross-origin\" allowfullscreen data-no-lazy=\"1\" data-skipgform_ajax_framebjll=\"\"><\/iframe><\/div>\n<\/div><\/figure>\n\n\n\n<p><strong>5 &#8211; Carroceiros\/as na luta para que\nKalil vete o PL 142, RACISTA: in\u00edcio do Carro\u00e7asso. V\u00eddeo 1-21\/12\/20<\/strong><\/p>\n\n\n\n<figure class=\"wp-block-embed-youtube wp-block-embed is-type-video is-provider-youtube wp-embed-aspect-16-9 wp-has-aspect-ratio\"><div class=\"wp-block-embed__wrapper\">\n<div class=\"epyt-video-wrapper\"><iframe loading=\"lazy\"  id=\"_ytid_40193\"  width=\"810\" height=\"456\"  data-origwidth=\"810\" data-origheight=\"456\" src=\"https:\/\/www.youtube.com\/embed\/FYb79EuOUPE?enablejsapi=1&#038;autoplay=0&#038;cc_load_policy=0&#038;cc_lang_pref=&#038;iv_load_policy=1&#038;loop=0&#038;rel=1&#038;fs=1&#038;playsinline=0&#038;autohide=2&#038;theme=dark&#038;color=red&#038;controls=1&#038;disablekb=0&#038;\" class=\"__youtube_prefs__  epyt-is-override  no-lazyload\" title=\"YouTube player\"  allow=\"fullscreen; accelerometer; autoplay; clipboard-write; encrypted-media; gyroscope; picture-in-picture; web-share\" referrerpolicy=\"strict-origin-when-cross-origin\" allowfullscreen data-no-lazy=\"1\" data-skipgform_ajax_framebjll=\"\"><\/iframe><\/div>\n<\/div><\/figure>\n\n\n\n<p><strong>6 &#8211; &#8220;A cidade \u00e9 nossa ro\u00e7a. Nossa\nluta \u00e9 na carro\u00e7a.&#8221; Carroceiros\/as, SIM! Por frei Gilvander &#8211; 20\/12\/20<\/strong><\/p>\n\n\n\n<figure class=\"wp-block-embed-youtube wp-block-embed is-type-video is-provider-youtube wp-embed-aspect-16-9 wp-has-aspect-ratio\"><div class=\"wp-block-embed__wrapper\">\n<div class=\"epyt-video-wrapper\"><iframe loading=\"lazy\"  id=\"_ytid_67215\"  width=\"810\" height=\"456\"  data-origwidth=\"810\" data-origheight=\"456\" src=\"https:\/\/www.youtube.com\/embed\/1eMVYnnPIjQ?enablejsapi=1&#038;autoplay=0&#038;cc_load_policy=0&#038;cc_lang_pref=&#038;iv_load_policy=1&#038;loop=0&#038;rel=1&#038;fs=1&#038;playsinline=0&#038;autohide=2&#038;theme=dark&#038;color=red&#038;controls=1&#038;disablekb=0&#038;\" class=\"__youtube_prefs__  epyt-is-override  no-lazyload\" title=\"YouTube player\"  allow=\"fullscreen; accelerometer; autoplay; clipboard-write; encrypted-media; gyroscope; picture-in-picture; web-share\" referrerpolicy=\"strict-origin-when-cross-origin\" allowfullscreen data-no-lazy=\"1\" data-skipgform_ajax_framebjll=\"\"><\/iframe><\/div>\n<\/div><\/figure>\n\n\n\n<p><strong>7 &#8211; Pelos Direitos do Povo Tradicional\nCarroceiro e dos Cavalos e \u00c9guas\/Frei Gilvander\/1\u00aaParte-20\/12\/20<\/strong><\/p>\n\n\n\n<figure class=\"wp-block-embed-youtube wp-block-embed is-type-video is-provider-youtube wp-embed-aspect-16-9 wp-has-aspect-ratio\"><div class=\"wp-block-embed__wrapper\">\n<div class=\"epyt-video-wrapper\"><iframe loading=\"lazy\"  id=\"_ytid_49059\"  width=\"810\" height=\"456\"  data-origwidth=\"810\" data-origheight=\"456\" src=\"https:\/\/www.youtube.com\/embed\/uF_03VH-g7k?enablejsapi=1&#038;autoplay=0&#038;cc_load_policy=0&#038;cc_lang_pref=&#038;iv_load_policy=1&#038;loop=0&#038;rel=1&#038;fs=1&#038;playsinline=0&#038;autohide=2&#038;theme=dark&#038;color=red&#038;controls=1&#038;disablekb=0&#038;\" class=\"__youtube_prefs__  epyt-is-override  no-lazyload\" title=\"YouTube player\"  allow=\"fullscreen; accelerometer; autoplay; clipboard-write; encrypted-media; gyroscope; picture-in-picture; web-share\" referrerpolicy=\"strict-origin-when-cross-origin\" allowfullscreen data-no-lazy=\"1\" data-skipgform_ajax_framebjll=\"\"><\/iframe><\/div>\n<\/div><\/figure>\n\n\n\n<p><strong>8 &#8211; Lei racista e que faz guerra contra\n10.000 carroceiros\/as foi aprovada em Belo Horizonte -16\/12\/2020<\/strong><\/p>\n\n\n\n<figure class=\"wp-block-embed-youtube wp-block-embed is-type-video is-provider-youtube wp-embed-aspect-16-9 wp-has-aspect-ratio\"><div class=\"wp-block-embed__wrapper\">\n<div class=\"epyt-video-wrapper\"><iframe loading=\"lazy\"  id=\"_ytid_52432\"  width=\"810\" height=\"456\"  data-origwidth=\"810\" data-origheight=\"456\" src=\"https:\/\/www.youtube.com\/embed\/VwaOg2jbi0s?enablejsapi=1&#038;autoplay=0&#038;cc_load_policy=0&#038;cc_lang_pref=&#038;iv_load_policy=1&#038;loop=0&#038;rel=1&#038;fs=1&#038;playsinline=0&#038;autohide=2&#038;theme=dark&#038;color=red&#038;controls=1&#038;disablekb=0&#038;\" class=\"__youtube_prefs__  epyt-is-override  no-lazyload\" title=\"YouTube player\"  allow=\"fullscreen; accelerometer; autoplay; clipboard-write; encrypted-media; gyroscope; picture-in-picture; web-share\" referrerpolicy=\"strict-origin-when-cross-origin\" allowfullscreen data-no-lazy=\"1\" data-skipgform_ajax_framebjll=\"\"><\/iframe><\/div>\n<\/div><\/figure>\n\n\n\n<p><strong>9 &#8211; Em BH, sancionar PL 142 autorit\u00e1rio\nsem participa\u00e7\u00e3o dos carroceiros ser\u00e1 injusti\u00e7a. V\u00eddeo 4 -7\/1\/21<\/strong><strong>10 &#8211; &#8220;Carroceiros em BH s\u00e3o\nnecess\u00e1rios para solucionar o problema dos res\u00edduos s\u00f3lidos&#8221;. V\u00eddeo 3\n-7\/1\/21<\/strong><\/p>\n\n\n\n<figure class=\"wp-block-embed-youtube wp-block-embed is-type-video is-provider-youtube wp-embed-aspect-16-9 wp-has-aspect-ratio\"><div class=\"wp-block-embed__wrapper\">\n<div class=\"epyt-video-wrapper\"><iframe loading=\"lazy\"  id=\"_ytid_72651\"  width=\"810\" height=\"456\"  data-origwidth=\"810\" data-origheight=\"456\" src=\"https:\/\/www.youtube.com\/embed\/c7a7DR1I5xU?enablejsapi=1&#038;autoplay=0&#038;cc_load_policy=0&#038;cc_lang_pref=&#038;iv_load_policy=1&#038;loop=0&#038;rel=1&#038;fs=1&#038;playsinline=0&#038;autohide=2&#038;theme=dark&#038;color=red&#038;controls=1&#038;disablekb=0&#038;\" class=\"__youtube_prefs__  epyt-is-override  no-lazyload\" title=\"YouTube player\"  allow=\"fullscreen; accelerometer; autoplay; clipboard-write; encrypted-media; gyroscope; picture-in-picture; web-share\" referrerpolicy=\"strict-origin-when-cross-origin\" allowfullscreen data-no-lazy=\"1\" data-skipgform_ajax_framebjll=\"\"><\/iframe><\/div>\n<\/div><\/figure>\n\n\n\n<p><strong>10 &#8211; &#8220;Proibir carroceiros\/as em BH \u00e9 priorizar grandes empresas de ca\u00e7amba.&#8221; Prof. Tiago. V\u00eddeo 2 -6\/1\/21<\/strong><\/p>\n\n\n\n<figure class=\"wp-block-embed-youtube wp-block-embed is-type-video is-provider-youtube wp-embed-aspect-16-9 wp-has-aspect-ratio\"><div class=\"wp-block-embed__wrapper\">\n<div class=\"epyt-video-wrapper\"><iframe loading=\"lazy\"  id=\"_ytid_97579\"  width=\"810\" height=\"456\"  data-origwidth=\"810\" data-origheight=\"456\" src=\"https:\/\/www.youtube.com\/embed\/fxggdayFPVs?enablejsapi=1&#038;autoplay=0&#038;cc_load_policy=0&#038;cc_lang_pref=&#038;iv_load_policy=1&#038;loop=0&#038;rel=1&#038;fs=1&#038;playsinline=0&#038;autohide=2&#038;theme=dark&#038;color=red&#038;controls=1&#038;disablekb=0&#038;\" class=\"__youtube_prefs__  epyt-is-override  no-lazyload\" title=\"YouTube player\"  allow=\"fullscreen; accelerometer; autoplay; clipboard-write; encrypted-media; gyroscope; picture-in-picture; web-share\" referrerpolicy=\"strict-origin-when-cross-origin\" allowfullscreen data-no-lazy=\"1\" data-skipgform_ajax_framebjll=\"\"><\/iframe><\/div>\n<\/div><\/figure>\n\n\n\n<p><strong>14 &#8211; Cigana Valdinalva &#8211; apelo\nemocionado, em BH: &#8220;Kalil, VETE o PL 142, pois \u00e9 racista\u201d. V\u00eddeo1 \u20135\/01\/21<\/strong><\/p>\n\n\n\n<p><strong>11 &#8211; &#8220;H\u00e1 carroceiros ciganos. Direitos dos ciganos s\u00e3o violados no PL 142 em BH. Vete, Kalil&#8221;, diz Itamar16 &#8211; \u201cPelos direitos dos Carroceiros, vereadores\/as de BH, arquivem o PL 142\u201d Prof. Emanuel\/UEMG\/14\/12\/20<\/strong><\/p>\n\n\n\n<figure class=\"wp-block-embed-youtube wp-block-embed is-type-video is-provider-youtube wp-embed-aspect-16-9 wp-has-aspect-ratio\"><div class=\"wp-block-embed__wrapper\">\n<div class=\"epyt-video-wrapper\"><iframe loading=\"lazy\"  id=\"_ytid_73903\"  width=\"810\" height=\"456\"  data-origwidth=\"810\" data-origheight=\"456\" src=\"https:\/\/www.youtube.com\/embed\/o2DZ-7Ezu5Y?enablejsapi=1&#038;autoplay=0&#038;cc_load_policy=0&#038;cc_lang_pref=&#038;iv_load_policy=1&#038;loop=0&#038;rel=1&#038;fs=1&#038;playsinline=0&#038;autohide=2&#038;theme=dark&#038;color=red&#038;controls=1&#038;disablekb=0&#038;\" class=\"__youtube_prefs__  epyt-is-override  no-lazyload\" title=\"YouTube player\"  allow=\"fullscreen; accelerometer; autoplay; clipboard-write; encrypted-media; gyroscope; picture-in-picture; web-share\" referrerpolicy=\"strict-origin-when-cross-origin\" allowfullscreen data-no-lazy=\"1\" data-skipgform_ajax_framebjll=\"\"><\/iframe><\/div>\n<\/div><\/figure>\n\n\n\n<p><strong>12 &#8211; Grito dos carroceiros de Belo Horizonte contra o PL 142\/2017: &#8220;Somos Povo Tradicional!&#8221; \u2013 13\/12\/2020<\/strong><\/p>\n\n\n\n<figure class=\"wp-block-embed-youtube wp-block-embed is-type-video is-provider-youtube wp-embed-aspect-16-9 wp-has-aspect-ratio\"><div class=\"wp-block-embed__wrapper\">\n<div class=\"epyt-video-wrapper\"><iframe loading=\"lazy\"  id=\"_ytid_67980\"  width=\"810\" height=\"456\"  data-origwidth=\"810\" data-origheight=\"456\" src=\"https:\/\/www.youtube.com\/embed\/udEr3TvsMeU#7s8d6f87?enablejsapi=1&#038;autoplay=0&#038;cc_load_policy=0&#038;cc_lang_pref=&#038;iv_load_policy=1&#038;loop=0&#038;rel=1&#038;fs=1&#038;playsinline=0&#038;autohide=2&#038;theme=dark&#038;color=red&#038;controls=1&#038;disablekb=0&#038;\" class=\"__youtube_prefs__  epyt-is-override  no-lazyload\" title=\"YouTube player\"  allow=\"fullscreen; accelerometer; autoplay; clipboard-write; encrypted-media; gyroscope; picture-in-picture; web-share\" referrerpolicy=\"strict-origin-when-cross-origin\" allowfullscreen data-no-lazy=\"1\" data-skipgform_ajax_framebjll=\"\"><\/iframe><\/div>\n<\/div><\/figure>\n\n\n\n<p><strong>13 &#8211; Luta dos\/das carroceiros\/as pelo direito de trabalhar com cavalos e \u00e9guas\/BH\/MG. 4\u00aa Parte\/07\/7\/2018<\/strong><\/p>\n\n\n\n<figure class=\"wp-block-embed-youtube wp-block-embed is-type-video is-provider-youtube wp-embed-aspect-16-9 wp-has-aspect-ratio\"><div class=\"wp-block-embed__wrapper\">\n<div class=\"epyt-video-wrapper\"><iframe loading=\"lazy\"  id=\"_ytid_87520\"  width=\"810\" height=\"456\"  data-origwidth=\"810\" data-origheight=\"456\" src=\"https:\/\/www.youtube.com\/embed\/NR-_lxATntc?enablejsapi=1&#038;autoplay=0&#038;cc_load_policy=0&#038;cc_lang_pref=&#038;iv_load_policy=1&#038;loop=0&#038;rel=1&#038;fs=1&#038;playsinline=0&#038;autohide=2&#038;theme=dark&#038;color=red&#038;controls=1&#038;disablekb=0&#038;\" class=\"__youtube_prefs__  epyt-is-override  no-lazyload\" title=\"YouTube player\"  allow=\"fullscreen; accelerometer; autoplay; clipboard-write; encrypted-media; gyroscope; picture-in-picture; web-share\" referrerpolicy=\"strict-origin-when-cross-origin\" allowfullscreen data-no-lazy=\"1\" data-skipgform_ajax_framebjll=\"\"><\/iframe><\/div>\n<\/div><\/figure>\n\n\n\n<p><strong>14 &#8211; Carroceiros\/as, cavalos e \u00e9guas em BH\/MG: dignidade e sobreviv\u00eancia, 3\u00aa Parte. 07\/7\/2018.<\/strong><\/p>\n\n\n\n<figure class=\"wp-block-embed-youtube wp-block-embed is-type-video is-provider-youtube wp-embed-aspect-16-9 wp-has-aspect-ratio\"><div class=\"wp-block-embed__wrapper\">\n<div class=\"epyt-video-wrapper\"><iframe loading=\"lazy\"  id=\"_ytid_41879\"  width=\"810\" height=\"456\"  data-origwidth=\"810\" data-origheight=\"456\" src=\"https:\/\/www.youtube.com\/embed\/5gMBbeiyu48?enablejsapi=1&#038;autoplay=0&#038;cc_load_policy=0&#038;cc_lang_pref=&#038;iv_load_policy=1&#038;loop=0&#038;rel=1&#038;fs=1&#038;playsinline=0&#038;autohide=2&#038;theme=dark&#038;color=red&#038;controls=1&#038;disablekb=0&#038;\" class=\"__youtube_prefs__  epyt-is-override  no-lazyload\" title=\"YouTube player\"  allow=\"fullscreen; accelerometer; autoplay; clipboard-write; encrypted-media; gyroscope; picture-in-picture; web-share\" referrerpolicy=\"strict-origin-when-cross-origin\" allowfullscreen data-no-lazy=\"1\" data-skipgform_ajax_framebjll=\"\"><\/iframe><\/div>\n<\/div><\/figure>\n\n\n\n<p><strong>15 &#8211; Carroceiros\/as de BH\/MG: Cuidado com o meio ambiente e respeito aos animais\/2\u00aa Parte\/ 07\/7\/2018.<\/strong><\/p>\n\n\n\n<figure class=\"wp-block-embed-youtube wp-block-embed is-type-video is-provider-youtube wp-embed-aspect-16-9 wp-has-aspect-ratio\"><div class=\"wp-block-embed__wrapper\">\n<div class=\"epyt-video-wrapper\"><iframe loading=\"lazy\"  id=\"_ytid_52189\"  width=\"810\" height=\"456\"  data-origwidth=\"810\" data-origheight=\"456\" src=\"https:\/\/www.youtube.com\/embed\/M7n2YyDD6Vw?enablejsapi=1&#038;autoplay=0&#038;cc_load_policy=0&#038;cc_lang_pref=&#038;iv_load_policy=1&#038;loop=0&#038;rel=1&#038;fs=1&#038;playsinline=0&#038;autohide=2&#038;theme=dark&#038;color=red&#038;controls=1&#038;disablekb=0&#038;\" class=\"__youtube_prefs__  epyt-is-override  no-lazyload\" title=\"YouTube player\"  allow=\"fullscreen; accelerometer; autoplay; clipboard-write; encrypted-media; gyroscope; picture-in-picture; web-share\" referrerpolicy=\"strict-origin-when-cross-origin\" allowfullscreen data-no-lazy=\"1\" data-skipgform_ajax_framebjll=\"\"><\/iframe><\/div>\n<\/div><\/figure>\n\n\n\n<p><strong>16 &#8211; Carroceiros e carroceiras de BH\/MG: Respeito \u00e0 cultura, direito ao trabalho. 1\u00aa Parte. 07\/7\/2018.<\/strong><\/p>\n\n\n\n<figure class=\"wp-block-embed-youtube wp-block-embed is-type-video is-provider-youtube wp-embed-aspect-16-9 wp-has-aspect-ratio\"><div class=\"wp-block-embed__wrapper\">\n<div class=\"epyt-video-wrapper\"><iframe loading=\"lazy\"  id=\"_ytid_90722\"  width=\"810\" height=\"456\"  data-origwidth=\"810\" data-origheight=\"456\" src=\"https:\/\/www.youtube.com\/embed\/WpwAC8XclZ8?enablejsapi=1&#038;autoplay=0&#038;cc_load_policy=0&#038;cc_lang_pref=&#038;iv_load_policy=1&#038;loop=0&#038;rel=1&#038;fs=1&#038;playsinline=0&#038;autohide=2&#038;theme=dark&#038;color=red&#038;controls=1&#038;disablekb=0&#038;\" class=\"__youtube_prefs__  epyt-is-override  no-lazyload\" title=\"YouTube player\"  allow=\"fullscreen; accelerometer; autoplay; clipboard-write; encrypted-media; gyroscope; picture-in-picture; web-share\" referrerpolicy=\"strict-origin-when-cross-origin\" allowfullscreen data-no-lazy=\"1\" data-skipgform_ajax_framebjll=\"\"><\/iframe><\/div>\n<\/div><\/figure>\n\n\n\n<p><strong>17 &#8211; Carroceiros\/as de Belo Horizonte PROTESTAM na CMBH contra a aprova\u00e7\u00e3o do PL 142 INJUSTO &#8211; 14\/12\/25 &#8211; TRIBUTO A PADRE PIGI (PIER LUIGI BERNAREGGI): UM GIGANTE NA LUTA PELA MORADIA EM BELO HORIZONTE E RMBH. POR FREI GILVANDER<\/strong><\/p>\n\n\n\n<figure class=\"wp-block-embed is-type-rich is-provider-site-do-frei-gilvander-moreira\"><div class=\"wp-block-embed__wrapper\">\n<blockquote class=\"wp-embedded-content\" data-secret=\"YBtmWw6iw1\"><a href=\"http:\/\/gilvander.org.br\/site\/%ef%bb%bftributo-a-padre-pigi-pier-luigi-bernareggi-um-gigante-na-luta-pela-moradia-em-belo-horizonte-e-rmbh-por-frei-gilvander\/\">\ufeffTributo a Padre Pigi (Pier Luigi Bernareggi): um gigante na luta pela moradia em Belo Horizonte e RMBH. Por Frei Gilvander<\/a><\/blockquote><iframe loading=\"lazy\" class=\"wp-embedded-content\" sandbox=\"allow-scripts\" security=\"restricted\" style=\"position: absolute; clip: rect(1px, 1px, 1px, 1px);\" title=\"&#8220;\ufeffTributo a Padre Pigi (Pier Luigi Bernareggi): um gigante na luta pela moradia em Belo Horizonte e RMBH. Por Frei Gilvander&#8221; &#8212; Site do frei Gilvander Moreira\" src=\"http:\/\/gilvander.org.br\/site\/%ef%bb%bftributo-a-padre-pigi-pier-luigi-bernareggi-um-gigante-na-luta-pela-moradia-em-belo-horizonte-e-rmbh-por-frei-gilvander\/embed\/#?secret=YBtmWw6iw1\" data-secret=\"YBtmWw6iw1\" width=\"600\" height=\"338\" frameborder=\"0\" marginwidth=\"0\" marginheight=\"0\" scrolling=\"no\"><\/iframe>\n<\/div><\/figure>\n\n\n\n<p><strong>18 &#8211; TRIBUTO A MICHAEL MARIE LE VEN, HOMEM IMPRESCIND\u00cdVEL QUE ENFRENTOU A DITADURA MILITAR E LUTOU MUITO PELOS DIREITOS HUMANOS. POR FREI GILVANDER<\/strong><\/p>\n\n\n\n<figure class=\"wp-block-embed is-type-rich is-provider-site-do-frei-gilvander-moreira\"><div class=\"wp-block-embed__wrapper\">\n<blockquote class=\"wp-embedded-content\" data-secret=\"yHQfNU9U6U\"><a href=\"http:\/\/gilvander.org.br\/site\/tributo-a-michael-marie-le-ven-homem-imprescindivel-que-enfrentou-a-ditadura-militar-e-lutou-muito-pelos-direitos-humanos%ef%bb%bf-por-frei-gilvander\/\">Tributo a Michael Marie Le Ven, homem imprescind\u00edvel que enfrentou a ditadura militar e lutou muito pelos direitos humanos\ufeff. Por Frei Gilvander<\/a><\/blockquote><iframe loading=\"lazy\" class=\"wp-embedded-content\" sandbox=\"allow-scripts\" security=\"restricted\" style=\"position: absolute; clip: rect(1px, 1px, 1px, 1px);\" title=\"&#8220;Tributo a Michael Marie Le Ven, homem imprescind\u00edvel que enfrentou a ditadura militar e lutou muito pelos direitos humanos\ufeff. Por Frei Gilvander&#8221; &#8212; Site do frei Gilvander Moreira\" src=\"http:\/\/gilvander.org.br\/site\/tributo-a-michael-marie-le-ven-homem-imprescindivel-que-enfrentou-a-ditadura-militar-e-lutou-muito-pelos-direitos-humanos%ef%bb%bf-por-frei-gilvander\/embed\/#?secret=yHQfNU9U6U\" data-secret=\"yHQfNU9U6U\" width=\"600\" height=\"338\" frameborder=\"0\" marginwidth=\"0\" marginheight=\"0\" scrolling=\"no\"><\/iframe>\n<\/div><\/figure>\n\n\n\n<hr class=\"wp-block-separator\"\/>\n\n\n\n<p><a href=\"#_ftnref1\">[1]<\/a>\nFrei e padre da Ordem dos carmelitas; doutor em Educa\u00e7\u00e3o pela FAE\/UFMG; licenciado\ne bacharel em Filosofia pela UFPR; bacharel em Teologia pelo ITESP\/SP; mestre\nem Exegese B\u00edblica pelo Pontif\u00edcio Instituto B\u00edblico, em Roma, It\u00e1lia; agente\nda CPT, assessor do CEBI e Ocupa\u00e7\u00f5es Urbanas; prof. de \u201cMovimentos Sociais\nPopulares e Direitos Humanos\u201d no IDH e de Teologia b\u00edblica no SAB (Servi\u00e7o de\nAnima\u00e7\u00e3o B\u00edblica), em Belo Horizonte, MG. E-mail:&nbsp;<a href=\"mailto:gilvanderlm@gmail.com\">gilvanderlm@gmail.com<\/a>&nbsp;\u2013&nbsp;<a href=\"http:\/\/www.gilvander.org.br\/\">www.gilvander.org.br<\/a>&nbsp;\u2013&nbsp;<a href=\"http:\/\/www.freigilvander.blogspot.com.br\/\">www.freigilvander.blogspot.com.br<\/a>&nbsp;&nbsp;&nbsp;&nbsp;&nbsp;\n\u2013&nbsp;&nbsp;&nbsp;&nbsp;&nbsp;&nbsp;&nbsp;<a href=\"http:\/\/www.twitter.com\/gilvanderluis\">www.twitter.com\/gilvanderluis<\/a>&nbsp;&nbsp;&nbsp;&nbsp;&nbsp;&nbsp;&nbsp;\n\u2013&nbsp;&nbsp; &nbsp;Facebook: Gilvander Moreira III<\/p>\n\n\n\n<p><a href=\"#_ftnref2\">[2]<\/a> N\u00e3o h\u00e1 censo oficial que indique\ncom precis\u00e3o os dados, estima-se em 10.000 o n\u00famero de carroceiros\/as e 20.000\no n\u00famero de animais envolvidos nesta pr\u00e1tica e na cidade de Belo Horizonte e\nnas demais que comp\u00f5es a regi\u00e3o metropolitana.<\/p>\n\n\n\n<p><a href=\"#_ftnref3\">[3]<\/a> Ato Institucional n. 5, um dos\n17 decretos dos generais da ditadura militar-civil-empresarial, de 13\/12\/1968, que\nimplantou o terror e anos de chumbo no Brasil. <\/p>\n\n\n\n<p><a href=\"#_ftnref4\">[4]<\/a> Gratid\u00e3o \u00e0 Carmem Imaculada de Brito, doutora\nem Sociologia Pol\u00edtica pela UENF, que fez a revis\u00e3o deste texto.<\/p>\n","protected":false},"excerpt":{"rendered":"<p>BH pro\u00edbe carro\u00e7as, mas a hist\u00f3ria \u00e9 de luta, a Esperan\u00e7a nasce! Por Gilvander Moreira[1] 22 de janeiro de 2021, um dos dias mais tristes da hist\u00f3ria de Belo Horizonte, MG, e regi\u00e3o: partiram para<\/p>\n","protected":false},"author":2,"featured_media":9444,"comment_status":"open","ping_status":"open","sticky":false,"template":"","format":"standard","meta":{"footnotes":""},"categories":[21,40,46,44,38,49,41,37,39,35,27,30,28,25,29,33,43,26,18],"tags":[],"class_list":["post-9443","post","type-post","status-publish","format-standard","has-post-thumbnail","hentry","category-artigo","category-direito-a-cidade","category-direito-a-cultura-popular","category-direito-a-memoria","category-direito-a-saude","category-direito-a-terra","category-direitos-dos-carroceiros","category-direitos-dos-ciganos","category-direitos-dos-povos-indigenas","category-direitos-dos-quilombolas","category-direitos-humanos","category-fe-e-politica","category-luta-pela-moradia","category-luta-pela-terra-e-reforma-agraria","category-movimentos-sociais-populares","category-nota-publica","category-pedagogia-emancipatoria","category-teologia-da-libertacao","category-videos-de-frei-gilvander"],"_links":{"self":[{"href":"http:\/\/gilvander.org.br\/site\/wp-json\/wp\/v2\/posts\/9443","targetHints":{"allow":["GET"]}}],"collection":[{"href":"http:\/\/gilvander.org.br\/site\/wp-json\/wp\/v2\/posts"}],"about":[{"href":"http:\/\/gilvander.org.br\/site\/wp-json\/wp\/v2\/types\/post"}],"author":[{"embeddable":true,"href":"http:\/\/gilvander.org.br\/site\/wp-json\/wp\/v2\/users\/2"}],"replies":[{"embeddable":true,"href":"http:\/\/gilvander.org.br\/site\/wp-json\/wp\/v2\/comments?post=9443"}],"version-history":[{"count":8,"href":"http:\/\/gilvander.org.br\/site\/wp-json\/wp\/v2\/posts\/9443\/revisions"}],"predecessor-version":[{"id":9482,"href":"http:\/\/gilvander.org.br\/site\/wp-json\/wp\/v2\/posts\/9443\/revisions\/9482"}],"wp:featuredmedia":[{"embeddable":true,"href":"http:\/\/gilvander.org.br\/site\/wp-json\/wp\/v2\/media\/9444"}],"wp:attachment":[{"href":"http:\/\/gilvander.org.br\/site\/wp-json\/wp\/v2\/media?parent=9443"}],"wp:term":[{"taxonomy":"category","embeddable":true,"href":"http:\/\/gilvander.org.br\/site\/wp-json\/wp\/v2\/categories?post=9443"},{"taxonomy":"post_tag","embeddable":true,"href":"http:\/\/gilvander.org.br\/site\/wp-json\/wp\/v2\/tags?post=9443"}],"curies":[{"name":"wp","href":"https:\/\/api.w.org\/{rel}","templated":true}]}}