{"id":2,"name":"Gilvander Moreira","url":"http:\/\/www.gilvander.org.br","description":"Gilvander Lu\u00eds Moreira \u00e9 frei e padre da Ordem dos Carmelitas; bacharel e licenciado em Filosofia pela UFPR; bacharel em Teologia pelo ITESP\/SP; mestre em Exegese B\u00edblica pelo Pontif\u00edcio Instituto B\u00edblico de Roma, na It\u00e1lia; doutor em Educa\u00e7\u00e3o pela FAE\/UFMG; assessor da CPT, de CEBs, SAB, CEBI e Movimentos populares urbanos.","link":"http:\/\/gilvander.org.br\/site\/author\/gilvander\/","slug":"gilvander","avatar_urls":{"24":"https:\/\/secure.gravatar.com\/avatar\/2a8e07bf590aa01a30461efcadec031651b8b9a248102e494e8653a44e022549?s=24&d=mm&r=g","48":"https:\/\/secure.gravatar.com\/avatar\/2a8e07bf590aa01a30461efcadec031651b8b9a248102e494e8653a44e022549?s=48&d=mm&r=g","96":"https:\/\/secure.gravatar.com\/avatar\/2a8e07bf590aa01a30461efcadec031651b8b9a248102e494e8653a44e022549?s=96&d=mm&r=g"},"meta":[],"_links":{"self":[{"href":"http:\/\/gilvander.org.br\/site\/wp-json\/wp\/v2\/users\/2","targetHints":{"allow":["GET"]}}],"collection":[{"href":"http:\/\/gilvander.org.br\/site\/wp-json\/wp\/v2\/users"}]}}