{"id":10895,"date":"2021-11-21T11:29:09","date_gmt":"2021-11-21T14:29:09","guid":{"rendered":"http:\/\/gilvander.org.br\/site\/?p=10895"},"modified":"2021-11-21T12:15:14","modified_gmt":"2021-11-21T15:15:14","slug":"mst-e-comunidade-quilombola-vila-sao-joao-retomam-territorio-quilombola-em-berizal-no-norte-de-mg","status":"publish","type":"post","link":"https:\/\/gilvander.org.br\/site\/mst-e-comunidade-quilombola-vila-sao-joao-retomam-territorio-quilombola-em-berizal-no-norte-de-mg\/","title":{"rendered":"Comunidade Quilombola Vila S\u00e3o Jo\u00e3o e mst retomam Territ\u00f3rio Quilombola em Berizal, no Norte de MG"},"content":{"rendered":"\n<p><strong>Comunidade Quilombola Vila S\u00e3o Jo\u00e3o e MST retomam Territ\u00f3rio Quilombola em Berizal, no Norte de Minas Gerais<\/strong><\/p>\n\n\n\n<figure class=\"wp-block-embed is-type-video is-provider-youtube wp-block-embed-youtube wp-embed-aspect-16-9 wp-has-aspect-ratio\"><div class=\"wp-block-embed__wrapper\">\n<div class=\"epyt-video-wrapper\"><iframe loading=\"lazy\"  id=\"_ytid_85641\"  width=\"810\" height=\"456\"  data-origwidth=\"810\" data-origheight=\"456\" src=\"https:\/\/www.youtube.com\/embed\/-rKXEbVFu3A?enablejsapi=1&#038;autoplay=0&#038;cc_load_policy=0&#038;cc_lang_pref=&#038;iv_load_policy=1&#038;loop=0&#038;rel=1&#038;fs=1&#038;playsinline=0&#038;autohide=2&#038;theme=dark&#038;color=red&#038;controls=1&#038;disablekb=0&#038;\" class=\"__youtube_prefs__  epyt-is-override  no-lazyload\" title=\"YouTube player\"  allow=\"fullscreen; accelerometer; autoplay; clipboard-write; encrypted-media; gyroscope; picture-in-picture; web-share\" referrerpolicy=\"strict-origin-when-cross-origin\" allowfullscreen data-no-lazy=\"1\" data-skipgform_ajax_framebjll=\"\"><\/iframe><\/div>\n<\/div><\/figure>\n\n\n\n<p>Na madrugada do dia 21 de novembro de 2021, o MST (Movimento dos Trabalhadores Rurais Sem Terra) e a Comunidade Quilombola Vila S\u00e3o Jo\u00e3o ocuparam a fazenda Bela Vista, na zona rural de Berizal, no Norte de Minas Gerais.<\/p>\n\n\n\n<figure class=\"wp-block-image size-large is-resized\"><img loading=\"lazy\" decoding=\"async\" src=\"http:\/\/gilvander.org.br\/site\/wp-content\/uploads\/2021\/11\/WhatsApp-Image-2021-11-21-at-09.10.36-1024x768.jpeg\" alt=\"\" class=\"wp-image-10896\" width=\"777\" height=\"583\" srcset=\"https:\/\/gilvander.org.br\/site\/wp-content\/uploads\/2021\/11\/WhatsApp-Image-2021-11-21-at-09.10.36-1024x768.jpeg 1024w, https:\/\/gilvander.org.br\/site\/wp-content\/uploads\/2021\/11\/WhatsApp-Image-2021-11-21-at-09.10.36-300x225.jpeg 300w, https:\/\/gilvander.org.br\/site\/wp-content\/uploads\/2021\/11\/WhatsApp-Image-2021-11-21-at-09.10.36-768x576.jpeg 768w, https:\/\/gilvander.org.br\/site\/wp-content\/uploads\/2021\/11\/WhatsApp-Image-2021-11-21-at-09.10.36-1536x1152.jpeg 1536w, https:\/\/gilvander.org.br\/site\/wp-content\/uploads\/2021\/11\/WhatsApp-Image-2021-11-21-at-09.10.36.jpeg 1600w\" sizes=\"auto, (max-width: 777px) 100vw, 777px\" \/><figcaption><em>Retomada Quilombola com participa\u00e7\u00e3o do MST, em Berizal, no norte de MG, dia 21\/11\/2021. Fotos: CPT\/MG.<\/em><\/figcaption><\/figure>\n\n\n\n<p>O Quilombo Vila S\u00e3o Jo\u00e3o foi certificado pela Funda\u00e7\u00e3o Palmares em 2018. A Comunidade Quilombola Vila S\u00e3o Jo\u00e3o se valeu da for\u00e7a simb\u00f3lica do 20 de novembro, Dia da Consci\u00eancia Negra, para recuperar e exigir a demarca\u00e7\u00e3o do seu Territ\u00f3rio Quilombola Ancestral.<\/p>\n\n\n\n<p>A \u00e1rea ocupada est\u00e1 abandonada, improdutiva e grilada pela empresa Italmagn\u00e9sio. Al\u00e9m disso, a propriedade rural cont\u00e9m tamb\u00e9m terra devoluta do estado de Minas Gerais. A empresa Italmagn\u00e9sio est\u00e1 grilando essas terras devolutas, que s\u00e3o territ\u00f3rio ancestral quilombola.<\/p>\n\n\n\n<div class=\"wp-block-image\"><figure class=\"alignleft size-large is-resized\"><img loading=\"lazy\" decoding=\"async\" src=\"http:\/\/gilvander.org.br\/site\/wp-content\/uploads\/2021\/11\/WhatsApp-Image-2021-11-21-at-09.10.36-3-1024x768.jpeg\" alt=\"\" class=\"wp-image-10897\" width=\"465\" height=\"349\" srcset=\"https:\/\/gilvander.org.br\/site\/wp-content\/uploads\/2021\/11\/WhatsApp-Image-2021-11-21-at-09.10.36-3-1024x768.jpeg 1024w, https:\/\/gilvander.org.br\/site\/wp-content\/uploads\/2021\/11\/WhatsApp-Image-2021-11-21-at-09.10.36-3-300x225.jpeg 300w, https:\/\/gilvander.org.br\/site\/wp-content\/uploads\/2021\/11\/WhatsApp-Image-2021-11-21-at-09.10.36-3-768x576.jpeg 768w, https:\/\/gilvander.org.br\/site\/wp-content\/uploads\/2021\/11\/WhatsApp-Image-2021-11-21-at-09.10.36-3-1536x1152.jpeg 1536w, https:\/\/gilvander.org.br\/site\/wp-content\/uploads\/2021\/11\/WhatsApp-Image-2021-11-21-at-09.10.36-3.jpeg 1600w\" sizes=\"auto, (max-width: 465px) 100vw, 465px\" \/><\/figure><\/div>\n\n\n\n<p>A retomada conta com aproximadamente 118 fam\u00edlias Quilombolas e Sem Terra. Em um cen\u00e1rio de agravamento da situa\u00e7\u00e3o de mis\u00e9ria e fome, Sem Terra e Quilombolas lutam por terra, trabalho e vida com dignidade. A ocupa\u00e7\u00e3o conta tamb\u00e9m com o apoio da Comiss\u00e3o Pastoral da Terra (CPT\/MG).<\/p>\n\n\n\n<p>A tens\u00e3o \u00e9 grande na \u00e1rea ocupada, pois a Pol\u00edcia Militar j\u00e1 chegou. Esperamos que a PM cumpra o seu papel de respeitar o leg\u00edtimo direito de luta pela terra e territ\u00f3rio, assegurado na Constitui\u00e7\u00e3o Federal de 1988.<\/p>\n\n\n\n<p>O esp\u00edrito de Zumbi e Dandara est\u00e1 presente na Comunidade Quilombola Vila S\u00e3o Jo\u00e3o!<\/p>\n\n\n\n<p>Lutar! Construir Reforma Agr\u00e1ria Popular!<\/p>\n\n\n\n<figure class=\"wp-block-image size-large\"><img loading=\"lazy\" decoding=\"async\" width=\"768\" height=\"1024\" src=\"http:\/\/gilvander.org.br\/site\/wp-content\/uploads\/2021\/11\/WhatsApp-Image-2021-11-21-at-09.10.35-1-768x1024.jpeg\" alt=\"\" class=\"wp-image-10898\" srcset=\"https:\/\/gilvander.org.br\/site\/wp-content\/uploads\/2021\/11\/WhatsApp-Image-2021-11-21-at-09.10.35-1-768x1024.jpeg 768w, https:\/\/gilvander.org.br\/site\/wp-content\/uploads\/2021\/11\/WhatsApp-Image-2021-11-21-at-09.10.35-1-225x300.jpeg 225w, https:\/\/gilvander.org.br\/site\/wp-content\/uploads\/2021\/11\/WhatsApp-Image-2021-11-21-at-09.10.35-1-1152x1536.jpeg 1152w, https:\/\/gilvander.org.br\/site\/wp-content\/uploads\/2021\/11\/WhatsApp-Image-2021-11-21-at-09.10.35-1.jpeg 1200w\" sizes=\"auto, (max-width: 768px) 100vw, 768px\" \/><\/figure>\n","protected":false},"excerpt":{"rendered":"<p>Comunidade Quilombola Vila S\u00e3o Jo\u00e3o e MST retomam Territ\u00f3rio Quilombola em Berizal, no Norte de Minas Gerais Na madrugada do dia 21 de novembro de 2021, o MST (Movimento dos Trabalhadores Rurais Sem Terra) e<\/p>\n","protected":false},"author":2,"featured_media":10896,"comment_status":"open","ping_status":"open","sticky":false,"template":"","format":"standard","meta":{"footnotes":""},"categories":[21,44,38,49,35,27,30,25,56,29,33,43,18],"tags":[],"class_list":["post-10895","post","type-post","status-publish","format-standard","has-post-thumbnail","hentry","category-artigo","category-direito-a-memoria","category-direito-a-saude","category-direito-a-terra","category-direitos-dos-quilombolas","category-direitos-humanos","category-fe-e-politica","category-luta-pela-terra-e-reforma-agraria","category-meio-ambiente","category-movimentos-sociais-populares","category-nota-publica","category-pedagogia-emancipatoria","category-videos-de-frei-gilvander"],"_links":{"self":[{"href":"https:\/\/gilvander.org.br\/site\/wp-json\/wp\/v2\/posts\/10895","targetHints":{"allow":["GET"]}}],"collection":[{"href":"https:\/\/gilvander.org.br\/site\/wp-json\/wp\/v2\/posts"}],"about":[{"href":"https:\/\/gilvander.org.br\/site\/wp-json\/wp\/v2\/types\/post"}],"author":[{"embeddable":true,"href":"https:\/\/gilvander.org.br\/site\/wp-json\/wp\/v2\/users\/2"}],"replies":[{"embeddable":true,"href":"https:\/\/gilvander.org.br\/site\/wp-json\/wp\/v2\/comments?post=10895"}],"version-history":[{"count":2,"href":"https:\/\/gilvander.org.br\/site\/wp-json\/wp\/v2\/posts\/10895\/revisions"}],"predecessor-version":[{"id":10903,"href":"https:\/\/gilvander.org.br\/site\/wp-json\/wp\/v2\/posts\/10895\/revisions\/10903"}],"wp:featuredmedia":[{"embeddable":true,"href":"https:\/\/gilvander.org.br\/site\/wp-json\/wp\/v2\/media\/10896"}],"wp:attachment":[{"href":"https:\/\/gilvander.org.br\/site\/wp-json\/wp\/v2\/media?parent=10895"}],"wp:term":[{"taxonomy":"category","embeddable":true,"href":"https:\/\/gilvander.org.br\/site\/wp-json\/wp\/v2\/categories?post=10895"},{"taxonomy":"post_tag","embeddable":true,"href":"https:\/\/gilvander.org.br\/site\/wp-json\/wp\/v2\/tags?post=10895"}],"curies":[{"name":"wp","href":"https:\/\/api.w.org\/{rel}","templated":true}]}}