{"id":11091,"date":"2022-03-07T12:54:41","date_gmt":"2022-03-07T15:54:41","guid":{"rendered":"https:\/\/gilvander.org.br\/site\/?p=11091"},"modified":"2022-03-07T12:54:49","modified_gmt":"2022-03-07T15:54:49","slug":"120-familias-da-ocupacao-vila-maria-no-palmares-em-belo-horizonte-mg-na-luta-pela-moradia-mas-sob-iminencia-de-despejo-nota-publica","status":"publish","type":"post","link":"https:\/\/gilvander.org.br\/site\/120-familias-da-ocupacao-vila-maria-no-palmares-em-belo-horizonte-mg-na-luta-pela-moradia-mas-sob-iminencia-de-despejo-nota-publica\/","title":{"rendered":"120 fam\u00edlias da Ocupa\u00e7\u00e3o Vila Maria, no Palmares, em Belo Horizonte\/MG, na luta pela moradia, mas sob imin\u00eancia de despejo. Nota P\u00fablica"},"content":{"rendered":"\n<p><strong>120 fam\u00edlias da Ocupa\u00e7\u00e3o Vila Maria, no Palmares, em Belo Horizonte\/MG, na luta pela moradia, mas sob imin\u00eancia de despejo. Nota P\u00fablica<\/strong><\/p>\n\n\n\n<figure class=\"wp-block-image size-large\"><img loading=\"lazy\" decoding=\"async\" width=\"1024\" height=\"576\" src=\"https:\/\/gilvander.org.br\/site\/wp-content\/uploads\/2022\/03\/maxresdefault-1024x576.jpg\" alt=\"\" class=\"wp-image-11092\" srcset=\"https:\/\/gilvander.org.br\/site\/wp-content\/uploads\/2022\/03\/maxresdefault-1024x576.jpg 1024w, https:\/\/gilvander.org.br\/site\/wp-content\/uploads\/2022\/03\/maxresdefault-300x169.jpg 300w, https:\/\/gilvander.org.br\/site\/wp-content\/uploads\/2022\/03\/maxresdefault-768x432.jpg 768w, https:\/\/gilvander.org.br\/site\/wp-content\/uploads\/2022\/03\/maxresdefault.jpg 1280w\" sizes=\"auto, (max-width: 1024px) 100vw, 1024px\" \/><\/figure>\n\n\n\n<p>Cerca de 120 fam\u00edlias da Ocupa\u00e7\u00e3o Vila Maria, no bairro Palmares, na zona Oeste de Belo Horizonte, MG, est\u00e3o desde novembro de 2021 na luta pela moradia, luta para se libertar da pesad\u00edssima cruz do aluguel, da humilha\u00e7\u00e3o que \u00e9 sobreviver de favor sendo peso nas costas de parentes ou da desumanidade que \u00e9 sobreviver na rua. As fam\u00edlias est\u00e3o ocupando um terreno que estava abandonado, ocioso, sem cumprir sua fun\u00e7\u00e3o social, ao lado do p\u00e1tio do DETRAN, pr\u00f3ximo ao Anel Rodovi\u00e1rio, no bairro Palmeiras. Segundo as fam\u00edlias ocupantes, o terreno Ocupado \u00e9 antigo esp\u00f3lio da empresa Continental de Material de Constru\u00e7\u00e3o que existia no local. O dono morreu em 2011. Tr\u00eas fam\u00edlias moram no terreno h\u00e1 quase 40 anos, s\u00e3o ex-trabalhadores da empresa Continental. O terreno ocupado est\u00e1 ao lado do Parque Municipal Jacques Cousteau, n\u00e3o est\u00e1 dentro do Parque conforme alega a Prefeitura de Belo Horizonte no Pedido judicial para obter Liminar de reintegra\u00e7\u00e3o de posse, o que j\u00e1 foi conseguido. Frei Gilvander Moreira, da Comiss\u00e3o Pastoral da Terra (CPT\/MG), j\u00e1 gravou na Ocupa\u00e7\u00e3o Vila Maria nove videorreportagens mostrando a realidade de extrema vulnerabilidade das 120 fam\u00edlias, 85 das quais j\u00e1 vivendo em barracos de lona preta. Ocuparam por necessidade, por estarem desempregados\/as, despejados de alugu\u00e9is ou terem sido desabrigados nas fortes chuvas. Mostrando tamb\u00e9m que ap\u00f3s as fam\u00edlias j\u00e1 estarem ocupando o terreno ocioso, a Prefeitura de BH demoliu a cerca de arame que existia na divisa da Ocupa\u00e7\u00e3o com o Parque Jacques Cousteau. Os postes e peda\u00e7os de arame est\u00e3o ainda na cerca testemunhando onde \u00e9 a divisa do Parque. Logo, \u00e9 mentira o que a prefeitura alegou judicialmente: que a ocupa\u00e7\u00e3o estaria dentro do Parque. N\u00e3o est\u00e1. A Ocupa\u00e7\u00e3o Vila Maria est\u00e1 FORA do Parque, ao lado do Parque. Outra prova \u00e9 o plantio de \u00e1rvores que a prefeitura fez a cerca de um ano dentro do Parque. Filmamos tamb\u00e9m as pequenas \u00e1rvores plantadas. Se o terreno era tamb\u00e9m parte do Parque, por que o plantio n\u00e3o foi feito tamb\u00e9m na \u00e1rea ocupada desde novembro de 2021? A prefeitura de BH tamb\u00e9m faltou com a verdade ao alegar no Processo judicial que a Ocupa\u00e7\u00e3o Vila Maria est\u00e1 colocando em risco uma nascente do Parque. Isso n\u00e3o \u00e9 verdade. A Ocupa\u00e7\u00e3o est\u00e1 distante das \u00e1reas de nascentes. A verdade, segundo moradores que moram h\u00e1 quase 40 anos na \u00e1rea, \u00e9 que quem dizimou nascente foi a Construtora Direcional, propriet\u00e1ria de um imenso terreno ao lado do Parque Jacques Cousteau. A Ocupa\u00e7\u00e3o est\u00e1 respeitando 6 metros de dist\u00e2ncia ao lado da divisa do Parque. As fam\u00edlias da Ocupa\u00e7\u00e3o Vila Maria n\u00e3o derrubaram \u00e1rvores, ali\u00e1s, est\u00e3o plantando hortas e \u00e1rvores. Os ocupantes sabem da necessidade de preservar o meio ambiente. H\u00e1 na Ocupa\u00e7\u00e3o Vila Maria um parente ind\u00edgena Caiap\u00f3, um dos primeiros a ser guardi\u00e3o do meio ambiente.<\/p>\n\n\n\n<p>Pedimos \u00e0 Defensoria P\u00fablica de Minas Gerais, da \u00e1rea de Direitos Humanos, e ao Minist\u00e9rio P\u00fablico de MG, da \u00e1rea de Direitos Humanos, para que recorram para 2\u00aa inst\u00e2ncia do TJMG sobre a injusta Liminar de reintegra\u00e7\u00e3o de posse (despejo), expedida por um juiz de 1\u00aa inst\u00e2ncia sem ouvir a Comunidade Vila Maria. A comunidade Vila Maria tem o sagrado direito de se defender juridicamente no processo judicial.<\/p>\n\n\n\n<p>A luta destas 120 fam\u00edlias da Ocupa\u00e7\u00e3o Vila Maria, em BH, \u00e9 justa, leg\u00edtima e necess\u00e1ria. Esperamos que a Prefeitura e o TJMG recobrem a sensatez e que n\u00e3o continuem tratando este grave conflito urbano e social \u2013 injusti\u00e7a urbana e social &#8211; como caso de pol\u00edcia. Ali\u00e1s, repudiamos tamb\u00e9m o fato da Prefeitura de BH ter enviado para a Ocupa\u00e7\u00e3o Vila Maria seu bra\u00e7o armado \u2013 Guarda Municipal est\u00e1 h\u00e1 muitos dias fustigando e desrespeitando o sagrado direito de luta social das fam\u00edlias -, mas n\u00e3o enviou o bra\u00e7o social do poder p\u00fablico municipal. Cad\u00ea o bra\u00e7o social da Prefeitura de BH para cuidar das fam\u00edlias?<\/p>\n\n\n\n<p>DESPEJO, JAMAIS! NEGOCIA\u00c7\u00c3O, SIM, J\u00c1!<\/p>\n\n\n\n<p>Assinam esta Nota:<\/p>\n\n\n\n<p>Coordena\u00e7\u00e3o da Ocupa\u00e7\u00e3o Vila Maria<\/p>\n\n\n\n<p>Comiss\u00e3o Pastoral da Terra (CPT\/MG)<\/p>\n\n\n\n<p>Belo Horizonte, MG, 07 de mar\u00e7o de 2022<\/p>\n\n\n\n<p><strong>Obs<\/strong>.: Segue abaixo os 9 v\u00eddeos que Frei Gilvander Moreira gravou na Ocupa\u00e7\u00e3o Vila Maria, no Palmeiras, em Belo Horizonte, MG.<\/p>\n\n\n\n<p><strong>1 &#8211; 120 fam\u00edlias sem-teto ocupam \u00e1rea ociosa. Ocupa\u00e7\u00e3o Vila Maria, Palmeiras, BH. Despejo, N\u00c3O! V\u00eddeo 1<\/strong><\/p>\n\n\n\n<figure class=\"wp-block-embed is-type-video is-provider-youtube wp-block-embed-youtube wp-embed-aspect-16-9 wp-has-aspect-ratio\"><div class=\"wp-block-embed__wrapper\">\n<div class=\"epyt-video-wrapper\"><iframe loading=\"lazy\"  id=\"_ytid_18910\"  width=\"810\" height=\"456\"  data-origwidth=\"810\" data-origheight=\"456\" src=\"https:\/\/www.youtube.com\/embed\/ycKMY4D9tKw?enablejsapi=1&#038;autoplay=0&#038;cc_load_policy=0&#038;cc_lang_pref=&#038;iv_load_policy=1&#038;loop=0&#038;rel=1&#038;fs=1&#038;playsinline=0&#038;autohide=2&#038;theme=dark&#038;color=red&#038;controls=1&#038;disablekb=0&#038;\" class=\"__youtube_prefs__  epyt-is-override  no-lazyload\" title=\"YouTube player\"  allow=\"fullscreen; accelerometer; autoplay; clipboard-write; encrypted-media; gyroscope; picture-in-picture; web-share\" referrerpolicy=\"strict-origin-when-cross-origin\" allowfullscreen data-no-lazy=\"1\" data-skipgform_ajax_framebjll=\"\"><\/iframe><\/div>\n<\/div><\/figure>\n\n\n\n<p><strong>2 &#8211; Viol\u00eancia e ilegalidades da Guarda Municipal da PBH na Ocupa\u00e7\u00e3o Vila Maria,120 fam\u00edlias, BH. V\u00eddeo 2<\/strong><\/p>\n\n\n\n<figure class=\"wp-block-embed is-type-video is-provider-youtube wp-block-embed-youtube wp-embed-aspect-16-9 wp-has-aspect-ratio\"><div class=\"wp-block-embed__wrapper\">\n<div class=\"epyt-video-wrapper\"><iframe loading=\"lazy\"  id=\"_ytid_78524\"  width=\"810\" height=\"456\"  data-origwidth=\"810\" data-origheight=\"456\" src=\"https:\/\/www.youtube.com\/embed\/MJ3y9m3ESE0?enablejsapi=1&#038;autoplay=0&#038;cc_load_policy=0&#038;cc_lang_pref=&#038;iv_load_policy=1&#038;loop=0&#038;rel=1&#038;fs=1&#038;playsinline=0&#038;autohide=2&#038;theme=dark&#038;color=red&#038;controls=1&#038;disablekb=0&#038;\" class=\"__youtube_prefs__  epyt-is-override  no-lazyload\" title=\"YouTube player\"  allow=\"fullscreen; accelerometer; autoplay; clipboard-write; encrypted-media; gyroscope; picture-in-picture; web-share\" referrerpolicy=\"strict-origin-when-cross-origin\" allowfullscreen data-no-lazy=\"1\" data-skipgform_ajax_framebjll=\"\"><\/iframe><\/div>\n<\/div><\/figure>\n\n\n\n<p><strong>3 &#8211; \u201cA gente s\u00f3 quer um pedacinho de terra\u201d: 120 fam\u00edlias da Ocupa\u00e7\u00e3o Vila Maria, em BH, MG &#8211; V\u00eddeo 3<\/strong><\/p>\n\n\n\n<figure class=\"wp-block-embed is-type-video is-provider-youtube wp-block-embed-youtube wp-embed-aspect-16-9 wp-has-aspect-ratio\"><div class=\"wp-block-embed__wrapper\">\n<div class=\"epyt-video-wrapper\"><iframe loading=\"lazy\"  id=\"_ytid_94737\"  width=\"810\" height=\"456\"  data-origwidth=\"810\" data-origheight=\"456\" src=\"https:\/\/www.youtube.com\/embed\/q7GHeZdB_7k?enablejsapi=1&#038;autoplay=0&#038;cc_load_policy=0&#038;cc_lang_pref=&#038;iv_load_policy=1&#038;loop=0&#038;rel=1&#038;fs=1&#038;playsinline=0&#038;autohide=2&#038;theme=dark&#038;color=red&#038;controls=1&#038;disablekb=0&#038;\" class=\"__youtube_prefs__  epyt-is-override  no-lazyload\" title=\"YouTube player\"  allow=\"fullscreen; accelerometer; autoplay; clipboard-write; encrypted-media; gyroscope; picture-in-picture; web-share\" referrerpolicy=\"strict-origin-when-cross-origin\" allowfullscreen data-no-lazy=\"1\" data-skipgform_ajax_framebjll=\"\"><\/iframe><\/div>\n<\/div><\/figure>\n\n\n\n<p><strong>4 &#8211; \u201cAp\u00f3s 7 anos na rua, idoso constr\u00f3i barraco na Ocupa\u00e7\u00e3o Vila Maria, em BH\/MG\u201d: 120 fam\u00edlias -V\u00eddeo 4<\/strong><\/p>\n\n\n\n<figure class=\"wp-block-embed is-type-video is-provider-youtube wp-block-embed-youtube wp-embed-aspect-16-9 wp-has-aspect-ratio\"><div class=\"wp-block-embed__wrapper\">\n<div class=\"epyt-video-wrapper\"><iframe loading=\"lazy\"  id=\"_ytid_47387\"  width=\"810\" height=\"456\"  data-origwidth=\"810\" data-origheight=\"456\" src=\"https:\/\/www.youtube.com\/embed\/CPiu5aBl5eA?enablejsapi=1&#038;autoplay=0&#038;cc_load_policy=0&#038;cc_lang_pref=&#038;iv_load_policy=1&#038;loop=0&#038;rel=1&#038;fs=1&#038;playsinline=0&#038;autohide=2&#038;theme=dark&#038;color=red&#038;controls=1&#038;disablekb=0&#038;\" class=\"__youtube_prefs__  epyt-is-override  no-lazyload\" title=\"YouTube player\"  allow=\"fullscreen; accelerometer; autoplay; clipboard-write; encrypted-media; gyroscope; picture-in-picture; web-share\" referrerpolicy=\"strict-origin-when-cross-origin\" allowfullscreen data-no-lazy=\"1\" data-skipgform_ajax_framebjll=\"\"><\/iframe><\/div>\n<\/div><\/figure>\n\n\n\n<p><strong>5 &#8211; PBH arranca cerca do Parque Jacques Cousteau em BH ap\u00f3s 120 fam\u00edlias ocuparem \u00e1rea ociosa. V\u00eddeo 5<\/strong><\/p>\n\n\n\n<figure class=\"wp-block-embed is-type-video is-provider-youtube wp-block-embed-youtube wp-embed-aspect-16-9 wp-has-aspect-ratio\"><div class=\"wp-block-embed__wrapper\">\n<div class=\"epyt-video-wrapper\"><iframe loading=\"lazy\"  id=\"_ytid_61591\"  width=\"810\" height=\"456\"  data-origwidth=\"810\" data-origheight=\"456\" src=\"https:\/\/www.youtube.com\/embed\/kcyy24zAd04?enablejsapi=1&#038;autoplay=0&#038;cc_load_policy=0&#038;cc_lang_pref=&#038;iv_load_policy=1&#038;loop=0&#038;rel=1&#038;fs=1&#038;playsinline=0&#038;autohide=2&#038;theme=dark&#038;color=red&#038;controls=1&#038;disablekb=0&#038;\" class=\"__youtube_prefs__  epyt-is-override  no-lazyload\" title=\"YouTube player\"  allow=\"fullscreen; accelerometer; autoplay; clipboard-write; encrypted-media; gyroscope; picture-in-picture; web-share\" referrerpolicy=\"strict-origin-when-cross-origin\" allowfullscreen data-no-lazy=\"1\" data-skipgform_ajax_framebjll=\"\"><\/iframe><\/div>\n<\/div><\/figure>\n\n\n\n<p><strong>6 &#8211; Ind\u00edgena Caiap\u00f3 na Ocupa\u00e7\u00e3o Vila Maria, em BH: 120 fam\u00edlias sob risco de despejo. V\u00eddeo 6 \u2013 28\/02\/22<\/strong><\/p>\n\n\n\n<figure class=\"wp-block-embed is-type-video is-provider-youtube wp-block-embed-youtube wp-embed-aspect-16-9 wp-has-aspect-ratio\"><div class=\"wp-block-embed__wrapper\">\n<div class=\"epyt-video-wrapper\"><iframe loading=\"lazy\"  id=\"_ytid_96245\"  width=\"810\" height=\"456\"  data-origwidth=\"810\" data-origheight=\"456\" src=\"https:\/\/www.youtube.com\/embed\/cJMA-PamzqU?enablejsapi=1&#038;autoplay=0&#038;cc_load_policy=0&#038;cc_lang_pref=&#038;iv_load_policy=1&#038;loop=0&#038;rel=1&#038;fs=1&#038;playsinline=0&#038;autohide=2&#038;theme=dark&#038;color=red&#038;controls=1&#038;disablekb=0&#038;\" class=\"__youtube_prefs__  epyt-is-override  no-lazyload\" title=\"YouTube player\"  allow=\"fullscreen; accelerometer; autoplay; clipboard-write; encrypted-media; gyroscope; picture-in-picture; web-share\" referrerpolicy=\"strict-origin-when-cross-origin\" allowfullscreen data-no-lazy=\"1\" data-skipgform_ajax_framebjll=\"\"><\/iframe><\/div>\n<\/div><\/figure>\n\n\n\n<p><strong>7 &#8211; Ocupa\u00e7\u00e3o Vila Maria, BH\/MG, est\u00e1 FORA do Parque e quem matou nascente foi a Direcional \u2013 V\u00eddeo 7<\/strong><\/p>\n\n\n\n<figure class=\"wp-block-embed is-type-video is-provider-youtube wp-block-embed-youtube wp-embed-aspect-16-9 wp-has-aspect-ratio\"><div class=\"wp-block-embed__wrapper\">\n<div class=\"epyt-video-wrapper\"><iframe loading=\"lazy\"  id=\"_ytid_65953\"  width=\"810\" height=\"456\"  data-origwidth=\"810\" data-origheight=\"456\" src=\"https:\/\/www.youtube.com\/embed\/lXo8uyC8-zQ?enablejsapi=1&#038;autoplay=0&#038;cc_load_policy=0&#038;cc_lang_pref=&#038;iv_load_policy=1&#038;loop=0&#038;rel=1&#038;fs=1&#038;playsinline=0&#038;autohide=2&#038;theme=dark&#038;color=red&#038;controls=1&#038;disablekb=0&#038;\" class=\"__youtube_prefs__  epyt-is-override  no-lazyload\" title=\"YouTube player\"  allow=\"fullscreen; accelerometer; autoplay; clipboard-write; encrypted-media; gyroscope; picture-in-picture; web-share\" referrerpolicy=\"strict-origin-when-cross-origin\" allowfullscreen data-no-lazy=\"1\" data-skipgform_ajax_framebjll=\"\"><\/iframe><\/div>\n<\/div><\/figure>\n\n\n\n<p><strong>8 &#8211; TJMG, ou\u00e7a as 120 fam\u00edlias da Ocupa\u00e7\u00e3o Vila Maria, de BH\/MG: Direcional matou nascente. V\u00eddeo 8<\/strong><\/p>\n\n\n\n<figure class=\"wp-block-embed is-type-video is-provider-youtube wp-block-embed-youtube wp-embed-aspect-16-9 wp-has-aspect-ratio\"><div class=\"wp-block-embed__wrapper\">\n<div class=\"epyt-video-wrapper\"><iframe loading=\"lazy\"  id=\"_ytid_36397\"  width=\"810\" height=\"456\"  data-origwidth=\"810\" data-origheight=\"456\" src=\"https:\/\/www.youtube.com\/embed\/bg3IBxlwUHQ?enablejsapi=1&#038;autoplay=0&#038;cc_load_policy=0&#038;cc_lang_pref=&#038;iv_load_policy=1&#038;loop=0&#038;rel=1&#038;fs=1&#038;playsinline=0&#038;autohide=2&#038;theme=dark&#038;color=red&#038;controls=1&#038;disablekb=0&#038;\" class=\"__youtube_prefs__  epyt-is-override  no-lazyload\" title=\"YouTube player\"  allow=\"fullscreen; accelerometer; autoplay; clipboard-write; encrypted-media; gyroscope; picture-in-picture; web-share\" referrerpolicy=\"strict-origin-when-cross-origin\" allowfullscreen data-no-lazy=\"1\" data-skipgform_ajax_framebjll=\"\"><\/iframe><\/div>\n<\/div><\/figure>\n\n\n\n<p><strong>9 &#8211; Povo da Ocupa\u00e7\u00e3o Vila Maria (120 fam\u00edlias sob despejo) CLAMA por apoio na Par\u00f3quia S\u00e3o Judas, BH\/MG<\/strong><\/p>\n\n\n\n<figure class=\"wp-block-embed is-type-video is-provider-youtube wp-block-embed-youtube wp-embed-aspect-16-9 wp-has-aspect-ratio\"><div class=\"wp-block-embed__wrapper\">\n<div class=\"epyt-video-wrapper\"><iframe loading=\"lazy\"  id=\"_ytid_40751\"  width=\"810\" height=\"456\"  data-origwidth=\"810\" data-origheight=\"456\" src=\"https:\/\/www.youtube.com\/embed\/890DH31-9NY?enablejsapi=1&#038;autoplay=0&#038;cc_load_policy=0&#038;cc_lang_pref=&#038;iv_load_policy=1&#038;loop=0&#038;rel=1&#038;fs=1&#038;playsinline=0&#038;autohide=2&#038;theme=dark&#038;color=red&#038;controls=1&#038;disablekb=0&#038;\" class=\"__youtube_prefs__  epyt-is-override  no-lazyload\" title=\"YouTube player\"  allow=\"fullscreen; accelerometer; autoplay; clipboard-write; encrypted-media; gyroscope; picture-in-picture; web-share\" referrerpolicy=\"strict-origin-when-cross-origin\" allowfullscreen data-no-lazy=\"1\" data-skipgform_ajax_framebjll=\"\"><\/iframe><\/div>\n<\/div><\/figure>\n","protected":false},"excerpt":{"rendered":"<p>120 fam\u00edlias da Ocupa\u00e7\u00e3o Vila Maria, no Palmares, em Belo Horizonte\/MG, na luta pela moradia, mas sob imin\u00eancia de despejo. Nota P\u00fablica Cerca de 120 fam\u00edlias da Ocupa\u00e7\u00e3o Vila Maria, no bairro Palmares, na zona<\/p>\n","protected":false},"author":2,"featured_media":11092,"comment_status":"open","ping_status":"open","sticky":false,"template":"","format":"standard","meta":{"footnotes":""},"categories":[21,40,38,49,48,27,30,28,56,29,33,43,26,18],"tags":[],"class_list":["post-11091","post","type-post","status-publish","format-standard","has-post-thumbnail","hentry","category-artigo","category-direito-a-cidade","category-direito-a-saude","category-direito-a-terra","category-direitos-das-mulheres","category-direitos-humanos","category-fe-e-politica","category-luta-pela-moradia","category-meio-ambiente","category-movimentos-sociais-populares","category-nota-publica","category-pedagogia-emancipatoria","category-teologia-da-libertacao","category-videos-de-frei-gilvander"],"_links":{"self":[{"href":"https:\/\/gilvander.org.br\/site\/wp-json\/wp\/v2\/posts\/11091","targetHints":{"allow":["GET"]}}],"collection":[{"href":"https:\/\/gilvander.org.br\/site\/wp-json\/wp\/v2\/posts"}],"about":[{"href":"https:\/\/gilvander.org.br\/site\/wp-json\/wp\/v2\/types\/post"}],"author":[{"embeddable":true,"href":"https:\/\/gilvander.org.br\/site\/wp-json\/wp\/v2\/users\/2"}],"replies":[{"embeddable":true,"href":"https:\/\/gilvander.org.br\/site\/wp-json\/wp\/v2\/comments?post=11091"}],"version-history":[{"count":1,"href":"https:\/\/gilvander.org.br\/site\/wp-json\/wp\/v2\/posts\/11091\/revisions"}],"predecessor-version":[{"id":11093,"href":"https:\/\/gilvander.org.br\/site\/wp-json\/wp\/v2\/posts\/11091\/revisions\/11093"}],"wp:featuredmedia":[{"embeddable":true,"href":"https:\/\/gilvander.org.br\/site\/wp-json\/wp\/v2\/media\/11092"}],"wp:attachment":[{"href":"https:\/\/gilvander.org.br\/site\/wp-json\/wp\/v2\/media?parent=11091"}],"wp:term":[{"taxonomy":"category","embeddable":true,"href":"https:\/\/gilvander.org.br\/site\/wp-json\/wp\/v2\/categories?post=11091"},{"taxonomy":"post_tag","embeddable":true,"href":"https:\/\/gilvander.org.br\/site\/wp-json\/wp\/v2\/tags?post=11091"}],"curies":[{"name":"wp","href":"https:\/\/api.w.org\/{rel}","templated":true}]}}