{"id":11217,"date":"2022-05-17T15:56:52","date_gmt":"2022-05-17T18:56:52","guid":{"rendered":"https:\/\/gilvander.org.br\/site\/?p=11217"},"modified":"2022-05-17T16:38:13","modified_gmt":"2022-05-17T19:38:13","slug":"11217-2","status":"publish","type":"post","link":"https:\/\/gilvander.org.br\/site\/11217-2\/","title":{"rendered":"Na luta pela terra se aprende muito e o melhor. Por Frei Gilvander"},"content":{"rendered":"\n<p><strong>Na luta pela terra se aprende muito e o melhor<\/strong>. <strong>Por Frei Gilvander<\/strong> Moreira<a id=\"_ftnref1\" href=\"#_ftn1\">[1]<\/a><\/p>\n\n\n\n<figure class=\"wp-block-image size-full\"><img loading=\"lazy\" decoding=\"async\" width=\"800\" height=\"533\" src=\"https:\/\/gilvander.org.br\/site\/wp-content\/uploads\/2022\/05\/image_processing20200201-29235-vnv76a.jpg\" alt=\"\" class=\"wp-image-11218\" srcset=\"https:\/\/gilvander.org.br\/site\/wp-content\/uploads\/2022\/05\/image_processing20200201-29235-vnv76a.jpg 800w, https:\/\/gilvander.org.br\/site\/wp-content\/uploads\/2022\/05\/image_processing20200201-29235-vnv76a-300x200.jpg 300w, https:\/\/gilvander.org.br\/site\/wp-content\/uploads\/2022\/05\/image_processing20200201-29235-vnv76a-768x512.jpg 768w, https:\/\/gilvander.org.br\/site\/wp-content\/uploads\/2022\/05\/image_processing20200201-29235-vnv76a-420x280.jpg 420w\" sizes=\"auto, (max-width: 800px) 100vw, 800px\" \/><figcaption>Crian\u00e7as est\u00e3o presentes no MST desde o primeiro acampamento, em 1985.<br>Foto: Juliana Adriano<\/figcaption><\/figure>\n\n\n\n<p>Enquanto pesquis\u00e1vamos sobre a luta pela terra como pedagogia de emancipa\u00e7\u00e3o humana, no Acampamento Dom Luciano Mendes, em Salto da Divisa, Baixo Jequitinhonha, MG, em roda de conversa, dia 22 de setembro de 2014, levantamos uma pergunta relativa \u00e0 aprendizagem: Desde a prepara\u00e7\u00e3o para Ocupa\u00e7\u00e3o e nos quase nove anos de Acampamento Dom Luciano, o que voc\u00eas aprenderam em quase nove anos de luta pela terra? O Sem Terra Get\u00falio Lopes do Nascimento disse: \u201c<em>Aqui na comunidade, eu aprendi a conviver. Antes lutei muito, mas sozinho s\u00f3 para beneficiar o patr\u00e3o, mas aqui no Acampamento Dom Luciano aprendi o conhecimento com outros companheiros<\/em>\u201d. Aldemir Silva Pinto, outro campon\u00eas Sem Terra acampado pediu a palavra e relatou: \u201c<em>Aprendi muitas coisas. Aprendi a conversar. Eu n\u00e3o sabia nem conversar com as pessoas. Esse acampamento Dom Luciano \u00e9 uma escola pra gente. Aprendi quais s\u00e3o nossos direitos. Antes, a gente n\u00e3o sabia de nada, s\u00f3 o patr\u00e3o sabia. Com a nossa luta pela terra, eu posso sair daqui e ir l\u00e1 em Belo Horizonte reivindicar nossos direitos. Hoje, eu falo em uma reuni\u00e3o sem tremer. Aprendemos muito com a luta do MST<a href=\"#_ftn2\" id=\"_ftnref2\"><strong>[2]<\/strong><\/a>. E muita gente aqui do Salto da Divisa, os ribeirinhos e os posseiros aprenderam os direitos deles com a nossa luta. Eles n\u00e3o sabiam que eles tinham direitos de resistir nas terras onde eram posseiros<\/em>.\u201d<\/p>\n\n\n\n<p>A luta pela terra e\/ou pela moradia irradia conhecimento em v\u00e1rias \u00e1reas, desperta o protagonismo que estava abafado em muitas pessoas e afeta positivamente quem est\u00e1 por perto. O Sem Terra Adriano Barbosa dos Santos narra com alegria que aprendeu muitas coisas: \u201c<em>Aprendi muitas coisas. Aprendi a ler e a escrever. Aprendi a trabalhar na enxada. Antes eu s\u00f3 mexia com cavalo e gado. Aprendi a conhecer os companheiros e a respeitar os direitos dos companheiros. Aprendi a lutar junto com os companheiros. Aprendi a bater pandeiro e a fazer farra. Aprendi a dan\u00e7ar. Aprendi a fazer cesto. Aprendi a conhecer uma cidade: Belo Horizonte, Bras\u00edlia. Aprendi a chegar perto da Presidenta Dilma. Se eu n\u00e3o fosse Sem Terra, eu nunca iria chegar perto dela. Durante dez anos, eu trabalhei na cidade de Salto da Divisa como seguran\u00e7a da pra\u00e7a dia e noite. Ganhava pouco. Adoeci. Peguei depress\u00e3o. Ap\u00f3s eu adoecer, eles cortaram meu sal\u00e1rio e me demitiram. Recuperei minha sa\u00fade e a alegria de viver aqui no acampamento na luta pela terra. Aprendi que na luta pela terra a gente melhora a sa\u00fade<\/em>.\u201d<\/p>\n\n\n\n<p>Na luta pela terra, os camponeses e as camponesas Sem Terra aprendem juntos. A luta pela terra se torna uma escola de aprendizados emancipat\u00f3rios. O Sem Terra Francelino Lopes do Nascimento, hoje, assentado no Assentamento Dom Luciano Mendes os outros mencionados acima, com alegria, diz: \u201c<em>Eu aprendi muita coisa. Antes eu s\u00f3 trabalhava para os outros. Quem inventou que a gente tem que trabalhar para os outros e ser sempre explorado? Vim pra c\u00e1 e junto com os companheiros, fiquei assuntando, observando os companheiros e fui aprendendo<\/em>\u201d. Na luta pela terra, os camponeses descobrem o senso de que todos s\u00e3o uma s\u00f3 fam\u00edlia, superando a ideia de fam\u00edlia nuclear. O Sem Terra Raimundo dos Santos complementa: \u201c<em>A primeira vez que plantei aqui perdi. Depois plantei mandioca e comprei um fog\u00e3o. Aqui, em qualquer barraco que a gente entrar a gente come. Aprendi que n\u00f3s somos uma s\u00f3 fam\u00edlia<\/em>\u201d. Fazer mem\u00f3ria da sua trajet\u00f3ria de liberta\u00e7\u00e3o e emancipa\u00e7\u00e3o tamb\u00e9m emancipa de alguma forma e desperta outros sem-terra para se engajarem na luta pela terra: \u201c<em>Agrade\u00e7o a Deus toda hora. Agrade\u00e7o ao primeiro acampamento que fiquei l\u00e1 em Belmonte, na Bahia, mas esse aqui \u2013 o Acampamento Dom Luciano \u2013 \u00e9 o melhor. Se eu n\u00e3o estivesse aqui, eu n\u00e3o teria conhecido Belo Horizonte, Bras\u00edlia. Antes, eu vivia empregado. Quando sa\u00eda de uma fazenda ia para outra. Na luta pela terra, aprendi a conviver com os companheiros. Aprendi a conversar mais um pouco. Coisa dif\u00edcil \u00e9 a gente ser mandado pelos outros. Aqui nenhum companheiro manda, mas o grupo manda ap\u00f3s decidir em conjunto. Depois que o acampamento de Belmonte acabou, eu ouvi no r\u00e1dio que aqui estava tendo um acampamento. Decidi vir pra c\u00e1. O r\u00e1dio tamb\u00e9m ajudou<\/em>\u201d, me disse o Sem Terra Aulerino Lopes do Nascimento.<\/p>\n\n\n\n<p>A agente de pastoral da Comiss\u00e3o Pastoral da Terra, (CPT) Irm\u00e3 Geraldinha (Geralda Magela da Fonseca), feliz da vida, relata sua experi\u00eancia de f\u00e9 no meio da luta pela terra ao lado do povo campon\u00eas expropriado da terra e superexplorado: \u201c<em>Eu n\u00e3o tinha antes a certeza da gra\u00e7a de Deus no meio do povo. Aprendi que Deus e o evangelho est\u00e3o aqui nos irm\u00e3os camponeses que lutam juntos pela terra, partilhando e convivendo fraternalmente. Aprendi que a luta nos ensina muito no dia a dia, cada um com seu jeito de ser e de agir. Se a gente n\u00e3o estivesse tendo esse movimento de uni\u00e3o, n\u00e3o estar\u00edamos conquistando nossos direitos. Tudo aqui \u00e9 decidido em reuni\u00e3o. Muitas vezes, no in\u00edcio da reuni\u00e3o ningu\u00e9m sabe o que fazer e nem como fazer, mas um fala uma coisa, outro d\u00e1 outra ideia e devagarinho v\u00e3o surgindo umas ideias boas. Cada dia estou aprendendo que vivendo sozinho e isolado ningu\u00e9m \u00e9 capaz, mas juntos n\u00f3s somos capazes de vencer todos os obst\u00e1culos da nossa vida. Aqui&nbsp;&nbsp; aprendemos a transformar as pedras, que s\u00e3o as persegui\u00e7\u00f5es, em p\u00e3es, pois essa terra aqui, mesmo estando em cima de um grande lajedo, hoje est\u00e1 alimentando 43 fam\u00edlias. Aprendemos a transformar os espinhos, que s\u00e3o as amea\u00e7as, em gra\u00e7a de Deus, em ressurrei\u00e7\u00e3o, em indigna\u00e7\u00e3o e combust\u00edvel para a luta. Isso est\u00e1 muito forte dentro de mim<\/em>.\u201d<\/p>\n\n\n\n<p>Entrev\u00ea-se no discurso da irm\u00e3 Geraldinha a import\u00e2ncia de um humanismo libertador. Acreditar no ser humano, cultivar amizade, discutir todos os problemas e, coletivamente, buscar as solu\u00e7\u00f5es para cada problema e cada injusti\u00e7a. Isso refor\u00e7a a marcha emancipat\u00f3ria. Curiosamente o protagonismo da luta pela terra em Salto da Divisa n\u00e3o tem sido dos jovens, que tiveram que migrar para cidades maiores por falta de terra, pela cumplicidade do Governo Federal com o latif\u00fandio e com os latifundi\u00e1rios n\u00e3o libera a terra para o povo e pela falta de oportunidades. De fato, em Salto da Divisa, pais e m\u00e3es, que nasceram e cresceram no campo, \u00e9 que est\u00e3o sendo protagonistas da luta pela terra. Uma jovem camponesa Sem Terra, Adenilza Soares Rodrigues, uma dos poucas jovens do Acampamento Dom Luciano, explica: \u201c<em>Aqui no Acampamento Dom Luciano Mendes, a lideran\u00e7a da luta n\u00e3o est\u00e1 sendo dos jovens. No in\u00edcio da ocupa\u00e7\u00e3o havia muitos jovens, mas com a demora da conquista da terra tiveram que ir embora para cidades maiores por falta de oportunidades. Muitos jovens n\u00e3o querem ficar na ro\u00e7a por causa da falta de energia, de internet e por causa da vida com poucas oportunidades. Mas, al\u00e9m de querer resgatar o que tomaram de mim quando eu era crian\u00e7a, eu luto por um pedacinho de terra para meus filhos. Aqui no acampamento eu aprendi o que \u00e9 ser revolucion\u00e1ria. A experi\u00eancia que eu aprendi aqui aprendi com os mais idosos<\/em>.\u201d<\/p>\n\n\n\n<p>Enfim, a luta pela terra e\/ou pela moradia, em um Acampamento ou Ocupa\u00e7\u00e3o se torna uma Escola que ensina muito e o melhor, de mil jeitos e de forma emancipat\u00f3ria.<\/p>\n\n\n\n<p>17\/5\/2022<\/p>\n\n\n\n<p><strong>Obs<\/strong>.: As videorreportagens nos links, abaixo, versam sobre o assunto tratado, acima.<\/p>\n\n\n\n<p><strong>1 &#8211; \u201cNossa M\u00e3e, n\u00f3s e nossos filhos e netos viver\u00e3o aqui no nosso Quilombo Ara\u00fajo, Betim, MG\u201d. V\u00eddeo 4<\/strong><\/p>\n\n\n\n<figure class=\"wp-block-embed is-type-video is-provider-youtube wp-block-embed-youtube wp-embed-aspect-16-9 wp-has-aspect-ratio\"><div class=\"wp-block-embed__wrapper\">\n<div class=\"epyt-video-wrapper\"><iframe loading=\"lazy\"  id=\"_ytid_25779\"  width=\"810\" height=\"456\"  data-origwidth=\"810\" data-origheight=\"456\" src=\"https:\/\/www.youtube.com\/embed\/v--lyUMo1_4?enablejsapi=1&#038;autoplay=0&#038;cc_load_policy=0&#038;cc_lang_pref=&#038;iv_load_policy=1&#038;loop=0&#038;rel=1&#038;fs=1&#038;playsinline=0&#038;autohide=2&#038;theme=dark&#038;color=red&#038;controls=1&#038;disablekb=0&#038;\" class=\"__youtube_prefs__  epyt-is-override  no-lazyload\" title=\"YouTube player\"  allow=\"fullscreen; accelerometer; autoplay; clipboard-write; encrypted-media; gyroscope; picture-in-picture; web-share\" referrerpolicy=\"strict-origin-when-cross-origin\" allowfullscreen data-no-lazy=\"1\" data-skipgform_ajax_framebjll=\"\"><\/iframe><\/div>\n<\/div><\/figure>\n\n\n\n<p><strong>2 &#8211; Basta de sexta-feira da Paix\u00e3o em Betim, MG! Construamos Domingos de Ressurrei\u00e7\u00e3o. Ara\u00fajo! V\u00eddeo 3<\/strong><\/p>\n\n\n\n<figure class=\"wp-block-embed is-type-video is-provider-youtube wp-block-embed-youtube wp-embed-aspect-16-9 wp-has-aspect-ratio\"><div class=\"wp-block-embed__wrapper\">\n<div class=\"epyt-video-wrapper\"><iframe loading=\"lazy\"  id=\"_ytid_66445\"  width=\"810\" height=\"456\"  data-origwidth=\"810\" data-origheight=\"456\" src=\"https:\/\/www.youtube.com\/embed\/mrF-Dzp1iRY?enablejsapi=1&#038;autoplay=0&#038;cc_load_policy=0&#038;cc_lang_pref=&#038;iv_load_policy=1&#038;loop=0&#038;rel=1&#038;fs=1&#038;playsinline=0&#038;autohide=2&#038;theme=dark&#038;color=red&#038;controls=1&#038;disablekb=0&#038;\" class=\"__youtube_prefs__  epyt-is-override  no-lazyload\" title=\"YouTube player\"  allow=\"fullscreen; accelerometer; autoplay; clipboard-write; encrypted-media; gyroscope; picture-in-picture; web-share\" referrerpolicy=\"strict-origin-when-cross-origin\" allowfullscreen data-no-lazy=\"1\" data-skipgform_ajax_framebjll=\"\"><\/iframe><\/div>\n<\/div><\/figure>\n\n\n\n<p><strong>3 &#8211; Ato P\u00fablico e Culto na Comunidade Tradicional Quilombola Fam\u00edlia Ara\u00fajo, de Betim\/MG. In\u00edcio\/V\u00eddeo 1<\/strong><\/p>\n\n\n\n<figure class=\"wp-block-embed is-type-video is-provider-youtube wp-block-embed-youtube wp-embed-aspect-16-9 wp-has-aspect-ratio\"><div class=\"wp-block-embed__wrapper\">\n<div class=\"epyt-video-wrapper\"><iframe loading=\"lazy\"  id=\"_ytid_39036\"  width=\"810\" height=\"456\"  data-origwidth=\"810\" data-origheight=\"456\" src=\"https:\/\/www.youtube.com\/embed\/9A3pTvNdFaA?enablejsapi=1&#038;autoplay=0&#038;cc_load_policy=0&#038;cc_lang_pref=&#038;iv_load_policy=1&#038;loop=0&#038;rel=1&#038;fs=1&#038;playsinline=0&#038;autohide=2&#038;theme=dark&#038;color=red&#038;controls=1&#038;disablekb=0&#038;\" class=\"__youtube_prefs__  epyt-is-override  no-lazyload\" title=\"YouTube player\"  allow=\"fullscreen; accelerometer; autoplay; clipboard-write; encrypted-media; gyroscope; picture-in-picture; web-share\" referrerpolicy=\"strict-origin-when-cross-origin\" allowfullscreen data-no-lazy=\"1\" data-skipgform_ajax_framebjll=\"\"><\/iframe><\/div>\n<\/div><\/figure>\n\n\n\n<p><strong>4 &#8211; Culto de Resist\u00eancia n Comunidade Tradicional Quilombola Fam\u00edlia Ara\u00fajo, de Betim\/MG. Luta! V\u00eddeo 2<\/strong><\/p>\n\n\n\n<figure class=\"wp-block-embed is-type-video is-provider-youtube wp-block-embed-youtube wp-embed-aspect-16-9 wp-has-aspect-ratio\"><div class=\"wp-block-embed__wrapper\">\n<div class=\"epyt-video-wrapper\"><iframe loading=\"lazy\"  id=\"_ytid_19322\"  width=\"810\" height=\"456\"  data-origwidth=\"810\" data-origheight=\"456\" src=\"https:\/\/www.youtube.com\/embed\/ngm6AYrjCsY?enablejsapi=1&#038;autoplay=0&#038;cc_load_policy=0&#038;cc_lang_pref=&#038;iv_load_policy=1&#038;loop=0&#038;rel=1&#038;fs=1&#038;playsinline=0&#038;autohide=2&#038;theme=dark&#038;color=red&#038;controls=1&#038;disablekb=0&#038;\" class=\"__youtube_prefs__  epyt-is-override  no-lazyload\" title=\"YouTube player\"  allow=\"fullscreen; accelerometer; autoplay; clipboard-write; encrypted-media; gyroscope; picture-in-picture; web-share\" referrerpolicy=\"strict-origin-when-cross-origin\" allowfullscreen data-no-lazy=\"1\" data-skipgform_ajax_framebjll=\"\"><\/iframe><\/div>\n<\/div><\/figure>\n\n\n\n<p><strong>5 &#8211; &#8220;Se Medioli n\u00e3o respeita pobres e derruba suas casas, n\u00e3o pode mais ser prefeito de Betim\/MG&#8221;: Z\u00e9lia<\/strong><\/p>\n\n\n\n<figure class=\"wp-block-embed is-type-video is-provider-youtube wp-block-embed-youtube wp-embed-aspect-16-9 wp-has-aspect-ratio\"><div class=\"wp-block-embed__wrapper\">\n<div class=\"epyt-video-wrapper\"><iframe loading=\"lazy\"  id=\"_ytid_60741\"  width=\"810\" height=\"456\"  data-origwidth=\"810\" data-origheight=\"456\" src=\"https:\/\/www.youtube.com\/embed\/sEFjCu3Q7Ck?enablejsapi=1&#038;autoplay=0&#038;cc_load_policy=0&#038;cc_lang_pref=&#038;iv_load_policy=1&#038;loop=0&#038;rel=1&#038;fs=1&#038;playsinline=0&#038;autohide=2&#038;theme=dark&#038;color=red&#038;controls=1&#038;disablekb=0&#038;\" class=\"__youtube_prefs__  epyt-is-override  no-lazyload\" title=\"YouTube player\"  allow=\"fullscreen; accelerometer; autoplay; clipboard-write; encrypted-media; gyroscope; picture-in-picture; web-share\" referrerpolicy=\"strict-origin-when-cross-origin\" allowfullscreen data-no-lazy=\"1\" data-skipgform_ajax_framebjll=\"\"><\/iframe><\/div>\n<\/div><\/figure>\n\n\n\n<p><strong>6 &#8211; \u201cEm Betim\/MG, prefeito Medioli faz guerra contra os pobres e destr\u00f3i casas\u201d (Adv. Dr. Ailton Matias)<\/strong><\/p>\n\n\n\n<figure class=\"wp-block-embed is-type-video is-provider-youtube wp-block-embed-youtube wp-embed-aspect-16-9 wp-has-aspect-ratio\"><div class=\"wp-block-embed__wrapper\">\n<div class=\"epyt-video-wrapper\"><iframe loading=\"lazy\"  id=\"_ytid_46702\"  width=\"810\" height=\"456\"  data-origwidth=\"810\" data-origheight=\"456\" src=\"https:\/\/www.youtube.com\/embed\/iWy-pWSXPKA?enablejsapi=1&#038;autoplay=0&#038;cc_load_policy=0&#038;cc_lang_pref=&#038;iv_load_policy=1&#038;loop=0&#038;rel=1&#038;fs=1&#038;playsinline=0&#038;autohide=2&#038;theme=dark&#038;color=red&#038;controls=1&#038;disablekb=0&#038;\" class=\"__youtube_prefs__  epyt-is-override  no-lazyload\" title=\"YouTube player\"  allow=\"fullscreen; accelerometer; autoplay; clipboard-write; encrypted-media; gyroscope; picture-in-picture; web-share\" referrerpolicy=\"strict-origin-when-cross-origin\" allowfullscreen data-no-lazy=\"1\" data-skipgform_ajax_framebjll=\"\"><\/iframe><\/div>\n<\/div><\/figure>\n\n\n\n<p><strong>7 &#8211; Na ALMG: \u201cDa nossa Comunidade Tradicional Quilombola Fam\u00edlia Ara\u00fajo, de Betim\/MG, s\u00f3 sa\u00edmos mortos\u201d<\/strong><\/p>\n\n\n\n<figure class=\"wp-block-embed is-type-video is-provider-youtube wp-block-embed-youtube wp-embed-aspect-16-9 wp-has-aspect-ratio\"><div class=\"wp-block-embed__wrapper\">\n<div class=\"epyt-video-wrapper\"><iframe loading=\"lazy\"  id=\"_ytid_40729\"  width=\"810\" height=\"456\"  data-origwidth=\"810\" data-origheight=\"456\" src=\"https:\/\/www.youtube.com\/embed\/L3K3coOL6Ec?enablejsapi=1&#038;autoplay=0&#038;cc_load_policy=0&#038;cc_lang_pref=&#038;iv_load_policy=1&#038;loop=0&#038;rel=1&#038;fs=1&#038;playsinline=0&#038;autohide=2&#038;theme=dark&#038;color=red&#038;controls=1&#038;disablekb=0&#038;\" class=\"__youtube_prefs__  epyt-is-override  no-lazyload\" title=\"YouTube player\"  allow=\"fullscreen; accelerometer; autoplay; clipboard-write; encrypted-media; gyroscope; picture-in-picture; web-share\" referrerpolicy=\"strict-origin-when-cross-origin\" allowfullscreen data-no-lazy=\"1\" data-skipgform_ajax_framebjll=\"\"><\/iframe><\/div>\n<\/div><\/figure>\n\n\n\n<p><strong>8 &#8211; Frei Gilvander, na ALMG: \u201cDespejo Zero n\u00e3o s\u00f3 at\u00e9 30\/6\/22, mas para sempre! Cad\u00ea a fun\u00e7\u00e3o social?\u201d<\/strong><\/p>\n\n\n\n<figure class=\"wp-block-embed is-type-video is-provider-youtube wp-block-embed-youtube wp-embed-aspect-16-9 wp-has-aspect-ratio\"><div class=\"wp-block-embed__wrapper\">\n<div class=\"epyt-video-wrapper\"><iframe loading=\"lazy\"  id=\"_ytid_54517\"  width=\"810\" height=\"456\"  data-origwidth=\"810\" data-origheight=\"456\" src=\"https:\/\/www.youtube.com\/embed\/nzlsfh_gvOs?enablejsapi=1&#038;autoplay=0&#038;cc_load_policy=0&#038;cc_lang_pref=&#038;iv_load_policy=1&#038;loop=0&#038;rel=1&#038;fs=1&#038;playsinline=0&#038;autohide=2&#038;theme=dark&#038;color=red&#038;controls=1&#038;disablekb=0&#038;\" class=\"__youtube_prefs__  epyt-is-override  no-lazyload\" title=\"YouTube player\"  allow=\"fullscreen; accelerometer; autoplay; clipboard-write; encrypted-media; gyroscope; picture-in-picture; web-share\" referrerpolicy=\"strict-origin-when-cross-origin\" allowfullscreen data-no-lazy=\"1\" data-skipgform_ajax_framebjll=\"\"><\/iframe><\/div>\n<\/div><\/figure>\n\n\n\n<hr class=\"wp-block-separator\"\/>\n\n\n\n<p><a href=\"#_ftnref1\" id=\"_ftn1\">[1]<\/a> Frei e padre da Ordem dos carmelitas; doutor em Educa\u00e7\u00e3o pela FAE\/UFMG; licenciado e bacharel em Filosofia pela UFPR; bacharel em Teologia pelo ITESP\/SP; mestre em Exegese B\u00edblica pelo Pontif\u00edcio Instituto B\u00edblico, em Roma, It\u00e1lia; agente e assessor da CPT\/MG, assessor do CEBI e Ocupa\u00e7\u00f5es Urbanas; prof. de Teologia b\u00edblica no SAB (Servi\u00e7o de Anima\u00e7\u00e3o B\u00edblica), em Belo Horizonte, MG; colunista dos sites <a href=\"http:\/\/www.domtotal.com\">www.domtotal.com<\/a> , <a href=\"http:\/\/www.brasildefatomg.com.br\">www.brasildefatomg.com.br<\/a> , <a href=\"http:\/\/www.revistaconsciencia.com\">www.revistaconsciencia.com<\/a> , <a href=\"http:\/\/www.racismoambiental.net.br\">www.racismoambiental.net.br<\/a> e outros. E-mail:&nbsp;<a href=\"mailto:gilvanderlm@gmail.com\">gilvanderlm@gmail.com<\/a> &nbsp;\u2013&nbsp;<a href=\"http:\/\/www.gilvander.org.br\">www.gilvander.org.br<\/a> &nbsp;\u2013&nbsp;<a href=\"http:\/\/www.freigilvander.blogspot.com.br\">www.freigilvander.blogspot.com.br<\/a> &nbsp;&nbsp;&nbsp;&nbsp;&nbsp; \u2013&nbsp;&nbsp;&nbsp;&nbsp;&nbsp;&nbsp;&nbsp;<a href=\"http:\/\/www.twitter.com\/gilvanderluis\">www.twitter.com\/gilvanderluis<\/a> &nbsp;&nbsp;&nbsp;&nbsp;&nbsp;&nbsp;&nbsp; \u2013&nbsp;Facebook: Gilvander Moreira III<\/p>\n\n\n\n<p><a href=\"#_ftnref2\" id=\"_ftn2\">[2]<\/a> Movimento dos Trabalhadores Rurais Sem Terra \u2013 <a href=\"http:\/\/www.mst.org.br\">www.mst.org.br<\/a><\/p>\n","protected":false},"excerpt":{"rendered":"<p>Na luta pela terra se aprende muito e o melhor. Por Frei Gilvander Moreira[1] Enquanto pesquis\u00e1vamos sobre a luta pela terra como pedagogia de emancipa\u00e7\u00e3o humana, no Acampamento Dom Luciano Mendes, em Salto da Divisa,<\/p>\n","protected":false},"author":2,"featured_media":0,"comment_status":"open","ping_status":"open","sticky":false,"template":"","format":"standard","meta":{"footnotes":""},"categories":[21,46,44,38,49,48,27,30,28,25,29,43,26,18],"tags":[],"class_list":["post-11217","post","type-post","status-publish","format-standard","hentry","category-artigo","category-direito-a-cultura-popular","category-direito-a-memoria","category-direito-a-saude","category-direito-a-terra","category-direitos-das-mulheres","category-direitos-humanos","category-fe-e-politica","category-luta-pela-moradia","category-luta-pela-terra-e-reforma-agraria","category-movimentos-sociais-populares","category-pedagogia-emancipatoria","category-teologia-da-libertacao","category-videos-de-frei-gilvander"],"_links":{"self":[{"href":"https:\/\/gilvander.org.br\/site\/wp-json\/wp\/v2\/posts\/11217","targetHints":{"allow":["GET"]}}],"collection":[{"href":"https:\/\/gilvander.org.br\/site\/wp-json\/wp\/v2\/posts"}],"about":[{"href":"https:\/\/gilvander.org.br\/site\/wp-json\/wp\/v2\/types\/post"}],"author":[{"embeddable":true,"href":"https:\/\/gilvander.org.br\/site\/wp-json\/wp\/v2\/users\/2"}],"replies":[{"embeddable":true,"href":"https:\/\/gilvander.org.br\/site\/wp-json\/wp\/v2\/comments?post=11217"}],"version-history":[{"count":2,"href":"https:\/\/gilvander.org.br\/site\/wp-json\/wp\/v2\/posts\/11217\/revisions"}],"predecessor-version":[{"id":11220,"href":"https:\/\/gilvander.org.br\/site\/wp-json\/wp\/v2\/posts\/11217\/revisions\/11220"}],"wp:attachment":[{"href":"https:\/\/gilvander.org.br\/site\/wp-json\/wp\/v2\/media?parent=11217"}],"wp:term":[{"taxonomy":"category","embeddable":true,"href":"https:\/\/gilvander.org.br\/site\/wp-json\/wp\/v2\/categories?post=11217"},{"taxonomy":"post_tag","embeddable":true,"href":"https:\/\/gilvander.org.br\/site\/wp-json\/wp\/v2\/tags?post=11217"}],"curies":[{"name":"wp","href":"https:\/\/api.w.org\/{rel}","templated":true}]}}