{"id":11284,"date":"2022-06-14T10:36:31","date_gmt":"2022-06-14T13:36:31","guid":{"rendered":"https:\/\/gilvander.org.br\/site\/?p=11284"},"modified":"2022-06-14T10:36:40","modified_gmt":"2022-06-14T13:36:40","slug":"luta-pela-terra-mistica-e-esperanca-nos-jovens-por-frei-gilvander","status":"publish","type":"post","link":"https:\/\/gilvander.org.br\/site\/luta-pela-terra-mistica-e-esperanca-nos-jovens-por-frei-gilvander\/","title":{"rendered":"Luta pela terra: m\u00edstica e esperan\u00e7a nos jovens. Por Frei Gilvander"},"content":{"rendered":"\n<p><strong>Luta pela terra: m\u00edstica e esperan\u00e7a nos jovens<\/strong>. Por Frei Gilvander Moreira<a id=\"_ftnref1\" href=\"#_ftn1\"><sup>[1]<\/sup><\/a><\/p>\n\n\n\n<figure class=\"wp-block-image size-full\"><img loading=\"lazy\" decoding=\"async\" width=\"858\" height=\"689\" src=\"https:\/\/gilvander.org.br\/site\/wp-content\/uploads\/2022\/06\/Juventude-Sem-Terra-em-luta-pela-terra-e-por-soberania.jpg\" alt=\"\" class=\"wp-image-11285\" srcset=\"https:\/\/gilvander.org.br\/site\/wp-content\/uploads\/2022\/06\/Juventude-Sem-Terra-em-luta-pela-terra-e-por-soberania.jpg 858w, https:\/\/gilvander.org.br\/site\/wp-content\/uploads\/2022\/06\/Juventude-Sem-Terra-em-luta-pela-terra-e-por-soberania-300x241.jpg 300w, https:\/\/gilvander.org.br\/site\/wp-content\/uploads\/2022\/06\/Juventude-Sem-Terra-em-luta-pela-terra-e-por-soberania-768x617.jpg 768w, https:\/\/gilvander.org.br\/site\/wp-content\/uploads\/2022\/06\/Juventude-Sem-Terra-em-luta-pela-terra-e-por-soberania-350x280.jpg 350w, https:\/\/gilvander.org.br\/site\/wp-content\/uploads\/2022\/06\/Juventude-Sem-Terra-em-luta-pela-terra-e-por-soberania-100x80.jpg 100w\" sizes=\"auto, (max-width: 858px) 100vw, 858px\" \/><figcaption>Plantio de \u00e1rvores pela Juventude Sem Terra nas<br>escolas do campo. Foto: MST SC<\/figcaption><\/figure>\n\n\n\n<p>Na minha pesquisa de Doutorado sobre a luta pela terra enquanto pedagogia de emancipa\u00e7\u00e3o humana, defendida em 2014, descobrimos aprendizados emancipat\u00f3rios que socializamos abaixo. O futuro da luta pela terra depender\u00e1 muito dos jovens. Antoniel Assis de Oliveira, campon\u00eas mestre em Educa\u00e7\u00e3o do Campo, pondera: \u201c<em>Para cultivar a terra da fazenda Monte Cristo no munic\u00edpio de Salto da Divisa, no Baixo Jequitinhonha, MG, no Assentamento Dom Luciano Mendes, vai precisar de trator e outras m\u00e1quinas. N\u00e3o v\u00e3o bastar a enxada, a foice, o machado e a for\u00e7a dos bra\u00e7os. Os jovens t\u00eam mais facilidade de aprender tecnicamente a mexer com essas m\u00e1quinas. Os idosos que est\u00e3o lutando aqui no acampamento Dom Luciano ter\u00e3o, com certeza, uma velhice feliz l\u00e1 no Assentamento Dom Luciano na fazenda Monte Cristo, mas para o desenvolvimento da produ\u00e7\u00e3o vamos precisar da juventude com sua for\u00e7a e entusiasmo, inclusive para o desenvolvimento do assentamento daqui a vinte anos. Sem a juventude, o futuro da luta pela terra fica comprometido<\/em>.\u201d<\/p>\n\n\n\n<p>Salvo rar\u00edssimas exce\u00e7\u00f5es, todos os pais e m\u00e3es do Acampamento Dom Luciano em Salto da Divisa, MG, foram un\u00e2nimes em dizer que seus filhos e filhas, que est\u00e3o hoje morando de aluguel e trabalhando em Belo Horizonte, S\u00e3o Paulo, Porto seguro, Vit\u00f3ria da Conquista e em outras cidades voltar\u00e3o para se juntar a eles assim que a fazenda Monte Cristo for definitivamente conquistada. O Sem Terra Aldemir Silva me disse dia 22\/09\/2014: \u201c<em>Nossos filhos estar\u00e3o conosco assim que conquistarmos a terra. Um dos meus filhos est\u00e1 pagando um sal\u00e1rio m\u00ednimo de aluguel l\u00e1 na capital. Est\u00e1 doido para voltar<\/em>\u201d.&nbsp; V\u00e1rios pais, como o campon\u00eas Sem Terra Ozorino Pires, j\u00e1 ouviram dos filhos o seguinte: \u201c<em>Pai, assim que o senhor arranjar um pedacinho de terra, eu largo tudo aqui na capital e volto para trabalhar ao seu lado na terra<\/em>\u201d. Isso traz um novo oxig\u00eanio para a luta pela terra. No in\u00edcio da ocupa\u00e7\u00e3o no Acampamento Dom Luciano Mendes, havia muitos jovens, j\u00e1 com filhos, inclusive. A agente de pastoral da Comiss\u00e3o Pastoral da Terra (CPT\/MG) Irm\u00e3 Geraldinha (Geralda Magela da Fonseca) revela porque os jovens n\u00e3o puderam continuar na luta pela terra no Acampamento Dom Luciano: \u201c<em>Muitos jovens n\u00e3o puderam continuar conosco aqui, porque aqui na fazenda Manga do Gustavo <\/em>\u2013 lugar do Acampamento Dom Luciano Mendes &#8211;<em> estamos em pouca terra, uma parte \u00e9 de preserva\u00e7\u00e3o ambiental e outra parte \u00e9 um grande lajedo. N\u00e3o tinha condi\u00e7\u00f5es de incentivarmos os jovens a continuar aqui. Como ganhar o sustento do dia a dia? Temos que recordar tamb\u00e9m que quem entra para uma ocupa\u00e7\u00e3o se torna meio leproso para muitos fazendeiros da regi\u00e3o que negam um litro de leite ou a oferecer trabalho. As amea\u00e7as e as press\u00f5es tamb\u00e9m dificultaram a perman\u00eancia dos jovens entre n\u00f3s aqui no acampamento. Em oito anos de acampamento, v\u00e1rios filhos nasceram tamb\u00e9m. Se os filhos tivessem sido criados em cima da terra, teriam mais incentivo para continuar, mas se nasceram na periferia da cidade, fica mais dif\u00edcil abra\u00e7ar e perseverar na luta pela terra.\u201d<\/em><\/p>\n\n\n\n<p>A pedagogia de emancipa\u00e7\u00e3o humana na luta pela terra passa pela supera\u00e7\u00e3o do medo de abra\u00e7ar uma luta coletiva e criar condi\u00e7\u00f5es subjetivas para se perseverar na luta coletiva por direitos. Quanta sabedoria h\u00e1 em quem est\u00e1 militando na luta pela terra! \u00c9 preciso saber ouvir atentamente para compreender na linguagem do outro o conhecimento e as convic\u00e7\u00f5es mais profundas que os guiam e sustentam na luta coletiva pela terra. Um dos problemas de quem adquire poder econ\u00f4mico, pol\u00edtico e intelectual \u00e9 que muitas vezes perde a capacidade de ouvir atentamente as pessoas. Pensa que j\u00e1 sabe tudo e s\u00f3 precisa ensinar. Ledo engano!<\/p>\n\n\n\n<p>Resgatar e compreender a hist\u00f3ria do territ\u00f3rio pelo qual se luta a partir do campesinato expropriado \u00e9 instrumento imprescind\u00edvel para viabilizar e fortalecer a luta pela terra enquanto pedagogia de emancipa\u00e7\u00e3o humana. No caso da luta pela terra no munic\u00edpio de Salto da Divisa, MG, milhares de fam\u00edlias foram expulsas do campo, muitas delas sob amea\u00e7as de morte. Muitas casas foram derrubadas por jagun\u00e7os e\/ou por tratores a mando de fazendeiros coroneis da regi\u00e3o. Daniela Rodrigues Oliveira, quilombola da Comunidade Quilombola Bra\u00e7o Forte de Salto da Divisa, MG, nos disse: \u201c<em>Ant\u00f4nia, minha av\u00f3, morava em uma fazenda h\u00e1 mais de cinquenta anos e foi expulsa sem direito a nada e ainda com amea\u00e7a de morte. Ela n\u00e3o tinha consci\u00eancia dos direitos dela. Os coron\u00e9is davam uma ordem e se obedecia ou era expulso ou morto.<\/em>\u201d No livro <em>Os Camponeses e a Pol\u00edtica no Brasil: as lutas sociais no campo e seu lugar no processo pol\u00edtico<\/em>, o soci\u00f3logo Jos\u00e9 de Souza Martins diz: \u201cPara fazer valer o seu poder regional, os coron\u00e9is dispunham de grande n\u00famero de jagun\u00e7os, trabalhadores e agregados de suas fazendas e das fazendas de seus clientes e correligion\u00e1rios. [&#8230;] O coronelismo enredava, numa trama complicada, quest\u00f5es de terra, quest\u00f5es de honra, quest\u00f5es de fam\u00edlia e quest\u00f5es pol\u00edticas\u201d (MARTINS, 1983, p. 48).<\/p>\n\n\n\n<p>Uma profunda convic\u00e7\u00e3o de f\u00e9 no Deus da vida &#8211; n\u00e3o em qualquer deus &#8211; anima a luta pela terra sob o protagonismo de muitos militantes do MST<a href=\"#_ftn2\" id=\"_ftnref2\">[2]<\/a> e a maioria dos camponeses sem-terra que se torna Sem Terra. Isso nos \u00e9 afirmado em v\u00e1rios depoimentos, nas celebra\u00e7\u00f5es e nos gritos de luta. O campon\u00eas Ozorino Pires, 71 anos, aposentado, Sem Terra do Acampamento Dom Luciano Mendes, ratifica isso: \u201c<em>Nasci em Jord\u00e2nia, MG, aqui perto, mas fui criado aqui no munic\u00edpio de Salto da Divisa. Os fazendeiros dessa regi\u00e3o acabaram com minhas for\u00e7as. Trabalhei muito para eles, mas eles n\u00e3o conhecem a gente. Gostaram muito do meu suor. Eles s\u00f3 conhecem a gente na hora de pol\u00edtica.<\/em> <em>A Escritura diz que a terra foi criada por Deus sem cerca e sem porteira para todo mundo viver dela. Somos filhos da terra e filhos de Deus. Por isso estou aqui junto com os companheiros e com a irm\u00e3 Geraldinha na luta por um pedacinho de terra para a gente viver em paz at\u00e9 a hora de a gente ir para o cemit\u00e9rio. Estou lutando por essa heran\u00e7a<\/em>.\u201d<\/p>\n\n\n\n<p>\u00c9 sempre animador e inspirador o necess\u00e1rio engajamento da juventude nas lutas sociais necess\u00e1rias. Mais do que nunca \u00e9 fundamental que um n\u00famero maior de jovens reconhe\u00e7am a import\u00e2ncia do seu protagonismo nas lutas por direitos, atentos \u00e0s experi\u00eancias e \u00e0 sabedoria dos mais velhos, e com ousadia, conhecimento libertador e f\u00e9 no Deus da vida, para construir liberta\u00e7\u00e3o, poder popular!&nbsp;Assim, na luta pela terra, o medo \u00e9 exorcizado, juventude \u00e9 imprescind\u00edvel e m\u00edstica libertadora potencializa a luta.<\/p>\n\n\n\n<p>Em tempo! O desaparecimento do jornalista Dom Phillips e do indigenista Bruno Pereira indica que foram mortos em emboscada no Vale do Javari, na Amaz\u00f4nia. Se eles n\u00e3o forem resgatados vivos, entrar\u00e3o para a Hist\u00f3ria como outros Chico Mendes e Irm\u00e3 Dorothy, que foram martirizados na Amaz\u00f4nia por estarem defendendo os Povos Ind\u00edgenas e a Amaz\u00f4nia. Se eles n\u00e3o forem resgatados vivos, jagun\u00e7os e mandantes precisam ser presos, julgados e condenados com rigor, j\u00e1! Justi\u00e7a, J\u00e1! Ind\u00edgenas do Vale do Javari protestam contra Bolsonaro e em defesa de Bruno Pereira, Dom Phillips e Maciel: &#8220;<em>Bruno lutou pelo Vale do Javari. Agora o Vale do Javari luta por Bruno, Dom e Maxciel<\/em>&#8220;. &#8220;<em>Querem acabar com nossos pirarucus e tracaj\u00e1s, e Bruno nos defendia<\/em>&#8220;. &#8220;<em>Somos guerreiros e vamos continuar lutando para defender nosso territ\u00f3rio<\/em>.&#8221;<\/p>\n\n\n\n<p><strong>Refer\u00eancias<\/strong><\/p>\n\n\n\n<p>MARTINS, Jos\u00e9 de Souza. <strong>Os Camponeses e a Pol\u00edtica no Brasil: as lutas sociais no campo e seu lugar no processo pol\u00edtico.<\/strong> 2\u00aa edi\u00e7\u00e3o. Petr\u00f3polis: Vozes, 1983.<\/p>\n\n\n\n<p>14\/6\/2022<\/p>\n\n\n\n<p><strong>Obs<\/strong>.: As videorreportagens nos links, abaixo, versam sobre o assunto tratado, acima.<\/p>\n\n\n\n<p><strong>1 \u2013 MRV \u00e9 podre de rica, n\u00e3o precisa de 35.000 m2 da Ocupa\u00e7\u00e3o Pingo D&#8217;\u00e1gua, Betim\/MG. 2a marcha. V\u00eddeo1<\/strong><\/p>\n\n\n\n<figure class=\"wp-block-embed is-type-video is-provider-youtube wp-block-embed-youtube wp-embed-aspect-16-9 wp-has-aspect-ratio\"><div class=\"wp-block-embed__wrapper\">\n<div class=\"epyt-video-wrapper\"><iframe loading=\"lazy\"  id=\"_ytid_18095\"  width=\"810\" height=\"456\"  data-origwidth=\"810\" data-origheight=\"456\" src=\"https:\/\/www.youtube.com\/embed\/k03S9BfLkhs?enablejsapi=1&#038;autoplay=0&#038;cc_load_policy=0&#038;cc_lang_pref=&#038;iv_load_policy=1&#038;loop=0&#038;rel=1&#038;fs=1&#038;playsinline=0&#038;autohide=2&#038;theme=dark&#038;color=red&#038;controls=1&#038;disablekb=0&#038;\" class=\"__youtube_prefs__  epyt-is-override  no-lazyload\" title=\"YouTube player\"  allow=\"fullscreen; accelerometer; autoplay; clipboard-write; encrypted-media; gyroscope; picture-in-picture; web-share\" referrerpolicy=\"strict-origin-when-cross-origin\" allowfullscreen data-no-lazy=\"1\" data-skipgform_ajax_framebjll=\"\"><\/iframe><\/div>\n<\/div><\/figure>\n\n\n\n<p><strong>2 &#8211; \u201cPrefeito Medioli, olhe para n\u00f3s! Fa\u00e7a REURBs para n\u00f3s.\u201d Ocupa\u00e7\u00e3o Pingo D\u2019\u00e1gua, Betim\/MG. V\u00eddeo 2<\/strong><\/p>\n\n\n\n<figure class=\"wp-block-embed is-type-video is-provider-youtube wp-block-embed-youtube wp-embed-aspect-16-9 wp-has-aspect-ratio\"><div class=\"wp-block-embed__wrapper\">\n<div class=\"epyt-video-wrapper\"><iframe loading=\"lazy\"  id=\"_ytid_38035\"  width=\"810\" height=\"456\"  data-origwidth=\"810\" data-origheight=\"456\" src=\"https:\/\/www.youtube.com\/embed\/C_pUmYRFTGc?enablejsapi=1&#038;autoplay=0&#038;cc_load_policy=0&#038;cc_lang_pref=&#038;iv_load_policy=1&#038;loop=0&#038;rel=1&#038;fs=1&#038;playsinline=0&#038;autohide=2&#038;theme=dark&#038;color=red&#038;controls=1&#038;disablekb=0&#038;\" class=\"__youtube_prefs__  epyt-is-override  no-lazyload\" title=\"YouTube player\"  allow=\"fullscreen; accelerometer; autoplay; clipboard-write; encrypted-media; gyroscope; picture-in-picture; web-share\" referrerpolicy=\"strict-origin-when-cross-origin\" allowfullscreen data-no-lazy=\"1\" data-skipgform_ajax_framebjll=\"\"><\/iframe><\/div>\n<\/div><\/figure>\n\n\n\n<p><strong>3 &#8211; \u201cNossa M\u00e3e, n\u00f3s e nossos filhos e netos viver\u00e3o aqui no nosso Quilombo Ara\u00fajo, Betim, MG\u201d. V\u00eddeo 4<\/strong><\/p>\n\n\n\n<figure class=\"wp-block-embed is-type-video is-provider-youtube wp-block-embed-youtube wp-embed-aspect-16-9 wp-has-aspect-ratio\"><div class=\"wp-block-embed__wrapper\">\n<div class=\"epyt-video-wrapper\"><iframe loading=\"lazy\"  id=\"_ytid_86297\"  width=\"810\" height=\"456\"  data-origwidth=\"810\" data-origheight=\"456\" src=\"https:\/\/www.youtube.com\/embed\/v--lyUMo1_4?enablejsapi=1&#038;autoplay=0&#038;cc_load_policy=0&#038;cc_lang_pref=&#038;iv_load_policy=1&#038;loop=0&#038;rel=1&#038;fs=1&#038;playsinline=0&#038;autohide=2&#038;theme=dark&#038;color=red&#038;controls=1&#038;disablekb=0&#038;\" class=\"__youtube_prefs__  epyt-is-override  no-lazyload\" title=\"YouTube player\"  allow=\"fullscreen; accelerometer; autoplay; clipboard-write; encrypted-media; gyroscope; picture-in-picture; web-share\" referrerpolicy=\"strict-origin-when-cross-origin\" allowfullscreen data-no-lazy=\"1\" data-skipgform_ajax_framebjll=\"\"><\/iframe><\/div>\n<\/div><\/figure>\n\n\n\n<p><strong>4 &#8211; Basta de sexta-feira da Paix\u00e3o em Betim, MG! Construamos Domingos de Ressurrei\u00e7\u00e3o. Ara\u00fajo! V\u00eddeo 3<\/strong><\/p>\n\n\n\n<figure class=\"wp-block-embed is-type-video is-provider-youtube wp-block-embed-youtube wp-embed-aspect-16-9 wp-has-aspect-ratio\"><div class=\"wp-block-embed__wrapper\">\n<div class=\"epyt-video-wrapper\"><iframe loading=\"lazy\"  id=\"_ytid_89307\"  width=\"810\" height=\"456\"  data-origwidth=\"810\" data-origheight=\"456\" src=\"https:\/\/www.youtube.com\/embed\/mrF-Dzp1iRY?enablejsapi=1&#038;autoplay=0&#038;cc_load_policy=0&#038;cc_lang_pref=&#038;iv_load_policy=1&#038;loop=0&#038;rel=1&#038;fs=1&#038;playsinline=0&#038;autohide=2&#038;theme=dark&#038;color=red&#038;controls=1&#038;disablekb=0&#038;\" class=\"__youtube_prefs__  epyt-is-override  no-lazyload\" title=\"YouTube player\"  allow=\"fullscreen; accelerometer; autoplay; clipboard-write; encrypted-media; gyroscope; picture-in-picture; web-share\" referrerpolicy=\"strict-origin-when-cross-origin\" allowfullscreen data-no-lazy=\"1\" data-skipgform_ajax_framebjll=\"\"><\/iframe><\/div>\n<\/div><\/figure>\n\n\n\n<p><strong>5 &#8211; Ato P\u00fablico e Culto na Comunidade Tradicional Quilombola Fam\u00edlia Ara\u00fajo, de Betim\/MG. In\u00edcio\/V\u00eddeo 1<\/strong><\/p>\n\n\n\n<figure class=\"wp-block-embed is-type-video is-provider-youtube wp-block-embed-youtube wp-embed-aspect-16-9 wp-has-aspect-ratio\"><div class=\"wp-block-embed__wrapper\">\n<div class=\"epyt-video-wrapper\"><iframe loading=\"lazy\"  id=\"_ytid_61417\"  width=\"810\" height=\"456\"  data-origwidth=\"810\" data-origheight=\"456\" src=\"https:\/\/www.youtube.com\/embed\/9A3pTvNdFaA?enablejsapi=1&#038;autoplay=0&#038;cc_load_policy=0&#038;cc_lang_pref=&#038;iv_load_policy=1&#038;loop=0&#038;rel=1&#038;fs=1&#038;playsinline=0&#038;autohide=2&#038;theme=dark&#038;color=red&#038;controls=1&#038;disablekb=0&#038;\" class=\"__youtube_prefs__  epyt-is-override  no-lazyload\" title=\"YouTube player\"  allow=\"fullscreen; accelerometer; autoplay; clipboard-write; encrypted-media; gyroscope; picture-in-picture; web-share\" referrerpolicy=\"strict-origin-when-cross-origin\" allowfullscreen data-no-lazy=\"1\" data-skipgform_ajax_framebjll=\"\"><\/iframe><\/div>\n<\/div><\/figure>\n\n\n\n<p><strong>6 &#8211; Culto de Resist\u00eancia n Comunidade Tradicional Quilombola Fam\u00edlia Ara\u00fajo, de Betim\/MG. Luta! V\u00eddeo 2<\/strong><\/p>\n\n\n\n<figure class=\"wp-block-embed is-type-video is-provider-youtube wp-block-embed-youtube wp-embed-aspect-16-9 wp-has-aspect-ratio\"><div class=\"wp-block-embed__wrapper\">\n<div class=\"epyt-video-wrapper\"><iframe loading=\"lazy\"  id=\"_ytid_30266\"  width=\"810\" height=\"456\"  data-origwidth=\"810\" data-origheight=\"456\" src=\"https:\/\/www.youtube.com\/embed\/ngm6AYrjCsY?enablejsapi=1&#038;autoplay=0&#038;cc_load_policy=0&#038;cc_lang_pref=&#038;iv_load_policy=1&#038;loop=0&#038;rel=1&#038;fs=1&#038;playsinline=0&#038;autohide=2&#038;theme=dark&#038;color=red&#038;controls=1&#038;disablekb=0&#038;\" class=\"__youtube_prefs__  epyt-is-override  no-lazyload\" title=\"YouTube player\"  allow=\"fullscreen; accelerometer; autoplay; clipboard-write; encrypted-media; gyroscope; picture-in-picture; web-share\" referrerpolicy=\"strict-origin-when-cross-origin\" allowfullscreen data-no-lazy=\"1\" data-skipgform_ajax_framebjll=\"\"><\/iframe><\/div>\n<\/div><\/figure>\n\n\n\n<p><strong>7 &#8211; &#8220;Se Medioli n\u00e3o respeita pobres e derruba suas casas, n\u00e3o pode mais ser prefeito de Betim\/MG&#8221;: Z\u00e9lia<\/strong><\/p>\n\n\n\n<figure class=\"wp-block-embed is-type-video is-provider-youtube wp-block-embed-youtube wp-embed-aspect-16-9 wp-has-aspect-ratio\"><div class=\"wp-block-embed__wrapper\">\n<div class=\"epyt-video-wrapper\"><iframe loading=\"lazy\"  id=\"_ytid_24308\"  width=\"810\" height=\"456\"  data-origwidth=\"810\" data-origheight=\"456\" src=\"https:\/\/www.youtube.com\/embed\/sEFjCu3Q7Ck?enablejsapi=1&#038;autoplay=0&#038;cc_load_policy=0&#038;cc_lang_pref=&#038;iv_load_policy=1&#038;loop=0&#038;rel=1&#038;fs=1&#038;playsinline=0&#038;autohide=2&#038;theme=dark&#038;color=red&#038;controls=1&#038;disablekb=0&#038;\" class=\"__youtube_prefs__  epyt-is-override  no-lazyload\" title=\"YouTube player\"  allow=\"fullscreen; accelerometer; autoplay; clipboard-write; encrypted-media; gyroscope; picture-in-picture; web-share\" referrerpolicy=\"strict-origin-when-cross-origin\" allowfullscreen data-no-lazy=\"1\" data-skipgform_ajax_framebjll=\"\"><\/iframe><\/div>\n<\/div><\/figure>\n\n\n\n<p><strong>8 &#8211; \u201cEm Betim\/MG, prefeito Medioli faz guerra contra os pobres e destr\u00f3i casas\u201d (Adv. Dr. Ailton Matias)<\/strong><\/p>\n\n\n\n<figure class=\"wp-block-embed is-type-video is-provider-youtube wp-block-embed-youtube wp-embed-aspect-16-9 wp-has-aspect-ratio\"><div class=\"wp-block-embed__wrapper\">\n<div class=\"epyt-video-wrapper\"><iframe loading=\"lazy\"  id=\"_ytid_49758\"  width=\"810\" height=\"456\"  data-origwidth=\"810\" data-origheight=\"456\" src=\"https:\/\/www.youtube.com\/embed\/iWy-pWSXPKA?enablejsapi=1&#038;autoplay=0&#038;cc_load_policy=0&#038;cc_lang_pref=&#038;iv_load_policy=1&#038;loop=0&#038;rel=1&#038;fs=1&#038;playsinline=0&#038;autohide=2&#038;theme=dark&#038;color=red&#038;controls=1&#038;disablekb=0&#038;\" class=\"__youtube_prefs__  epyt-is-override  no-lazyload\" title=\"YouTube player\"  allow=\"fullscreen; accelerometer; autoplay; clipboard-write; encrypted-media; gyroscope; picture-in-picture; web-share\" referrerpolicy=\"strict-origin-when-cross-origin\" allowfullscreen data-no-lazy=\"1\" data-skipgform_ajax_framebjll=\"\"><\/iframe><\/div>\n<\/div><\/figure>\n\n\n\n<p><strong>9 &#8211; Na ALMG: \u201cDa nossa Comunidade Tradicional Quilombola Fam\u00edlia Ara\u00fajo, de Betim\/MG, s\u00f3 sa\u00edmos mortos\u201d<\/strong><\/p>\n\n\n\n<figure class=\"wp-block-embed is-type-video is-provider-youtube wp-block-embed-youtube wp-embed-aspect-16-9 wp-has-aspect-ratio\"><div class=\"wp-block-embed__wrapper\">\n<div class=\"epyt-video-wrapper\"><iframe loading=\"lazy\"  id=\"_ytid_99737\"  width=\"810\" height=\"456\"  data-origwidth=\"810\" data-origheight=\"456\" src=\"https:\/\/www.youtube.com\/embed\/L3K3coOL6Ec?enablejsapi=1&#038;autoplay=0&#038;cc_load_policy=0&#038;cc_lang_pref=&#038;iv_load_policy=1&#038;loop=0&#038;rel=1&#038;fs=1&#038;playsinline=0&#038;autohide=2&#038;theme=dark&#038;color=red&#038;controls=1&#038;disablekb=0&#038;\" class=\"__youtube_prefs__  epyt-is-override  no-lazyload\" title=\"YouTube player\"  allow=\"fullscreen; accelerometer; autoplay; clipboard-write; encrypted-media; gyroscope; picture-in-picture; web-share\" referrerpolicy=\"strict-origin-when-cross-origin\" allowfullscreen data-no-lazy=\"1\" data-skipgform_ajax_framebjll=\"\"><\/iframe><\/div>\n<\/div><\/figure>\n\n\n\n<p><strong>10 &#8211; Frei Gilvander, na ALMG: \u201cDespejo Zero n\u00e3o s\u00f3 at\u00e9 30\/6\/22, mas para sempre! Cad\u00ea a fun\u00e7\u00e3o social?\u201d<\/strong><\/p>\n\n\n\n<figure class=\"wp-block-embed is-type-video is-provider-youtube wp-block-embed-youtube wp-embed-aspect-16-9 wp-has-aspect-ratio\"><div class=\"wp-block-embed__wrapper\">\n<div class=\"epyt-video-wrapper\"><iframe loading=\"lazy\"  id=\"_ytid_73501\"  width=\"810\" height=\"456\"  data-origwidth=\"810\" data-origheight=\"456\" src=\"https:\/\/www.youtube.com\/embed\/nzlsfh_gvOs?enablejsapi=1&#038;autoplay=0&#038;cc_load_policy=0&#038;cc_lang_pref=&#038;iv_load_policy=1&#038;loop=0&#038;rel=1&#038;fs=1&#038;playsinline=0&#038;autohide=2&#038;theme=dark&#038;color=red&#038;controls=1&#038;disablekb=0&#038;\" class=\"__youtube_prefs__  epyt-is-override  no-lazyload\" title=\"YouTube player\"  allow=\"fullscreen; accelerometer; autoplay; clipboard-write; encrypted-media; gyroscope; picture-in-picture; web-share\" referrerpolicy=\"strict-origin-when-cross-origin\" allowfullscreen data-no-lazy=\"1\" data-skipgform_ajax_framebjll=\"\"><\/iframe><\/div>\n<\/div><\/figure>\n\n\n\n<hr class=\"wp-block-separator\"\/>\n\n\n\n<p><a href=\"#_ftnref1\" id=\"_ftn1\">[1]<\/a> Frei e padre da Ordem dos carmelitas; doutor em Educa\u00e7\u00e3o pela FAE\/UFMG; licenciado e bacharel em Filosofia pela UFPR; bacharel em Teologia pelo ITESP\/SP; mestre em Exegese B\u00edblica pelo Pontif\u00edcio Instituto B\u00edblico, em Roma, It\u00e1lia; agente e assessor da CPT\/MG, assessor do CEBI e Ocupa\u00e7\u00f5es Urbanas; prof. de Teologia b\u00edblica no SAB (Servi\u00e7o de Anima\u00e7\u00e3o B\u00edblica), em Belo Horizonte, MG; colunista dos sites <a href=\"http:\/\/www.domtotal.com\">www.domtotal.com<\/a> , <a href=\"http:\/\/www.brasildefatomg.com.br\">www.brasildefatomg.com.br<\/a> , <a href=\"http:\/\/www.revistaconsciencia.com\">www.revistaconsciencia.com<\/a> , <a href=\"http:\/\/www.racismoambiental.net.br\">www.racismoambiental.net.br<\/a> e outros. E-mail:&nbsp;<a href=\"mailto:gilvanderlm@gmail.com\">gilvanderlm@gmail.com<\/a> &nbsp;\u2013&nbsp;<a href=\"http:\/\/www.gilvander.org.br\">www.gilvander.org.br<\/a> &nbsp;\u2013&nbsp;<a href=\"http:\/\/www.freigilvander.blogspot.com.br\">www.freigilvander.blogspot.com.br<\/a> &nbsp;&nbsp;&nbsp;&nbsp;&nbsp; \u2013&nbsp;&nbsp;&nbsp;&nbsp;&nbsp;&nbsp;&nbsp;<a href=\"http:\/\/www.twitter.com\/gilvanderluis\">www.twitter.com\/gilvanderluis<\/a> &nbsp;&nbsp;&nbsp;&nbsp;&nbsp;&nbsp;&nbsp; \u2013&nbsp;Facebook: Gilvander Moreira III<\/p>\n\n\n\n<p><a href=\"#_ftnref2\" id=\"_ftn2\">[2]<\/a> Movimento dos Trabalhadores Rurais Sem Terra \u2013 <a href=\"http:\/\/www.mst.org.br\">www.mst.org.br<\/a><\/p>\n","protected":false},"excerpt":{"rendered":"<p>Luta pela terra: m\u00edstica e esperan\u00e7a nos jovens. Por Frei Gilvander Moreira[1] Na minha pesquisa de Doutorado sobre a luta pela terra enquanto pedagogia de emancipa\u00e7\u00e3o humana, defendida em 2014, descobrimos aprendizados emancipat\u00f3rios que socializamos<\/p>\n","protected":false},"author":2,"featured_media":11285,"comment_status":"open","ping_status":"open","sticky":false,"template":"","format":"standard","meta":{"footnotes":""},"categories":[21,44,49,27,25,29,43,26,18],"tags":[],"class_list":["post-11284","post","type-post","status-publish","format-standard","has-post-thumbnail","hentry","category-artigo","category-direito-a-memoria","category-direito-a-terra","category-direitos-humanos","category-luta-pela-terra-e-reforma-agraria","category-movimentos-sociais-populares","category-pedagogia-emancipatoria","category-teologia-da-libertacao","category-videos-de-frei-gilvander"],"_links":{"self":[{"href":"https:\/\/gilvander.org.br\/site\/wp-json\/wp\/v2\/posts\/11284","targetHints":{"allow":["GET"]}}],"collection":[{"href":"https:\/\/gilvander.org.br\/site\/wp-json\/wp\/v2\/posts"}],"about":[{"href":"https:\/\/gilvander.org.br\/site\/wp-json\/wp\/v2\/types\/post"}],"author":[{"embeddable":true,"href":"https:\/\/gilvander.org.br\/site\/wp-json\/wp\/v2\/users\/2"}],"replies":[{"embeddable":true,"href":"https:\/\/gilvander.org.br\/site\/wp-json\/wp\/v2\/comments?post=11284"}],"version-history":[{"count":1,"href":"https:\/\/gilvander.org.br\/site\/wp-json\/wp\/v2\/posts\/11284\/revisions"}],"predecessor-version":[{"id":11286,"href":"https:\/\/gilvander.org.br\/site\/wp-json\/wp\/v2\/posts\/11284\/revisions\/11286"}],"wp:featuredmedia":[{"embeddable":true,"href":"https:\/\/gilvander.org.br\/site\/wp-json\/wp\/v2\/media\/11285"}],"wp:attachment":[{"href":"https:\/\/gilvander.org.br\/site\/wp-json\/wp\/v2\/media?parent=11284"}],"wp:term":[{"taxonomy":"category","embeddable":true,"href":"https:\/\/gilvander.org.br\/site\/wp-json\/wp\/v2\/categories?post=11284"},{"taxonomy":"post_tag","embeddable":true,"href":"https:\/\/gilvander.org.br\/site\/wp-json\/wp\/v2\/tags?post=11284"}],"curies":[{"name":"wp","href":"https:\/\/api.w.org\/{rel}","templated":true}]}}