{"id":14978,"date":"2026-01-24T08:52:47","date_gmt":"2026-01-24T11:52:47","guid":{"rendered":"https:\/\/gilvander.org.br\/site\/?p=14978"},"modified":"2026-01-24T08:54:01","modified_gmt":"2026-01-24T11:54:01","slug":"democracia-terrorista-por-padre-waldemir-santana","status":"publish","type":"post","link":"https:\/\/gilvander.org.br\/site\/democracia-terrorista-por-padre-waldemir-santana\/","title":{"rendered":"DEMOCRACIA TERRORISTA &#8211; Por padre Waldemir Santana"},"content":{"rendered":"\n<p><strong>DEMOCRACIA TERRORISTA &#8211; Pe. Waldemir Santana,<\/strong> da Arquidiocese da Para\u00edba<\/p>\n\n\n\n<figure class=\"wp-block-image size-full\"><img loading=\"lazy\" decoding=\"async\" width=\"790\" height=\"428\" src=\"https:\/\/gilvander.org.br\/site\/wp-content\/uploads\/2026\/01\/ato0901minisite.png\" alt=\"\" class=\"wp-image-14979\" srcset=\"https:\/\/gilvander.org.br\/site\/wp-content\/uploads\/2026\/01\/ato0901minisite.png 790w, https:\/\/gilvander.org.br\/site\/wp-content\/uploads\/2026\/01\/ato0901minisite-300x163.png 300w, https:\/\/gilvander.org.br\/site\/wp-content\/uploads\/2026\/01\/ato0901minisite-768x416.png 768w\" sizes=\"auto, (max-width: 790px) 100vw, 790px\" \/><\/figure>\n\n\n\n<p>A ordem democr\u00e1tica, em sua ess\u00eancia, est\u00e1 destinada \u00e0 realiza\u00e7\u00e3o plena das pessoas e da sociedade em sua totalidade. Uma verdadeira democracia n\u00e3o pode prescindir de valores fundamentais como justi\u00e7a, liberdade, soberania e autodetermina\u00e7\u00e3o, entre outros; do contr\u00e1rio, toda ordem democr\u00e1tica deixaria de atingir seus fins primordiais. Para que a democracia realize seu prop\u00f3sito, \u00e9 indispens\u00e1vel o respeito ao ordenamento jur\u00eddico nacional e internacional, que lhe confere legitimidade.<\/p>\n\n\n\n<p>Diante do recrudescimento da extrema direita, com sua ideologia radicalizada, toda ordem democr\u00e1tica atravessa uma crise significativa. O pa\u00eds mais poderoso do mundo no campo militar pretende impor aos seus desafetos uma democracia terrorista. Mas de que forma esse terrorismo americano se manifesta?<\/p>\n\n\n\n<p>O terrorismo n\u00e3o \u00e9 um crime, mas uma paix\u00e3o. Essa defini\u00e7\u00e3o do professor J\u00fcrgen Brauer est\u00e1 na base de todo ato terrorista, seja ele praticado por grupos ou por Estados. A l\u00f3gica utilizada por uns e outros \u00e9 a mesma. Atentados, invas\u00f5es e sequestros \u2014 como no caso do presidente da Venezuela \u2014 sustentam-se em uma racionalidade que visa a objetivos claros e previamente desejados. O que os americanos buscaram na L\u00edbia, no Afeganist\u00e3o, na S\u00edria, no Iraque e, por \u00faltimo, na Venezuela? O petr\u00f3leo \u00e9 a causa central da beliger\u00e2ncia americana.<\/p>\n\n\n\n<p>Os atos terroristas dos Estados Unidos nada t\u00eam de irracional; ao contr\u00e1rio, s\u00e3o movimentos bem planejados e calculados com precis\u00e3o, como em uma partida de xadrez. Quest\u00f5es econ\u00f4micas, aliadas a uma pol\u00edtica imperialista, justificam as a\u00e7\u00f5es violentas perpetradas pelos americanos em v\u00e1rias partes do mundo. Essas a\u00e7\u00f5es terroristas passam, invariavelmente, pelo elemento econ\u00f4mico. Um pa\u00eds como os Estados Unidos da Am\u00e9rica, antes de agir, mede custos e benef\u00edcios, buscando sempre maximizar os resultados econ\u00f4micos provenientes desse crime.<\/p>\n\n\n\n<p>O terrorismo praticado pelos americanos possui maior alcance porque n\u00e3o se dirige apenas contra indiv\u00edduos, mas contra Estados soberanos. Os ganhos dessa opress\u00e3o promovida pelos EUA s\u00e3o de duas naturezas: monet\u00e1ria e psicol\u00f3gica. Os ganhos psicol\u00f3gicos recebem ampla aten\u00e7\u00e3o da m\u00eddia burguesa, enquanto os monet\u00e1rios se manifestam na arrecada\u00e7\u00e3o de recursos, na conquista de territ\u00f3rios e na derrubada de governos.<\/p>\n\n\n\n<p>A democracia, apesar de suas vulnerabilidades, ainda \u00e9 o melhor sistema, pois regula as rela\u00e7\u00f5es entre o Estado e a sociedade. Em s\u00edntese, democracia implica respeito ao Estado de Direito e \u00e0 soberania dos pa\u00edses. Os americanos, em vez de fortalecerem esse sistema, acabam por enfraquec\u00ea-lo em diversas partes do mundo.<\/p>\n\n\n\n<p>Sob a narrativa de combate ao narcotr\u00e1fico, os EUA atuam no submundo da civiliza\u00e7\u00e3o, na ilegalidade, violando as normas do direito internacional. Com uma mentalidade imperialista, princ\u00edpios democr\u00e1ticos s\u00e3o constantemente colocados em xeque, sempre em nome de interesses econ\u00f4micos. \u00c9 comum, nas a\u00e7\u00f5es americanas, a explora\u00e7\u00e3o do medo, ao proclamarem guerra contra o narcotr\u00e1fico, o que gera desconfian\u00e7a da popula\u00e7\u00e3o em rela\u00e7\u00e3o \u00e0s pr\u00f3prias institui\u00e7\u00f5es de seus pa\u00edses. Essa guerra contra as drogas existe apenas no plano metaf\u00f3rico, pois o suposto inimigo n\u00e3o possui capacidade real de implementar um contra-ataque \u00e0 altura.<\/p>\n\n\n\n<p>Os EUA, com seu projeto imperial, alimentam a pretens\u00e3o de domina\u00e7\u00e3o global, embora j\u00e1 n\u00e3o se considerem invulner\u00e1veis. O d\u00f3lar, como moeda credit\u00edcia, n\u00e3o possui mais a mesma for\u00e7a, visto que alguns pa\u00edses passaram a utilizar suas pr\u00f3prias moedas. Tal movimento representou um golpe significativo nos interesses americanos. Utilizar a for\u00e7a militar mais poderosa do planeta sob o pretexto de preservar os direitos humanos \u00e9 subestimar a intelig\u00eancia das pessoas. A narrativa americana de defesa dos direitos humanos \u00e9 ris\u00edvel: n\u00e3o se trata de um favor \u00e0 humanidade, mas da imposi\u00e7\u00e3o de interesses pr\u00f3prios.<\/p>\n\n\n\n<p>Diante das arbitrariedades cometidas pelos americanos no mundo, um pa\u00eds invadido somente resistir\u00e1 se contar com apoio popular; caso contr\u00e1rio, sucumbir\u00e1.<\/p>\n","protected":false},"excerpt":{"rendered":"<p>DEMOCRACIA TERRORISTA &#8211; Pe. Waldemir Santana, da Arquidiocese da Para\u00edba A ordem democr\u00e1tica, em sua ess\u00eancia, est\u00e1 destinada \u00e0 realiza\u00e7\u00e3o plena das pessoas e da sociedade em sua totalidade. Uma verdadeira democracia n\u00e3o pode prescindir<\/p>\n","protected":false},"author":2,"featured_media":14979,"comment_status":"open","ping_status":"open","sticky":false,"template":"","format":"standard","meta":{"footnotes":""},"categories":[21,22,17,44,27,43],"tags":[],"class_list":["post-14978","post","type-post","status-publish","format-standard","has-post-thumbnail","hentry","category-artigo","category-cebs-comunidades-eclesiais-de-base","category-destaque","category-direito-a-memoria","category-direitos-humanos","category-pedagogia-emancipatoria"],"_links":{"self":[{"href":"https:\/\/gilvander.org.br\/site\/wp-json\/wp\/v2\/posts\/14978","targetHints":{"allow":["GET"]}}],"collection":[{"href":"https:\/\/gilvander.org.br\/site\/wp-json\/wp\/v2\/posts"}],"about":[{"href":"https:\/\/gilvander.org.br\/site\/wp-json\/wp\/v2\/types\/post"}],"author":[{"embeddable":true,"href":"https:\/\/gilvander.org.br\/site\/wp-json\/wp\/v2\/users\/2"}],"replies":[{"embeddable":true,"href":"https:\/\/gilvander.org.br\/site\/wp-json\/wp\/v2\/comments?post=14978"}],"version-history":[{"count":1,"href":"https:\/\/gilvander.org.br\/site\/wp-json\/wp\/v2\/posts\/14978\/revisions"}],"predecessor-version":[{"id":14980,"href":"https:\/\/gilvander.org.br\/site\/wp-json\/wp\/v2\/posts\/14978\/revisions\/14980"}],"wp:featuredmedia":[{"embeddable":true,"href":"https:\/\/gilvander.org.br\/site\/wp-json\/wp\/v2\/media\/14979"}],"wp:attachment":[{"href":"https:\/\/gilvander.org.br\/site\/wp-json\/wp\/v2\/media?parent=14978"}],"wp:term":[{"taxonomy":"category","embeddable":true,"href":"https:\/\/gilvander.org.br\/site\/wp-json\/wp\/v2\/categories?post=14978"},{"taxonomy":"post_tag","embeddable":true,"href":"https:\/\/gilvander.org.br\/site\/wp-json\/wp\/v2\/tags?post=14978"}],"curies":[{"name":"wp","href":"https:\/\/api.w.org\/{rel}","templated":true}]}}