{"id":2053,"date":"2018-05-29T11:03:04","date_gmt":"2018-05-29T14:03:04","guid":{"rendered":"http:\/\/gilvander.org.br\/site\/?p=2053"},"modified":"2018-05-29T11:10:57","modified_gmt":"2018-05-29T14:10:57","slug":"autonomia-energetica-e-alimentar-e-o-caminho","status":"publish","type":"post","link":"https:\/\/gilvander.org.br\/site\/autonomia-energetica-e-alimentar-e-o-caminho\/","title":{"rendered":"Autonomia energ\u00e9tica e alimentar \u00e9 o caminho"},"content":{"rendered":"<p><strong>Autonomia energ\u00e9tica e alimentar \u00e9 o caminho.\u00a0<\/strong>Por Gilvander Moreira<a href=\"#_ftn1\" name=\"_ftnref1\">[1]<\/a><\/p>\n<p><img loading=\"lazy\" decoding=\"async\" class=\"size-full wp-image-2054 alignleft\" src=\"http:\/\/gilvander.org.br\/site\/wp-content\/uploads\/2018\/05\/Marcelo-Guimar\u00e3es-Mello-da-microdestilaria-autonomia-energ\u00e9tica-e-alimentar.jpg\" alt=\"\" width=\"259\" height=\"194\" \/><\/p>\n<p style=\"text-align: justify;\">Durante toda a greve dos caminhoneiros, a partir do dia 21 de maio de 2018 no Brasil, que levou ao desabastecimento dos CEASAs, de muitos supermercados e imp\u00f4s a paralisa\u00e7\u00e3o da maioria dos autom\u00f3veis nas garagens, recordei-me o tempo todo, com saudade, de Marcelo Guimar\u00e3es Mello. Al\u00e9m de ter tido a alegria de conhec\u00ea-lo e me tornar seu amigo, aprendi com ele o caminho para a supera\u00e7\u00e3o da depend\u00eancia energ\u00e9tica e aliment\u00edcia imposta ao povo brasileiro pelo Estado Brasileiro acumpliciado ao capital internacional, primordialmente especulativo. De forma apaixonada, com grande compet\u00eancia t\u00e9cnica e com a sabedoria dos camponeses, Marcelo Guimar\u00e3es, ao longo de 20 anos, pesquisou muito e colocou em pr\u00e1tica um prot\u00f3tipo que viabiliza a autonomia energ\u00e9tica e alimentar com tecnologia social e preserva\u00e7\u00e3o ambiental, gerando energia, produ\u00e7\u00e3o de alimentos saud\u00e1veis sem agrot\u00f3xicos e construindo autonomia energ\u00e9tica. Marcelo dizia com alegria: \u201cH\u00e1 mais de 25 anos, eu, minha fam\u00edlia e alguns amigos andamos de autom\u00f3vel sem ter que parar em nenhum posto de gasolina para abastecer. Eu mesmo produzo minha energia e os alimentos que chegam \u00e0 cozinha da minha casa\u201d.<\/p>\n<p style=\"text-align: justify;\">Marcelo Guimar\u00e3es era ge\u00f3logo e entrou para a hist\u00f3ria como o criador de um projeto de autodesenvolvimento com soberania e autonomia do campesinato por meio de microdestilaria de \u00e1lcool consorciado com a produ\u00e7\u00e3o de alimentos em propriedade camponesa da terra. Junto com Bautista Vidal, Marcelo Guimar\u00e3es foi fundador da Escola da Biomassa. Em 2007, Marcelo Guimar\u00e3es concedeu entrevista ao Beto Almeida para a TV Educativa do Paran\u00e1, em sua pequena propriedade \u2013 fazenda Jardim &#8211; no munic\u00edpio de Mateus Leme, distante 75 quil\u00f4metros de Belo Horizonte, MG. O principal projeto criado por ele trata-se do sistema de Unidade Geradora de Energia e Alimentos (UNIGEA), que qualifica pequenas propriedades rurais para a produ\u00e7\u00e3o combinada de bioetanol, recursos florestais e alimentos org\u00e2nicos de origem animal e vegetal, conforme o modelo implantado na fazenda Jardim, pequena propriedade dele e de sua fam\u00edlia.<\/p>\n<p style=\"text-align: justify;\">Em s\u00edntese, na sua pequena propriedade, Marcelo Guimar\u00e3es produzia, em um alambique (microdestilaria), etanol, \u00e1lcool, pinga e rapadura, a partir de um pequeno canavial. Com o baga\u00e7o da cana ele alimentava dezenas de vacas que produziam leite, queijo, requeij\u00e3o, manteiga, doce etc.. Com o esterco das vacas uma grande horta era adubada, garantindo, assim, uma significativa produ\u00e7\u00e3o de verduras, legumes e frutas. Uma pequena \u00e1rea plantada de eucalipto garantia a lenha necess\u00e1ria para funcionar o forno da caldeira da microdestilaria. \u201c<em>Aqui n\u00e3o se perde nada. Com o baga\u00e7o eu alimento o gado &#8230; O \u00e1lcool brota da terra e do trabalho humano<\/em>\u201d, dizia Marcelo. Assim se cria um ciclo de autodesenvolvimento com autossustentabilidade.<\/p>\n<p style=\"text-align: justify;\">O Sistema de Unidade Geradora de Energia e Alimentos (UNIGEA) \u00e9 a implanta\u00e7\u00e3o de MICROUSINAS de baixo custo e de alto valor agregado para que microdestilarias e pequenos alambiques produzam al\u00e9m da cacha\u00e7a, \u00e1lcool combust\u00edvel, a\u00e7\u00facar mascavo, a rapadura, o melado, o adubo org\u00e2nico, biodefensivos, sementes e mudas para agroreflorestamento, gerando alimentos, energia e alimenta\u00e7\u00e3o do gado, sem polui\u00e7\u00e3o e nem degrada\u00e7\u00e3o do meio ambiente.<\/p>\n<p style=\"text-align: justify;\">A implanta\u00e7\u00e3o do sistema UNIGEA poder\u00e1 interferir de maneira positiva no campo brasileiro, pois viabilizar\u00e1 a gera\u00e7\u00e3o de trabalho e renda nas pequenas propriedades que vivem da agricultura familiar. A opera\u00e7\u00e3o de todo o sistema \u00e9 muito simples, podendo ser efetuada por qualquer trabalhador rural, ap\u00f3s simples treinamento.<\/p>\n<p style=\"text-align: justify;\">Com seis hectares de cana, um produtor ou um grupo de pequenos agricultores, poder\u00e3o produzir at\u00e9 200 litros de \u00e1lcool por dia, gerando emprego e renda para as fam\u00edlias. Nesse sentido identificamos o desenvolvimento da referida proposta como de import\u00e2ncia estrat\u00e9gica para o pa\u00eds, pois \u00e9 prefer\u00edvel que muitos pequenos produtores produzam energia do que apenas alguns grandes produzam a mesma energia. Com muitos pequenos agricultores produzindo em pequenas \u00e1reas, o meio ambiente \u00e9 contemplado no sentido de barrar as monoculturas da cana, do eucalipto, da soja e do capim, com utiliza\u00e7\u00e3o massiva de agrot\u00f3xicos e adubos nitrogenados, diminuir o desmatamento em fun\u00e7\u00e3o do consumo de lenha para uso dom\u00e9stico e recupera\u00e7\u00e3o de \u00e1reas degradadas e implementa\u00e7\u00e3o da agropecu\u00e1ria agroecol\u00f3gica pela utiliza\u00e7\u00e3o de adubos org\u00e2nicos. Esse ciclo desencadeia a melhoria da qualidade das terras e tende a aumentar a produtividade, pois uma propriedade que produzia apenas uma mercadoria no sistema de monocultura, pode produzir tamb\u00e9m o \u00e1lcool e adubo org\u00e2nico de forma eficiente e econ\u00f4mica. Vale ressaltar tamb\u00e9m que o pequeno produtor, principalmente no norte de Minas Gerais, j\u00e1 est\u00e1 muito familiarizado com o setor de leite e cacha\u00e7a, sendo a retirada de leite e os equipamentos de alambique como fornalha, dorna e moenda, de seu pleno conhecimento e utiliza\u00e7\u00e3o.<\/p>\n<p style=\"text-align: justify;\">A implanta\u00e7\u00e3o do projeto UNIGEA melhora o processo de produ\u00e7\u00e3o de \u00e1lcool em microdestilarias instaladas em pequenas propriedades rurais; fixa a fam\u00edlia camponesa em sua propriedade; gera renda para pequenas fam\u00edlias que vivem da agricultura a partir da produ\u00e7\u00e3o do \u00e1lcool, cacha\u00e7a, rapadura, melado, a\u00e7\u00facar mascavo, adubo org\u00e2nico, biog\u00e1s etc.; produz produtos caseiros, tais como, compotas, frutas desidratadas (calor do vaporizador), queijo etc.; melhora sua propriedade, na recupera\u00e7\u00e3o de \u00e1reas degradadas com o adubo org\u00e2nico ou o biofertilizante; melhora a alimenta\u00e7\u00e3o utilizando o adubo org\u00e2nico ou o biofertilizante em sua pr\u00f3pria horta e consequentemente melhorando a sua sa\u00fade e de sua fam\u00edlia; melhora a qualidade de vida do campesinato, pois, adquire dignidade e seguran\u00e7a ao trabalhar e produzir v\u00e1rios produtos em sua propriedade.\u00a0 Enfim, gera trabalho, alimento e energia, elementos fundamentais para o sustento e desenvolvimento da humanidade, mas tamb\u00e9m privil\u00e9gio e responsabilidade de um pa\u00eds tropical como o Brasil. Por esse caminho o Brasil poder\u00e1 crescer de baixo para cima. Para o projeto UNIGEA ser implementado \u00e9 \u00f3bvio que se faz necess\u00e1rio realizar a reforma agr\u00e1ria e conquistarmos pol\u00edtica agr\u00edcola que realmente fomente mais a agricultura familiar que o agroneg\u00f3cio. Avisados pela greve dos caminhoneiros, \u00e9 vital seguirmos por outro caminho: n\u00e3o o de um Governo com Petrobr\u00e1s vassala do capital internacional, mas o da reforma agr\u00e1ria com agricultura familiar com microdestilarias aos milhares, produzindo energia e alimentos saud\u00e1veis, o que nos traz autonomia e soberania.<\/p>\n<p style=\"text-align: justify;\">\u201c<em>As ideias do Marcelo Guimar\u00e3es devem ser implementadas de baixo para cima<\/em>\u201d, alerta Jos\u00e9 Guilherme. O legado pol\u00edtico emancipador de Marcelo Guimar\u00e3es \u00e9 imenso. Cito aqui algumas afirma\u00e7\u00f5es que ouvi dele e que s\u00e3o estrelas luzentes no nosso caminho: \u201c<em>Exportar mat\u00e9ria-prima nunca foi solu\u00e7\u00e3o para o povo brasileiro<\/em>\u201d. \u201c<em>O grande problema do mundo tropical s\u00e3o as monoculturas. A pior delas \u00e9 a pecu\u00e1ria, depois o eucalipto e a soja<\/em>\u201d. \u201c<em>N\u00e3o adianta falar de cidadania se n\u00e3o se tem soberania<\/em>\u201d. \u201c<em>Se as plantations dominarem o pa\u00eds, acabou o Brasil<\/em>\u201d. \u201c<em>O dinheiro necess\u00e1rio para construir uma refinaria de petr\u00f3leo, que gera 7 mil empregos, d\u00e1 para construir 100 mil microdestilarias que geram 1 milh\u00e3o de empregos e autonomia para milh\u00f5es de pessoas<\/em>\u201d. \u201c<em>Enquanto os governos n\u00e3o fazem o que precisa ser feito, vamos de baixo para cima com o Movimento dos Pequenos Agricultores (MPA) e com os milhares de assentados do MST<\/em>\u201d. \u201c<em>N\u00f3s temos tudo \u2013 terra, clima e povo trabalhador \u2013 e vamos continuar escravos?<\/em>\u201d Muito mais est\u00e1 no livro dele: <em>BIOMASSA &#8211; Energia dos Tr\u00f3picos em Minas Gerais, Belo Horizonte: FAFICH, 2001<\/em>.<\/p>\n<p style=\"text-align: justify;\">A greve dos caminhoneiros demonstrou para o povo brasileiro que Marcelo Guimar\u00e3es de Mello tinha, tem e ter\u00e1 sempre raz\u00e3o ao construir e mostrar na pr\u00e1tica a pertin\u00eancia e a viabilidade da Unidade Geradora de Energia e Alimentos (UNIGEA) (), caminho de autonomia energ\u00e9tica e alimenta que respeita a natureza.<\/p>\n<p>Belo Horizonte, MG, 29\/5\/2018.<\/p>\n<p><strong>Obs<\/strong>. 1: Mais informa\u00e7\u00f5es sobre o sistema UNIGEA (unidade geradora de energia e alimentos) no blog, abaixo:<\/p>\n<p><a href=\"http:\/\/projetoguardasol.blogspot.com.br\/\">http:\/\/projetoguardasol.blogspot.com.br\/<\/a><\/p>\n<p>Obs. 2: Os v\u00eddeos, abaixo, ilustram o texto, acima.<\/p>\n<ul>\n<li><strong>Energia renov\u00e1vel 1\/6 \u2013 Entrevista com Marcelo Guimar\u00e3es Mello<\/strong><\/li>\n<\/ul>\n<div class=\"epyt-video-wrapper\"><iframe loading=\"lazy\"  id=\"_ytid_10500\"  width=\"810\" height=\"608\"  data-origwidth=\"810\" data-origheight=\"608\" src=\"https:\/\/www.youtube.com\/embed\/GL6byoxUgY8?enablejsapi=1&#038;autoplay=0&#038;cc_load_policy=0&#038;cc_lang_pref=&#038;iv_load_policy=1&#038;loop=0&#038;rel=1&#038;fs=1&#038;playsinline=0&#038;autohide=2&#038;theme=dark&#038;color=red&#038;controls=1&#038;disablekb=0&#038;\" class=\"__youtube_prefs__  epyt-is-override  no-lazyload\" title=\"YouTube player\"  allow=\"fullscreen; accelerometer; autoplay; clipboard-write; encrypted-media; gyroscope; picture-in-picture; web-share\" referrerpolicy=\"strict-origin-when-cross-origin\" allowfullscreen data-no-lazy=\"1\" data-skipgform_ajax_framebjll=\"\"><\/iframe><\/div>\n<ul>\n<li><strong>Energia renov\u00e1vel 2\/6 &#8211; Entrevista com Marcelo Guimar\u00e3es Mello<\/strong><\/li>\n<\/ul>\n<div class=\"epyt-video-wrapper\"><iframe loading=\"lazy\"  id=\"_ytid_42435\"  width=\"810\" height=\"608\"  data-origwidth=\"810\" data-origheight=\"608\" src=\"https:\/\/www.youtube.com\/embed\/OzOPusidgow?enablejsapi=1&#038;autoplay=0&#038;cc_load_policy=0&#038;cc_lang_pref=&#038;iv_load_policy=1&#038;loop=0&#038;rel=1&#038;fs=1&#038;playsinline=0&#038;autohide=2&#038;theme=dark&#038;color=red&#038;controls=1&#038;disablekb=0&#038;\" class=\"__youtube_prefs__  epyt-is-override  no-lazyload\" title=\"YouTube player\"  allow=\"fullscreen; accelerometer; autoplay; clipboard-write; encrypted-media; gyroscope; picture-in-picture; web-share\" referrerpolicy=\"strict-origin-when-cross-origin\" allowfullscreen data-no-lazy=\"1\" data-skipgform_ajax_framebjll=\"\"><\/iframe><\/div>\n<ul>\n<li><strong>Energia renov\u00e1vel 3\/6 &#8211; Entrevista com Marcelo Guimar\u00e3es Mello<\/strong><\/li>\n<\/ul>\n<div class=\"epyt-video-wrapper\"><iframe loading=\"lazy\"  id=\"_ytid_97986\"  width=\"810\" height=\"608\"  data-origwidth=\"810\" data-origheight=\"608\" src=\"https:\/\/www.youtube.com\/embed\/4djePfyGiE4?enablejsapi=1&#038;autoplay=0&#038;cc_load_policy=0&#038;cc_lang_pref=&#038;iv_load_policy=1&#038;loop=0&#038;rel=1&#038;fs=1&#038;playsinline=0&#038;autohide=2&#038;theme=dark&#038;color=red&#038;controls=1&#038;disablekb=0&#038;\" class=\"__youtube_prefs__  epyt-is-override  no-lazyload\" title=\"YouTube player\"  allow=\"fullscreen; accelerometer; autoplay; clipboard-write; encrypted-media; gyroscope; picture-in-picture; web-share\" referrerpolicy=\"strict-origin-when-cross-origin\" allowfullscreen data-no-lazy=\"1\" data-skipgform_ajax_framebjll=\"\"><\/iframe><\/div>\n<ul>\n<li><strong>Energia renov\u00e1vel 4\/6 \u2013 Entrevista com Marcelo Guimar\u00e3es Mello<\/strong><\/li>\n<\/ul>\n<div class=\"epyt-video-wrapper\"><iframe loading=\"lazy\"  id=\"_ytid_62807\"  width=\"810\" height=\"608\"  data-origwidth=\"810\" data-origheight=\"608\" src=\"https:\/\/www.youtube.com\/embed\/Gwm5ki_dzC0?enablejsapi=1&#038;autoplay=0&#038;cc_load_policy=0&#038;cc_lang_pref=&#038;iv_load_policy=1&#038;loop=0&#038;rel=1&#038;fs=1&#038;playsinline=0&#038;autohide=2&#038;theme=dark&#038;color=red&#038;controls=1&#038;disablekb=0&#038;\" class=\"__youtube_prefs__  epyt-is-override  no-lazyload\" title=\"YouTube player\"  allow=\"fullscreen; accelerometer; autoplay; clipboard-write; encrypted-media; gyroscope; picture-in-picture; web-share\" referrerpolicy=\"strict-origin-when-cross-origin\" allowfullscreen data-no-lazy=\"1\" data-skipgform_ajax_framebjll=\"\"><\/iframe><\/div>\n<ul>\n<li><strong>Energia renov\u00e1vel 5\/6 \u2013 Entrevista com Marcelo Guimar\u00e3es Mello<\/strong><\/li>\n<\/ul>\n<div class=\"epyt-video-wrapper\"><iframe loading=\"lazy\"  id=\"_ytid_46700\"  width=\"810\" height=\"608\"  data-origwidth=\"810\" data-origheight=\"608\" src=\"https:\/\/www.youtube.com\/embed\/ewm_4mhRF8c?enablejsapi=1&#038;autoplay=0&#038;cc_load_policy=0&#038;cc_lang_pref=&#038;iv_load_policy=1&#038;loop=0&#038;rel=1&#038;fs=1&#038;playsinline=0&#038;autohide=2&#038;theme=dark&#038;color=red&#038;controls=1&#038;disablekb=0&#038;\" class=\"__youtube_prefs__  epyt-is-override  no-lazyload\" title=\"YouTube player\"  allow=\"fullscreen; accelerometer; autoplay; clipboard-write; encrypted-media; gyroscope; picture-in-picture; web-share\" referrerpolicy=\"strict-origin-when-cross-origin\" allowfullscreen data-no-lazy=\"1\" data-skipgform_ajax_framebjll=\"\"><\/iframe><\/div>\n<ul>\n<li><strong>Energia renov\u00e1vel parte 6\/6 com Marcello Guimar\u00e3es<\/strong><\/li>\n<\/ul>\n<div class=\"epyt-video-wrapper\"><iframe loading=\"lazy\"  id=\"_ytid_10264\"  width=\"810\" height=\"608\"  data-origwidth=\"810\" data-origheight=\"608\" src=\"https:\/\/www.youtube.com\/embed\/a1n4ZfwsJoQ?enablejsapi=1&#038;autoplay=0&#038;cc_load_policy=0&#038;cc_lang_pref=&#038;iv_load_policy=1&#038;loop=0&#038;rel=1&#038;fs=1&#038;playsinline=0&#038;autohide=2&#038;theme=dark&#038;color=red&#038;controls=1&#038;disablekb=0&#038;\" class=\"__youtube_prefs__  epyt-is-override  no-lazyload\" title=\"YouTube player\"  allow=\"fullscreen; accelerometer; autoplay; clipboard-write; encrypted-media; gyroscope; picture-in-picture; web-share\" referrerpolicy=\"strict-origin-when-cross-origin\" allowfullscreen data-no-lazy=\"1\" data-skipgform_ajax_framebjll=\"\"><\/iframe><\/div>\n<ul>\n<li><strong>Document\u00e1rio Carta 7 &#8211; sinopse<\/strong><\/li>\n<\/ul>\n<div class=\"epyt-video-wrapper\"><iframe loading=\"lazy\"  id=\"_ytid_88454\"  width=\"810\" height=\"608\"  data-origwidth=\"810\" data-origheight=\"608\" src=\"https:\/\/www.youtube.com\/embed\/yVw4oxcSRsE?enablejsapi=1&#038;autoplay=0&#038;cc_load_policy=0&#038;cc_lang_pref=&#038;iv_load_policy=1&#038;loop=0&#038;rel=1&#038;fs=1&#038;playsinline=0&#038;autohide=2&#038;theme=dark&#038;color=red&#038;controls=1&#038;disablekb=0&#038;\" class=\"__youtube_prefs__  epyt-is-override  no-lazyload\" title=\"YouTube player\"  allow=\"fullscreen; accelerometer; autoplay; clipboard-write; encrypted-media; gyroscope; picture-in-picture; web-share\" referrerpolicy=\"strict-origin-when-cross-origin\" allowfullscreen data-no-lazy=\"1\" data-skipgform_ajax_framebjll=\"\"><\/iframe><\/div>\n<ul>\n<li><strong>Mini destilaria de \u00e1lcool \u2013 Reportagem do MGTV<\/strong><\/li>\n<\/ul>\n<div class=\"epyt-video-wrapper\"><iframe loading=\"lazy\"  id=\"_ytid_29349\"  width=\"810\" height=\"608\"  data-origwidth=\"810\" data-origheight=\"608\" src=\"https:\/\/www.youtube.com\/embed\/ogm37DpQBbA?enablejsapi=1&#038;autoplay=0&#038;cc_load_policy=0&#038;cc_lang_pref=&#038;iv_load_policy=1&#038;loop=0&#038;rel=1&#038;fs=1&#038;playsinline=0&#038;autohide=2&#038;theme=dark&#038;color=red&#038;controls=1&#038;disablekb=0&#038;\" class=\"__youtube_prefs__  epyt-is-override  no-lazyload\" title=\"YouTube player\"  allow=\"fullscreen; accelerometer; autoplay; clipboard-write; encrypted-media; gyroscope; picture-in-picture; web-share\" referrerpolicy=\"strict-origin-when-cross-origin\" allowfullscreen data-no-lazy=\"1\" data-skipgform_ajax_framebjll=\"\"><\/iframe><\/div>\n<p><a href=\"#_ftnref1\" name=\"_ftn1\">[1]<\/a> Frei e padre da Ordem dos carmelitas; doutor em Educa\u00e7\u00e3o pela FAE\/UFMG; mestre em Exegese B\u00edblica pelo Pontif\u00edcio Instituto B\u00edblico de Roma, It\u00e1lia; licenciado e bacharel em Filosofia pela UFPR; bacharel em Teologia pelo ITESP<strong>\/<\/strong>SP; assessor da CPT, CEBI, SAB e Ocupa\u00e7\u00f5es Urbanas.<\/p>\n<p>E-mail: <a href=\"mailto:gilvanderlm@gmail.com\">gilvanderlm@gmail.com<\/a> \u2013 <a href=\"http:\/\/www.gilvander.org.br\">www.gilvander.org.br<\/a> &#8211; <a href=\"http:\/\/www.freigilvander.blogspot.com.br\">www.freigilvander.blogspot.com.br<\/a> \u2013<\/p>\n<p><a href=\"http:\/\/www.twitter.com\/gilvanderluis\">www.twitter.com\/gilvanderluis<\/a> \u2013 Facebook: Gilvander Moreira III<\/p>\n<p>&nbsp;<\/p>\n","protected":false},"excerpt":{"rendered":"<p>Autonomia energ\u00e9tica e alimentar \u00e9 o caminho.\u00a0Por Gilvander Moreira[1] Durante toda a greve dos caminhoneiros, a partir do dia 21 de maio de 2018 no Brasil, que levou ao desabastecimento dos CEASAs, de muitos supermercados<\/p>\n","protected":false},"author":2,"featured_media":2054,"comment_status":"open","ping_status":"open","sticky":false,"template":"","format":"standard","meta":{"footnotes":""},"categories":[21,27,29,32],"tags":[],"class_list":["post-2053","post","type-post","status-publish","format-standard","has-post-thumbnail","hentry","category-artigo","category-direitos-humanos","category-movimentos-sociais-populares","category-videos"],"_links":{"self":[{"href":"https:\/\/gilvander.org.br\/site\/wp-json\/wp\/v2\/posts\/2053","targetHints":{"allow":["GET"]}}],"collection":[{"href":"https:\/\/gilvander.org.br\/site\/wp-json\/wp\/v2\/posts"}],"about":[{"href":"https:\/\/gilvander.org.br\/site\/wp-json\/wp\/v2\/types\/post"}],"author":[{"embeddable":true,"href":"https:\/\/gilvander.org.br\/site\/wp-json\/wp\/v2\/users\/2"}],"replies":[{"embeddable":true,"href":"https:\/\/gilvander.org.br\/site\/wp-json\/wp\/v2\/comments?post=2053"}],"version-history":[{"count":2,"href":"https:\/\/gilvander.org.br\/site\/wp-json\/wp\/v2\/posts\/2053\/revisions"}],"predecessor-version":[{"id":2056,"href":"https:\/\/gilvander.org.br\/site\/wp-json\/wp\/v2\/posts\/2053\/revisions\/2056"}],"wp:featuredmedia":[{"embeddable":true,"href":"https:\/\/gilvander.org.br\/site\/wp-json\/wp\/v2\/media\/2054"}],"wp:attachment":[{"href":"https:\/\/gilvander.org.br\/site\/wp-json\/wp\/v2\/media?parent=2053"}],"wp:term":[{"taxonomy":"category","embeddable":true,"href":"https:\/\/gilvander.org.br\/site\/wp-json\/wp\/v2\/categories?post=2053"},{"taxonomy":"post_tag","embeddable":true,"href":"https:\/\/gilvander.org.br\/site\/wp-json\/wp\/v2\/tags?post=2053"}],"curies":[{"name":"wp","href":"https:\/\/api.w.org\/{rel}","templated":true}]}}