{"id":2063,"date":"2018-05-30T09:19:01","date_gmt":"2018-05-30T12:19:01","guid":{"rendered":"http:\/\/gilvander.org.br\/site\/?p=2063"},"modified":"2018-05-30T09:19:01","modified_gmt":"2018-05-30T12:19:01","slug":"camponeses-na-luta-por-terra-teto-e-pao-no-acampamento-nova-jerusalem-em-nova-serrana-mg-11-5-2018","status":"publish","type":"post","link":"https:\/\/gilvander.org.br\/site\/camponeses-na-luta-por-terra-teto-e-pao-no-acampamento-nova-jerusalem-em-nova-serrana-mg-11-5-2018\/","title":{"rendered":"Camponeses na luta por terra, teto e p\u00e3o, no Acampamento Nova Jerusal\u00e9m, em Nova Serrana\/MG:\u00a0\u00a011\/5\/2018."},"content":{"rendered":"<p style=\"font-weight: 400;\"><strong>Camponeses na luta por terra, teto e p\u00e3o, no Acampamento Nova Jerusal\u00e9m, em Nova Serrana\/MG:\u00a0\u00a011\/5\/2018.<\/strong><\/p>\n<p><img loading=\"lazy\" decoding=\"async\" class=\"size-medium wp-image-2064 alignleft\" src=\"http:\/\/gilvander.org.br\/site\/wp-content\/uploads\/2018\/05\/Canta-Galo-e-Nova-Serrana-2-300x225.jpg\" alt=\"\" width=\"300\" height=\"225\" srcset=\"https:\/\/gilvander.org.br\/site\/wp-content\/uploads\/2018\/05\/Canta-Galo-e-Nova-Serrana-2-300x225.jpg 300w, https:\/\/gilvander.org.br\/site\/wp-content\/uploads\/2018\/05\/Canta-Galo-e-Nova-Serrana-2-768x576.jpg 768w, https:\/\/gilvander.org.br\/site\/wp-content\/uploads\/2018\/05\/Canta-Galo-e-Nova-Serrana-2.jpg 960w\" sizes=\"auto, (max-width: 300px) 100vw, 300px\" \/><\/p>\n<p style=\"font-weight: 400; text-align: justify;\">Acampadas na beira do rio Par\u00e1, passando pelas mais diversas necessidades e dificuldades, expostas ao frio e a doen\u00e7as, as fam\u00edlias do Acampamento Nova Jerusal\u00e9m, trazem no semblante e na voz, as marcas da indigna\u00e7\u00e3o pela covardia e pela injusti\u00e7a do despejo a que foram submetidas, depois de mais de seis anos vivendo na fazenda Canta Galo, de propriedade do Governo Estadual, mas cedida \u00e0 prefeitura de Nova Serrana.\u00a0\u00a0N\u00e3o s\u00f3 foram expulsas da terra que lhes garantia moradia, sustento e dignidade, como tamb\u00e9m tiveram retirados seus pertences, suas cria\u00e7\u00f5es, deixando-lhes totalmente desprovidos do b\u00e1sico necess\u00e1rio para sua sobreviv\u00eancia di\u00e1ria. Nesse v\u00eddeo, o depoimento de moradores e a manifesta\u00e7\u00e3o de sua indigna\u00e7\u00e3o contra o Governador de Minas Gerais, Fernando Pimentel,\u00a0\u00a0e os Prefeitos de Nova Serrana e Pitangui, respons\u00e1veis diretos pela situa\u00e7\u00e3o em que se encontram, tanto pela a\u00e7\u00e3o judicial impetrada pedindo a reintegra\u00e7\u00e3o de posse do terreno, como pela omiss\u00e3o na assist\u00eancia a que t\u00eam direito.\u00a0\u00a0O TJMG tamb\u00e9m desrespeitou a Constitui\u00e7\u00e3o, a dignidade humana, o direito a terra e a fun\u00e7\u00e3o social da propriedade, ao mandar despejar 120 fam\u00edlias sem alternativa digna pr\u00e9via.<\/p>\n<p style=\"font-weight: 400; text-align: justify;\"><strong>Obs<\/strong>.: Acampadas na beira do Rio Par\u00e1, depois de 3 semanas aguardando uma posi\u00e7\u00e3o do Governo de Minas Gerais, que n\u00e3o se dignou ainda em autorizar as fam\u00edlias a retornar para a fazenda Canta Galo, as fam\u00edlias decidiram reocupar a Fazenda Canta Galo e pra l\u00e1 retornaram no dia 24\/5\/2018, determinadas a lutar por suas moradias e pela terra que, por direito, lhes pertence.<\/p>\n<p style=\"font-weight: 400; text-align: justify;\">*Reportagem em v\u00eddeo de frei Gilvander Moreira, da CPT, das CEBs e do CEBI. Edi\u00e7\u00e3o de N\u00e1dia Oliveira, da Equipe de Comunica\u00e7\u00e3o do CPT-MG. Nova Serrana\/MG, 11\/5\/2018.<\/p>\n<p style=\"font-weight: 400; text-align: justify;\">* Inscreva-se no You Tube, no Canal Frei Gilvander Luta pela Terra e por Direitos, no link: https:\/\/www.youtube.com\/user\/fgilvander e assista a outros v\u00eddeos de luta por direitos sociais. Se assistir e gostar, compartilhe. Sugerimos.<\/p>\n<p style=\"font-weight: 400;\">#FreiGilvander<\/p>\n<div class=\"epyt-video-wrapper\"><iframe loading=\"lazy\"  id=\"_ytid_74998\"  width=\"810\" height=\"456\"  data-origwidth=\"810\" data-origheight=\"456\" src=\"https:\/\/www.youtube.com\/embed\/Osxu9F9GEwY?enablejsapi=1&#038;autoplay=0&#038;cc_load_policy=0&#038;cc_lang_pref=&#038;iv_load_policy=1&#038;loop=0&#038;rel=1&#038;fs=1&#038;playsinline=0&#038;autohide=2&#038;theme=dark&#038;color=red&#038;controls=1&#038;disablekb=0&#038;\" class=\"__youtube_prefs__  epyt-is-override  no-lazyload\" title=\"YouTube player\"  allow=\"fullscreen; accelerometer; autoplay; clipboard-write; encrypted-media; gyroscope; picture-in-picture; web-share\" referrerpolicy=\"strict-origin-when-cross-origin\" allowfullscreen data-no-lazy=\"1\" data-skipgform_ajax_framebjll=\"\"><\/iframe><\/div>\n","protected":false},"excerpt":{"rendered":"<p>Camponeses na luta por terra, teto e p\u00e3o, no Acampamento Nova Jerusal\u00e9m, em Nova Serrana\/MG:\u00a0\u00a011\/5\/2018. Acampadas na beira do rio Par\u00e1, passando pelas mais diversas necessidades e dificuldades, expostas ao frio e a doen\u00e7as, as<\/p>\n","protected":false},"author":2,"featured_media":2064,"comment_status":"open","ping_status":"open","sticky":false,"template":"","format":"standard","meta":{"footnotes":""},"categories":[27,28,25,29,32,18],"tags":[],"class_list":["post-2063","post","type-post","status-publish","format-standard","has-post-thumbnail","hentry","category-direitos-humanos","category-luta-pela-moradia","category-luta-pela-terra-e-reforma-agraria","category-movimentos-sociais-populares","category-videos","category-videos-de-frei-gilvander"],"_links":{"self":[{"href":"https:\/\/gilvander.org.br\/site\/wp-json\/wp\/v2\/posts\/2063","targetHints":{"allow":["GET"]}}],"collection":[{"href":"https:\/\/gilvander.org.br\/site\/wp-json\/wp\/v2\/posts"}],"about":[{"href":"https:\/\/gilvander.org.br\/site\/wp-json\/wp\/v2\/types\/post"}],"author":[{"embeddable":true,"href":"https:\/\/gilvander.org.br\/site\/wp-json\/wp\/v2\/users\/2"}],"replies":[{"embeddable":true,"href":"https:\/\/gilvander.org.br\/site\/wp-json\/wp\/v2\/comments?post=2063"}],"version-history":[{"count":1,"href":"https:\/\/gilvander.org.br\/site\/wp-json\/wp\/v2\/posts\/2063\/revisions"}],"predecessor-version":[{"id":2065,"href":"https:\/\/gilvander.org.br\/site\/wp-json\/wp\/v2\/posts\/2063\/revisions\/2065"}],"wp:featuredmedia":[{"embeddable":true,"href":"https:\/\/gilvander.org.br\/site\/wp-json\/wp\/v2\/media\/2064"}],"wp:attachment":[{"href":"https:\/\/gilvander.org.br\/site\/wp-json\/wp\/v2\/media?parent=2063"}],"wp:term":[{"taxonomy":"category","embeddable":true,"href":"https:\/\/gilvander.org.br\/site\/wp-json\/wp\/v2\/categories?post=2063"},{"taxonomy":"post_tag","embeddable":true,"href":"https:\/\/gilvander.org.br\/site\/wp-json\/wp\/v2\/tags?post=2063"}],"curies":[{"name":"wp","href":"https:\/\/api.w.org\/{rel}","templated":true}]}}