{"id":2066,"date":"2018-05-31T11:24:39","date_gmt":"2018-05-31T14:24:39","guid":{"rendered":"http:\/\/gilvander.org.br\/site\/?p=2066"},"modified":"2018-05-31T11:24:39","modified_gmt":"2018-05-31T14:24:39","slug":"a-verdade-sobre-o-despejo-do-acampamento-nova-jerusalem-nova-serrana-mg-da-fazenda-canta-galo-desrespeito-a-dignidade-humana-2a-parte-11-5-2018","status":"publish","type":"post","link":"https:\/\/gilvander.org.br\/site\/a-verdade-sobre-o-despejo-do-acampamento-nova-jerusalem-nova-serrana-mg-da-fazenda-canta-galo-desrespeito-a-dignidade-humana-2a-parte-11-5-2018\/","title":{"rendered":"A verdade sobre o despejo do Acampamento Nova Jerusal\u00e9m\/Nova Serrana\/MG da Fazenda Canta Galo: Desrespeito \u00e0 dignidade humana. 2\u00aa Parte.\u00a0\u00a011\/5\/2018."},"content":{"rendered":"<p style=\"font-weight: 400;\"><strong>A verdade sobre o despejo do Acampamento Nova Jerusal\u00e9m\/Nova Serrana\/MG da Fazenda Canta Galo: Desrespeito \u00e0 dignidade humana. 2\u00aa Parte.\u00a0\u00a011\/5\/2018.<\/strong><\/p>\n<p><img loading=\"lazy\" decoding=\"async\" class=\"size-medium wp-image-2067 alignleft\" src=\"http:\/\/gilvander.org.br\/site\/wp-content\/uploads\/2018\/05\/Vilma-de-Nova-Serrana-169x300.jpg\" alt=\"\" width=\"169\" height=\"300\" srcset=\"https:\/\/gilvander.org.br\/site\/wp-content\/uploads\/2018\/05\/Vilma-de-Nova-Serrana-169x300.jpg 169w, https:\/\/gilvander.org.br\/site\/wp-content\/uploads\/2018\/05\/Vilma-de-Nova-Serrana.jpg 540w\" sizes=\"auto, (max-width: 169px) 100vw, 169px\" \/><\/p>\n<p style=\"font-weight: 400; text-align: justify;\">Depoimentos indignados e comoventes de acampados no Acampamento Nova Jerusal\u00e9m, munic\u00edpio de Nova Serrana, centro-oeste de MG, e graves den\u00fancias de morador de Nova Serrana confirmam o que j\u00e1 se suspeitava ser os verdadeiros motivos do despejo das mais de 100 fam\u00edlias da Ocupa\u00e7\u00e3o-Comunidade Nova Jerusal\u00e9m, da Fazenda Canta Galo, em Nova Serrana, no dia 26\/4\/2018. Com o despejo, a \u00e1rea, at\u00e9 ent\u00e3o ocupada pelas fam\u00edlias, h\u00e1 6 anos, com planta\u00e7\u00f5es e moradias,\u00a0\u00a0foi totalmente entregue ao gado de aliados dos Prefeitos envolvidos na a\u00e7\u00e3o de reintegra\u00e7\u00e3o de posse da fazenda, que \u00e9 de propriedade\u00a0\u00a0do Governo de Minas Gerais, cedida ao munic\u00edpio de Nova Serrana, com o argumento de que ali seria constru\u00edda um Aterro Sanit\u00e1rio.\u00a0\u00a0O terreno \u00e9 cheio de nascentes,\u00a0\u00a0ao lado do rio Par\u00e1, que \u00e9 afluente do rio S\u00e3o Francisco. A \u00c1rea \u00e9 de Preserva\u00e7\u00e3o Ambiental e, logicamente, n\u00e3o pode ser destinada a \u201cLix\u00e3o\u201d, aterro sanit\u00e1rio.\u00a0\u00a0Vivendo h\u00e1 3 semanas no Acampamento na beira do rio Par\u00e1, as fam\u00edlias estavam expostas a doen\u00e7as, ao frio, \u00e0s mais diversas necessidades e dificuldades. Al\u00e9m do despejo covarde e injusto que sofreram, tiveram retirados seus pertences, como colch\u00f5es, mantimentos, roupas, utens\u00edlios, m\u00f3veis, medicamentos, entre outros e nada at\u00e9 agora lhes foi devolvido.\u00a0\u00a0Uma grande viol\u00eancia contra essas fam\u00edlias! Uma injusti\u00e7a que clama ao c\u00e9u!<\/p>\n<p style=\"font-weight: 400; text-align: justify;\"><strong>Obs<\/strong>.: O Governo de Minas prometeu \u00e0s fam\u00edlias que lhes daria uma resposta, uma posi\u00e7\u00e3o. Depois de 3 semanas no Acampamento, sem nenhuma posi\u00e7\u00e3o do Governo, no dia 24\/5\/2018 as fam\u00edlias decidiram reocupar\u00a0\u00a0Fazenda Canta Galo, determinadas a lutar por suas moradias (algumas j\u00e1 demolidas, outras arrombadas) e pela terra, que lhes pertence, por direito.<\/p>\n<p style=\"font-weight: 400; text-align: justify;\">*Reportagem em v\u00eddeo de frei Gilvander Moreira, da CPT, das CEBs e do CEBI. Edi\u00e7\u00e3o de N\u00e1dia Oliveira, da Equipe de Comunica\u00e7\u00e3o do CPT-MG. Nova Serrana\/MG, 11\/5\/2018.<\/p>\n<p style=\"font-weight: 400; text-align: justify;\">* Inscreva-se no You Tube, no Canal Frei Gilvander Luta pela Terra e por Direitos, no link: https:\/\/www.youtube.com\/user\/fgilvander e assista a outros v\u00eddeos de luta por direitos sociais. Se assistir e gostar, compartilhe. Sugerimos.<\/p>\n<p style=\"font-weight: 400;\">#FreiGilvander<\/p>\n<div class=\"epyt-video-wrapper\"><iframe loading=\"lazy\"  id=\"_ytid_27930\"  width=\"810\" height=\"456\"  data-origwidth=\"810\" data-origheight=\"456\" src=\"https:\/\/www.youtube.com\/embed\/e0owBIO1OOI?enablejsapi=1&#038;autoplay=0&#038;cc_load_policy=0&#038;cc_lang_pref=&#038;iv_load_policy=1&#038;loop=0&#038;rel=1&#038;fs=1&#038;playsinline=0&#038;autohide=2&#038;theme=dark&#038;color=red&#038;controls=1&#038;disablekb=0&#038;\" class=\"__youtube_prefs__  epyt-is-override  no-lazyload\" title=\"YouTube player\"  allow=\"fullscreen; accelerometer; autoplay; clipboard-write; encrypted-media; gyroscope; picture-in-picture; web-share\" referrerpolicy=\"strict-origin-when-cross-origin\" allowfullscreen data-no-lazy=\"1\" data-skipgform_ajax_framebjll=\"\"><\/iframe><\/div>\n","protected":false},"excerpt":{"rendered":"<p>A verdade sobre o despejo do Acampamento Nova Jerusal\u00e9m\/Nova Serrana\/MG da Fazenda Canta Galo: Desrespeito \u00e0 dignidade humana. 2\u00aa Parte.\u00a0\u00a011\/5\/2018. Depoimentos indignados e comoventes de acampados no Acampamento Nova Jerusal\u00e9m, munic\u00edpio de Nova Serrana, centro-oeste<\/p>\n","protected":false},"author":2,"featured_media":2067,"comment_status":"open","ping_status":"open","sticky":false,"template":"","format":"standard","meta":{"footnotes":""},"categories":[27,28,25,29,32,18],"tags":[],"class_list":["post-2066","post","type-post","status-publish","format-standard","has-post-thumbnail","hentry","category-direitos-humanos","category-luta-pela-moradia","category-luta-pela-terra-e-reforma-agraria","category-movimentos-sociais-populares","category-videos","category-videos-de-frei-gilvander"],"_links":{"self":[{"href":"https:\/\/gilvander.org.br\/site\/wp-json\/wp\/v2\/posts\/2066","targetHints":{"allow":["GET"]}}],"collection":[{"href":"https:\/\/gilvander.org.br\/site\/wp-json\/wp\/v2\/posts"}],"about":[{"href":"https:\/\/gilvander.org.br\/site\/wp-json\/wp\/v2\/types\/post"}],"author":[{"embeddable":true,"href":"https:\/\/gilvander.org.br\/site\/wp-json\/wp\/v2\/users\/2"}],"replies":[{"embeddable":true,"href":"https:\/\/gilvander.org.br\/site\/wp-json\/wp\/v2\/comments?post=2066"}],"version-history":[{"count":1,"href":"https:\/\/gilvander.org.br\/site\/wp-json\/wp\/v2\/posts\/2066\/revisions"}],"predecessor-version":[{"id":2068,"href":"https:\/\/gilvander.org.br\/site\/wp-json\/wp\/v2\/posts\/2066\/revisions\/2068"}],"wp:featuredmedia":[{"embeddable":true,"href":"https:\/\/gilvander.org.br\/site\/wp-json\/wp\/v2\/media\/2067"}],"wp:attachment":[{"href":"https:\/\/gilvander.org.br\/site\/wp-json\/wp\/v2\/media?parent=2066"}],"wp:term":[{"taxonomy":"category","embeddable":true,"href":"https:\/\/gilvander.org.br\/site\/wp-json\/wp\/v2\/categories?post=2066"},{"taxonomy":"post_tag","embeddable":true,"href":"https:\/\/gilvander.org.br\/site\/wp-json\/wp\/v2\/tags?post=2066"}],"curies":[{"name":"wp","href":"https:\/\/api.w.org\/{rel}","templated":true}]}}