{"id":2162,"date":"2018-06-15T09:40:52","date_gmt":"2018-06-15T12:40:52","guid":{"rendered":"http:\/\/gilvander.org.br\/site\/?p=2162"},"modified":"2018-06-15T09:45:04","modified_gmt":"2018-06-15T12:45:04","slug":"violencia-contra-os-povos-indigenas-em-belo-horizonte-mg-roda-de-conversa-no-cedefes-4a-parte-23-4-2018","status":"publish","type":"post","link":"https:\/\/gilvander.org.br\/site\/violencia-contra-os-povos-indigenas-em-belo-horizonte-mg-roda-de-conversa-no-cedefes-4a-parte-23-4-2018\/","title":{"rendered":"Viol\u00eancia contra os Povos Ind\u00edgenas, em Belo Horizonte, MG: Roda de Conversa no CEDEFES. 4\u00aa Parte. 23\/4\/2018."},"content":{"rendered":"<p style=\"font-weight: 400;\"><strong>Viol\u00eancia contra os Povos Ind\u00edgenas, em Belo Horizonte, MG: Roda de Conversa no CEDEFES. 4\u00aa Parte. 23\/4\/2018.<\/strong><\/p>\n<p><img loading=\"lazy\" decoding=\"async\" class=\"size-medium wp-image-2163 alignleft\" src=\"http:\/\/gilvander.org.br\/site\/wp-content\/uploads\/2018\/06\/Paulinho-ind\u00edgena-Aran\u00e3-no-CEDEFES-300x168.jpg\" alt=\"\" width=\"300\" height=\"168\" srcset=\"https:\/\/gilvander.org.br\/site\/wp-content\/uploads\/2018\/06\/Paulinho-ind\u00edgena-Aran\u00e3-no-CEDEFES-300x168.jpg 300w, https:\/\/gilvander.org.br\/site\/wp-content\/uploads\/2018\/06\/Paulinho-ind\u00edgena-Aran\u00e3-no-CEDEFES.jpg 713w\" sizes=\"auto, (max-width: 300px) 100vw, 300px\" \/><\/p>\n<p style=\"font-weight: 400; text-align: justify;\">Povos Ind\u00edgenas, em Belo Horizonte, capital mineira, e na Regi\u00e3o Metropolitana de BH (RMBH), ao longo dos anos, t\u00eam sido v\u00edtimas de viol\u00eancia, discrimina\u00e7\u00e3o, preconceito e racismo por parte, principalmente, do Poder P\u00fablico, que se nega a cumprir a lei na responsabilidade da assist\u00eancia, do desenvolvimento de politicas p\u00fablicas espec\u00edficas para os Povos ind\u00edgenas e ainda tenta lhes tirar seus direitos assegurados pela\u00a0\u00a0Constitui\u00e7\u00e3o Federal,\u00a0\u00a0sem respeitar, sobretudo, sua legitimidade de verdadeiros donos das terras brasileiras.\u00a0\u00a0Essa irresponsabilidade do Poder P\u00fablico fomenta atitudes de \u00f3dio e viol\u00eancia, por parte da popula\u00e7\u00e3o e, sobretudo, por parte da Pol\u00edcia Militar do Estado de Minas Gerais e da Guarda Municipal de Belo Horizonte, que se julgam com poder para intimidar, perseguir e violentar integrantes dos Povos Ind\u00edgenas, tanto f\u00edsica como moralmente. Se nos causa indigna\u00e7\u00e3o a viol\u00eancia, com tantos assassinatos de ind\u00edgenas, nas matas e florestas, pela expropria\u00e7\u00e3o de suas terras pelos &#8220;brancos&#8221;, essa mesma indigna\u00e7\u00e3o se manifesta pela falta de respeito \u00e0 dignidade dos Povos Ind\u00edgenas nas cidades, especificamente, nesse caso, na Regi\u00e3o Metropolitana de Belo Horizonte. Tanto nas matas como na cidade, essa viola\u00e7\u00e3o de direitos \u00e9 provocada pela gan\u00e2ncia do capital e pela cumplicidade do Poder P\u00fablico com o sistema do capital,\u00a0\u00a0que se manifesta conivente dessas a\u00e7\u00f5es de viol\u00eancia. Essa alarmante e preocupante situa\u00e7\u00e3o a que est\u00e3o expostos os Povos Ind\u00edgenas na cidade de Belo Horizonte e Regi\u00e3o Metropolitana motivou a Roda de Conversa realizada no CEDEFES (Centro de Documenta\u00e7\u00e3o Eloy Ferreira da Silva &#8211;\u00a0<a href=\"http:\/\/www.cedefes.org.br\">http:\/\/www.cedefes.org.br<\/a> ), em Belo Horizonte\/MG, no dia 23\/4\/2018, que teve como tema: \u201cDireitos Ind\u00edgenas e a quest\u00e3o ambiental: partilhando reflex\u00f5es para a luta\u201d. Participaram dessa Roda de Conversa v\u00e1rias lideran\u00e7as ind\u00edgenas, a Professora Dra. Alenice Baeta, historiadora e arque\u00f3loga, e outros\/as integrantes do CEDEFES, o frei Gilvander Moreira, da CPT, o Pablo, da FUNAI (Funda\u00e7\u00e3o Nacional do \u00cdndio), entre outros.\u00a0\u00a0A luta por respeito aos direitos dos Povos Ind\u00edgenas na capital mineira e Regi\u00e3o Metropolitana se intensifica e a Rede de Apoio cresce e se fortalece.\u00a0\u00a0Respeitar os Povos Ind\u00edgenas e seus direitos \u00e9 dever de todos, o que passa por respeito aos seus saberes, \u00e0 sua cultura, \u00e0 sua vida.<\/p>\n<p style=\"font-weight: 400; text-align: justify;\">*Filmagem de frei Gilvander Moreira, da CPT, das CEBs e do CEBI. Edi\u00e7\u00e3o de N\u00e1dia Oliveira, da Equipe de Comunica\u00e7\u00e3o da CPT-MG. Belo Horizonte\/MG, 23 de abril de 2018.<\/p>\n<p style=\"font-weight: 400; text-align: justify;\">* Inscreva-se no You Tube, no Canal Frei Gilvander Luta pela Terra e por Direitos, no link: https:\/\/www.youtube.com\/user\/fgilvander e assista a outros v\u00eddeos de luta por direitos sociais. Se assistir e gostar, compartilhe. Sugerimos.<\/p>\n<p style=\"font-weight: 400;\"><a href=\"#FreiGilvander\">#FreiGilvander<\/a><\/p>\n<div class=\"epyt-video-wrapper\"><iframe loading=\"lazy\"  id=\"_ytid_66828\"  width=\"810\" height=\"456\"  data-origwidth=\"810\" data-origheight=\"456\" src=\"https:\/\/www.youtube.com\/embed\/6n9WZ9yIM8s?enablejsapi=1&#038;autoplay=0&#038;cc_load_policy=0&#038;cc_lang_pref=&#038;iv_load_policy=1&#038;loop=0&#038;rel=1&#038;fs=1&#038;playsinline=0&#038;autohide=2&#038;theme=dark&#038;color=red&#038;controls=1&#038;disablekb=0&#038;\" class=\"__youtube_prefs__  epyt-is-override  no-lazyload\" title=\"YouTube player\"  allow=\"fullscreen; accelerometer; autoplay; clipboard-write; encrypted-media; gyroscope; picture-in-picture; web-share\" referrerpolicy=\"strict-origin-when-cross-origin\" allowfullscreen data-no-lazy=\"1\" data-skipgform_ajax_framebjll=\"\"><\/iframe><\/div>\n","protected":false},"excerpt":{"rendered":"<p>Viol\u00eancia contra os Povos Ind\u00edgenas, em Belo Horizonte, MG: Roda de Conversa no CEDEFES. 4\u00aa Parte. 23\/4\/2018. Povos Ind\u00edgenas, em Belo Horizonte, capital mineira, e na Regi\u00e3o Metropolitana de BH (RMBH), ao longo dos anos,<\/p>\n","protected":false},"author":2,"featured_media":2163,"comment_status":"open","ping_status":"open","sticky":false,"template":"","format":"standard","meta":{"footnotes":""},"categories":[27,25,29,26,32,18],"tags":[],"class_list":["post-2162","post","type-post","status-publish","format-standard","has-post-thumbnail","hentry","category-direitos-humanos","category-luta-pela-terra-e-reforma-agraria","category-movimentos-sociais-populares","category-teologia-da-libertacao","category-videos","category-videos-de-frei-gilvander"],"_links":{"self":[{"href":"https:\/\/gilvander.org.br\/site\/wp-json\/wp\/v2\/posts\/2162","targetHints":{"allow":["GET"]}}],"collection":[{"href":"https:\/\/gilvander.org.br\/site\/wp-json\/wp\/v2\/posts"}],"about":[{"href":"https:\/\/gilvander.org.br\/site\/wp-json\/wp\/v2\/types\/post"}],"author":[{"embeddable":true,"href":"https:\/\/gilvander.org.br\/site\/wp-json\/wp\/v2\/users\/2"}],"replies":[{"embeddable":true,"href":"https:\/\/gilvander.org.br\/site\/wp-json\/wp\/v2\/comments?post=2162"}],"version-history":[{"count":2,"href":"https:\/\/gilvander.org.br\/site\/wp-json\/wp\/v2\/posts\/2162\/revisions"}],"predecessor-version":[{"id":2165,"href":"https:\/\/gilvander.org.br\/site\/wp-json\/wp\/v2\/posts\/2162\/revisions\/2165"}],"wp:featuredmedia":[{"embeddable":true,"href":"https:\/\/gilvander.org.br\/site\/wp-json\/wp\/v2\/media\/2163"}],"wp:attachment":[{"href":"https:\/\/gilvander.org.br\/site\/wp-json\/wp\/v2\/media?parent=2162"}],"wp:term":[{"taxonomy":"category","embeddable":true,"href":"https:\/\/gilvander.org.br\/site\/wp-json\/wp\/v2\/categories?post=2162"},{"taxonomy":"post_tag","embeddable":true,"href":"https:\/\/gilvander.org.br\/site\/wp-json\/wp\/v2\/tags?post=2162"}],"curies":[{"name":"wp","href":"https:\/\/api.w.org\/{rel}","templated":true}]}}