{"id":2405,"date":"2018-07-25T09:27:28","date_gmt":"2018-07-25T12:27:28","guid":{"rendered":"http:\/\/gilvander.org.br\/site\/?p=2405"},"modified":"2018-07-25T09:27:28","modified_gmt":"2018-07-25T12:27:28","slug":"povo-da-ocupacao-nova-jerusalem-de-nova-serrana-mg-luta-na-cidade-administrativa-por-assentamento-de-100-familias-na-fazenda-canta-galo","status":"publish","type":"post","link":"https:\/\/gilvander.org.br\/site\/povo-da-ocupacao-nova-jerusalem-de-nova-serrana-mg-luta-na-cidade-administrativa-por-assentamento-de-100-familias-na-fazenda-canta-galo\/","title":{"rendered":"Povo da Ocupa\u00e7\u00e3o Nova Jerusal\u00e9m, de Nova Serrana, MG, luta na Cidade Administrativa por Assentamento de 100 fam\u00edlias na fazenda Canta Galo."},"content":{"rendered":"<p><strong>Povo da Ocupa\u00e7\u00e3o Nova Jerusal\u00e9m, de Nova Serrana, MG, luta na Cidade Administrativa por Assentamento de 100 fam\u00edlias na fazenda Canta Galo.<\/strong><\/p>\n<p><strong>\u00a0<img loading=\"lazy\" decoding=\"async\" class=\"size-medium wp-image-2406 alignleft\" src=\"http:\/\/gilvander.org.br\/site\/wp-content\/uploads\/2018\/07\/Canta-Galo-8-Ocupa\u00e7\u00e3o-23-7-2018-na-Cidade-Adm-300x225.jpg\" alt=\"\" width=\"300\" height=\"225\" srcset=\"https:\/\/gilvander.org.br\/site\/wp-content\/uploads\/2018\/07\/Canta-Galo-8-Ocupa\u00e7\u00e3o-23-7-2018-na-Cidade-Adm-300x225.jpg 300w, https:\/\/gilvander.org.br\/site\/wp-content\/uploads\/2018\/07\/Canta-Galo-8-Ocupa\u00e7\u00e3o-23-7-2018-na-Cidade-Adm-768x576.jpg 768w, https:\/\/gilvander.org.br\/site\/wp-content\/uploads\/2018\/07\/Canta-Galo-8-Ocupa\u00e7\u00e3o-23-7-2018-na-Cidade-Adm.jpg 960w\" sizes=\"auto, (max-width: 300px) 100vw, 300px\" \/><\/strong><\/p>\n<p style=\"text-align: justify;\">Dia 23 de julho de 2018, mais de 100 camponeses e camponesas da Ocupa\u00e7\u00e3o Nova Jerusal\u00e9m, de Nova Serrana, MG, levantaram de madrugada e, em dois \u00f4nibus lotados, viajaram cerca de 250 quil\u00f4metros para manifestar na Cidade Administrativa, em Belo Horizonte, MG, lutando por Assentamento na fazenda Canta Galo, onde j\u00e1 est\u00e3o acampados h\u00e1 seis anos. As fam\u00edlias j\u00e1 sofreram tr\u00eas despejos: um legal, mas injusto, dia 26\/4\/2018, e outros dois nos dias 27 e 28\/4\/2018, de forma arbitr\u00e1ria, pela Pol\u00edcia Militar de Minas Gerais. As fam\u00edlias trouxeram muitos cartazes, matula e muita disposi\u00e7\u00e3o de lutar para conquistar de vez o Assentamento de 100 fam\u00edlias na fazenda Canta Galo.<\/p>\n<p style=\"text-align: justify;\">Enquanto uma Comiss\u00e3o de 15 camponeses e camponesas participava de reuni\u00e3o no 3\u00ba andar do Edif\u00edcio Minas, na Cidade Administrativa, na Mesa de Negocia\u00e7\u00e3o do Governo de Minas com as Ocupa\u00e7\u00f5es urbanas e camponesas, o povo seguiu a tarde toda acampado e manifestando na Cidade Administrativa. A reuni\u00e3o foi presidida por Fernando Tadeu David e contou com a participa\u00e7\u00e3o do prefeito de Pitangui e presidente do Cons\u00f3rcio Intermunicipal para construir Aterro Sanit\u00e1rio na regi\u00e3o, Marc\u00edlio Valadares (do PSDB); do prefeito de Quartel Geral, Jos\u00e9 L\u00facio (do PMDB); do Dr. Aylton Magalh\u00e3es e Dra. Cleide Nepomuceno, da Defensoria P\u00fablica de Minas Gerais; do frei Gilvander, da Comiss\u00e3o Pastoral da Terra (CPT); da Cl\u00e9lia Mariotto, da Frente Nacional de Luta (FNL); do Osmar Santos (do PROS), presidente da C\u00e2mara de Vereadores de Nova Serrana; do advogado da Ocupa\u00e7\u00e3o Nova Jerusal\u00e9m, Paulo C\u00e9sar; do procurador adjunto de Nova Serrana, Rildo Oliveira; e v\u00e1rios outros funcion\u00e1rios do Governo de Minas.<\/p>\n<p style=\"text-align: justify;\">Tadeu e o prefeito Marc\u00edlio apresentaram como proposta de Acordo para resolver o conflito agr\u00e1rio e social instalado na fazenda Canta Galo ceder para assentamento das fam\u00edlias da Ocupa\u00e7\u00e3o Nova Jerusal\u00e9m uma \u00e1rea do governo de Minas que est\u00e1 ao lado da fazenda Canta Galo, mas no munic\u00edpio de Concei\u00e7\u00e3o do Par\u00e1. Ningu\u00e9m do Governo de Minas soube dizer o tamanho da \u00e1rea que est\u00e3o disponibilizando e nem a qualidade do terreno. Essa proposta tenta cumprir a decis\u00e3o judicial de 1\u00ba\/7\/2018, da ju\u00edza da Vara Agr\u00e1ria de Minas que deu 30 dias para a prefeitura de Nova Serrana e o Estado de Minas assentar as fam\u00edlias em local parecido ou melhor nas imedia\u00e7\u00f5es da fazenda Canta Galo. Alegaram a necessidade da constru\u00e7\u00e3o de Aterro Sanit\u00e1rio na fazenda Canta Galo e que j\u00e1 tem estudos de concep\u00e7\u00e3o. Entretanto, n\u00e3o mostraram nenhum estudo e nenhum documento. O procurador de Nova Serrana informou que j\u00e1 renovou o pedido de Reintegra\u00e7\u00e3o de Posse junto \u00e0 Vara Agr\u00e1ria de Minas Gerais e que j\u00e1 peticionou \u00e0 ju\u00edza alegando que a prefeitura de Nova Serrana n\u00e3o tem condi\u00e7\u00f5es econ\u00f4micas para arrumar moradia para as fam\u00edlias e que o Estado de Minas \u00e9 quem deve assentar as fam\u00edlias.<\/p>\n<p style=\"text-align: justify;\">Das 15 pessoas da Comiss\u00e3o que entraram, apenas duas puderam falar na reuni\u00e3o. Dona Vilma, representando as 100 fam\u00edlias que reocuparam a fazenda Canta Galo; Cl\u00e9lia, pela Frente Nacional de Luta; frei Gilvander, pela CPT; o advogado das fam\u00edlias acampadas, Paulo C\u00e9sar; o defensor p\u00fablico Dr. Aylton e Osmar Santos, presidente da C\u00e2mara de Vereadores de Nova Serrana questionaram a proposta com os seguintes argumentos: a fazenda Canta Galo, com178 hectares, estava abandonada, sem cumprir a fun\u00e7\u00e3o social. Por isso e pela necessidade das fam\u00edlias foi ocupada, h\u00e1 seis anos. Ser\u00e1 injusti\u00e7a socioambiental construir aterro sanit\u00e1rio na fazenda Canta Galo, porque ela est\u00e1 ao lado do rio Par\u00e1, que, j\u00e1 polu\u00eddo e sugado por empres\u00e1rios de irriga\u00e7\u00e3o e monoculturas, irriga 15 munic\u00edpios antes de desaguar no rio S\u00e3o Francisco como um de seus principais afluentes. A fazenda Canta Galo \u00e9 de propriedade do Governo de Minas que, em 2008, cedeu a fazenda para a prefeitura de Nova Serrana com a finalidade de constru\u00e7\u00e3o de aterro sanit\u00e1rio para sete munic\u00edpios. Entretanto, o Cons\u00f3rcio intermunicipal para aterro sanit\u00e1rio ampliou-se para 18 munic\u00edpios. H\u00e1 muitos anos a fazenda, sem cumprir sua fun\u00e7\u00e3o social, vem sendo usada para cria\u00e7\u00e3o de gado e engorda de bois beneficiando particulares. Isso acontecendo com a cumplicidade do prefeito de Nova Serrana, titular da concess\u00e3o da fazenda, e do prefeito de Pitangui, presidente do Cons\u00f3rcio CIAS. Usar um im\u00f3vel p\u00fablico ou deixar particular us\u00e1-lo para acumular lucro n\u00e3o \u00e9 improbidade administrativa? Se as fam\u00edlias j\u00e1 constru\u00edram na fazenda Canta Galo 87 casas de alvenaria, j\u00e1 est\u00e3o enraizadas na \u00e1rea, produzindo e melhorando sua qualidade de vida ali, o justo \u00e9 reconhecer a legitimidade da ocupa\u00e7\u00e3o Nova Jerusal\u00e9m e assentar as fam\u00edlias na \u00e1rea ocupada \u2013 fazenda Canta Galo &#8211; com a condi\u00e7\u00e3o de que continuem preservando 80 hectares da fazenda, que s\u00e3o \u00e1reas ambientais, e produzindo alimentos saud\u00e1veis, sem agrot\u00f3xicos, em 1 hectare para cada fam\u00edlia. E que se arrume outro local para fazer o aterro sanit\u00e1rio! Foi dito tamb\u00e9m que fazer aterro para receber lixo de 18 cidades \u00e9 algo que beneficia o mercado e n\u00e3o \u00e9 sensato da perspectiva socioambiental, porque vai gerar lucro para empresas de caminh\u00f5es com transporte do lixo para dist\u00e2ncias maiores e cada cidade tem que ser respons\u00e1vel para cuidar do seu lixo. O presidente da C\u00e2mara de Vereadores de Nova Serrana informou que a popula\u00e7\u00e3o de Nova Serrana n\u00e3o aceita um aterro na fazenda Canta Galo para beneficiar 18 munic\u00edpios e que vai ser aprovado na C\u00e2mara de vereadores projeto de Lei proibindo a constru\u00e7\u00e3o do aterro na fazenda Canta Galo e prescrevendo a preserva\u00e7\u00e3o das \u00e1reas ambientais da fazenda Canta Galo e abrindo espa\u00e7o para o assentamento das fam\u00edlias na fazenda ocupada h\u00e1 seis anos. \u201cAs fam\u00edlias foram despejadas de forma desumana. Foram jogadas na rua sem nenhuma alternativa\u201d, denunciou o vereador Osmar Santos. \u201cAterro sanit\u00e1rio para sete munic\u00edpios pequenos seria de pequeno porte. mas aterro para 35 munic\u00edpios ser\u00e1 de grande porte. Isso a popula\u00e7\u00e3o de Nova Serrana n\u00e3o aceita\u201d, alertou o Dr. Paulo C\u00e9sar. A fazenda Canta Galo deve se tornar um territ\u00f3rio de produ\u00e7\u00e3o da agricultura familiar na linha da agroecologia, em harmonia com as \u00e1reas ambientais existentes na \u00e1rea. O defensor p\u00fablico Dr. Aylton alertou que n\u00e3o bastam os estudos de impactos ambientais, mas s\u00e3o necess\u00e1rios tamb\u00e9m os estudos socioecon\u00f4micos que n\u00e3o foram feitos e, al\u00e9m disso, os estudos feitos j\u00e1 est\u00e3o defasados e precisam ser atualizados.<\/p>\n<p style=\"text-align: justify;\">A reuni\u00e3o foi tensa. No final, ficaram acertados os seguintes encaminhamentos:<\/p>\n<p style=\"text-align: justify;\">1 \u2013 A Mesa de Negocia\u00e7\u00e3o ir\u00e1 promover reuni\u00e3o entre a Defensoria P\u00fablica de Minas (DPE\/MG), Procuradoria de Nova Serrana e Advocacia Geral do Estado (AGE) com vistas e celebrar acordo proposto pela DPE\/MG, para suspens\u00e3o da ACP e da A\u00e7\u00e3o de Reintegra\u00e7\u00e3o de Posse por at\u00e9 90 dias.<\/p>\n<p style=\"text-align: justify;\">2 \u2013 A Mesa de Negocia\u00e7\u00e3o vai levantar dados mais precisos sobre a Propriedade que acenaram como possibilidade de reassentar as fam\u00edlias da fazenda Canta Galo. Propriedade que foi entregue ao Estado de Minas pela sider\u00fargica Mat-Prima Ltda.<\/p>\n<p style=\"text-align: justify;\">3 \u2013 A Mesa de Negocia\u00e7\u00e3o ir\u00e1 verificar a possibilidade de disponibiliza\u00e7\u00e3o dos estudos de concep\u00e7\u00e3o e outros documentos do projeto de Aterro Sanit\u00e1rio na fazenda Canta Galo.<\/p>\n<p><strong>Assinam esta Nota:<\/strong><\/p>\n<p>Comiss\u00e3o Pastoral da Terra (CPT\/MG)<\/p>\n<p>Frente Nacional de Luta (FNL).<\/p>\n<p>Belo Horizonte, MG, 24 de julho de 2018, dia dos\/as Trabalhadores\/ras Rurais e dia do mart\u00edrio do padre Ezequiel Ramin, em Cacoal, Rond\u00f4nia, em 1985.<\/p>\n<p><strong>Obs<\/strong>.: A Ata da Reuni\u00e3o segue, no link, abaixo.<\/p>\n<p><a href=\"http:\/\/www.cptmg.org.br\/portal\/wp-content\/uploads\/2018\/07\/Ata-de-reuni\u00e3o-da-Mesa-de-Negocia\u00e7\u00e3o-com-a-Ocupa\u00e7\u00e3o-Nova-Jerusal\u00e9m-em-Nova-Serrana-MG-23-7-2018.pdf\">Ata de reuni\u00e3o da Mesa de Negocia\u00e7\u00e3o com a Ocupa\u00e7\u00e3o Nova Jerusal\u00e9m em Nova Serrana, MG, 23 7 2018<\/a><\/p>\n<p><strong>Obs<\/strong>.: Abaixo, fotos de G. L. Moreira e L. Ferreira, da reuni\u00e3o, acima, e da Manifesta\u00e7\u00e3o do Povo da Ocupa\u00e7\u00e3o Nova Jerusal\u00e9m, na Cidade Administrativa, em Belo Horizonte, MG, dia 24\/7\/2018.<\/p>\n<p><img loading=\"lazy\" decoding=\"async\" class=\"alignnone size-medium wp-image-2407\" src=\"http:\/\/gilvander.org.br\/site\/wp-content\/uploads\/2018\/07\/Canta-Galo-2-Ocupa\u00e7\u00e3o-23-7-2018-na-Cidade-Adm-300x225.jpg\" alt=\"\" width=\"300\" height=\"225\" srcset=\"https:\/\/gilvander.org.br\/site\/wp-content\/uploads\/2018\/07\/Canta-Galo-2-Ocupa\u00e7\u00e3o-23-7-2018-na-Cidade-Adm-300x225.jpg 300w, https:\/\/gilvander.org.br\/site\/wp-content\/uploads\/2018\/07\/Canta-Galo-2-Ocupa\u00e7\u00e3o-23-7-2018-na-Cidade-Adm-768x576.jpg 768w, https:\/\/gilvander.org.br\/site\/wp-content\/uploads\/2018\/07\/Canta-Galo-2-Ocupa\u00e7\u00e3o-23-7-2018-na-Cidade-Adm.jpg 960w\" sizes=\"auto, (max-width: 300px) 100vw, 300px\" \/> <img loading=\"lazy\" decoding=\"async\" class=\"alignnone size-medium wp-image-2408\" src=\"http:\/\/gilvander.org.br\/site\/wp-content\/uploads\/2018\/07\/Canta-Galo-3-Ocupa\u00e7\u00e3o-23-7-2018-na-Cidade-Adm-300x225.jpg\" alt=\"\" width=\"300\" height=\"225\" srcset=\"https:\/\/gilvander.org.br\/site\/wp-content\/uploads\/2018\/07\/Canta-Galo-3-Ocupa\u00e7\u00e3o-23-7-2018-na-Cidade-Adm-300x225.jpg 300w, https:\/\/gilvander.org.br\/site\/wp-content\/uploads\/2018\/07\/Canta-Galo-3-Ocupa\u00e7\u00e3o-23-7-2018-na-Cidade-Adm-768x576.jpg 768w, https:\/\/gilvander.org.br\/site\/wp-content\/uploads\/2018\/07\/Canta-Galo-3-Ocupa\u00e7\u00e3o-23-7-2018-na-Cidade-Adm.jpg 960w\" sizes=\"auto, (max-width: 300px) 100vw, 300px\" \/> <img loading=\"lazy\" decoding=\"async\" class=\"alignnone size-medium wp-image-2410\" src=\"http:\/\/gilvander.org.br\/site\/wp-content\/uploads\/2018\/07\/Canta-Galo-4-Ocupa\u00e7\u00e3o-23-7-2018-na-Cidade-Adm-300x225.jpg\" alt=\"\" width=\"300\" height=\"225\" srcset=\"https:\/\/gilvander.org.br\/site\/wp-content\/uploads\/2018\/07\/Canta-Galo-4-Ocupa\u00e7\u00e3o-23-7-2018-na-Cidade-Adm-300x225.jpg 300w, https:\/\/gilvander.org.br\/site\/wp-content\/uploads\/2018\/07\/Canta-Galo-4-Ocupa\u00e7\u00e3o-23-7-2018-na-Cidade-Adm-768x576.jpg 768w, https:\/\/gilvander.org.br\/site\/wp-content\/uploads\/2018\/07\/Canta-Galo-4-Ocupa\u00e7\u00e3o-23-7-2018-na-Cidade-Adm.jpg 960w\" sizes=\"auto, (max-width: 300px) 100vw, 300px\" \/> <img loading=\"lazy\" decoding=\"async\" class=\"alignnone size-medium wp-image-2412\" src=\"http:\/\/gilvander.org.br\/site\/wp-content\/uploads\/2018\/07\/Canta-Galo-5-Ocupa\u00e7\u00e3o-23-7-2018-na-Cidade-Adm-300x225.jpg\" alt=\"\" width=\"300\" height=\"225\" srcset=\"https:\/\/gilvander.org.br\/site\/wp-content\/uploads\/2018\/07\/Canta-Galo-5-Ocupa\u00e7\u00e3o-23-7-2018-na-Cidade-Adm-300x225.jpg 300w, https:\/\/gilvander.org.br\/site\/wp-content\/uploads\/2018\/07\/Canta-Galo-5-Ocupa\u00e7\u00e3o-23-7-2018-na-Cidade-Adm-768x576.jpg 768w, https:\/\/gilvander.org.br\/site\/wp-content\/uploads\/2018\/07\/Canta-Galo-5-Ocupa\u00e7\u00e3o-23-7-2018-na-Cidade-Adm.jpg 960w\" sizes=\"auto, (max-width: 300px) 100vw, 300px\" \/> <img loading=\"lazy\" decoding=\"async\" class=\"alignnone size-medium wp-image-2413\" src=\"http:\/\/gilvander.org.br\/site\/wp-content\/uploads\/2018\/07\/Canta-Galo-6-Ocupa\u00e7\u00e3o-23-7-2018-na-Cidade-Adm-300x225.jpg\" alt=\"\" width=\"300\" height=\"225\" srcset=\"https:\/\/gilvander.org.br\/site\/wp-content\/uploads\/2018\/07\/Canta-Galo-6-Ocupa\u00e7\u00e3o-23-7-2018-na-Cidade-Adm-300x225.jpg 300w, https:\/\/gilvander.org.br\/site\/wp-content\/uploads\/2018\/07\/Canta-Galo-6-Ocupa\u00e7\u00e3o-23-7-2018-na-Cidade-Adm-768x576.jpg 768w, https:\/\/gilvander.org.br\/site\/wp-content\/uploads\/2018\/07\/Canta-Galo-6-Ocupa\u00e7\u00e3o-23-7-2018-na-Cidade-Adm.jpg 960w\" sizes=\"auto, (max-width: 300px) 100vw, 300px\" \/> <img loading=\"lazy\" decoding=\"async\" class=\"alignnone size-medium wp-image-2414\" src=\"http:\/\/gilvander.org.br\/site\/wp-content\/uploads\/2018\/07\/Canta-Galo-7-Ocupa\u00e7\u00e3o-23-7-2018-na-Cidade-Adm-300x225.jpg\" alt=\"\" width=\"300\" height=\"225\" srcset=\"https:\/\/gilvander.org.br\/site\/wp-content\/uploads\/2018\/07\/Canta-Galo-7-Ocupa\u00e7\u00e3o-23-7-2018-na-Cidade-Adm-300x225.jpg 300w, https:\/\/gilvander.org.br\/site\/wp-content\/uploads\/2018\/07\/Canta-Galo-7-Ocupa\u00e7\u00e3o-23-7-2018-na-Cidade-Adm-768x576.jpg 768w, https:\/\/gilvander.org.br\/site\/wp-content\/uploads\/2018\/07\/Canta-Galo-7-Ocupa\u00e7\u00e3o-23-7-2018-na-Cidade-Adm.jpg 960w\" sizes=\"auto, (max-width: 300px) 100vw, 300px\" \/> <img loading=\"lazy\" decoding=\"async\" class=\"alignnone size-medium wp-image-2415\" src=\"http:\/\/gilvander.org.br\/site\/wp-content\/uploads\/2018\/07\/Canta-Galo-8-Ocupa\u00e7\u00e3o-23-7-2018-na-Cidade-Adm-1-300x225.jpg\" alt=\"\" width=\"300\" height=\"225\" srcset=\"https:\/\/gilvander.org.br\/site\/wp-content\/uploads\/2018\/07\/Canta-Galo-8-Ocupa\u00e7\u00e3o-23-7-2018-na-Cidade-Adm-1-300x225.jpg 300w, https:\/\/gilvander.org.br\/site\/wp-content\/uploads\/2018\/07\/Canta-Galo-8-Ocupa\u00e7\u00e3o-23-7-2018-na-Cidade-Adm-1-768x576.jpg 768w, https:\/\/gilvander.org.br\/site\/wp-content\/uploads\/2018\/07\/Canta-Galo-8-Ocupa\u00e7\u00e3o-23-7-2018-na-Cidade-Adm-1.jpg 960w\" sizes=\"auto, (max-width: 300px) 100vw, 300px\" \/> <img loading=\"lazy\" decoding=\"async\" class=\"alignnone size-medium wp-image-2416\" src=\"http:\/\/gilvander.org.br\/site\/wp-content\/uploads\/2018\/07\/Canta-Galo-9-Ocupa\u00e7\u00e3o-23-7-2018-na-Cidade-Adm-300x169.jpg\" alt=\"\" width=\"300\" height=\"169\" srcset=\"https:\/\/gilvander.org.br\/site\/wp-content\/uploads\/2018\/07\/Canta-Galo-9-Ocupa\u00e7\u00e3o-23-7-2018-na-Cidade-Adm-300x169.jpg 300w, https:\/\/gilvander.org.br\/site\/wp-content\/uploads\/2018\/07\/Canta-Galo-9-Ocupa\u00e7\u00e3o-23-7-2018-na-Cidade-Adm-768x432.jpg 768w, https:\/\/gilvander.org.br\/site\/wp-content\/uploads\/2018\/07\/Canta-Galo-9-Ocupa\u00e7\u00e3o-23-7-2018-na-Cidade-Adm.jpg 960w\" sizes=\"auto, (max-width: 300px) 100vw, 300px\" \/> <img loading=\"lazy\" decoding=\"async\" class=\"alignnone size-medium wp-image-2417\" src=\"http:\/\/gilvander.org.br\/site\/wp-content\/uploads\/2018\/07\/Canta-Galo-10-Ocupa\u00e7\u00e3o-23-7-2018-na-Cidade-Adm-300x169.jpg\" alt=\"\" width=\"300\" height=\"169\" srcset=\"https:\/\/gilvander.org.br\/site\/wp-content\/uploads\/2018\/07\/Canta-Galo-10-Ocupa\u00e7\u00e3o-23-7-2018-na-Cidade-Adm-300x169.jpg 300w, https:\/\/gilvander.org.br\/site\/wp-content\/uploads\/2018\/07\/Canta-Galo-10-Ocupa\u00e7\u00e3o-23-7-2018-na-Cidade-Adm-768x432.jpg 768w, https:\/\/gilvander.org.br\/site\/wp-content\/uploads\/2018\/07\/Canta-Galo-10-Ocupa\u00e7\u00e3o-23-7-2018-na-Cidade-Adm.jpg 960w\" sizes=\"auto, (max-width: 300px) 100vw, 300px\" \/> <img loading=\"lazy\" decoding=\"async\" class=\"alignnone size-medium wp-image-2418\" src=\"http:\/\/gilvander.org.br\/site\/wp-content\/uploads\/2018\/07\/Canta-Galo-11-Ocupa\u00e7\u00e3o-23-7-2018-na-Cidade-Adm-300x169.jpg\" alt=\"\" width=\"300\" height=\"169\" srcset=\"https:\/\/gilvander.org.br\/site\/wp-content\/uploads\/2018\/07\/Canta-Galo-11-Ocupa\u00e7\u00e3o-23-7-2018-na-Cidade-Adm-300x169.jpg 300w, https:\/\/gilvander.org.br\/site\/wp-content\/uploads\/2018\/07\/Canta-Galo-11-Ocupa\u00e7\u00e3o-23-7-2018-na-Cidade-Adm-768x432.jpg 768w, https:\/\/gilvander.org.br\/site\/wp-content\/uploads\/2018\/07\/Canta-Galo-11-Ocupa\u00e7\u00e3o-23-7-2018-na-Cidade-Adm.jpg 960w\" sizes=\"auto, (max-width: 300px) 100vw, 300px\" \/> <img loading=\"lazy\" decoding=\"async\" class=\"alignnone size-medium wp-image-2419\" src=\"http:\/\/gilvander.org.br\/site\/wp-content\/uploads\/2018\/07\/Canta-Galo-12-Ocupa\u00e7\u00e3o-23-7-2018-na-Cidade-Adm-300x169.jpg\" alt=\"\" width=\"300\" height=\"169\" srcset=\"https:\/\/gilvander.org.br\/site\/wp-content\/uploads\/2018\/07\/Canta-Galo-12-Ocupa\u00e7\u00e3o-23-7-2018-na-Cidade-Adm-300x169.jpg 300w, https:\/\/gilvander.org.br\/site\/wp-content\/uploads\/2018\/07\/Canta-Galo-12-Ocupa\u00e7\u00e3o-23-7-2018-na-Cidade-Adm-768x432.jpg 768w, https:\/\/gilvander.org.br\/site\/wp-content\/uploads\/2018\/07\/Canta-Galo-12-Ocupa\u00e7\u00e3o-23-7-2018-na-Cidade-Adm.jpg 960w\" sizes=\"auto, (max-width: 300px) 100vw, 300px\" \/> <img loading=\"lazy\" decoding=\"async\" class=\"alignnone size-medium wp-image-2420\" src=\"http:\/\/gilvander.org.br\/site\/wp-content\/uploads\/2018\/07\/Canta-Galo-Ocupa\u00e7\u00e3o-23-7-2018-na-Cidade-Adm-300x225.jpg\" alt=\"\" width=\"300\" height=\"225\" srcset=\"https:\/\/gilvander.org.br\/site\/wp-content\/uploads\/2018\/07\/Canta-Galo-Ocupa\u00e7\u00e3o-23-7-2018-na-Cidade-Adm-300x225.jpg 300w, https:\/\/gilvander.org.br\/site\/wp-content\/uploads\/2018\/07\/Canta-Galo-Ocupa\u00e7\u00e3o-23-7-2018-na-Cidade-Adm-768x576.jpg 768w, https:\/\/gilvander.org.br\/site\/wp-content\/uploads\/2018\/07\/Canta-Galo-Ocupa\u00e7\u00e3o-23-7-2018-na-Cidade-Adm.jpg 960w\" sizes=\"auto, (max-width: 300px) 100vw, 300px\" \/><\/p>\n<p>&nbsp;<\/p>\n<p>&nbsp;<\/p>\n","protected":false},"excerpt":{"rendered":"<p>Povo da Ocupa\u00e7\u00e3o Nova Jerusal\u00e9m, de Nova Serrana, MG, luta na Cidade Administrativa por Assentamento de 100 fam\u00edlias na fazenda Canta Galo. \u00a0 Dia 23 de julho de 2018, mais de 100 camponeses e camponesas<\/p>\n","protected":false},"author":2,"featured_media":2406,"comment_status":"open","ping_status":"open","sticky":false,"template":"","format":"standard","meta":{"footnotes":""},"categories":[27,28,25,29,33],"tags":[],"class_list":["post-2405","post","type-post","status-publish","format-standard","has-post-thumbnail","hentry","category-direitos-humanos","category-luta-pela-moradia","category-luta-pela-terra-e-reforma-agraria","category-movimentos-sociais-populares","category-nota-publica"],"_links":{"self":[{"href":"https:\/\/gilvander.org.br\/site\/wp-json\/wp\/v2\/posts\/2405","targetHints":{"allow":["GET"]}}],"collection":[{"href":"https:\/\/gilvander.org.br\/site\/wp-json\/wp\/v2\/posts"}],"about":[{"href":"https:\/\/gilvander.org.br\/site\/wp-json\/wp\/v2\/types\/post"}],"author":[{"embeddable":true,"href":"https:\/\/gilvander.org.br\/site\/wp-json\/wp\/v2\/users\/2"}],"replies":[{"embeddable":true,"href":"https:\/\/gilvander.org.br\/site\/wp-json\/wp\/v2\/comments?post=2405"}],"version-history":[{"count":1,"href":"https:\/\/gilvander.org.br\/site\/wp-json\/wp\/v2\/posts\/2405\/revisions"}],"predecessor-version":[{"id":2421,"href":"https:\/\/gilvander.org.br\/site\/wp-json\/wp\/v2\/posts\/2405\/revisions\/2421"}],"wp:featuredmedia":[{"embeddable":true,"href":"https:\/\/gilvander.org.br\/site\/wp-json\/wp\/v2\/media\/2406"}],"wp:attachment":[{"href":"https:\/\/gilvander.org.br\/site\/wp-json\/wp\/v2\/media?parent=2405"}],"wp:term":[{"taxonomy":"category","embeddable":true,"href":"https:\/\/gilvander.org.br\/site\/wp-json\/wp\/v2\/categories?post=2405"},{"taxonomy":"post_tag","embeddable":true,"href":"https:\/\/gilvander.org.br\/site\/wp-json\/wp\/v2\/tags?post=2405"}],"curies":[{"name":"wp","href":"https:\/\/api.w.org\/{rel}","templated":true}]}}