{"id":2428,"date":"2018-07-26T14:50:23","date_gmt":"2018-07-26T17:50:23","guid":{"rendered":"http:\/\/gilvander.org.br\/site\/?p=2428"},"modified":"2018-07-26T14:50:23","modified_gmt":"2018-07-26T17:50:23","slug":"novo-acordo-com-a-samarco-vale-e-bhp-billiton-manifesto-tac-da-governanca","status":"publish","type":"post","link":"https:\/\/gilvander.org.br\/site\/novo-acordo-com-a-samarco-vale-e-bhp-billiton-manifesto-tac-da-governanca\/","title":{"rendered":"Novo Acordo com a Samarco, Vale e BHP Billiton: Manifesto TAC da Governan\u00e7a?"},"content":{"rendered":"<h1>Novo Acordo com a Samarco, Vale e BHP Billiton: Manifesto TAC da Governan\u00e7a?<\/h1>\n<p><img loading=\"lazy\" decoding=\"async\" class=\"size-medium wp-image-2429 alignleft\" src=\"http:\/\/gilvander.org.br\/site\/wp-content\/uploads\/2018\/07\/Lama-da-SAMARCO-250x300.jpg\" alt=\"\" width=\"250\" height=\"300\" srcset=\"https:\/\/gilvander.org.br\/site\/wp-content\/uploads\/2018\/07\/Lama-da-SAMARCO-250x300.jpg 250w, https:\/\/gilvander.org.br\/site\/wp-content\/uploads\/2018\/07\/Lama-da-SAMARCO.jpg 602w\" sizes=\"auto, (max-width: 250px) 100vw, 250px\" \/><\/p>\n<p style=\"text-align: justify;\">No dia 25 de junho de 2018 foi assinado um Termo de Ajustamento de Conduta, chamado \u201cTAC da Governan\u00e7a\u201d, entre as mineradoras Samarco Minera\u00e7\u00e3o S.A., Vale S\/A e BHP Billiton Brasil Ltda., e os governos, minist\u00e9rios p\u00fablicos e defensorias p\u00fablicas da Uni\u00e3o, Minas Gerais e Esp\u00edrito Santo, que extinguiu uma e suspendeu outra a\u00e7\u00e3o civil p\u00fablica contra as empresas indiciadas criminalmente pelo rompimento da barragem de rejeitos do Fund\u00e3o no dia 5\/11\/2015, al\u00e9m de continuar sem de fato garantir o fim da impunidade, a recupera\u00e7\u00e3o do Rio Doce e a participa\u00e7\u00e3o e os direitos das popula\u00e7\u00f5es atingidas. Diante de tamanho ataque aos diretos humanos e da natureza, n\u00f3s, entidades, movimentos e ativistas de todo o Pa\u00eds, queremos nos manifestar:<\/p>\n<h1 style=\"text-align: justify;\"><u>Manifesto\u00a0<\/u>TAC DA GOVERNAN\u00c7A?<\/h1>\n<p style=\"text-align: justify;\">H\u00e1 como governar um crime?<\/p>\n<p style=\"text-align: justify;\">H\u00e1 como fazer acordo com os respons\u00e1veis pelo maior crime ambiental do Brasil?<\/p>\n<p style=\"text-align: justify;\">H\u00e1 como ter governan\u00e7a para indenizar, compensar e reparar os danos causados pelo rompimento da Barragem do Fund\u00e3o atrav\u00e9s da Funda\u00e7\u00e3o Renova, cujo Conselho Curador \u00e9 composto de 1 representante do Comit\u00ea que valida os seus atos, 2 representantes dos atingidos e 6 representantes das mineradoras Samarco, Vale e BHP Billiton?<\/p>\n<p style=\"text-align: justify;\">H\u00e1 como falar para as fam\u00edlias das 20 pessoas mortas no rompimento que falta governan\u00e7a quando o que esperam \u00e9 justi\u00e7a?<\/p>\n<p style=\"text-align: justify;\">Quase tr\u00eas anos ap\u00f3s o desastre e n\u00e3o temos um acusado preso ou punido! Do total de multas, praticamente nada foi pago e se permitiu ainda suaves presta\u00e7\u00f5es. Enquanto isso, as empresas r\u00e9s continuam faturando bilh\u00f5es de d\u00f3lares.<\/p>\n<p style=\"text-align: justify;\">Neste cen\u00e1rio, que governan\u00e7a \u00e9 essa que extinguiu uma a\u00e7\u00e3o civil p\u00fablica de R$ 20 bilh\u00f5es e suspendeu outra de R$ 155 bilh\u00f5es por dois anos, instauradas contra a Samarco, Vale e BHP Billiton para garantir a indeniza\u00e7\u00e3o, compensa\u00e7\u00e3o e repara\u00e7\u00e3o?<\/p>\n<p style=\"text-align: justify;\">N\u00e3o \u00e9 aceit\u00e1vel dizer que at\u00e9 agora faltava Governan\u00e7a!<\/p>\n<p style=\"text-align: justify;\"><strong>O que falta \u00e9 JUSTI\u00c7A! <\/strong><\/p>\n<p style=\"text-align: justify;\">Justi\u00e7a com as fam\u00edlias dos que perderam a vida, com o meio ambiente e os milh\u00f5es de seres vivos soterrados. Justi\u00e7a com Bento Rodrigues, Camargos, Bicas, Ponte do Gama, Paracatu de Cima, Paracatu de Baixo, Pedras, Campinas, Barretos, Gesteira e Barra Longa e sua dignidade e patrim\u00f4nio humano e cultural. Justi\u00e7a com os milhares de atingidos urbanos e ribeirinhos e suas perdas, como a falta de \u00e1gua para beber e nadar e a perda do rio para a pesca at\u00e9 \u00e0 foz. Justi\u00e7a com os pescadores de Reg\u00eancia no Esp\u00edrito Santo e demais pessoas que tiveram perdas com a interrup\u00e7\u00e3o da atividade do turismo e outras inviabilizadas pela contamina\u00e7\u00e3o do mar. Justi\u00e7a com o povo Krenak, que teve seu modo de vida profundamente destru\u00eddo.<\/p>\n<p style=\"text-align: justify;\">Falta a retirada de lama dos nossos rios, praias e oceano, j\u00e1 que da nossa mem\u00f3ria ela nunca sair\u00e1. Falta garantir a recupera\u00e7\u00e3o do rio Doce\/Watu, seus peixes e a biodiversidade em seu leito e margens. Falta declarar a n\u00e3o legitimidade da Funda\u00e7\u00e3o Renova. Falta respeito aos bens indispon\u00edveis e \u00e0s futuras gera\u00e7\u00f5es.<\/p>\n<p style=\"text-align: justify;\">Este novo \u201cpacto entre amigos\u201d, quase 3 anos ap\u00f3s o rompimento da Barragem do Fund\u00e3o, n\u00e3o \u00e9 um TAC da Governan\u00e7a. \u00c9 na verdade um TAC de perpetua\u00e7\u00e3o da IMPUNIDADE, que somente beneficia as empresas criminosas, com o aval dos governos e do minist\u00e9rio p\u00fablico.<\/p>\n<p><strong>O que falta \u00e9 VERGONHA!<\/strong><\/p>\n<p><strong>Assina esse Manifesto:<\/strong><\/p>\n<p>A\u00c7\u00c3O \u2013 Associa\u00e7\u00e3o Conserva\u00e7\u00e3o Ambiental Org\u00e2nica<\/p>\n<p>A\u00e7\u00e3o Franciscana de Ecologia e Solidariedade \u2013 AFES<\/p>\n<p>ACLAC\u00a0&#8211; Academia de Ci\u00eancias, Letras e Artes de Congonhas<\/p>\n<p>AMAR Associa\u00e7\u00e3o de Defesa do Meio Ambiente de Arauc\u00e1ria<\/p>\n<p>APROMAC Associa\u00e7\u00e3o de Prote\u00e7\u00e3o ao Meio Ambiente de Cianorte<\/p>\n<p>APROVARGEM &#8211; Associa\u00e7\u00e3o de Prote\u00e7\u00e3o de Vargem das Flores<\/p>\n<p>Articula\u00e7\u00e3o Nacional das Pescadoras\/ANP<\/p>\n<p>Associa\u00e7\u00e3o C\u00e3opaix\u00e3o em Defesa dos Animais<\/p>\n<p>Brigadas Populares<\/p>\n<p>Comit\u00ea em Defesa de Vargem das Flores<\/p>\n<p>Comunidade que Sustenta a Agricultura \u2013 CSA Minas<\/p>\n<p>Conselho Pastoral dos Pescadores\/CPP<\/p>\n<p>CONSERVA MUNDI<br \/>\nECOAVIS &#8211; Ecologia e Observa\u00e7\u00e3o de Aves<\/p>\n<p>F\u00f3rum Nacional da Sociedade Civil na Gest\u00e3o de bacias Hidrogr\u00e1ficas &#8211; Fonasc-CBH<\/p>\n<p>GESTA\/UFMG<\/p>\n<p>Instituto Biotr\u00f3picos<\/p>\n<p>Intersindical &#8211; Central da Classe Trabalhadora<\/p>\n<p>Irm\u00e3s da Divina Provid\u00eancia\/Regi\u00e3o Mineira da Provid\u00eancia<\/p>\n<p>Kaipora &#8211; Laborat\u00f3rio de Estudos Bioculturais (UEMG)<\/p>\n<p>Mission\u00e1rios Combonianos<\/p>\n<p>Mosaico de \u00c1reas Protegidas do Espinha\u00e7o: Alto Jequitinhonha-Serra do Cabral<\/p>\n<p>Movimento \u00c1guas e Serras de Casa Branca<\/p>\n<p>Movimento Art\u00edstico, Cultural e Ambiental de Caet\u00e9 &#8211; MACACA<\/p>\n<p>Movimento Comunit\u00e1rio Cultural Esportivo Ecol\u00f3gico Serra do Curral &#8211; MOC-ECO<\/p>\n<p>Movimento dos Pescadores e Pescadoras Artesanais do Brasil\/MPP<\/p>\n<p>Movimento pela Preserva\u00e7\u00e3o da Serra do Gandarela<\/p>\n<p>Movimento pelas Serras e \u00c1guas de Minas (MovSAM)<\/p>\n<p>N\u00facleo de Investiga\u00e7\u00f5es em Justi\u00e7a Ambiental (NINJA), da Universidade Federal de S\u00e3o Jo\u00e3o del-Rei<\/p>\n<p>REAJA &#8211; Rede de Articula\u00e7\u00e3o e Justi\u00e7a Ambiental dos Atingidos Projeto Minas Rio<\/p>\n<p>Servi\u00e7o Interfranciscano de Justi\u00e7a, Paz e Ecologia-Sinfrajupe<\/p>\n<p>Sociedade Mineira de Prote\u00e7\u00e3o aos Animais (SMPA)<\/p>\n<p>SOS Serra da Piedade<\/p>\n<p>TOXISPHERA Associa\u00e7\u00e3o de Sa\u00fade Ambiental<\/p>\n<p>UNACCON\u00a0&#8211; Uni\u00e3o das Associa\u00e7\u00f5es Comunit\u00e1rias de Congonhas<\/p>\n<p>UNICON &#8211; Unidos por Concei\u00e7\u00e3o<\/p>\n<p>Comiss\u00e3o Pastoral da Terra (CPT\/MG).<\/p>\n<p>&nbsp;<\/p>\n<p>&nbsp;<\/p>\n<p><strong>\u00a0<\/strong><\/p>\n","protected":false},"excerpt":{"rendered":"<p>Novo Acordo com a Samarco, Vale e BHP Billiton: Manifesto TAC da Governan\u00e7a? No dia 25 de junho de 2018 foi assinado um Termo de Ajustamento de Conduta, chamado \u201cTAC da Governan\u00e7a\u201d, entre as mineradoras<\/p>\n","protected":false},"author":2,"featured_media":2429,"comment_status":"open","ping_status":"open","sticky":false,"template":"","format":"standard","meta":{"footnotes":""},"categories":[40,38,39,35,27,29,33],"tags":[],"class_list":["post-2428","post","type-post","status-publish","format-standard","has-post-thumbnail","hentry","category-direito-a-cidade","category-direito-a-saude","category-direitos-dos-povos-indigenas","category-direitos-dos-quilombolas","category-direitos-humanos","category-movimentos-sociais-populares","category-nota-publica"],"_links":{"self":[{"href":"https:\/\/gilvander.org.br\/site\/wp-json\/wp\/v2\/posts\/2428","targetHints":{"allow":["GET"]}}],"collection":[{"href":"https:\/\/gilvander.org.br\/site\/wp-json\/wp\/v2\/posts"}],"about":[{"href":"https:\/\/gilvander.org.br\/site\/wp-json\/wp\/v2\/types\/post"}],"author":[{"embeddable":true,"href":"https:\/\/gilvander.org.br\/site\/wp-json\/wp\/v2\/users\/2"}],"replies":[{"embeddable":true,"href":"https:\/\/gilvander.org.br\/site\/wp-json\/wp\/v2\/comments?post=2428"}],"version-history":[{"count":1,"href":"https:\/\/gilvander.org.br\/site\/wp-json\/wp\/v2\/posts\/2428\/revisions"}],"predecessor-version":[{"id":2430,"href":"https:\/\/gilvander.org.br\/site\/wp-json\/wp\/v2\/posts\/2428\/revisions\/2430"}],"wp:featuredmedia":[{"embeddable":true,"href":"https:\/\/gilvander.org.br\/site\/wp-json\/wp\/v2\/media\/2429"}],"wp:attachment":[{"href":"https:\/\/gilvander.org.br\/site\/wp-json\/wp\/v2\/media?parent=2428"}],"wp:term":[{"taxonomy":"category","embeddable":true,"href":"https:\/\/gilvander.org.br\/site\/wp-json\/wp\/v2\/categories?post=2428"},{"taxonomy":"post_tag","embeddable":true,"href":"https:\/\/gilvander.org.br\/site\/wp-json\/wp\/v2\/tags?post=2428"}],"curies":[{"name":"wp","href":"https:\/\/api.w.org\/{rel}","templated":true}]}}