{"id":3691,"date":"2019-02-06T09:48:47","date_gmt":"2019-02-06T11:48:47","guid":{"rendered":"http:\/\/gilvander.org.br\/site\/?p=3691"},"modified":"2019-12-23T18:54:05","modified_gmt":"2019-12-23T21:54:05","slug":"crime-da-vale-e-do-estado-sinal-vermelho-quando-ocorrera-a-proxima-tragedia","status":"publish","type":"post","link":"https:\/\/gilvander.org.br\/site\/crime-da-vale-e-do-estado-sinal-vermelho-quando-ocorrera-a-proxima-tragedia\/","title":{"rendered":"Crime da Vale e do Estado: sinal vermelho! Quando ocorrer\u00e1 a pr\u00f3xima trag\u00e9dia?"},"content":{"rendered":"\n<p><strong>Crime da Vale e do Estado: sinal vermelho! Quando ocorrer\u00e1 a pr\u00f3xima trag\u00e9dia?&nbsp;&#8211;<\/strong> <br>Por Gilvander Moreira<a href=\"http:\/\/gilvander.org.br\/site\/wp-admin\/post.php?post=3691&amp;action=edit#_ftn1\"><sup>[1]<\/sup><\/a> <\/p>\n\n\n\n<div class=\"wp-block-image\"><figure class=\"alignleft is-resized\"><img loading=\"lazy\" decoding=\"async\" src=\"http:\/\/gilvander.org.br\/site\/wp-content\/uploads\/2019\/02\/Visita-ao-cen\u00e1rio-do-crime-tragedia-da-vale-01-02-2019.jpg\" alt=\"\" class=\"wp-image-3692\" width=\"546\" height=\"307\" srcset=\"https:\/\/gilvander.org.br\/site\/wp-content\/uploads\/2019\/02\/Visita-ao-cen\u00e1rio-do-crime-tragedia-da-vale-01-02-2019.jpg 960w, https:\/\/gilvander.org.br\/site\/wp-content\/uploads\/2019\/02\/Visita-ao-cen\u00e1rio-do-crime-tragedia-da-vale-01-02-2019-300x169.jpg 300w, https:\/\/gilvander.org.br\/site\/wp-content\/uploads\/2019\/02\/Visita-ao-cen\u00e1rio-do-crime-tragedia-da-vale-01-02-2019-768x432.jpg 768w\" sizes=\"auto, (max-width: 546px) 100vw, 546px\" \/><figcaption>Equipe do Programa de Prote\u00e7\u00e3o aos Defensores de Direitos Humanos amea\u00e7ados de morte visita o cen\u00e1rio dram\u00e1tico do crime trag\u00e9dia da Vale, com licen\u00e7a do Estado, no Distrito de C\u00f3rrego do Feij\u00e3o, em Brumadinho, MG, dia 01\/02\/2019. Foto: Ronaldo Silva <\/figcaption><\/figure><\/div>\n\n\n\n<p>O crime anunciado da Vale e do Estado, que se iniciou \u00e0s 12h28 do dia 25 de janeiro de 2019, uma sexta-feira que se tornou mais uma Sexta-feira da Paix\u00e3o com centenas de mortos, rio Paraopeba matado, invadido pela lama t\u00f3xica que poder\u00e1 apunhalar ainda mais o rio S\u00e3o Francisco que j\u00e1 est\u00e1 na UTI. Sinais vermelhos t\u00eam sido acendidos in\u00fameras vezes em Minas Gerais, no Par\u00e1 e em outros estados, em territ\u00f3rios sob a cobi\u00e7a das grandes mineradoras que v\u00eam causando devasta\u00e7\u00e3o socioambiental em progress\u00e3o geom\u00e9trica. No Brasil, h\u00e1 mais de 24 mil barragens: de \u00e1gua para irriga\u00e7\u00e3o, de rejeitos de minera\u00e7\u00e3o om lama t\u00f3xica ou de \u00e1gua para gera\u00e7\u00e3o de energia em hidrel\u00e9tricas. As barragens de hidrel\u00e9tricas s\u00e3o feitas de concreto com ferro e a\u00e7o, mas as barragens de rejeitos miner\u00e1rios s\u00e3o apenas uma montanha de lama com cal\u00e7os quebradi\u00e7os. Mais de 700 barragens s\u00e3o de rejeitos miner\u00e1rios, sendo que 70% destas est\u00e3o em Minas Gerais, mais de 460. Desde a d\u00e9cada de 1970, volta e meia, alguma barragem de rejeitos miner\u00e1rios tem se rompido. Em Minas Gerais, houve v\u00e1rios rompimentos de minerodutos, o Minas-Rio, por exemplo, que consome diariamente \u00e1gua que d\u00e1 para abastecer uma cidade de 230 mil pessoas e transporta o equivalente a 1.600 carretas de min\u00e9rio por dia. As nossas montanhas est\u00e3o sendo arrancadas e vendidas pela metade do pre\u00e7o de banana e, pior, todas as nascentes, rios e os len\u00e7\u00f3is fre\u00e1ticos est\u00e3o sendo sacrificados. <\/p>\n\n\n\n<p>As vistorias e auditorias s\u00e3o caricaturais, feitas sob encomenda das grandes mineradoras. Na CPI da Mina Cap\u00e3o Xavier, em Nova Lima, MG, em 2004, na Assembleia Legislativa de Minas Gerais (ALMG), uma representante da Funda\u00e7\u00e3o Estadual do Meio Ambiente (FEAM) disse: \u201c<em>N\u00f3s da FEAM n\u00e3o vamos l\u00e1 no local da minera\u00e7\u00e3o fazer vistoria. Apenas lemos os relat\u00f3rios que os funcion\u00e1rios das mineradoras fazem<\/em>.\u201d Mesmo com testemunhos e documentos id\u00f4neos que demonstravam a s\u00e9rie e irregularidades e ilegalidades, tanto a 1\u00aa CPI da ALMG, de 1975, sobre minera\u00e7\u00e3o na Serra do Curral, e a CPI da Mina Cap\u00e3o Xavier, ambas da MBR e Vale, terminaram com relat\u00f3rio pizza.<\/p>\n\n\n\n<p>&nbsp;Onde\nh\u00e1 muito min\u00e9rio h\u00e1 tamb\u00e9m muita \u00e1gua. O Quadril\u00e1tero Ferr\u00edfero, em Minas\nGerais, \u00e9 tamb\u00e9m um Quadril\u00e1tero Aqu\u00edfero. Os lugares onde as mineradoras se\ninstalam eram para\u00edsos naturais, mas ap\u00f3s a chegada das mineradoras inicia-se\num processo absurdo que sacrifica no altar do deus do mercado a dignidade\nhumana e a dignidade da m\u00e3e terra, da irm\u00e3 \u00e1gua, da flora e da fauna. Bento\nRodrigues, por exemplo, era um \u2018para\u00edso na terra\u2019, mas ap\u00f3s a minera\u00e7\u00e3o da mina\nde Fund\u00e3o, estava sendo abastecida por caminh\u00f5es pipas, antes de ser devastada\nno crime trag\u00e9dia da VALE\/SAMARCO\/BHP que aconteceu na tarde do dia 05 de novembro\nde 2015 e continua acontecendo. Em um instante, 19 vidas de seres humanos foram\nceifadas. Pior, mais de 30 pessoas, em 3 anos, j\u00e1 morreram v\u00edtimas das\nconsequ\u00eancias dram\u00e1ticas daquele genoc\u00eddio. <\/p>\n\n\n\n<p>Palco inicial do genoc\u00eddio da Vale, com\nlicen\u00e7a do Estado, o C\u00f3rrego do Feij\u00e3o, em Brumadinho, ganhou esse nome porque\nera uma regi\u00e3o rica na produ\u00e7\u00e3o de feij\u00e3o, de hortali\u00e7as, cereais e\nhortifrutigranjeiros que abastecia grande parte de Belo Horizonte e regi\u00e3o\nmetropolitana. Era comum ver muitos carros de bois transportando feij\u00e3o e uma\ngrande quantidade de outros alimentos saud\u00e1veis produzidos sem agrot\u00f3xicos em\nregime de agricultura familiar. Conta-se que certo dia, um carro de boi,\ncarregado de feij\u00e3o, tombou em uma ponte ao atravessar o c\u00f3rrego. Por isso, o\nlugar passou a se chamar C\u00f3rrego do Feij\u00e3o. Brumadinho, mesmo sob o massacre\nque as mineradoras perpetram cotidianamente, ainda \u00e9 o 2\u00ba maior produtor de\nc\u00edtricos de Minas Gerais. Isso nos mostra que a voca\u00e7\u00e3o de Brumadinho e regi\u00e3o\nn\u00e3o \u00e9 a minera\u00e7\u00e3o, mas \u00e9 a agricultura familiar com produ\u00e7\u00e3o de alimentos\nsaud\u00e1veis. <\/p>\n\n\n\n<p>Se a classe trabalhadora, do campo e da\ncidade, n\u00e3o se mobilizar para, em lutas sociais e massivas, pressionar as\nautoridades do Estado Brasileiro, na luta por justi\u00e7a socioambiental, a pr\u00f3xima\ntrag\u00e9dia acontecer\u00e1 em breve. Qual barragem que romper\u00e1 primeiro? A de\nCongonhas? A de Sabar\u00e1? A de Itabira? A de Concei\u00e7\u00e3o do Mato Dentro? &#8230; No\nlivro do \u00caxodo se diz que o Deus da vida, para for\u00e7ar a liberta\u00e7\u00e3o do povo\nescravizado, enviou dez pragas sobre os fara\u00f3s \u2013 com cora\u00e7\u00e3o endurecido &#8211; do\nimperialismo do Egito que superexplorava o povo. A 1\u00aa praga\/prod\u00edgio \u00e9 narrada\nem Ex 7,14-24: \u201c<em>transformou o Rio Nilo em\nsangue. Todos os peixes morreram. O rio ficou polu\u00eddo e morto. Os eg\u00edpcios n\u00e3o\npodiam beber mais da \u00e1gua do rio<\/em>\u201d (Ex 7,20-21). Depois da 1\u00aa praga, as\nseguintes eram gradativamente piores, at\u00e9 o povo superescravizado conquistar a\nliberta\u00e7\u00e3o, com a travessia do mar vermelho. Quantas barragens ainda precisar\u00e3o\nromper para que as autoridades ou\u00e7am os clamores do povo, da m\u00e3e terra, da irm\u00e3\n\u00e1gua e de todos os seres vivos? <\/p>\n\n\n\n<p>Para o profeta Miqueias, a cobi\u00e7a e as\ninjusti\u00e7as sociais deixam o Deus da vida possu\u00eddo por uma ira santa. \u201c<em>S\u00e3o voc\u00eas os inimigos do meu povo: de quem\nest\u00e1 sem o manto<\/em> (como os desempregados que aceitam trabalhar em\nmineradoras mesmo sabendo que est\u00e3o destruindo), <em>voc\u00eas exigem a veste; voc\u00eas expulsam da felicidade de seus lares as\nmulheres do meu povo<\/em> (como milhares de meninas que s\u00e3o empurradas para a\nprostitui\u00e7\u00e3o em cidades apunhaladas pelas grandes mineradoras), <em>e tiram dos filhos a liberdade que eu lhes\ntinha dado para sempre<\/em>\u201d (Miq 2,8-9).<\/p>\n\n\n\n<p>Vindo da ro\u00e7a,&nbsp;o profeta Miqueias,\nao chegar \u00e0 capital Jerusal\u00e9m, se defronta com os enriquecidos e com pol\u00edticos\ne religiosos profissionais e os acusa de roubar casas e campos para se tornarem\nlatifundi\u00e1rios. \u201c<em>Ai daqueles que,\ndeitados na cama, ficam planejando a injusti\u00e7a e tramando o mal! \u00c9 s\u00f3 o dia\namanhecer, j\u00e1 o executam, porque t\u00eam o poder em suas m\u00e3os. Cobi\u00e7am campos, e os\nroubam<\/em>\u201d (Miq 2,1-2). Miqueias mostra que a riqueza deles se baseia na\nmis\u00e9ria de muitos e tem como alicerce a carne e o sangue do povo. \u201c<em>Essa gente tem m\u00e3os habilidosas para\npraticar o mal: o pr\u00edncipe exige, o juiz se deixa comprar, o grande mostra a\nsua ambi\u00e7\u00e3o. E assim distorcem tudo. O melhor deles \u00e9 como espinheiro, o mais\ncorreto deles parece uma cerca de espinhos! O dia anunciado pela sentinela, o\ndia do castigo chegou: agora \u00e9 a ru\u00edna deles<\/em>\u201d (Miq 7,3-4).<\/p>\n\n\n\n<p>Segundo o Evangelho de Lucas, Jesus\nCristo p\u00f5e em paralelismo o assassinato cruel dos galileus com o acidente que\nsofreram 18 habitantes de Jerusal\u00e9m quando desabou sobre eles uma torre das\nantigas muralhas, pr\u00f3xima da piscina de Silo\u00e9 (Lc 13,1-9). E alerta: <strong>Convertam-se antes que seja tarde!<\/strong>&nbsp; As trag\u00e9dias humanas n\u00e3o s\u00e3o castigos de Deus\n(Lc 13,1-2). Pilatos, querendo construir um aqueduto, decidira utilizar o\ntesouro do Templo como verba para a constru\u00e7\u00e3o. Isso provocou a resist\u00eancia de\num grupo de galileus que foram assassinados enquanto ofereciam sacrif\u00edcios no\nTemplo. Mas Jesus fazia an\u00e1lise de conjuntura e lia os fatos hist\u00f3ricos de\nforma cr\u00edtica e criativa. Os galileus assassinados n\u00e3o eram arruaceiros,\nestavam lutando pelos seus direitos e, por isso, foram reprimidos.<\/p>\n\n\n\n<p>Jesus questiona o senso comum das pessoas,\nchacoalha a teologia da retribui\u00e7\u00e3o impregnada na cabe\u00e7a do povo e convida \u00e0\nreflex\u00e3o questionando: \u201c<em>Eles s\u00e3o, de\nfato, culpados? Ou foram massacrados porque questionaram de forma organizada o\nsistema opressor liderado por Pilatos?\u201d<\/em> Nas entrelinhas, Jesus acaba\ndizendo: \u201c<em>Ontem foi um grupo de galileus.\nO sistema opressor est\u00e1 em pleno funcionamento. Se voc\u00eas continuarem de bra\u00e7os\ncruzados, alienados e acriticamente aceitando a interpreta\u00e7\u00e3o dos fatos feita a\npartir dos poderosos, amanh\u00e3 ser\u00e1 a vez de voc\u00eas. Um a um, todos ser\u00e3o mortos\nantes do tempo<\/em>\u201d.<\/p>\n\n\n\n<p>Jesus alerta de modo enf\u00e1tico, repetindo\nem dois vers\u00edculos (Lc 13,2.5): \u201c<em>\u00c9 hora\nde convers\u00e3o!\u201d<\/em> N\u00e3o apenas mudar a forma de pensar, mas, fundamentalmente,\nmudar a forma de agir e de se posicionar diante da realidade. Posicione-se do\nlado das v\u00edtimas e dos enfraquecidos! Seja cr\u00edtico e criativo! Desconfie do que\n\u00e9 veiculado pelos grandes meios de Comunica\u00e7\u00e3o. Eis o apelo do evangelho para\nn\u00f3s. Jesus faz refer\u00eancia a outro fato da hist\u00f3ria para iluminar os desafios do\npresente: a morte de dezoito pessoas com o desabamento da torre de Silo\u00e9. Seria\ncorrup\u00e7\u00e3o e irresponsabilidade dos \u00f3rg\u00e3os p\u00fablicos que constru\u00edram uma torre\nsem seguran\u00e7a? Deus conta com nossa participa\u00e7\u00e3o ativa. N\u00e3o nos quer de bra\u00e7os\ncruzados vendo a banda passar. \u201c<em>Tudo isso\nacontecendo e eu aqui, na pra\u00e7a, dando milho aos pombos?<\/em>\u201d, interroga o\ncantor Z\u00e9 Geraldo. <\/p>\n\n\n\n<p>O justo e necess\u00e1rio \u00e9 a pris\u00e3o\npreventiva imediata do Presidente da VALE, dos Diretores da VALE, das\nautoridades dos Governos que autorizaram o funcionamento e dos respons\u00e1veis\npela licen\u00e7a, o confisco dos bens da Vale para aplicar nas \u00e1reas sociais, al\u00e9m\nde suspens\u00e3o por tempo indeterminado da minera\u00e7\u00e3o em Minas Gerais e em todo o\npa\u00eds at\u00e9 que se fa\u00e7a uma avalia\u00e7\u00e3o independente e imparcial e reabrir apenas as\nminas que t\u00eam garantias id\u00f4neas de que n\u00e3o haver\u00e1 rompimento de barragens de\nrejeitos de min\u00e9rio.<\/p>\n\n\n\n<p>Belo Horizonte, MG, 06 de fevereiro de\n2019.<\/p>\n\n\n\n<p>Obs.: O v\u00eddeo, abaixo, ilustra o texto,\nacima.<\/p>\n\n\n\n<p><strong>1 \u2013 Rompimento de quatro barragens em Brumadinho\/MG:\nN\u00c3O FOI ACIDENTE. FOI CRIME ANUNCIADO! 28\/1\/2019.<\/strong><\/p>\n\n\n\n<figure class=\"wp-block-embed-youtube wp-block-embed is-type-video is-provider-youtube wp-embed-aspect-16-9 wp-has-aspect-ratio\"><div class=\"wp-block-embed__wrapper\">\n<div class=\"epyt-video-wrapper\"><iframe loading=\"lazy\"  id=\"_ytid_11510\"  width=\"810\" height=\"456\"  data-origwidth=\"810\" data-origheight=\"456\" src=\"https:\/\/www.youtube.com\/embed\/ehnt9vwC7YU?enablejsapi=1&#038;autoplay=0&#038;cc_load_policy=0&#038;cc_lang_pref=&#038;iv_load_policy=1&#038;loop=0&#038;rel=1&#038;fs=1&#038;playsinline=0&#038;autohide=2&#038;theme=dark&#038;color=red&#038;controls=1&#038;disablekb=0&#038;\" class=\"__youtube_prefs__  epyt-is-override  no-lazyload\" title=\"YouTube player\"  allow=\"fullscreen; accelerometer; autoplay; clipboard-write; encrypted-media; gyroscope; picture-in-picture; web-share\" referrerpolicy=\"strict-origin-when-cross-origin\" allowfullscreen data-no-lazy=\"1\" data-skipgform_ajax_framebjll=\"\"><\/iframe><\/div>\n<\/div><\/figure>\n\n\n\n<p><strong>2 &#8211; Pris\u00e3o dos respons\u00e1veis pelo crime\nda VALE e suspens\u00e3o da minera\u00e7\u00e3o\/Frei Gilvander\/CPT-MG\/28\/1\/19<\/strong><\/p>\n\n\n\n<figure class=\"wp-block-embed-youtube wp-block-embed is-type-video is-provider-youtube wp-embed-aspect-16-9 wp-has-aspect-ratio\"><div class=\"wp-block-embed__wrapper\">\n<div class=\"epyt-video-wrapper\"><iframe loading=\"lazy\"  id=\"_ytid_65646\"  width=\"810\" height=\"456\"  data-origwidth=\"810\" data-origheight=\"456\" src=\"https:\/\/www.youtube.com\/embed\/eRY0FAWiLIA?enablejsapi=1&#038;autoplay=0&#038;cc_load_policy=0&#038;cc_lang_pref=&#038;iv_load_policy=1&#038;loop=0&#038;rel=1&#038;fs=1&#038;playsinline=0&#038;autohide=2&#038;theme=dark&#038;color=red&#038;controls=1&#038;disablekb=0&#038;\" class=\"__youtube_prefs__  epyt-is-override  no-lazyload\" title=\"YouTube player\"  allow=\"fullscreen; accelerometer; autoplay; clipboard-write; encrypted-media; gyroscope; picture-in-picture; web-share\" referrerpolicy=\"strict-origin-when-cross-origin\" allowfullscreen data-no-lazy=\"1\" data-skipgform_ajax_framebjll=\"\"><\/iframe><\/div>\n<\/div><\/figure>\n\n\n\n<p><strong>3 &#8211; Crime da VALE\/Estado: povo, reaja,\nse organize e levante a voz. Frei Rodrigo Peret\/CPT. 28\/1\/19<\/strong><\/p>\n\n\n\n<figure class=\"wp-block-embed-youtube wp-block-embed is-type-video is-provider-youtube wp-embed-aspect-16-9 wp-has-aspect-ratio\"><div class=\"wp-block-embed__wrapper\">\n<div class=\"epyt-video-wrapper\"><iframe loading=\"lazy\"  id=\"_ytid_79434\"  width=\"810\" height=\"456\"  data-origwidth=\"810\" data-origheight=\"456\" src=\"https:\/\/www.youtube.com\/embed\/-2t1-PqDbeY?enablejsapi=1&#038;autoplay=0&#038;cc_load_policy=0&#038;cc_lang_pref=&#038;iv_load_policy=1&#038;loop=0&#038;rel=1&#038;fs=1&#038;playsinline=0&#038;autohide=2&#038;theme=dark&#038;color=red&#038;controls=1&#038;disablekb=0&#038;\" class=\"__youtube_prefs__  epyt-is-override  no-lazyload\" title=\"YouTube player\"  allow=\"fullscreen; accelerometer; autoplay; clipboard-write; encrypted-media; gyroscope; picture-in-picture; web-share\" referrerpolicy=\"strict-origin-when-cross-origin\" allowfullscreen data-no-lazy=\"1\" data-skipgform_ajax_framebjll=\"\"><\/iframe><\/div>\n<\/div><\/figure>\n\n\n\n<p><strong>4 &#8211; Chega de minera\u00e7\u00e3o! Chega de\nimpunidade! Ir. Neusa (CPP) e Clarindo (Mov. Pescadores). 28\/1\/19<\/strong><\/p>\n\n\n\n<figure class=\"wp-block-embed-youtube wp-block-embed is-type-video is-provider-youtube wp-embed-aspect-16-9 wp-has-aspect-ratio\"><div class=\"wp-block-embed__wrapper\">\n<div class=\"epyt-video-wrapper\"><iframe loading=\"lazy\"  id=\"_ytid_78485\"  width=\"810\" height=\"456\"  data-origwidth=\"810\" data-origheight=\"456\" src=\"https:\/\/www.youtube.com\/embed\/F-_-Cj-YvR4?enablejsapi=1&#038;autoplay=0&#038;cc_load_policy=0&#038;cc_lang_pref=&#038;iv_load_policy=1&#038;loop=0&#038;rel=1&#038;fs=1&#038;playsinline=0&#038;autohide=2&#038;theme=dark&#038;color=red&#038;controls=1&#038;disablekb=0&#038;\" class=\"__youtube_prefs__  epyt-is-override  no-lazyload\" title=\"YouTube player\"  allow=\"fullscreen; accelerometer; autoplay; clipboard-write; encrypted-media; gyroscope; picture-in-picture; web-share\" referrerpolicy=\"strict-origin-when-cross-origin\" allowfullscreen data-no-lazy=\"1\" data-skipgform_ajax_framebjll=\"\"><\/iframe><\/div>\n<\/div><\/figure>\n\n\n\n<p><strong>5 &#8211; Crimes cometidos por mineradoras em\nCongonhas\/MG e a cumplicidade do Estado\/Sandoval Filho\/19\/12\/18<\/strong><\/p>\n\n\n\n<figure class=\"wp-block-embed-youtube wp-block-embed is-type-video is-provider-youtube wp-embed-aspect-16-9 wp-has-aspect-ratio\"><div class=\"wp-block-embed__wrapper\">\n<div class=\"epyt-video-wrapper\"><iframe loading=\"lazy\"  id=\"_ytid_68331\"  width=\"810\" height=\"456\"  data-origwidth=\"810\" data-origheight=\"456\" src=\"https:\/\/www.youtube.com\/embed\/f-A1zaJBhHI?enablejsapi=1&#038;autoplay=0&#038;cc_load_policy=0&#038;cc_lang_pref=&#038;iv_load_policy=1&#038;loop=0&#038;rel=1&#038;fs=1&#038;playsinline=0&#038;autohide=2&#038;theme=dark&#038;color=red&#038;controls=1&#038;disablekb=0&#038;\" class=\"__youtube_prefs__  epyt-is-override  no-lazyload\" title=\"YouTube player\"  allow=\"fullscreen; accelerometer; autoplay; clipboard-write; encrypted-media; gyroscope; picture-in-picture; web-share\" referrerpolicy=\"strict-origin-when-cross-origin\" allowfullscreen data-no-lazy=\"1\" data-skipgform_ajax_framebjll=\"\"><\/iframe><\/div>\n<\/div><\/figure>\n\n\n\n<p><strong>6 &#8211; Crime da VALE e do Estado. S\u00f4nia\nLoschi\/CPT-MG: &#8220;N\u00e3o precisamos das mineradoras&#8221;- 28\/1\/2019<\/strong><\/p>\n\n\n\n<figure class=\"wp-block-embed-youtube wp-block-embed is-type-video is-provider-youtube wp-embed-aspect-16-9 wp-has-aspect-ratio\"><div class=\"wp-block-embed__wrapper\">\n<div class=\"epyt-video-wrapper\"><iframe loading=\"lazy\"  id=\"_ytid_66705\"  width=\"810\" height=\"456\"  data-origwidth=\"810\" data-origheight=\"456\" src=\"https:\/\/www.youtube.com\/embed\/w1Mg7ffCkhw?enablejsapi=1&#038;autoplay=0&#038;cc_load_policy=0&#038;cc_lang_pref=&#038;iv_load_policy=1&#038;loop=0&#038;rel=1&#038;fs=1&#038;playsinline=0&#038;autohide=2&#038;theme=dark&#038;color=red&#038;controls=1&#038;disablekb=0&#038;\" class=\"__youtube_prefs__  epyt-is-override  no-lazyload\" title=\"YouTube player\"  allow=\"fullscreen; accelerometer; autoplay; clipboard-write; encrypted-media; gyroscope; picture-in-picture; web-share\" referrerpolicy=\"strict-origin-when-cross-origin\" allowfullscreen data-no-lazy=\"1\" data-skipgform_ajax_framebjll=\"\"><\/iframe><\/div>\n<\/div><\/figure>\n\n\n\n<hr class=\"wp-block-separator\"\/>\n\n\n\n<p><a href=\"#_ftnref1\">[1]<\/a> Frei e padre da Ordem dos\ncarmelitas; doutor em Educa\u00e7\u00e3o pela FAE\/UFMG; licenciado e bacharel em Filosofia\npela UFPR; bacharel em Teologia pelo ITESP<strong>\/<\/strong>SP;\nmestre em Ci\u00eancias B\u00edblicas; assessor da CPT, CEBI, SAB e Ocupa\u00e7\u00f5es Urbanas;\nprof. de \u201cMovimentos Sociais Populares e Direitos Humanos\u201d no IDH, em Belo\nHorizonte, MG. E-mail: <a href=\"mailto:gilvanderlm@gmail.com\">gilvanderlm@gmail.com<\/a> \u2013 <a href=\"http:\/\/www.gilvander.org.br\">www.gilvander.org.br<\/a> &#8211; <a href=\"http:\/\/www.freigilvander.blogspot.com.br\">www.freigilvander.blogspot.com.br<\/a>&nbsp;&nbsp;&nbsp;&nbsp;&nbsp; \u2013&nbsp;&nbsp;&nbsp;&nbsp;&nbsp;&nbsp;\n<a href=\"http:\/\/www.twitter.com\/gilvanderluis\">www.twitter.com\/gilvanderluis<\/a>&nbsp;&nbsp;&nbsp;&nbsp;&nbsp;&nbsp;&nbsp; \u2013&nbsp;&nbsp;&nbsp;&nbsp;\nFacebook: Gilvander Moreira III<\/p>\n","protected":false},"excerpt":{"rendered":"<p>Crime da Vale e do Estado: sinal vermelho! Quando ocorrer\u00e1 a pr\u00f3xima trag\u00e9dia?&nbsp;&#8211; Por Gilvander Moreira[1] O crime anunciado da Vale e do Estado, que se iniciou \u00e0s 12h28 do dia 25 de janeiro de<\/p>\n","protected":false},"author":2,"featured_media":3692,"comment_status":"open","ping_status":"open","sticky":false,"template":"","format":"standard","meta":{"footnotes":""},"categories":[21,47,44,38,49,48,39,35,27,30,29,26,18],"tags":[],"class_list":["post-3691","post","type-post","status-publish","format-standard","has-post-thumbnail","hentry","category-artigo","category-direito-a-agua","category-direito-a-memoria","category-direito-a-saude","category-direito-a-terra","category-direitos-das-mulheres","category-direitos-dos-povos-indigenas","category-direitos-dos-quilombolas","category-direitos-humanos","category-fe-e-politica","category-movimentos-sociais-populares","category-teologia-da-libertacao","category-videos-de-frei-gilvander"],"_links":{"self":[{"href":"https:\/\/gilvander.org.br\/site\/wp-json\/wp\/v2\/posts\/3691","targetHints":{"allow":["GET"]}}],"collection":[{"href":"https:\/\/gilvander.org.br\/site\/wp-json\/wp\/v2\/posts"}],"about":[{"href":"https:\/\/gilvander.org.br\/site\/wp-json\/wp\/v2\/types\/post"}],"author":[{"embeddable":true,"href":"https:\/\/gilvander.org.br\/site\/wp-json\/wp\/v2\/users\/2"}],"replies":[{"embeddable":true,"href":"https:\/\/gilvander.org.br\/site\/wp-json\/wp\/v2\/comments?post=3691"}],"version-history":[{"count":2,"href":"https:\/\/gilvander.org.br\/site\/wp-json\/wp\/v2\/posts\/3691\/revisions"}],"predecessor-version":[{"id":5352,"href":"https:\/\/gilvander.org.br\/site\/wp-json\/wp\/v2\/posts\/3691\/revisions\/5352"}],"wp:featuredmedia":[{"embeddable":true,"href":"https:\/\/gilvander.org.br\/site\/wp-json\/wp\/v2\/media\/3692"}],"wp:attachment":[{"href":"https:\/\/gilvander.org.br\/site\/wp-json\/wp\/v2\/media?parent=3691"}],"wp:term":[{"taxonomy":"category","embeddable":true,"href":"https:\/\/gilvander.org.br\/site\/wp-json\/wp\/v2\/categories?post=3691"},{"taxonomy":"post_tag","embeddable":true,"href":"https:\/\/gilvander.org.br\/site\/wp-json\/wp\/v2\/tags?post=3691"}],"curies":[{"name":"wp","href":"https:\/\/api.w.org\/{rel}","templated":true}]}}