{"id":3725,"date":"2019-02-10T23:17:59","date_gmt":"2019-02-11T01:17:59","guid":{"rendered":"http:\/\/gilvander.org.br\/site\/?p=3725"},"modified":"2019-02-11T14:54:05","modified_gmt":"2019-02-11T16:54:05","slug":"honremos-os-mortos-pelo-crime-da-vale-e-do-estado","status":"publish","type":"post","link":"https:\/\/gilvander.org.br\/site\/honremos-os-mortos-pelo-crime-da-vale-e-do-estado\/","title":{"rendered":"Honremos os mortos pelo crime da Vale e do Estado."},"content":{"rendered":"\n<p><strong>Honremos os mortos pelo crime da Vale e do Estado.&nbsp;<\/strong>Por Gilvander Moreira<a href=\"#_ftn1\"><sup>[1]<\/sup><\/a><\/p>\n\n\n\n<div class=\"wp-block-image\"><figure class=\"alignleft is-resized\"><img loading=\"lazy\" decoding=\"async\" src=\"http:\/\/gilvander.org.br\/site\/wp-content\/uploads\/2019\/02\/Maria-Em\u00edlia-do-IDH-no-C\u00f3rrego-do-Feij\u00e3o-01-02-2019-1024x576.jpg\" alt=\"\" class=\"wp-image-3726\" width=\"498\" height=\"280\" srcset=\"https:\/\/gilvander.org.br\/site\/wp-content\/uploads\/2019\/02\/Maria-Em\u00edlia-do-IDH-no-C\u00f3rrego-do-Feij\u00e3o-01-02-2019-1024x576.jpg 1024w, https:\/\/gilvander.org.br\/site\/wp-content\/uploads\/2019\/02\/Maria-Em\u00edlia-do-IDH-no-C\u00f3rrego-do-Feij\u00e3o-01-02-2019-300x169.jpg 300w, https:\/\/gilvander.org.br\/site\/wp-content\/uploads\/2019\/02\/Maria-Em\u00edlia-do-IDH-no-C\u00f3rrego-do-Feij\u00e3o-01-02-2019-768x432.jpg 768w, https:\/\/gilvander.org.br\/site\/wp-content\/uploads\/2019\/02\/Maria-Em\u00edlia-do-IDH-no-C\u00f3rrego-do-Feij\u00e3o-01-02-2019.jpg 1280w\" sizes=\"auto, (max-width: 498px) 100vw, 498px\" \/><figcaption><strong>Advogada Maria Em\u00edlia, coordenadora do Programa de Prote\u00e7\u00e3o aos Defensores de Direitos Humanos amea\u00e7ados de morte, em visita ao cen\u00e1rio\/cemit\u00e9rio do crime da Vale e do Estado, a partir de Brumadinho, MG, dia 25\/01\/2019. Foto: Frei Gilvander<\/strong> <\/figcaption><\/figure><\/div>\n\n\n\n<p>Representando 5,17% da bacia do Rio S\u00e3o\nFrancisco, com 510 quil\u00f4metros de extens\u00e3o e bacia envolvendo 1.318.885 milh\u00f5es\nde habitantes<a href=\"#_ftn2\"><sup>[2]<\/sup><\/a>\nem 13.643 Km<sup>2<\/sup>, o Rio Paraopeba nasce em Cristiano Otoni, pr\u00f3ximo a\nConselheiro Lafaiete, e, como um dos principais afluentes do Rio S\u00e3o Francisco,\nirriga 48 munic\u00edpios<a href=\"#_ftn3\"><sup>[3]<\/sup><\/a>e des\u00e1gua na barragem da hidrel\u00e9trica de Tr\u00eas Marias, MG, no munic\u00edpio de\nFelixl\u00e2ndia. Lamentavelmente, o crime continuado, anunciado, e a trag\u00e9dia da\nVale e do Estado \u2013 genoc\u00eddio gigante \u2013 que iniciou \u00e0s 12h28 do dia 25 de\njaneiro de 2019, melhor dizendo, iniciou na tarde do dia 05 de novembro de\n2015, no munic\u00edpio de Mariana, MG, e durar\u00e1 por muitas gera\u00e7\u00f5es &#8211; \u00e9 muito maior\ndo que percebemos. Com o passar dos dias, rastros de morte v\u00e3o sendo percebidos\ne se avolumando. O massacre de pessoas humanas \u2013 entre elas, trabalhadores e\ntrabalhadoras \u2013 pode ultrapassar quatro centenas. Muitos dos golpeados dizem\nque h\u00e1 muitas pessoas fora da lista de mortos e desaparecidos. Er\u00eddio Dias,\nmorador da Ocupa\u00e7\u00e3o Dandara, em Belo Horizonte, h\u00e1 cinco meses trabalhava na\nmina de C\u00f3rrego do Feij\u00e3o, como trabalhador terceirizado da Vale. Ele era\nsoldador e est\u00e1 entre os desaparecidos. A m\u00e3e dele, com 74 anos e adoentada,\nvive em Sem Peixe, no interior de Minas. Com uma espada de dor transpassando o\ncora\u00e7\u00e3o, ela telefona todos os dias para os filhos em Belo Horizonte,\nperguntando: \u201c<em>Que dia a Vale e o Estado\nentregar\u00e3o o corpo do meu filho para ser sepultado aqui em Sem Peixe<\/em>?\u201d. Uma\ncrian\u00e7a de tr\u00eas anos, que ficou \u00f3rf\u00e3 de m\u00e3e, pergunta toda hora: \u201c<em>Cad\u00ea mam\u00e3e? Por que ela est\u00e1 demorando a\nchegar? Ela deve estar com fome<\/em>\u201d. Com fome de justi\u00e7a estamos todos n\u00f3s. <\/p>\n\n\n\n<p>Uma professora aposentada da UFMG, com a voz\nembargada disse: \u201c<em>Moro na beiro do Rio\nParaopeba, em Brumadinho. Uma das maravilhas que eu assistia todas as manh\u00e3s eram\nas gar\u00e7as, em centenas, fazerem revoada ao amanhecer do dia e pescar o seu\nalimento no rio Paraopeba. A \u00faltima vez que vi as gar\u00e7as foi na manh\u00e3 do dia 25\nde janeiro de 2019, dia do crime. Com o assassinato do rio, as gar\u00e7as n\u00e3o\nvoltaram mais. Sem o rio saud\u00e1vel os p\u00e1ssaros est\u00e3o morrendo tamb\u00e9m<\/em>\u201d. <\/p>\n\n\n\n<p>No Acampamento P\u00e1tria Livre, com 600 fam\u00edlias\nSem Terra do MST, em S\u00e3o Joaquim de Bicas, \u00e0s margens do Rio Paraopeba, a\njusante de Brumadinho, Manoel desabafa, com l\u00e1grimas escorrendo dos olhos: \u201c<em>O Rio Paraopeba era nosso pai. Mataram nosso\npai. Todos os dias, uma infinidade de p\u00e1ssaros fazia revoada aqui no rio, em\nvoos rasantes se banhavam no rio. Os p\u00e1ssaros sumiram e os urubus chegaram<\/em>\u201d.\nA agente de sa\u00fade Suely, Sem Terra do MST em S\u00e3o Joaquim de Bicas: \u201c<em>Al\u00e9m de prestar os primeiros socorros e\nreceitar medicina caseira e das plantas para as 600 fam\u00edlias aqui do\nAcampamento P\u00e1tria Livre, eu proponho \u00e0s pessoas depressivas a ir banhar no Rio\nParaopeba e meditar \u00e0s suas margens. Nosso rio j\u00e1 curou muitas pessoas. E agora\ncom o rio morto?<\/em>\u201d <\/p>\n\n\n\n<p>Em regime de agricultura familiar, milhares\nde pequenos\/as produtores\/as, que vivem e plantam hortali\u00e7as e legumes na m\u00e3e\nterra banhada pelo Rio Paraopeba, est\u00e3o aflitos, pois as hortas, antes\nirrigadas com \u00e1gua do Rio Paraopeba, est\u00e3o morrendo. Tentar irrigar com\ncaminh\u00f5es pipas ser\u00e1 paliativo.&nbsp; Buscar\n\u00e1gua onde? Al\u00e9m de palco de intenso processo de minera\u00e7\u00e3o, os munic\u00edpios de Brumadinho,\nM\u00e1rio Campos, Sarzedo, Ibirit\u00e9 e regi\u00e3o eram regi\u00f5es produtoras de alimentos\npara abastecer Belo Horizonte e regi\u00e3o metropolitana. <\/p>\n\n\n\n<p>Dezenas de comunidades quilombolas ao longo\nda bacia do Rio Paraopeba foram golpeadas. H\u00e1 quilombolas entre os\ndesaparecidos. O pescador Clarindo Pereira, do Movimento Nacional de Pescadores\ne Pescadoras Artesanais, diz: \u201c<em>Vivendo e\npescando no Rio S\u00e3o Francisco, sempre pedimos que chova para irrigar o nosso\nPai, mas de agora em diante, toda vez que chover na regi\u00e3o metropolitana de\nBelo Horizonte, ficaremos mais preocupados, porque as enchentes empurrar\u00e3o mais\ne mais lama t\u00f3xica para o Rio S\u00e3o Francisco que j\u00e1 est\u00e1 na UTI<\/em>\u201d. Os peixes,\n\u00e1gua boa e toda a fauna ainda existente nos c\u00f3rregos e rios afluentes do Rio\nParaopeba, tais como os rios \u00c1guas Claras, Maca\u00fabas, Betim, Camapu\u00e3, Manso e o\nRibeir\u00e3o Serra Azul, ao flu\u00edrem naturalmente, ser\u00e3o jogados na lama t\u00f3xica que\ninvadiu o rio Paraopeba. \u201c<em>D\u00f3i muito saber\nque os peixes desses rios v\u00e3o cair no Rio Paraopeba para morrer tamb\u00e9m<\/em>\u201d,\ncomenta Domingos, Sem Terra em S\u00e3o Joaquim de Bicas. Dona Rejane Moraes, que\nvive h\u00e1 30 anos em um s\u00edtio de tr\u00eas hectares no C\u00f3rrego do Feij\u00e3o, em\nBrumadinho, alerta: \u201c<em>J\u00e1 passou da hora de\nparar a minera\u00e7\u00e3o em Minas Gerais e no Brasil. Estamos esperando matar mais centenas\ne milhares de pessoas, acabar com nossa \u00e1gua e com o meio ambiente? Ningu\u00e9m\nvive sem \u00e1gua<\/em>. <em>\u00c9 hora de parar tudo e\nfazer uma avalia\u00e7\u00e3o s\u00e9ria<\/em>\u201d. <\/p>\n\n\n\n<p>As \u00e1guas da bacia do Rio Paraopeba garantiam\n50% do abastecimento de Belo Horizonte e regi\u00e3o metropolitana, por meio das\nbarragens nos&nbsp;rios Betim e Manso,&nbsp;e no&nbsp;ribeir\u00e3o Serra Azul, tr\u00eas\nafluentes do Rio Paraopeba que formam os tr\u00eas reservat\u00f3rios que comp\u00f5em o\nSistema Paraopeba: Sistema Vargem das Flores, Sistema Rio Manso e Sistema Serra\nAzul, respectivamente. E agora, onde arrumar \u00e1gua para garantir o abastecimento\nde cinco milh\u00f5es de pessoas de Belo Horizonte e regi\u00e3o metropolitana? A COPASA<a href=\"#_ftn4\">[4]<\/a> investiu 130 milh\u00f5es de\nreais para captar \u00e1gua do Rio Paraopeba em uma grande obra inaugurada em dezembro\nde 2015, prometendo que a obra garantiria o abastecimento de BH e regi\u00e3o\nmetropolitana pelos pr\u00f3ximos 25 anos. Tudo isso perdido. E agora como garantir\no abastecimento de cinco milh\u00f5es de pessoas de Belo Horizonte e regi\u00e3o\nmetropolitana?<\/p>\n\n\n\n<p>Da perspectiva b\u00edblica e teol\u00f3gica, \u00e9 preciso\nrecordar que toda a cria\u00e7\u00e3o \u2013 os seres humanos, a fauna, a flora e os biomas &#8211; \u00e9\nsagrada. \u201c\u00c1gua, fonte de vida\u201d foi o lema da Campanha da Fraternidade de 2004. \u201c<em>O Esp\u00edrito de Deus est\u00e1 nas \u00e1guas<\/em>\u201d, diz\no segundo vers\u00edculo da B\u00edblia (G\u00eanesis 1,2). O Esp\u00edrito vivificador n\u00e3o apenas\npaira sobre as \u00e1guas, mas permeia e perpassa as \u00e1guas. Logo, matar as\nnascentes, os c\u00f3rregos e os rios \u00e9 cometer um pecado contra o Esp\u00edrito Santo,\npecado capital que n\u00e3o tem perd\u00e3o. Integrantes do sistema capitalista, os megaprojetos\nde minera\u00e7\u00e3o s\u00e3o projetos sat\u00e2nicos e diab\u00f3licos, que, como o drag\u00e3o do\nApocalipse (Ap 12) cospe fogo e devora tudo o que encontra pela frente. Antes\nde serem cooptadas pelo Imp\u00e9rio Romano e pelo imperador Constantino, as\nPrimeiras Comunidades Crist\u00e3s se regiam por um C\u00f3digo de \u00c9tica que alertava \u00e0s\npessoas crist\u00e3s que trabalhar em institui\u00e7\u00f5es que reproduzissem o sistema de\nmorte do imp\u00e9rio romano era algo imoral. Um crist\u00e3o n\u00e3o podia, por exemplo, ser\nsoldado e nem militar do imp\u00e9rio romano, pois estaria, na pr\u00e1tica, reproduzindo\num sistema id\u00f3latra. Diante da exaust\u00e3o e de tanta mortandade que a minera\u00e7\u00e3o\ndevastadora vem perpetrando em Minas Gerais, no Par\u00e1 e em outros estados se\ntorna imperativo \u00e9tico conquistarmos outras formas de trabalho que interrompa a\nm\u00e1quina mort\u00edfera das mineradoras que est\u00e1 fazendo guerra contra o povo, contra\na m\u00e3e natureza, contra todos os animais e toda esp\u00e9cie de ser vivo. Muitos\nainda podem se tornar v\u00edtimas desta mesma m\u00e1quina aniquiladora. &nbsp;<\/p>\n\n\n\n<p>S\u00e3o inaceit\u00e1veis somente medidas paliativas e\nemergenciais, sem medidas radicais \u2013 que v\u00e3o \u00e0 raiz &#8211; que mexam na engrenagem\nda guerra que as grandes mineradoras, com a cumplicidade do Estado, est\u00e3o\npromovendo contra todos e tudo. Justo e necess\u00e1rio \u00e9: a) a pris\u00e3o preventiva\nimediata do Presidente da VALE, dos Diretores da VALE, das autoridades dos\nGovernos que autorizaram o funcionamento e dos respons\u00e1veis pela licen\u00e7a da mina\ndo C\u00f3rrego do Feij\u00e3o; b) o confisco dos bens da Vale para aplicar nas \u00e1reas\nsociais e em urgente projeto de reflorestamento; c) suspens\u00e3o de todas as\nlicen\u00e7as ambientais por tempo indeterminado da minera\u00e7\u00e3o em Minas Gerais e em\ntodo o pa\u00eds at\u00e9 que se fa\u00e7a uma avalia\u00e7\u00e3o independente e imparcial que\nviabilize reabrir apenas as minas que t\u00eam garantias id\u00f4neas de que n\u00e3o haver\u00e1\nrompimento de barragens de rejeitos de min\u00e9rio.<\/p>\n\n\n\n<p>Ap\u00f3s muitos rompimentos de barragens de rejeitos t\u00f3xicos da minera\u00e7\u00e3o a consci\u00eancia adormecida de muitos precisa romper tamb\u00e9m. N\u00e3o pode continuar \u201c<em>tudo isso acontecendo e eu aqui na pra\u00e7a dando milhos aos pombos<\/em>\u201d, alerta o grande Z\u00e9 Geraldo, na m\u00fasica Milho aos pombos. Quem continuar se omitindo ou defendendo apenas solu\u00e7\u00f5es que n\u00e3o afetem a engrenagem de morte dos grandes projetos de minera\u00e7\u00e3o entrar\u00e1 para a hist\u00f3ria como c\u00famplice da desertifica\u00e7\u00e3o e da dizima\u00e7\u00e3o das condi\u00e7\u00f5es objetivas de vida em Minas Gerais e no Brasil. Quem tem ouvidos para ouvir ou\u00e7a! E se ajunte \u00e0s for\u00e7as vivas dos movimentos sociais populares que est\u00e3o na luta por justi\u00e7a social, justi\u00e7a agr\u00e1ria, justi\u00e7a urbana e justi\u00e7a socioambiental.<\/p>\n\n\n\n<p>Belo Horizonte, MG, 11 de fevereiro de 2019.<\/p>\n\n\n\n<p><strong>Obs<\/strong>.: Os v\u00eddeos, abaixo,\nilustram o texto, acima.<\/p>\n\n\n\n<p><strong>1 &#8211;\nCrime da Vale e do Estado, a partir de Brumadinho\/MG: Rejane e Em\u00edlia. V\u00eddeo 5\n&#8211; 1\u00ba\/2\/2019.<\/strong><\/p>\n\n\n\n<figure class=\"wp-block-embed-youtube wp-block-embed is-type-video is-provider-youtube wp-embed-aspect-16-9 wp-has-aspect-ratio\"><div class=\"wp-block-embed__wrapper\">\n<div class=\"epyt-video-wrapper\"><iframe loading=\"lazy\"  id=\"_ytid_37933\"  width=\"810\" height=\"456\"  data-origwidth=\"810\" data-origheight=\"456\" src=\"https:\/\/www.youtube.com\/embed\/xUoecbokups?enablejsapi=1&#038;autoplay=0&#038;cc_load_policy=0&#038;cc_lang_pref=&#038;iv_load_policy=1&#038;loop=0&#038;rel=1&#038;fs=1&#038;playsinline=0&#038;autohide=2&#038;theme=dark&#038;color=red&#038;controls=1&#038;disablekb=0&#038;\" class=\"__youtube_prefs__  epyt-is-override  no-lazyload\" title=\"YouTube player\"  allow=\"fullscreen; accelerometer; autoplay; clipboard-write; encrypted-media; gyroscope; picture-in-picture; web-share\" referrerpolicy=\"strict-origin-when-cross-origin\" allowfullscreen data-no-lazy=\"1\" data-skipgform_ajax_framebjll=\"\"><\/iframe><\/div>\n<\/div><\/figure>\n\n\n\n<p><strong>2 &#8211;\nC\u00f3rrego do Feij\u00e3o: &#8220;Quem se omite diante de um crime torna-se c\u00famplice.&#8221;\n(Frei Gilvander) &#8211; 1\u00ba\/2\/19<\/strong><\/p>\n\n\n\n<figure class=\"wp-block-embed-youtube wp-block-embed is-type-video is-provider-youtube wp-embed-aspect-16-9 wp-has-aspect-ratio\"><div class=\"wp-block-embed__wrapper\">\n<div class=\"epyt-video-wrapper\"><iframe loading=\"lazy\"  id=\"_ytid_20127\"  width=\"810\" height=\"456\"  data-origwidth=\"810\" data-origheight=\"456\" src=\"https:\/\/www.youtube.com\/embed\/HvY1FTGpVXE?enablejsapi=1&#038;autoplay=0&#038;cc_load_policy=0&#038;cc_lang_pref=&#038;iv_load_policy=1&#038;loop=0&#038;rel=1&#038;fs=1&#038;playsinline=0&#038;autohide=2&#038;theme=dark&#038;color=red&#038;controls=1&#038;disablekb=0&#038;\" class=\"__youtube_prefs__  epyt-is-override  no-lazyload\" title=\"YouTube player\"  allow=\"fullscreen; accelerometer; autoplay; clipboard-write; encrypted-media; gyroscope; picture-in-picture; web-share\" referrerpolicy=\"strict-origin-when-cross-origin\" allowfullscreen data-no-lazy=\"1\" data-skipgform_ajax_framebjll=\"\"><\/iframe><\/div>\n<\/div><\/figure>\n\n\n\n<p><strong>3 &#8211;\n&#8220;Precisamos gritar contra as Mineradoras!&#8221;(Rejane Moraes\/C\u00f3rrego do\nFeij\u00e3o) &#8211; V\u00eddeo 4 &#8211; 1\u00ba\/2\/2019.<\/strong><\/p>\n\n\n\n<figure class=\"wp-block-embed-youtube wp-block-embed is-type-video is-provider-youtube wp-embed-aspect-16-9 wp-has-aspect-ratio\"><div class=\"wp-block-embed__wrapper\">\n<div class=\"epyt-video-wrapper\"><iframe loading=\"lazy\"  id=\"_ytid_82256\"  width=\"810\" height=\"456\"  data-origwidth=\"810\" data-origheight=\"456\" src=\"https:\/\/www.youtube.com\/embed\/TTMZZ6VfYmA?enablejsapi=1&#038;autoplay=0&#038;cc_load_policy=0&#038;cc_lang_pref=&#038;iv_load_policy=1&#038;loop=0&#038;rel=1&#038;fs=1&#038;playsinline=0&#038;autohide=2&#038;theme=dark&#038;color=red&#038;controls=1&#038;disablekb=0&#038;\" class=\"__youtube_prefs__  epyt-is-override  no-lazyload\" title=\"YouTube player\"  allow=\"fullscreen; accelerometer; autoplay; clipboard-write; encrypted-media; gyroscope; picture-in-picture; web-share\" referrerpolicy=\"strict-origin-when-cross-origin\" allowfullscreen data-no-lazy=\"1\" data-skipgform_ajax_framebjll=\"\"><\/iframe><\/div>\n<\/div><\/figure>\n\n\n\n<p><strong>4 &#8211;\nMinera\u00e7\u00e3o em MG: &#8220;J\u00e1 passou da hora de parar!&#8221; (Rejane Moraes) V\u00eddeo\n3 &#8211; 1\u00ba \/02\/2019<\/strong><\/p>\n\n\n\n<figure class=\"wp-block-embed-youtube wp-block-embed is-type-video is-provider-youtube wp-embed-aspect-16-9 wp-has-aspect-ratio\"><div class=\"wp-block-embed__wrapper\">\n<div class=\"epyt-video-wrapper\"><iframe loading=\"lazy\"  id=\"_ytid_58734\"  width=\"810\" height=\"456\"  data-origwidth=\"810\" data-origheight=\"456\" src=\"https:\/\/www.youtube.com\/embed\/YhQaN3emhcU?enablejsapi=1&#038;autoplay=0&#038;cc_load_policy=0&#038;cc_lang_pref=&#038;iv_load_policy=1&#038;loop=0&#038;rel=1&#038;fs=1&#038;playsinline=0&#038;autohide=2&#038;theme=dark&#038;color=red&#038;controls=1&#038;disablekb=0&#038;\" class=\"__youtube_prefs__  epyt-is-override  no-lazyload\" title=\"YouTube player\"  allow=\"fullscreen; accelerometer; autoplay; clipboard-write; encrypted-media; gyroscope; picture-in-picture; web-share\" referrerpolicy=\"strict-origin-when-cross-origin\" allowfullscreen data-no-lazy=\"1\" data-skipgform_ajax_framebjll=\"\"><\/iframe><\/div>\n<\/div><\/figure>\n\n\n\n<p><strong>5 &#8211;\nMinera\u00e7\u00e3o: Viol\u00eancia contra a vida\/Rejane Moraes\/Brumadinho\/MG &#8211; V\u00eddeo 2\n-1\u00ba\/02\/2019<\/strong><\/p>\n\n\n\n<figure class=\"wp-block-embed-youtube wp-block-embed is-type-video is-provider-youtube wp-embed-aspect-16-9 wp-has-aspect-ratio\"><div class=\"wp-block-embed__wrapper\">\n<div class=\"epyt-video-wrapper\"><iframe loading=\"lazy\"  id=\"_ytid_35867\"  width=\"810\" height=\"456\"  data-origwidth=\"810\" data-origheight=\"456\" src=\"https:\/\/www.youtube.com\/embed\/vvR9CHkC488?enablejsapi=1&#038;autoplay=0&#038;cc_load_policy=0&#038;cc_lang_pref=&#038;iv_load_policy=1&#038;loop=0&#038;rel=1&#038;fs=1&#038;playsinline=0&#038;autohide=2&#038;theme=dark&#038;color=red&#038;controls=1&#038;disablekb=0&#038;\" class=\"__youtube_prefs__  epyt-is-override  no-lazyload\" title=\"YouTube player\"  allow=\"fullscreen; accelerometer; autoplay; clipboard-write; encrypted-media; gyroscope; picture-in-picture; web-share\" referrerpolicy=\"strict-origin-when-cross-origin\" allowfullscreen data-no-lazy=\"1\" data-skipgform_ajax_framebjll=\"\"><\/iframe><\/div>\n<\/div><\/figure>\n\n\n\n<p><strong>6 &#8211;\nMinera\u00e7\u00e3o: Um crime contra a vida\/ Sr. Ricardo Moraes\/Brumadinho\/MG\/V\u00eddeo 1.\n1\u00ba\/2\/2019<\/strong><\/p>\n\n\n\n<figure class=\"wp-block-embed-youtube wp-block-embed is-type-video is-provider-youtube wp-embed-aspect-16-9 wp-has-aspect-ratio\"><div class=\"wp-block-embed__wrapper\">\n<div class=\"epyt-video-wrapper\"><iframe loading=\"lazy\"  id=\"_ytid_48978\"  width=\"810\" height=\"456\"  data-origwidth=\"810\" data-origheight=\"456\" src=\"https:\/\/www.youtube.com\/embed\/-F8h8TXzv0E?enablejsapi=1&#038;autoplay=0&#038;cc_load_policy=0&#038;cc_lang_pref=&#038;iv_load_policy=1&#038;loop=0&#038;rel=1&#038;fs=1&#038;playsinline=0&#038;autohide=2&#038;theme=dark&#038;color=red&#038;controls=1&#038;disablekb=0&#038;\" class=\"__youtube_prefs__  epyt-is-override  no-lazyload\" title=\"YouTube player\"  allow=\"fullscreen; accelerometer; autoplay; clipboard-write; encrypted-media; gyroscope; picture-in-picture; web-share\" referrerpolicy=\"strict-origin-when-cross-origin\" allowfullscreen data-no-lazy=\"1\" data-skipgform_ajax_framebjll=\"\"><\/iframe><\/div>\n<\/div><\/figure>\n\n\n\n<hr class=\"wp-block-separator\"\/>\n\n\n\n<p><a href=\"#_ftnref1\">[1]<\/a> Frei e padre da Ordem dos\ncarmelitas; doutor em Educa\u00e7\u00e3o pela FAE\/UFMG; licenciado e bacharel em\nFilosofia pela UFPR; bacharel em Teologia pelo ITESP<strong>\/<\/strong>SP; mestre em Ci\u00eancias B\u00edblicas; assessor da CPT, CEBI, SAB e\nOcupa\u00e7\u00f5es Urbanas; prof. de \u201cMovimentos Sociais Populares e Direitos Humanos\u201d\nno IDH, em Belo Horizonte, MG. E-mail: <a href=\"mailto:gilvanderlm@gmail.com\">gilvanderlm@gmail.com<\/a> \u2013 <a href=\"http:\/\/www.gilvander.org.br\">www.gilvander.org.br<\/a> &#8211; <a href=\"http:\/\/www.freigilvander.blogspot.com.br\">www.freigilvander.blogspot.com.br<\/a>&nbsp;&nbsp;&nbsp;&nbsp;&nbsp; \u2013&nbsp;&nbsp;&nbsp;&nbsp;&nbsp;&nbsp;\n<a href=\"http:\/\/www.twitter.com\/gilvanderluis\">www.twitter.com\/gilvanderluis<\/a>&nbsp;&nbsp;&nbsp;&nbsp;&nbsp;&nbsp;&nbsp; \u2013&nbsp;&nbsp;&nbsp;&nbsp;\nFacebook: Gilvander Moreira III<\/p>\n\n\n\n<p><a href=\"#_ftnref2\">[2]<\/a> Fonte:\nIBGE\/CENSO 2010.<\/p>\n\n\n\n<p><a href=\"#_ftnref3\">[3]<\/a> Belo Vale;\nBetim; Bonfim; Brumadinho; Cachoeira da Prata; Caetan\u00f3polis; Casa Grande;\nCongonhas; Conselheiro Lafaiete; Contagem; Cristiano Otoni; Crucil\u00e2ndia;\nCurvelo; Desterro de Entre Rios; Entre Rios de Minas; Esmeraldas; Felixl\u00e2ndia;\nFlorestal; Fortuna de Minas; Ibirit\u00e9; Igarap\u00e9; Inha\u00fama; Itatiaiu\u00e7u; Ita\u00fana;\nItaverava; Jeceaba; Juatuba; Lagoa Dourada; Maravilhas; Mario Campos; Mateus\nLeme; Moeda; Ouro Branco; Ouro Preto; Papagaios; Par\u00e1 de Minas; Paraopeba;\nPequi; Piedade dos Gerais; Pomp\u00e9u; Queluzito; Resende Costa; Rio Manso; S\u00e3o\nBr\u00e1s do Sua\u00e7u\u00ed; S\u00e3o Joaquim de Bicas; S\u00e3o Jos\u00e9 da Varginha; Sarzedo; Sete\nLagoas.<\/p>\n\n\n\n<p><a href=\"#_ftnref4\">[4]<\/a> Companhia de\nSaneamento de Minas Gerais.<\/p>\n","protected":false},"excerpt":{"rendered":"<p>Honremos os mortos pelo crime da Vale e do Estado.&nbsp;Por Gilvander Moreira[1] Representando 5,17% da bacia do Rio S\u00e3o Francisco, com 510 quil\u00f4metros de extens\u00e3o e bacia envolvendo 1.318.885 milh\u00f5es de habitantes[2] em 13.643 Km2,<\/p>\n","protected":false},"author":2,"featured_media":3726,"comment_status":"open","ping_status":"open","sticky":false,"template":"","format":"standard","meta":{"footnotes":""},"categories":[21,17,47,38,49,27,30,25,43,26,18],"tags":[],"class_list":["post-3725","post","type-post","status-publish","format-standard","has-post-thumbnail","hentry","category-artigo","category-destaque","category-direito-a-agua","category-direito-a-saude","category-direito-a-terra","category-direitos-humanos","category-fe-e-politica","category-luta-pela-terra-e-reforma-agraria","category-pedagogia-emancipatoria","category-teologia-da-libertacao","category-videos-de-frei-gilvander"],"_links":{"self":[{"href":"https:\/\/gilvander.org.br\/site\/wp-json\/wp\/v2\/posts\/3725","targetHints":{"allow":["GET"]}}],"collection":[{"href":"https:\/\/gilvander.org.br\/site\/wp-json\/wp\/v2\/posts"}],"about":[{"href":"https:\/\/gilvander.org.br\/site\/wp-json\/wp\/v2\/types\/post"}],"author":[{"embeddable":true,"href":"https:\/\/gilvander.org.br\/site\/wp-json\/wp\/v2\/users\/2"}],"replies":[{"embeddable":true,"href":"https:\/\/gilvander.org.br\/site\/wp-json\/wp\/v2\/comments?post=3725"}],"version-history":[{"count":2,"href":"https:\/\/gilvander.org.br\/site\/wp-json\/wp\/v2\/posts\/3725\/revisions"}],"predecessor-version":[{"id":3739,"href":"https:\/\/gilvander.org.br\/site\/wp-json\/wp\/v2\/posts\/3725\/revisions\/3739"}],"wp:featuredmedia":[{"embeddable":true,"href":"https:\/\/gilvander.org.br\/site\/wp-json\/wp\/v2\/media\/3726"}],"wp:attachment":[{"href":"https:\/\/gilvander.org.br\/site\/wp-json\/wp\/v2\/media?parent=3725"}],"wp:term":[{"taxonomy":"category","embeddable":true,"href":"https:\/\/gilvander.org.br\/site\/wp-json\/wp\/v2\/categories?post=3725"},{"taxonomy":"post_tag","embeddable":true,"href":"https:\/\/gilvander.org.br\/site\/wp-json\/wp\/v2\/tags?post=3725"}],"curies":[{"name":"wp","href":"https:\/\/api.w.org\/{rel}","templated":true}]}}