{"id":5214,"date":"2019-11-19T21:22:59","date_gmt":"2019-11-20T00:22:59","guid":{"rendered":"http:\/\/gilvander.org.br\/site\/?p=5214"},"modified":"2019-11-19T21:23:02","modified_gmt":"2019-11-20T00:23:02","slug":"%ef%bb%bfbasta-de-escravidao-viva-as-lutas-libertarias","status":"publish","type":"post","link":"https:\/\/gilvander.org.br\/site\/%ef%bb%bfbasta-de-escravidao-viva-as-lutas-libertarias\/","title":{"rendered":"\ufeffBasta de escravid\u00e3o! Viva as lutas libert\u00e1rias!"},"content":{"rendered":"\n<p><strong>Basta de escravid\u00e3o! Viva as lutas libert\u00e1rias! <\/strong>Por Gilvander Moreira<a href=\"#_ftn1\"><sup>[1]<\/sup><\/a><\/p>\n\n\n\n<figure class=\"wp-block-image is-resized\"><img loading=\"lazy\" decoding=\"async\" src=\"http:\/\/gilvander.org.br\/site\/wp-content\/uploads\/2019\/11\/Consci\u00eancia-negra-com-Latuff-2009.jpg\" alt=\"\" class=\"wp-image-5215\" width=\"775\" height=\"972\" srcset=\"https:\/\/gilvander.org.br\/site\/wp-content\/uploads\/2019\/11\/Consci\u00eancia-negra-com-Latuff-2009.jpg 638w, https:\/\/gilvander.org.br\/site\/wp-content\/uploads\/2019\/11\/Consci\u00eancia-negra-com-Latuff-2009-239x300.jpg 239w\" sizes=\"auto, (max-width: 775px) 100vw, 775px\" \/><\/figure>\n\n\n\n<p>Dia 20\nde novembro, dia de Zumbi dos Palmares, dia da Consci\u00eancia Negra. \u00c9 vital\nrecordar a crueldade da escravid\u00e3o do passado e as lutas libert\u00e1rias travadas\nao longo da hist\u00f3ria. No estado de Alagoas, o Quilombo dos Palmares, em 1670,\ncontava com mais de 20 mil pessoas e resistiu por mais de 100 anos ao sistema\nescravista. Recentemente, 11 Acampamentos do MST, em Campo do Meio, no sul de\nMinas Gerais, em homenagem \u00e0 resist\u00eancia quilombola no estado de Minas Gerais,\nbatizou o nome da sua luta de \u201cQuilombo Campo Grande\u201d, em que cada Sem Terra \u00e9\noutro Zumbi e outra Dandara. O Quilombo dos Palmares \u00e9 considerado um grande\ns\u00edmbolo nacional de luta, mas \u00e9 importante tamb\u00e9m ressaltar que a antiga\nConfedera\u00e7\u00e3o dos Quilombos Campo Grande, em Minas Gerais \u2013 um dos estados com\nescravid\u00e3o mais cruel -, vem sendo considerada por historiadores ainda muito\nmaior do que foi o Quilombo dos Palmares, tendo sido composta por, pelo menos,\n27 n\u00facleos de resist\u00eancia, espalhados por territ\u00f3rios que abrangem hoje, em\nMinas Gerais, o Centro-Oeste, o Alto S\u00e3o Francisco, o Sudoeste e o Tri\u00e2ngulo\nMineiro e , em 1752, segundo o pesquisador Diogo de Vasconcelos, chegou a\npossuir vinte mil habitantes. Os l\u00edderes quilombolas Ambr\u00f3sio e Pedro Angola da\nConfedera\u00e7\u00e3o do Quilombo Campo Grande devem ser tamb\u00e9m lembrados por todas as\npessoas que lutam por direitos humanos fundamentais e sociais. Na segunda\nmetade do s\u00e9culo XVIII, houve v\u00e1rias investidas repressivas que visavam\ndesbaratar os principais n\u00facleos quilombolas em Minas Gerais. A persegui\u00e7\u00e3o e a\nmatan\u00e7a de negros escravizados foi grande, cruel e hedionda. O capit\u00e3o do mato,\nBartolomeu Bueno Prado, fez quest\u00e3o de trazer para mostrar ao governador da\ncapitania de Minas Gerais 3.900 pares de orelhas de negros escravizados\nassassinados. Apesar da intensa persegui\u00e7\u00e3o, muitas pessoas quilombolas\nconseguiram fugir para as matas, pois a exist\u00eancia de rotas de fuga antes da\nchegada das mil\u00edcias saqueadoras e repressivas era uma forte estrat\u00e9gia de\nresist\u00eancia negra. A hist\u00f3ria oficial divulgou o exterm\u00ednio total dos\nquilombolas, da mesma maneira que dizia n\u00e3o haver mais ind\u00edgenas nas matas e\nnas vilas! Muitos ind\u00edgenas e quilombolas se mantiveram na invisibilidade como\nforma de resist\u00eancia ao sistema repressor e ao preconceito racial e social.\nTodavia, atualmente muitas comunidades remanescentes de quilombolas que est\u00e3o\nse organizando e lutando por seus direitos em Minas Gerais t\u00eam a sua raiz na\nbel\u00edssima hist\u00f3ria dessa grande Confedera\u00e7\u00e3o de Quilombos Campo Grande. Atualmente,\nem Minas Gerias, h\u00e1 mais de 800 Comunidades Quilombolas j\u00e1 autorreconhecidas e\ncom processo de reconhecimento junto \u00e0 Funda\u00e7\u00e3o Palmares e h\u00e1 outras centenas\nde Comunidades Quilombolas em processo de autorreconhecimento nas minas e nos\ngerais. <\/p>\n\n\n\n<p>Temos que recordar tamb\u00e9m que o coronelismo, em\nMinas Gerais, devastou matas e escravizou o povo campon\u00eas. Os fazendeiros\ncolocavam os empreiteiros para derrubar a mata e transformar em pastagem de\ncapim coloni\u00e3o. Os agregados podiam fazer uma pequena ro\u00e7a para a subsist\u00eancia\n\u2013 mandioca, banana, milho, ab\u00f3bora, feij\u00e3o, batata doce, arroz e alguma verdura\n-, mas no ano seguinte n\u00e3o podiam replantar. Esse poder do dono da terra ou do\ngerente do propriet\u00e1rio da terra vem de longe. \u201c<em>N\u00e3o era a d\u00edvida apenas que prendia o colono ao cafezal, mas o fato de\nser um trabalhador livre de meios de produ\u00e7\u00e3o, sem alternativa sen\u00e3o a de\ntrabalhar nas fazendas da grande lavoura<\/em>\u201d (MARTINS, 2013, p. 54). O controle\ndo fazendeiro sobre o colono agregado chegava ao ponto de ser necess\u00e1ria\nautoriza\u00e7\u00e3o do fazendeiro ou do administrador da fazenda para que o colono\npudesse se ausentar da fazenda para ir \u00e0 cidade mais pr\u00f3xima para visitar um\nparente ou um conhecido (Cf. MARTINS, 2013, p. 242). <\/p>\n\n\n\n<p>Necess\u00e1rio tamb\u00e9m recordarmos que dia 20 de novembro de 2004, um s\u00e1bado chuvoso, dia, por volta das 10h40 da\nmanh\u00e3, Adriano Chafic, dono tamb\u00e9m de muitas outras fazendas na Bahia, chegou\nao Acampamento Terra Prometida, em Felisburgo, MG, com um bando de 17 jagun\u00e7os.\nRenderam um Sem Terra que estava na guarita do acampamento e, com rev\u00f3lver\nencostado na sua orelha, o obrigaram a soltar um foguete, que era a senha para\nreunir todo o povo do acampamento em caso de amea\u00e7a ou de necessidade de se\nreunir com rapidez. O povo come\u00e7ou a se reunir. Visto por muitos no local, Adriano\nChafic liderava um massacre, perguntando \u201c<em>Cad\u00ea\na Eni e o Jorge<\/em>?\u201d e ordenando \u201c<em>Podem\natirar e matar<\/em>&#8230;\u201d. O bando de jagun\u00e7os &#8211; uns encapuzados, outros n\u00e3o &#8211;\niniciaram os disparos. Dentro de poucos minutos j\u00e1 tinham assassinado cinco Sem\nTerra &#8211; <strong>Francisco\nNascimento Rocha<\/strong> (72 anos), <strong>Juvenal\nJorge da Silva<\/strong> (65 anos) <strong>Miguel Jos\u00e9\ndos Santos<\/strong> (56 anos), <strong>Joaquim Jos\u00e9\ndos Santos<\/strong> (49 anos) e <strong>Iraguiar\nFerreira da Silva<\/strong> (23 anos). Todos os tiros foram \u00e0 queima roupa. &nbsp;Feriram mais de 12 pessoas, incendiaram com\ngasolina dezenas de barracos de lona preta, inclusive a barraca da Escola, a\nbarraca de alimentos, a barraca da biblioteca, barracos da Eni e do Jorge. Uma\ncrian\u00e7a de doze anos levou um tiro pr\u00f3ximo ao olho. Puseram gado nas lavouras\ndos Sem Terra. Muitos trabalhadores do acampamento ficaram, desde ent\u00e3o,\namedrontados e portadores de alguma doen\u00e7a, f\u00edsica ou mental, como consequ\u00eancia\ndaquele crime.<\/p>\n\n\n\n<p>A\nescravid\u00e3o n\u00e3o acabou, infelizmente. O que se vive atualmente no Brasil e na\nAm\u00e9rica AfroLat\u00edndia, com os in\u00fameros retrocessos e perdas de direitos\nconquistados pelos povos e a ascens\u00e3o de fascistas, fundamentalistas religiosos\ne militares ao poder pol\u00edtico \u00e9 uma forma concreta de reproduzir a escravid\u00e3o\nde muitas formas. N\u00e3o percamos a mem\u00f3ria das lutas de resist\u00eancia! Sobretudo a\nmem\u00f3ria das nossas ancestralidades, de Dandara, de Zumbi, de Chico Rei, dos\npovos ind\u00edgenas, de quem resistiu ontem e resiste bravamente com o povo\nboliviano, chileno e argentino. O momento dram\u00e1tico de tsunami do capitalismo\nneoliberal no Brasil e Am\u00e9rica AfroLat\u00cdndia exigem de n\u00f3s coragem e\nperseveran\u00e7a nas lutas de resist\u00eancia e por conquista de direitos. Os\nopressores s\u00e3o poderosos, mas contradit\u00f3rios e, por isso, t\u00eam p\u00e9s de barro\nquebradi\u00e7os. \u201cTodos os que cometem injusti\u00e7as ser\u00e3o como palha na fornalha\nacesa. E deles n\u00e3o sobraram nem ra\u00edzes e nem ramos\u201d (Malaquias, 3,19), diz o\nprofeta Malaquias.<\/p>\n\n\n\n<p><strong>Refer\u00eancia.<\/strong><\/p>\n\n\n\n<p>MARTINS,\nJos\u00e9 de Souza. <strong>O Cativeiro da Terra. <\/strong>9\u00aa edi\u00e7\u00e3o. S\u00e3o Paulo: Contexto, 2013.<\/p>\n\n\n\n<p><strong>Obs<\/strong>.: Os filmes e v\u00eddeos nos links, abaixo,\nversam sobre o assunto tratado, acima.<\/p>\n\n\n\n<p><strong>1 &#8211; De Galanga no Congo a Chico Rei em\nOuro Preto<\/strong><\/p>\n\n\n\n<figure class=\"wp-block-embed-youtube wp-block-embed is-type-video is-provider-youtube wp-embed-aspect-4-3 wp-has-aspect-ratio\"><div class=\"wp-block-embed__wrapper\">\n<div class=\"epyt-video-wrapper\"><iframe loading=\"lazy\"  id=\"_ytid_35573\"  width=\"810\" height=\"608\"  data-origwidth=\"810\" data-origheight=\"608\" src=\"https:\/\/www.youtube.com\/embed\/Brbc4WyFhQw?enablejsapi=1&#038;autoplay=0&#038;cc_load_policy=0&#038;cc_lang_pref=&#038;iv_load_policy=1&#038;loop=0&#038;rel=1&#038;fs=1&#038;playsinline=0&#038;autohide=2&#038;theme=dark&#038;color=red&#038;controls=1&#038;disablekb=0&#038;\" class=\"__youtube_prefs__  epyt-is-override  no-lazyload\" title=\"YouTube player\"  allow=\"fullscreen; accelerometer; autoplay; clipboard-write; encrypted-media; gyroscope; picture-in-picture; web-share\" referrerpolicy=\"strict-origin-when-cross-origin\" allowfullscreen data-no-lazy=\"1\" data-skipgform_ajax_framebjll=\"\"><\/iframe><\/div>\n<\/div><\/figure>\n\n\n\n<p><strong>2 &#8211; Massacre de Felisburgo: M\u00edstica\ndurante o Encontro de prepara\u00e7\u00e3o para o Plebiscito Popular em MG<\/strong><\/p>\n\n\n\n<figure class=\"wp-block-embed-youtube wp-block-embed is-type-video is-provider-youtube wp-embed-aspect-4-3 wp-has-aspect-ratio\"><div class=\"wp-block-embed__wrapper\">\n<div class=\"epyt-video-wrapper\"><iframe loading=\"lazy\"  id=\"_ytid_58981\"  width=\"810\" height=\"608\"  data-origwidth=\"810\" data-origheight=\"608\" src=\"https:\/\/www.youtube.com\/embed\/4rKx8Genmvk?enablejsapi=1&#038;autoplay=0&#038;cc_load_policy=0&#038;cc_lang_pref=&#038;iv_load_policy=1&#038;loop=0&#038;rel=1&#038;fs=1&#038;playsinline=0&#038;autohide=2&#038;theme=dark&#038;color=red&#038;controls=1&#038;disablekb=0&#038;\" class=\"__youtube_prefs__  epyt-is-override  no-lazyload\" title=\"YouTube player\"  allow=\"fullscreen; accelerometer; autoplay; clipboard-write; encrypted-media; gyroscope; picture-in-picture; web-share\" referrerpolicy=\"strict-origin-when-cross-origin\" allowfullscreen data-no-lazy=\"1\" data-skipgform_ajax_framebjll=\"\"><\/iframe><\/div>\n<\/div><\/figure>\n\n\n\n<p><strong>3\n&#8211; <\/strong><a href=\"https:\/\/www.youtube.com\/watch?v=zlooMdNqQRo\"><strong>Palavra \u00c9tica com\nJorge Rodrigues e Ma\u00edra Gomes, sobreviventes\/Massacre\/Felisburgo\/MST. 07\/11\/2012<\/strong><\/a><strong><\/strong><\/p>\n\n\n\n<figure class=\"wp-block-embed-youtube wp-block-embed is-type-video is-provider-youtube wp-embed-aspect-4-3 wp-has-aspect-ratio\"><div class=\"wp-block-embed__wrapper\">\n<div class=\"epyt-video-wrapper\"><iframe loading=\"lazy\"  id=\"_ytid_75585\"  width=\"810\" height=\"608\"  data-origwidth=\"810\" data-origheight=\"608\" src=\"https:\/\/www.youtube.com\/embed\/zlooMdNqQRo?enablejsapi=1&#038;autoplay=0&#038;cc_load_policy=0&#038;cc_lang_pref=&#038;iv_load_policy=1&#038;loop=0&#038;rel=1&#038;fs=1&#038;playsinline=0&#038;autohide=2&#038;theme=dark&#038;color=red&#038;controls=1&#038;disablekb=0&#038;\" class=\"__youtube_prefs__  epyt-is-override  no-lazyload\" title=\"YouTube player\"  allow=\"fullscreen; accelerometer; autoplay; clipboard-write; encrypted-media; gyroscope; picture-in-picture; web-share\" referrerpolicy=\"strict-origin-when-cross-origin\" allowfullscreen data-no-lazy=\"1\" data-skipgform_ajax_framebjll=\"\"><\/iframe><\/div>\n<\/div><\/figure>\n\n\n\n<p><strong>4 &#8211; Comunidade Quilombola Bra\u00e7o Forte,\nem Retomada\/Salto da Divisa, MG\/A luta pela terra\/09\/6\/2016.<\/strong><\/p>\n\n\n\n<figure class=\"wp-block-embed-youtube wp-block-embed is-type-video is-provider-youtube wp-embed-aspect-16-9 wp-has-aspect-ratio\"><div class=\"wp-block-embed__wrapper\">\n<div class=\"epyt-video-wrapper\"><iframe loading=\"lazy\"  id=\"_ytid_36404\"  width=\"810\" height=\"456\"  data-origwidth=\"810\" data-origheight=\"456\" src=\"https:\/\/www.youtube.com\/embed\/G19WGcI6fVs?enablejsapi=1&#038;autoplay=0&#038;cc_load_policy=0&#038;cc_lang_pref=&#038;iv_load_policy=1&#038;loop=0&#038;rel=1&#038;fs=1&#038;playsinline=0&#038;autohide=2&#038;theme=dark&#038;color=red&#038;controls=1&#038;disablekb=0&#038;\" class=\"__youtube_prefs__  epyt-is-override  no-lazyload\" title=\"YouTube player\"  allow=\"fullscreen; accelerometer; autoplay; clipboard-write; encrypted-media; gyroscope; picture-in-picture; web-share\" referrerpolicy=\"strict-origin-when-cross-origin\" allowfullscreen data-no-lazy=\"1\" data-skipgform_ajax_framebjll=\"\"><\/iframe><\/div>\n<\/div><\/figure>\n\n\n\n<p><strong>5 &#8211; Terras devolutas Salto da Divisa,\nMG, tem muito. Povo Sem Terra repudia opress\u00e3o a CPT. 10\/06\/2016<\/strong><\/p>\n\n\n\n<figure class=\"wp-block-embed-youtube wp-block-embed is-type-video is-provider-youtube wp-embed-aspect-16-9 wp-has-aspect-ratio\"><div class=\"wp-block-embed__wrapper\">\n<div class=\"epyt-video-wrapper\"><iframe loading=\"lazy\"  id=\"_ytid_77438\"  width=\"810\" height=\"456\"  data-origwidth=\"810\" data-origheight=\"456\" src=\"https:\/\/www.youtube.com\/embed\/D7SYgQvTB2k?enablejsapi=1&#038;autoplay=0&#038;cc_load_policy=0&#038;cc_lang_pref=&#038;iv_load_policy=1&#038;loop=0&#038;rel=1&#038;fs=1&#038;playsinline=0&#038;autohide=2&#038;theme=dark&#038;color=red&#038;controls=1&#038;disablekb=0&#038;\" class=\"__youtube_prefs__  epyt-is-override  no-lazyload\" title=\"YouTube player\"  allow=\"fullscreen; accelerometer; autoplay; clipboard-write; encrypted-media; gyroscope; picture-in-picture; web-share\" referrerpolicy=\"strict-origin-when-cross-origin\" allowfullscreen data-no-lazy=\"1\" data-skipgform_ajax_framebjll=\"\"><\/iframe><\/div>\n<\/div><\/figure>\n\n\n\n<p>Belo\nHorizonte, MG, 20\/11\/2019.<br><\/p>\n\n\n\n<hr class=\"wp-block-separator\"\/>\n\n\n\n<p><a href=\"#_ftnref1\">[1]<\/a> Frei e padre da Ordem dos\ncarmelitas; doutor em Educa\u00e7\u00e3o pela FAE\/UFMG; licenciado e bacharel em\nFilosofia pela UFPR; bacharel em Teologia pelo ITESP<strong>\/<\/strong>SP; mestre em Ci\u00eancias B\u00edblicas; assessor da CPT, CEBI, SAB e\nOcupa\u00e7\u00f5es Urbanas; prof. de \u201cMovimentos Sociais Populares e Direitos Humanos\u201d\nno IDH, em Belo Horizonte, MG. E-mail: <a href=\"mailto:gilvanderlm@gmail.com\">gilvanderlm@gmail.com<\/a> \u2013 <a href=\"http:\/\/www.gilvander.org.br\">www.gilvander.org.br<\/a> &#8211; <a href=\"http:\/\/www.freigilvander.blogspot.com.br\">www.freigilvander.blogspot.com.br<\/a>&nbsp;&nbsp;&nbsp;&nbsp;&nbsp; \u2013&nbsp;&nbsp;&nbsp;&nbsp;&nbsp;&nbsp;\n<a href=\"http:\/\/www.twitter.com\/gilvanderluis\">www.twitter.com\/gilvanderluis<\/a>&nbsp;&nbsp;&nbsp;&nbsp;&nbsp;&nbsp;&nbsp; \u2013&nbsp;&nbsp;&nbsp;&nbsp;\nFacebook: Gilvander Moreira III<\/p>\n","protected":false},"excerpt":{"rendered":"<p>Basta de escravid\u00e3o! Viva as lutas libert\u00e1rias! Por Gilvander Moreira[1] Dia 20 de novembro, dia de Zumbi dos Palmares, dia da Consci\u00eancia Negra. \u00c9 vital recordar a crueldade da escravid\u00e3o do passado e as lutas<\/p>\n","protected":false},"author":2,"featured_media":5215,"comment_status":"open","ping_status":"open","sticky":false,"template":"","format":"standard","meta":{"footnotes":""},"categories":[21,22,35,27,29,43,32,18],"tags":[],"class_list":["post-5214","post","type-post","status-publish","format-standard","has-post-thumbnail","hentry","category-artigo","category-cebs-comunidades-eclesiais-de-base","category-direitos-dos-quilombolas","category-direitos-humanos","category-movimentos-sociais-populares","category-pedagogia-emancipatoria","category-videos","category-videos-de-frei-gilvander"],"_links":{"self":[{"href":"https:\/\/gilvander.org.br\/site\/wp-json\/wp\/v2\/posts\/5214","targetHints":{"allow":["GET"]}}],"collection":[{"href":"https:\/\/gilvander.org.br\/site\/wp-json\/wp\/v2\/posts"}],"about":[{"href":"https:\/\/gilvander.org.br\/site\/wp-json\/wp\/v2\/types\/post"}],"author":[{"embeddable":true,"href":"https:\/\/gilvander.org.br\/site\/wp-json\/wp\/v2\/users\/2"}],"replies":[{"embeddable":true,"href":"https:\/\/gilvander.org.br\/site\/wp-json\/wp\/v2\/comments?post=5214"}],"version-history":[{"count":1,"href":"https:\/\/gilvander.org.br\/site\/wp-json\/wp\/v2\/posts\/5214\/revisions"}],"predecessor-version":[{"id":5216,"href":"https:\/\/gilvander.org.br\/site\/wp-json\/wp\/v2\/posts\/5214\/revisions\/5216"}],"wp:featuredmedia":[{"embeddable":true,"href":"https:\/\/gilvander.org.br\/site\/wp-json\/wp\/v2\/media\/5215"}],"wp:attachment":[{"href":"https:\/\/gilvander.org.br\/site\/wp-json\/wp\/v2\/media?parent=5214"}],"wp:term":[{"taxonomy":"category","embeddable":true,"href":"https:\/\/gilvander.org.br\/site\/wp-json\/wp\/v2\/categories?post=5214"},{"taxonomy":"post_tag","embeddable":true,"href":"https:\/\/gilvander.org.br\/site\/wp-json\/wp\/v2\/tags?post=5214"}],"curies":[{"name":"wp","href":"https:\/\/api.w.org\/{rel}","templated":true}]}}