{"id":5781,"date":"2020-03-10T15:21:28","date_gmt":"2020-03-10T18:21:28","guid":{"rendered":"http:\/\/gilvander.org.br\/site\/?p=5781"},"modified":"2020-03-10T15:21:32","modified_gmt":"2020-03-10T18:21:32","slug":"%ef%bb%bfvale-inferno-na-vida-do-povo-e-da-natureza","status":"publish","type":"post","link":"https:\/\/gilvander.org.br\/site\/%ef%bb%bfvale-inferno-na-vida-do-povo-e-da-natureza\/","title":{"rendered":"\ufeffVale: inferno na vida do povo e da natureza?"},"content":{"rendered":"\n<p><strong>Vale: inferno na vida do povo e da natureza? <\/strong>Por Gilvander Moreira<a href=\"#_ftn1\"><sup>[1]<\/sup><\/a><\/p>\n\n\n\n<figure class=\"wp-block-image is-resized\"><img loading=\"lazy\" decoding=\"async\" src=\"http:\/\/gilvander.org.br\/site\/wp-content\/uploads\/2020\/03\/Catas-Altas-minera\u00e7\u00e3o-n\u00e3o.jpg\" alt=\"\" class=\"wp-image-5782\" width=\"766\" height=\"766\" srcset=\"https:\/\/gilvander.org.br\/site\/wp-content\/uploads\/2020\/03\/Catas-Altas-minera\u00e7\u00e3o-n\u00e3o.jpg 960w, https:\/\/gilvander.org.br\/site\/wp-content\/uploads\/2020\/03\/Catas-Altas-minera\u00e7\u00e3o-n\u00e3o-150x150.jpg 150w, https:\/\/gilvander.org.br\/site\/wp-content\/uploads\/2020\/03\/Catas-Altas-minera\u00e7\u00e3o-n\u00e3o-300x300.jpg 300w, https:\/\/gilvander.org.br\/site\/wp-content\/uploads\/2020\/03\/Catas-Altas-minera\u00e7\u00e3o-n\u00e3o-768x768.jpg 768w\" sizes=\"auto, (max-width: 766px) 100vw, 766px\" \/><\/figure>\n\n\n\n<p>A realidade demonstra que a mineradora\nVale mente, engana, pressiona quem se op\u00f5e aos seus interesses, faz propaganda\nenganosa, coopta lideran\u00e7as e pol\u00edticos, coloca o Estado de joelhos diante dos\nseus interesses de acumula\u00e7\u00e3o de capital e, assim, a Vale tem sido inferno para\no povo e para a natureza. Dia 05 de mar\u00e7o de 2020, aconteceu em Catas Altas,\nMG, audi\u00eancia coordenada por representante da Secretaria Estadual de\nDesenvolvimento Ambiental (SEMAD), do Governo de Minas Gerais. Tinha sido\nanunciado que a audi\u00eancia seria para discutir a reabertura das Minas de Tamandu\u00e1\ne Almas, da mineradora Vale, mas, estranhamente, a Vale apresentou projeto de\namplia\u00e7\u00e3o da mina de S\u00e3o Luiz, do Complexo de Fazend\u00e3o. A Vale pretende expandir a cratera da mina de S\u00e3o Luiz, que passaria dos\natuais 135,71 hectares para 215,67 hectares, um aumento de 79,96 hectares.<\/p>\n\n\n\n<p>A audi\u00eancia foi um circo de horrores. A\nVale montou um circo com grande tenda, com centenas de cadeiras alugadas; na\nentrada, mo\u00e7as do cerimonial colhiam assinaturas e nomes das pessoas; seguran\u00e7as\nprivados revistavam as pessoas, com detector de metais, inclusive; mesa com saquinhos\nde lanche para quem quisesse; mesa com copos de \u00e1gua para quem quisesse; um\ngrande n\u00famero de policiais militares e seguran\u00e7as privados acompanharam a\naudi\u00eancia que, como em um \u201ccirco\u201d, foi, de fato, um espet\u00e1culo de horrores. Por\nque e para que tantos policiais e seguran\u00e7as privados? Se fosse projeto para\ngerar vida para a comunidade, n\u00e3o precisava desse temor. Entretanto, como j\u00e1\nsabem que \u00e9 projeto de morte que v\u00e3o tentar empurrar goela abaixo do povo,\nconvocam o bra\u00e7o repressor do Estado para inibir e controlar a imensa\nindigna\u00e7\u00e3o e revolta que as pessoas da comunidade sentem. Eram uns quinhentos\nparticipantes, entre os quais uns trezentos funcion\u00e1rios da Vale trazidos com o\nprop\u00f3sito de coibir questionamentos ao projeto de amplia\u00e7\u00e3o de mina.\nUniformizados, sentaram \u00e0 frente de todos. Muitos pareciam n\u00e3o saber que: a) o\nuniforme verde da Vale est\u00e1 com sangue; b) funcionam como uma m\u00e1quina de guerra\ncontra o povo, a natureza, todos os seres vivos e as pr\u00f3ximas gera\u00e7\u00f5es, pois\nv\u00e3o deixando terra arrasada por onde passam.<\/p>\n\n\n\n<p>Sob pagamento da Vale, a empresa Total\nAmbiente apresentou estudos de impacto ambiental afirmando nas entrelinhas que,\nde fato, a amplia\u00e7\u00e3o da mina de S\u00e3o Luiz causar\u00e1 uma s\u00e9rie de impactos\nsocioambientais irrevers\u00edveis: \u201c<em>na \u00e1rea\nforam cadastradas 67 nascentes<\/em>\u201d, que ser\u00e3o secadas certamente; \u201c<em>Na \u00e1rea h\u00e1 sete cavernas<\/em>\u201d, que ser\u00e3o\ndestru\u00eddas com anu\u00eancia c\u00famplice do CECAV\/ICMBio; \u201c<em>O len\u00e7ol fre\u00e1tico ser\u00e1 rebaixado<\/em>\u201d, o que secar\u00e1 in\u00fameras nascentes\nna regi\u00e3o e causar\u00e1 falta d\u2019\u00e1gua. E &nbsp;nesse\nrol de mentiras alardeadas, alegam que tudo ser\u00e1 mitigado e \u201c<em>a Vale monitorar\u00e1<\/em> &#8230;\u201d D\u00e1 nojo ouvir\nos\/as diretores\/ras da Vale tentarem defender o indefens\u00e1vel. Nem eles\nacreditam no que est\u00e3o falando. Falam, porque s\u00e3o em-pregados e para receber seus\nsal\u00e1rios e n\u00e3o serem demitidos; atuam como porta-vozes de um projeto de morte. N\u00e3o\nsentem vergonha de trabalharem em uma empresa assassina? A consci\u00eancia dos\ndiretores da Vale n\u00e3o os acusa quando colocam a cabe\u00e7a no travesseiro? \u00c9 justo\nganhar um sal\u00e1rio que custa o sangue do povo e a degrada\u00e7\u00e3o da natureza? <\/p>\n\n\n\n<p>Ao manterem em funcionamento uma m\u00e1quina\nde guerra, como a Vale, est\u00e3o desonrando os quase 300 mortos pelo crime\/trag\u00e9dia\nda Vale e do Estado em Mariana e em Brumadinho. Abusam da linguagem e agridem o\nbom senso ao dizer que \u201c<em>a Vale busca\ntrabalhar em parceria com a comunidade\u201d,<\/em> que \u201c<em>o di\u00e1logo \u00e9 o caminho<\/em>\u201d, que \u201c<em>o\nlema da Vale \u00e9 a vida em primeiro lugar<\/em>\u201d. Ouvir isso \u00e9 tr\u00e1gico e n\u00e3o apenas\nc\u00f4mico, pois a realidade demonstra exatamente o contr\u00e1rio: que o lema da Vale \u00e9\no lucro e a acumula\u00e7\u00e3o de capital a qualquer custo, que n\u00e3o dialoga, mas\nsubmete as comunidades a intermin\u00e1veis viol\u00eancias. N\u00e3o bastam as quase trezentas\npessoas assassinadas pela Vale e pelo Estado em Mariana e Brumadinho,\nsepultadas vivas? At\u00e9 quando v\u00e3o insistir em \u201cmais do mesmo\u201d? Ser\u00e1 preciso\nmatar 10 mil, 50 mil? Minerar\u00e3o at\u00e9 n\u00e3o ter mais nem uma gota d\u2019\u00e1gua para beber\nnem para viabilizar a explora\u00e7\u00e3o miner\u00e1ria?<\/p>\n\n\n\n<p>\u00c9 um absurdo a Vale e o Governo de Minas\nGerais continuarem insistindo em ampliar minera\u00e7\u00e3o em Minas Gerais. N\u00e3o podemos\ntolerar a reprodu\u00e7\u00e3o e amplia\u00e7\u00e3o desse projeto de morte que s\u00f3 produz \u201cterra\narrasada\u201d. Temos que discutir \u00e9 a redu\u00e7\u00e3o de 95% da minera\u00e7\u00e3o em Minas Gerais e\nno Brasil. Lutar por territ\u00f3rios livres de minera\u00e7\u00e3o n\u00e3o \u00e9 apenas uma utopia,\ntornou-se uma necessidade para garantir o m\u00ednimo de condi\u00e7\u00f5es objetivas de vida\npara o povo, para os seres vivos da biodiversidade e para as pr\u00f3ximas gera\u00e7\u00f5es.\nContinuar ampliando minera\u00e7\u00e3o significa cuspir no rosto de todos os m\u00e1rtires da\nVale e do Estado e pavimentar o caminho para continuar reproduzindo os crimes\ncontinuados. Em alto e bom som, v\u00e1rias pessoas humanizadas bradaram denunciando\nas a\u00e7\u00f5es da Vale, durante a audi\u00eancia controlada: \u201c<em>Basta! A Vale n\u00e3o tem car\u00e1ter<\/em>\u201d; \u201c<em>A Vale s\u00f3 mente!<\/em>\u201d; \u201c<em>O Povo\nn\u00e3o \u00e9 capacho da Vale, que espiona o povo no Morro da \u00c1gua Quente, em Catas\nAltas, MG<\/em>&#8220;; &#8220;<em>Tudo o que a\nVale fala \u00e9 mentira. A Vale est\u00e1 matando o povo do Morro da \u00c1gua Quente, em\nCatas Altas<\/em>&#8220;; &#8220;<em>Vale n\u00e3o\npode fazer em Catas Altas o que fez em Bar\u00e3o de Cocais: terror, expuls\u00e3o de\ncomunidades e morte<\/em>\u201d; \u201c<em>A Vale s\u00f3 mata<\/em>\u201d;\n&#8220;<em>Na Vale, vi trabalhador chorando\nquando percebeu o que estava fazendo<\/em>&#8220;; \u201c<em>Muitos trabalhadores da Vale est\u00e3o com depress\u00e3o<\/em>\u201d. Quem assistir\naos v\u00eddeos da Audi\u00eancia em Catas Altas, se for pessoa id\u00f4nea, humanizada,\nconcluir\u00e1 que a Vale n\u00e3o tem o direito de seguir ampliando minera\u00e7\u00e3o, pois\nsignifica ampliar a devasta\u00e7\u00e3o, os crimes e causar mortandade.<\/p>\n\n\n\n<p>&nbsp;Catas Altas \u00e9 um munic\u00edpio aben\u00e7oado, munido\nde um patrim\u00f4nio natural, paisag\u00edstico, arquitet\u00f4nico e imaterial inigual\u00e1vel! Possui,\ninclusive, diversos s\u00edtios hist\u00f3ricos e ambientais tombados e inventariados em\nn\u00edvel federal, estadual e municipal. \u00c9 l\u00e1 que est\u00e1 grande parte da Serra do\nCara\u00e7a e toda a sua biodiversidade encantadora! L\u00e1 o Santu\u00e1rio do Cara\u00e7a atesta\nh\u00e1 mais de 250 anos a dimens\u00e3o espiritual da regi\u00e3o.<\/p>\n\n\n\n<p>Os lugares onde as mineradoras se\ninstalam s\u00e3o verdadeiros para\u00edsos naturais, culturais e arqueol\u00f3gicos, mas ap\u00f3s\na sua invas\u00e3o, inicia-se um processo absurdo de usurpa\u00e7\u00e3o, que sacrifica no\naltar do deus do mercado a dignidade humana e a dignidade da m\u00e3e terra, da irm\u00e3\n\u00e1gua, da flora, da fauna e extinguem-se as condi\u00e7\u00f5es de vida para as pr\u00f3ximas\ngera\u00e7\u00f5es. O crime da Vale e do Estado tamb\u00e9m foi um atentado contra o Esp\u00edrito\ndo Deus da vida. Da perspectiva b\u00edblica e teol\u00f3gica, \u00e9 preciso recordar que\ntoda a cria\u00e7\u00e3o \u2013 os seres humanos, a fauna, a flora e os biomas &#8211; \u00e9 sagrada. A\nterra \u00e9 m\u00e3e e a \u00e1gua \u00e9 irm\u00e3. \u201c<em>\u00c1gua, fonte\nde vida<\/em>\u201d foi o lema da Campanha da Fraternidade de 2004. \u201c<em>O Esp\u00edrito de Deus est\u00e1 nas \u00e1guas<\/em>\u201d, diz\no segundo vers\u00edculo da B\u00edblia (G\u00eanesis 1,2). O Esp\u00edrito vivificador n\u00e3o apenas\npaira sobre as \u00e1guas, mas permeia e perpassa as \u00e1guas. Logo, matar as\nnascentes, os c\u00f3rregos e os rios \u00e9 cometer um pecado contra o Esp\u00edrito Santo,\npecado capital que n\u00e3o tem perd\u00e3o. Integrantes do sistema capitalista, os\nmegaprojetos de minera\u00e7\u00e3o s\u00e3o projetos sat\u00e2nicos e diab\u00f3licos, que, como o\ndrag\u00e3o do Apocalipse (Apocalipse 12), cospe fogo e devora tudo o que encontra\npela frente. Antes de serem cooptadas pelo Imp\u00e9rio Romano e pelo imperador\nConstantino, as Primeiras Comunidades Crist\u00e3s se regiam por um C\u00f3digo de \u00c9tica\nque alertava as pessoas crist\u00e3s que trabalhar em institui\u00e7\u00f5es que reproduzissem\no sistema escravocrata do imp\u00e9rio romano era algo imoral. Um crist\u00e3o n\u00e3o podia,\npor exemplo, ser soldado e nem militar do imp\u00e9rio romano, pois estaria, na\npr\u00e1tica, reproduzindo um sistema id\u00f3latra. \u00c9 \u00e9tico trabalhar para uma empresa\nque reproduz um sistema de morte? <\/p>\n\n\n\n<p>Tiro o chap\u00e9u para os\/as militantes do\nMAM (Movimento Popular pela Soberania na Minera\u00e7\u00e3o) que n\u00e3o est\u00e3o medindo\nesfor\u00e7os para estar ao lado dos povos que est\u00e3o se levantando e metendo o \u2018p\u00e9\nno barranco\u2019 para resistir contra a m\u00e1quina de triturar vidas das mineradoras.<\/p>\n\n\n\n<p>Benditos os prefeitos que se negam a\nconceder Declara\u00e7\u00e3o de Conformidade para projetos miner\u00e1rios devastadores.\nMalditos os prefeitos que continuam ajoelhados diante do poderio econ\u00f4mico e\npol\u00edtico das mineradoras lideradas pela Vale. &nbsp;Por territ\u00f3rios livres de minera\u00e7\u00e3o e da peste\nda gan\u00e2ncia, seguimos lutando. Basta de min\u00e9rio-depend\u00eancia. A vida exige\nrespeito.<\/p>\n\n\n\n<p>10\/03\/2020.<\/p>\n\n\n\n<p><strong>Obs<\/strong>.: Os v\u00eddeos nos links, abaixo, s\u00e3o registros\nfeitos durante a Audi\u00eancia P\u00fablica, em Catas Altas, MG, dia 05\/03\/2020 para\ndiscutir projeto de amplia\u00e7\u00e3o de mina da Vale no munic\u00edpio de Catas Altas.<\/p>\n\n\n\n<p><strong>1 &#8211; Vale mente e\ncomete crimes tamb\u00e9m em Catas Altas, MG. Por territ\u00f3rio Livre de Minera\u00e7\u00e3o!\nV\u00eddeo 1 &#8211; 05\/03\/2020.<\/strong><\/p>\n\n\n\n<figure class=\"wp-block-embed-youtube wp-block-embed is-type-video is-provider-youtube wp-embed-aspect-16-9 wp-has-aspect-ratio\"><div class=\"wp-block-embed__wrapper\">\n<div class=\"epyt-video-wrapper\"><iframe loading=\"lazy\"  id=\"_ytid_57330\"  width=\"810\" height=\"456\"  data-origwidth=\"810\" data-origheight=\"456\" src=\"https:\/\/www.youtube.com\/embed\/hzdbWx5eoDI?enablejsapi=1&#038;autoplay=0&#038;cc_load_policy=0&#038;cc_lang_pref=&#038;iv_load_policy=1&#038;loop=0&#038;rel=1&#038;fs=1&#038;playsinline=0&#038;autohide=2&#038;theme=dark&#038;color=red&#038;controls=1&#038;disablekb=0&#038;\" class=\"__youtube_prefs__  epyt-is-override  no-lazyload\" title=\"YouTube player\"  allow=\"fullscreen; accelerometer; autoplay; clipboard-write; encrypted-media; gyroscope; picture-in-picture; web-share\" referrerpolicy=\"strict-origin-when-cross-origin\" allowfullscreen data-no-lazy=\"1\" data-skipgform_ajax_framebjll=\"\"><\/iframe><\/div>\n<\/div><\/figure>\n\n\n\n<p><strong>2 &#8211; Verdades na cara\nda Vale. &#8220;Minera\u00e7\u00e3o nas minas Tamandu\u00e1 e Almas\/Catas Altas\/MG,\nJAMAIS!&#8221; (Sandra Vita) &#8211; V\u00eddeo 2 \u2013 05\/03\/2020.<\/strong><\/p>\n\n\n\n<figure class=\"wp-block-embed-youtube wp-block-embed is-type-video is-provider-youtube wp-embed-aspect-16-9 wp-has-aspect-ratio\"><div class=\"wp-block-embed__wrapper\">\n<div class=\"epyt-video-wrapper\"><iframe loading=\"lazy\"  id=\"_ytid_58897\"  width=\"810\" height=\"456\"  data-origwidth=\"810\" data-origheight=\"456\" src=\"https:\/\/www.youtube.com\/embed\/EvmoJN-CbFc?enablejsapi=1&#038;autoplay=0&#038;cc_load_policy=0&#038;cc_lang_pref=&#038;iv_load_policy=1&#038;loop=0&#038;rel=1&#038;fs=1&#038;playsinline=0&#038;autohide=2&#038;theme=dark&#038;color=red&#038;controls=1&#038;disablekb=0&#038;\" class=\"__youtube_prefs__  epyt-is-override  no-lazyload\" title=\"YouTube player\"  allow=\"fullscreen; accelerometer; autoplay; clipboard-write; encrypted-media; gyroscope; picture-in-picture; web-share\" referrerpolicy=\"strict-origin-when-cross-origin\" allowfullscreen data-no-lazy=\"1\" data-skipgform_ajax_framebjll=\"\"><\/iframe><\/div>\n<\/div><\/figure>\n\n\n\n<p><strong>3 &#8211; &#8220;Povo n\u00e3o \u00e9\ncapacho da Vale, que espiona o povo no Morro da \u00c1gua Quente, em Catas\nAltas\/MG&#8221;. V\u00eddeo 3 \u2013 05\/03\/2020.<\/strong><\/p>\n\n\n\n<figure class=\"wp-block-embed-youtube wp-block-embed is-type-video is-provider-youtube wp-embed-aspect-16-9 wp-has-aspect-ratio\"><div class=\"wp-block-embed__wrapper\">\n<div class=\"epyt-video-wrapper\"><iframe loading=\"lazy\"  id=\"_ytid_37278\"  width=\"810\" height=\"456\"  data-origwidth=\"810\" data-origheight=\"456\" src=\"https:\/\/www.youtube.com\/embed\/dZlbZtjY3Ms?enablejsapi=1&#038;autoplay=0&#038;cc_load_policy=0&#038;cc_lang_pref=&#038;iv_load_policy=1&#038;loop=0&#038;rel=1&#038;fs=1&#038;playsinline=0&#038;autohide=2&#038;theme=dark&#038;color=red&#038;controls=1&#038;disablekb=0&#038;\" class=\"__youtube_prefs__  epyt-is-override  no-lazyload\" title=\"YouTube player\"  allow=\"fullscreen; accelerometer; autoplay; clipboard-write; encrypted-media; gyroscope; picture-in-picture; web-share\" referrerpolicy=\"strict-origin-when-cross-origin\" allowfullscreen data-no-lazy=\"1\" data-skipgform_ajax_framebjll=\"\"><\/iframe><\/div>\n<\/div><\/figure>\n\n\n\n<p><strong>4 &#8211; &#8220;Em Catas\nAltas\/MG, por mim nem mina S\u00e3o Luiz, da Vale, n\u00e3o deveria ter&#8221; (Marta de\nFreitas). V\u00eddeo 4 \u2013 05\/03\/2020.<\/strong><\/p>\n\n\n\n<figure class=\"wp-block-embed-youtube wp-block-embed is-type-video is-provider-youtube wp-embed-aspect-16-9 wp-has-aspect-ratio\"><div class=\"wp-block-embed__wrapper\">\n<div class=\"epyt-video-wrapper\"><iframe loading=\"lazy\"  id=\"_ytid_21638\"  width=\"810\" height=\"456\"  data-origwidth=\"810\" data-origheight=\"456\" src=\"https:\/\/www.youtube.com\/embed\/c0KAAvLJoVU?enablejsapi=1&#038;autoplay=0&#038;cc_load_policy=0&#038;cc_lang_pref=&#038;iv_load_policy=1&#038;loop=0&#038;rel=1&#038;fs=1&#038;playsinline=0&#038;autohide=2&#038;theme=dark&#038;color=red&#038;controls=1&#038;disablekb=0&#038;\" class=\"__youtube_prefs__  epyt-is-override  no-lazyload\" title=\"YouTube player\"  allow=\"fullscreen; accelerometer; autoplay; clipboard-write; encrypted-media; gyroscope; picture-in-picture; web-share\" referrerpolicy=\"strict-origin-when-cross-origin\" allowfullscreen data-no-lazy=\"1\" data-skipgform_ajax_framebjll=\"\"><\/iframe><\/div>\n<\/div><\/figure>\n\n\n\n<p><strong>5 &#8211; &#8220;Tudo o que\na Vale fala \u00e9 mentira. A Vale est\u00e1 matando o povo do Morro da \u00c1gua Quente, em\nCatas Altas, MG&#8221; (Cl\u00e1udio). V\u00eddeo 5 \u2013 05\/03\/2020.<\/strong><\/p>\n\n\n\n<figure class=\"wp-block-embed-youtube wp-block-embed is-type-video is-provider-youtube wp-embed-aspect-16-9 wp-has-aspect-ratio\"><div class=\"wp-block-embed__wrapper\">\n<div class=\"epyt-video-wrapper\"><iframe loading=\"lazy\"  id=\"_ytid_23754\"  width=\"810\" height=\"456\"  data-origwidth=\"810\" data-origheight=\"456\" src=\"https:\/\/www.youtube.com\/embed\/vvE4iMoLctw?enablejsapi=1&#038;autoplay=0&#038;cc_load_policy=0&#038;cc_lang_pref=&#038;iv_load_policy=1&#038;loop=0&#038;rel=1&#038;fs=1&#038;playsinline=0&#038;autohide=2&#038;theme=dark&#038;color=red&#038;controls=1&#038;disablekb=0&#038;\" class=\"__youtube_prefs__  epyt-is-override  no-lazyload\" title=\"YouTube player\"  allow=\"fullscreen; accelerometer; autoplay; clipboard-write; encrypted-media; gyroscope; picture-in-picture; web-share\" referrerpolicy=\"strict-origin-when-cross-origin\" allowfullscreen data-no-lazy=\"1\" data-skipgform_ajax_framebjll=\"\"><\/iframe><\/div>\n<\/div><\/figure>\n\n\n\n<p><strong>6 &#8211; &#8220;Vale n\u00e3o\npode fazer em Catas Altas, MG, o que fez em Bar\u00e3o de Cocais. Basta! Vale s\u00f3\nmata\u201d. V\u00eddeo 6 \u2013 05\/03\/2020.<\/strong><\/p>\n\n\n\n<figure class=\"wp-block-embed-youtube wp-block-embed is-type-video is-provider-youtube wp-embed-aspect-16-9 wp-has-aspect-ratio\"><div class=\"wp-block-embed__wrapper\">\n<div class=\"epyt-video-wrapper\"><iframe loading=\"lazy\"  id=\"_ytid_30537\"  width=\"810\" height=\"456\"  data-origwidth=\"810\" data-origheight=\"456\" src=\"https:\/\/www.youtube.com\/embed\/CJpbpAHkGaU?enablejsapi=1&#038;autoplay=0&#038;cc_load_policy=0&#038;cc_lang_pref=&#038;iv_load_policy=1&#038;loop=0&#038;rel=1&#038;fs=1&#038;playsinline=0&#038;autohide=2&#038;theme=dark&#038;color=red&#038;controls=1&#038;disablekb=0&#038;\" class=\"__youtube_prefs__  epyt-is-override  no-lazyload\" title=\"YouTube player\"  allow=\"fullscreen; accelerometer; autoplay; clipboard-write; encrypted-media; gyroscope; picture-in-picture; web-share\" referrerpolicy=\"strict-origin-when-cross-origin\" allowfullscreen data-no-lazy=\"1\" data-skipgform_ajax_framebjll=\"\"><\/iframe><\/div>\n<\/div><\/figure>\n\n\n\n<p><strong>7 &#8211; Em Catas Altas,\nMG, &#8220;&#8230; na Vale, chorou quando viu o que estava fazendo&#8221;. Vale n\u00e3o\ntem car\u00e1ter&#8221;. V\u00eddeo 7 \u2013 05\/03\/2020.<\/strong><\/p>\n\n\n\n<figure class=\"wp-block-embed-youtube wp-block-embed is-type-video is-provider-youtube wp-embed-aspect-16-9 wp-has-aspect-ratio\"><div class=\"wp-block-embed__wrapper\">\n<div class=\"epyt-video-wrapper\"><iframe loading=\"lazy\"  id=\"_ytid_28414\"  width=\"810\" height=\"456\"  data-origwidth=\"810\" data-origheight=\"456\" src=\"https:\/\/www.youtube.com\/embed\/_qcJPVZArUY?enablejsapi=1&#038;autoplay=0&#038;cc_load_policy=0&#038;cc_lang_pref=&#038;iv_load_policy=1&#038;loop=0&#038;rel=1&#038;fs=1&#038;playsinline=0&#038;autohide=2&#038;theme=dark&#038;color=red&#038;controls=1&#038;disablekb=0&#038;\" class=\"__youtube_prefs__  epyt-is-override  no-lazyload\" title=\"YouTube player\"  allow=\"fullscreen; accelerometer; autoplay; clipboard-write; encrypted-media; gyroscope; picture-in-picture; web-share\" referrerpolicy=\"strict-origin-when-cross-origin\" allowfullscreen data-no-lazy=\"1\" data-skipgform_ajax_framebjll=\"\"><\/iframe><\/div>\n<\/div><\/figure>\n\n\n\n<p><strong>8 &#8211; &#8220;A Vale faz\nguerra &#8230;&#8221; &#8220;E o cuidado com nossa Casa Comum?&#8221; Catas Altas, MG.\nV\u00eddeo 8 &#8211; 05\/03\/2020<\/strong><\/p>\n\n\n\n<figure class=\"wp-block-embed-youtube wp-block-embed is-type-video is-provider-youtube wp-embed-aspect-16-9 wp-has-aspect-ratio\"><div class=\"wp-block-embed__wrapper\">\n<div class=\"epyt-video-wrapper\"><iframe loading=\"lazy\"  id=\"_ytid_90272\"  width=\"810\" height=\"456\"  data-origwidth=\"810\" data-origheight=\"456\" src=\"https:\/\/www.youtube.com\/embed\/1VmybJZJjXI?enablejsapi=1&#038;autoplay=0&#038;cc_load_policy=0&#038;cc_lang_pref=&#038;iv_load_policy=1&#038;loop=0&#038;rel=1&#038;fs=1&#038;playsinline=0&#038;autohide=2&#038;theme=dark&#038;color=red&#038;controls=1&#038;disablekb=0&#038;\" class=\"__youtube_prefs__  epyt-is-override  no-lazyload\" title=\"YouTube player\"  allow=\"fullscreen; accelerometer; autoplay; clipboard-write; encrypted-media; gyroscope; picture-in-picture; web-share\" referrerpolicy=\"strict-origin-when-cross-origin\" allowfullscreen data-no-lazy=\"1\" data-skipgform_ajax_framebjll=\"\"><\/iframe><\/div>\n<\/div><\/figure>\n\n\n\n<p><strong>9 &#8211; Vale, respeite a\nSerra do Cara\u00e7a! Temos que reduzir a minera\u00e7\u00e3o em 95%. Catas Altas, MG. V\u00eddeo 9\n\u2013 05\/03\/2020.<\/strong><\/p>\n\n\n\n<figure class=\"wp-block-embed-youtube wp-block-embed is-type-video is-provider-youtube wp-embed-aspect-16-9 wp-has-aspect-ratio\"><div class=\"wp-block-embed__wrapper\">\n<div class=\"epyt-video-wrapper\"><iframe loading=\"lazy\"  id=\"_ytid_49293\"  width=\"810\" height=\"456\"  data-origwidth=\"810\" data-origheight=\"456\" src=\"https:\/\/www.youtube.com\/embed\/HhBP15oXpio?enablejsapi=1&#038;autoplay=0&#038;cc_load_policy=0&#038;cc_lang_pref=&#038;iv_load_policy=1&#038;loop=0&#038;rel=1&#038;fs=1&#038;playsinline=0&#038;autohide=2&#038;theme=dark&#038;color=red&#038;controls=1&#038;disablekb=0&#038;\" class=\"__youtube_prefs__  epyt-is-override  no-lazyload\" title=\"YouTube player\"  allow=\"fullscreen; accelerometer; autoplay; clipboard-write; encrypted-media; gyroscope; picture-in-picture; web-share\" referrerpolicy=\"strict-origin-when-cross-origin\" allowfullscreen data-no-lazy=\"1\" data-skipgform_ajax_framebjll=\"\"><\/iframe><\/div>\n<\/div><\/figure>\n\n\n\n<p><strong>10 &#8211; <\/strong><strong>Vale n\u00e3o cumpre\ncondicionantes e n\u00e3o responde a perguntas das Comunidades. Catas Altas, MG.\nV\u00eddeo 10 \u2013 05\/03\/2020.<\/strong><\/p>\n\n\n\n<figure class=\"wp-block-embed-youtube wp-block-embed is-type-video is-provider-youtube wp-embed-aspect-16-9 wp-has-aspect-ratio\"><div class=\"wp-block-embed__wrapper\">\n<div class=\"epyt-video-wrapper\"><iframe loading=\"lazy\"  id=\"_ytid_33830\"  width=\"810\" height=\"456\"  data-origwidth=\"810\" data-origheight=\"456\" src=\"https:\/\/www.youtube.com\/embed\/W9CiIBuYNF0?enablejsapi=1&#038;autoplay=0&#038;cc_load_policy=0&#038;cc_lang_pref=&#038;iv_load_policy=1&#038;loop=0&#038;rel=1&#038;fs=1&#038;playsinline=0&#038;autohide=2&#038;theme=dark&#038;color=red&#038;controls=1&#038;disablekb=0&#038;\" class=\"__youtube_prefs__  epyt-is-override  no-lazyload\" title=\"YouTube player\"  allow=\"fullscreen; accelerometer; autoplay; clipboard-write; encrypted-media; gyroscope; picture-in-picture; web-share\" referrerpolicy=\"strict-origin-when-cross-origin\" allowfullscreen data-no-lazy=\"1\" data-skipgform_ajax_framebjll=\"\"><\/iframe><\/div>\n<\/div><\/figure>\n\n\n\n<p><strong>11 &#8211; <\/strong><strong>&#8220;Vale est\u00e1 de\nolho nas nossas \u00e1guas&#8221;. &#8220;\u00c9 muito grave o que a Vale fez em Catas\nAltas, MG&#8221;. V\u00eddeo 11 &#8211; 05\/03\/2020.<\/strong><\/p>\n\n\n\n<figure class=\"wp-block-embed-youtube wp-block-embed is-type-video is-provider-youtube wp-embed-aspect-16-9 wp-has-aspect-ratio\"><div class=\"wp-block-embed__wrapper\">\n<div class=\"epyt-video-wrapper\"><iframe loading=\"lazy\"  id=\"_ytid_74299\"  width=\"810\" height=\"456\"  data-origwidth=\"810\" data-origheight=\"456\" src=\"https:\/\/www.youtube.com\/embed\/DhGTdMll8HQ?enablejsapi=1&#038;autoplay=0&#038;cc_load_policy=0&#038;cc_lang_pref=&#038;iv_load_policy=1&#038;loop=0&#038;rel=1&#038;fs=1&#038;playsinline=0&#038;autohide=2&#038;theme=dark&#038;color=red&#038;controls=1&#038;disablekb=0&#038;\" class=\"__youtube_prefs__  epyt-is-override  no-lazyload\" title=\"YouTube player\"  allow=\"fullscreen; accelerometer; autoplay; clipboard-write; encrypted-media; gyroscope; picture-in-picture; web-share\" referrerpolicy=\"strict-origin-when-cross-origin\" allowfullscreen data-no-lazy=\"1\" data-skipgform_ajax_framebjll=\"\"><\/iframe><\/div>\n<\/div><\/figure>\n\n\n\n<hr class=\"wp-block-separator\"\/>\n\n\n\n<p><a href=\"#_ftnref1\">[1]<\/a> Frei e padre da Ordem dos\ncarmelitas; doutor em Educa\u00e7\u00e3o pela FAE\/UFMG; licenciado e bacharel em\nFilosofia pela UFPR; bacharel em Teologia pelo ITESP\/SP; mestre em Exegese\nB\u00edblica pelo Pontif\u00edcio Instituto B\u00edblico, em Roma, It\u00e1lia; assessor da CPT,\nCEBI, SAB e Ocupa\u00e7\u00f5es Urbanas; prof. de \u201cMovimentos Sociais Populares e\nDireitos Humanos\u201d no IDH, em Belo Horizonte, MG. E-mail:&nbsp;<a href=\"mailto:gilvanderlm@gmail.com\">gilvanderlm@gmail.com<\/a>&nbsp;\u2013&nbsp;<a href=\"http:\/\/www.gilvander.org.br\/\">www.gilvander.org.br<\/a>&nbsp;\u2013&nbsp;<a href=\"http:\/\/www.freigilvander.blogspot.com.br\/\">www.freigilvander.blogspot.com.br<\/a>&nbsp;&nbsp;&nbsp;&nbsp;&nbsp;\n\u2013&nbsp;&nbsp;&nbsp;&nbsp;&nbsp;&nbsp;&nbsp;<a href=\"http:\/\/www.twitter.com\/gilvanderluis\">www.twitter.com\/gilvanderluis<\/a>&nbsp;&nbsp;&nbsp;&nbsp;&nbsp;&nbsp;&nbsp;\n\u2013&nbsp;&nbsp; &nbsp;&nbsp;Facebook: Gilvander Moreira III<\/p>\n","protected":false},"excerpt":{"rendered":"<p>Vale: inferno na vida do povo e da natureza? Por Gilvander Moreira[1] A realidade demonstra que a mineradora Vale mente, engana, pressiona quem se op\u00f5e aos seus interesses, faz propaganda enganosa, coopta lideran\u00e7as e pol\u00edticos,<\/p>\n","protected":false},"author":2,"featured_media":5783,"comment_status":"open","ping_status":"open","sticky":false,"template":"","format":"standard","meta":{"footnotes":""},"categories":[21,47,40,46,44,38,49,27,30,28,25,56,29,43,26,32,18],"tags":[],"class_list":["post-5781","post","type-post","status-publish","format-standard","has-post-thumbnail","hentry","category-artigo","category-direito-a-agua","category-direito-a-cidade","category-direito-a-cultura-popular","category-direito-a-memoria","category-direito-a-saude","category-direito-a-terra","category-direitos-humanos","category-fe-e-politica","category-luta-pela-moradia","category-luta-pela-terra-e-reforma-agraria","category-meio-ambiente","category-movimentos-sociais-populares","category-pedagogia-emancipatoria","category-teologia-da-libertacao","category-videos","category-videos-de-frei-gilvander"],"_links":{"self":[{"href":"https:\/\/gilvander.org.br\/site\/wp-json\/wp\/v2\/posts\/5781","targetHints":{"allow":["GET"]}}],"collection":[{"href":"https:\/\/gilvander.org.br\/site\/wp-json\/wp\/v2\/posts"}],"about":[{"href":"https:\/\/gilvander.org.br\/site\/wp-json\/wp\/v2\/types\/post"}],"author":[{"embeddable":true,"href":"https:\/\/gilvander.org.br\/site\/wp-json\/wp\/v2\/users\/2"}],"replies":[{"embeddable":true,"href":"https:\/\/gilvander.org.br\/site\/wp-json\/wp\/v2\/comments?post=5781"}],"version-history":[{"count":1,"href":"https:\/\/gilvander.org.br\/site\/wp-json\/wp\/v2\/posts\/5781\/revisions"}],"predecessor-version":[{"id":5784,"href":"https:\/\/gilvander.org.br\/site\/wp-json\/wp\/v2\/posts\/5781\/revisions\/5784"}],"wp:featuredmedia":[{"embeddable":true,"href":"https:\/\/gilvander.org.br\/site\/wp-json\/wp\/v2\/media\/5783"}],"wp:attachment":[{"href":"https:\/\/gilvander.org.br\/site\/wp-json\/wp\/v2\/media?parent=5781"}],"wp:term":[{"taxonomy":"category","embeddable":true,"href":"https:\/\/gilvander.org.br\/site\/wp-json\/wp\/v2\/categories?post=5781"},{"taxonomy":"post_tag","embeddable":true,"href":"https:\/\/gilvander.org.br\/site\/wp-json\/wp\/v2\/tags?post=5781"}],"curies":[{"name":"wp","href":"https:\/\/api.w.org\/{rel}","templated":true}]}}