{"id":6981,"date":"2020-06-09T15:46:48","date_gmt":"2020-06-09T18:46:48","guid":{"rendered":"http:\/\/gilvander.org.br\/site\/?p=6981"},"modified":"2020-06-12T09:56:23","modified_gmt":"2020-06-12T12:56:23","slug":"inibir-lutas-necessarias-e-erro-politico-grave-por-frei-gilvander","status":"publish","type":"post","link":"https:\/\/gilvander.org.br\/site\/inibir-lutas-necessarias-e-erro-politico-grave-por-frei-gilvander\/","title":{"rendered":"Inibir lutas necess\u00e1rias \u00e9 erro pol\u00edtico grave. Por frei Gilvander"},"content":{"rendered":"\n<p><strong>Inibir lutas necess\u00e1rias \u00e9 erro pol\u00edtico grave. <\/strong>Por Gilvander Moreira<a href=\"#_ftn1\"><sup>[1]<\/sup><\/a><\/p>\n\n\n\n<figure class=\"wp-block-image is-resized\"><img loading=\"lazy\" decoding=\"async\" src=\"http:\/\/gilvander.org.br\/site\/wp-content\/uploads\/2020\/06\/Democracia-7-de-junho-1024x492.jpeg\" alt=\"\" class=\"wp-image-6982\" width=\"518\" height=\"249\" srcset=\"https:\/\/gilvander.org.br\/site\/wp-content\/uploads\/2020\/06\/Democracia-7-de-junho-1024x492.jpeg 1024w, https:\/\/gilvander.org.br\/site\/wp-content\/uploads\/2020\/06\/Democracia-7-de-junho-300x144.jpeg 300w, https:\/\/gilvander.org.br\/site\/wp-content\/uploads\/2020\/06\/Democracia-7-de-junho-768x369.jpeg 768w, https:\/\/gilvander.org.br\/site\/wp-content\/uploads\/2020\/06\/Democracia-7-de-junho.jpeg 1250w\" sizes=\"auto, (max-width: 518px) 100vw, 518px\" \/><figcaption>Manifesta\u00e7\u00e3o em Bras\u00edlia, dia 07\/6\/2020. Foto: Reprodu\u00e7\u00e3o\/Twitter\/George Marques<br> &nbsp; <\/figcaption><\/figure>\n\n\n\n<p>O dia 07 de junho de 2020, um domingo, poder\u00e1 entrar para a hist\u00f3ria do povo brasileiro como o dia do in\u00edcio das lutas massivas e organizadas que puseram fim ao desgoverno federal de Jair Bolsonaro genocida, ao fascismo, ao racismo e \u00e0 engrenagem capitalista superexploradora, machista, homof\u00f3bica, ecocida, etnocida e antiecol\u00f3gica. Houve lindas e inspiradoras manifesta\u00e7\u00f5es populares em vinte capitais. Lutas por: \u201cFora Bolsonaro, em defesa da Democracia e pelo resgate de todos os direitos sociais, trabalhistas e ambientais\u201d; \u201cFora fascistas\u201d, \u201cBasta de Racismo e de viol\u00eancia contra as juventudes negras e da periferia\u201d; tudo isso foi ouvido dia 7 de junho em alto e bom som pa\u00eds afora. Gritos de luta irradiaram energia revolucion\u00e1ria e a marcaram para sempre, tais como: \u201cRecua, Fascista, \u00e9 o Poder Popular que T\u00e1 na Rua\u201d; \u201cTerrorista \u00e9 quem tem Gabinete do \u00d3dio\u201d; \u201cO Diabo Veste Farda\u201d; \u201cEu n\u00e3o Consigo Respirar\u201d ou \u201cEi, Burgueses, a Culpa \u00e9 de voc\u00eas\u201d; \u201cNenhum passo atr\u00e1s, ditadura nunca mais!\u201d; \u201cVidas Negras Importam!\u201d; \u201cDemocracia!\u201d &#8230;<\/p>\n\n\n\n<p>Nos dias anteriores a 7 de junho, fiquei\nindignado ao ver e ouvir lideran\u00e7as que se dizem de esquerda com discursos\nrasos inibindo o povo de ir para as ruas lutar por direitos. Alegavam riscos de\ncont\u00e1gio pelo novo coronav\u00edrus, risco de apanhar da pol\u00edcia, risco do\nantipresidente usar as manifesta\u00e7\u00f5es como pretexto para \u201cn\u00e3o deixar a\ndemocracia respirar\u201d. Uns alegando que \u201cn\u00e3o queremos mais m\u00e1rtires\u201d. Enfim, tentando\nmeter medo no povo e inibir a ida \u00e0s ruas para as lutas t\u00e3o necess\u00e1rias e\nurgentes. \u00c9 triste ver que h\u00e1 lideran\u00e7as que j\u00e1 erraram tanto e que seguem\nrepetindo os erros, o que traz como consequ\u00eancia o descr\u00e9dito do povo que acaba\npor se enfiar debaixo do espinheiro que \u00e9 um desgoverno fascista. N\u00e3o \u00e9 apenas\nilus\u00e3o, mas erro pol\u00edtico grave acreditar em \u201cbananeira que j\u00e1 deu cacho\u201d. As\nlideran\u00e7as devem ir aonde o povo est\u00e1. O povo se antecipou e foi para as ruas,\nchama para as ruas, lugar onde historicamente se decidem os rumos de suas\nvidas. <\/p>\n\n\n\n<p>\u00c9 muito suspeito o discurso que diz\n&#8220;n\u00e3o queremos mais m\u00e1rtires&#8221;. Ouvi muito esta cantilena no meio de\nquem \u00e9 da classe alta, da elite ou da pequena burguesia (classe m\u00e9dia), mas que\ndizem ter boas inten\u00e7\u00f5es e pr\u00e1ticas assistenciais. J\u00e1 ouvi muito \u201cn\u00e3o queremos\nmais m\u00e1rtires\u201d na boca de pessoas com an\u00e1lises moderadas e posturas pol\u00edticas moderadas.\nDe forma n\u00e3o confessada quem diz assim tem a ilus\u00e3o de que apenas com elei\u00e7\u00f5es\ne negocia\u00e7\u00f5es institucionais conquistaremos a supera\u00e7\u00e3o do capitalismo, essa\nm\u00e1quina de moer vidas, com todas as suas formas de matar. Ali\u00e1s, toda pessoa\ncrist\u00e3 \u00e9 disc\u00edpula de um m\u00e1rtir: Jesus Cristo, martirizado pelo conluio dos\npodres poderes da pol\u00edtica, da economia e da religi\u00e3o. Quem \u00e9 de esquerda \u00e9\ndisc\u00edpulo de Che Guevara, Rosa Luxemburgo e tantos outros camaradas\nmartirizados pelos opressores. Dom Pedro Casald\u00e1liga disse mil vezes: \u201cFeliz de\num povo que n\u00e3o esquece e honra seus m\u00e1rtires\u201d. N\u00e3o \u00e9 poss\u00edvel acontecer\nressurrei\u00e7\u00e3o sem passar pela sexta-feira da paix\u00e3o. As primeiras comunidades\ncrist\u00e3s tamb\u00e9m tiveram que recha\u00e7ar os que queriam s\u00f3 uma teologia da gl\u00f3ria\nque negava o Jesus Cristo Crucificado. Em uma sociedade capitalista organizada\npara reproduzir a desigualdade social n\u00e3o acontecem mudan\u00e7as profundas sem\nm\u00e1rtires. \u00c9 duro, mas \u00e9 a realidade. Como nos resguardar dizendo n\u00e3o querer\nnovos m\u00e1rtires se o mart\u00edrio est\u00e1 sendo o cotidiano do povo negro, do povo\nind\u00edgena, de mulheres e de toda classe superexplorada deste pa\u00eds? Como honrar os\nmilhares de m\u00e1rtires da pandemia da Covid-19, resultado do descaso com a sa\u00fade\np\u00fablica que o desgoverno Bolsonaro e a necropol\u00edtica agravam cotidianamente? E\nquem mais est\u00e1 morrendo? Lembremo-nos de \u201cum hino de luta\u201d: \u201cA Carne\u201d, m\u00fasica\ncantada lindamente por Elza Soares, de autoria de Marcelo Yuka, Seu Jorge e Ulisses\nCappelletti.<\/p>\n\n\n\n<p style=\"text-align:center\">(&#8230;) \u201c<em>De algum antepassado da cor<br>\nBrigar sutilmente por respeito<br>\nBrigar bravamente por respeito<br>\nBrigar por justi\u00e7a e por respeito (Pode acreditar)<\/em><\/p>\n\n\n\n<p style=\"text-align:center\"><em>De algum antepassado da cor<br>\nBrigar, brigar, brigar, brigar, brigar<br>\nSe liga a\u00ed<\/em><\/p>\n\n\n\n<p style=\"text-align:center\"><em>A carne mais barata do mercado \u00e9 a carne negra<br>\nNa cara dura, s\u00f3 cego que n\u00e3o v\u00ea<br>\nA carne mais barata do mercado \u00e9 a carne negra<\/em>\u201d (&#8230;)<\/p>\n\n\n\n<p>Por posturas que n\u00e3o v\u00e3o al\u00e9m de\npol\u00edticas compensat\u00f3rias, n\u00e3o apenas desconfio, mas tenho certeza de que diante\nde tanta superexplora\u00e7\u00e3o, os\/as moderados\/as est\u00e3o sendo c\u00famplices da\nreprodu\u00e7\u00e3o da viol\u00eancia estrutural e da superexplora\u00e7\u00e3o. Em uma sociedade\ndesigual, os omissos n\u00e3o s\u00e3o apenas omissos, s\u00e3o c\u00famplices e coniventes com os\nsistemas opressivos. Quem fica na ina\u00e7\u00e3o \u201cesperando o momento prop\u00edcio, sem\nriscos\u201d, pela omiss\u00e3o, faz a pior \u201ca\u00e7\u00e3o\u201d: se torna c\u00famplice da reprodu\u00e7\u00e3o da\nviol\u00eancia. \u00c9 grande ilus\u00e3o pensar que \u00e9 poss\u00edvel lutar por direitos sem correr\nriscos. Imposs\u00edvel conquistar a supera\u00e7\u00e3o do sistema de morte sem lutas\narriscadas. Antigamente, as pessoas que inibem lutas por direitos eram chamadas\nde \u201cpelegas\u201d, as que amortecem a fric\u00e7\u00e3o da luta de classe, em analogia ao couro\ncolocado sobre os arreios para tornar o assento\ndo cavaleiro confort\u00e1vel. Sem lutas massivas e arrojadas n\u00e3o acontecer\u00e1\na supera\u00e7\u00e3o do autoritarismo e de todas as viol\u00eancias estruturais. S\u00f3 posturas\ninstitucionais ser\u00e3o sempre t\u00edmidas e paliativas. O fascismo e o nazismo\ncresceram na Europa gra\u00e7as tamb\u00e9m a posturas conciliadoras de partidos e\nmovimentos sociais que ficavam com excesso de cautela. Em meus trinta anos de\nluta por direitos sociais, nunca vi nenhuma conquista de direitos acontecer sem\nlutas arrojadas. Ao contr\u00e1rio, j\u00e1 vi muitas posturas moderadas atrapalharem\nmuito as lutas. Uma lideran\u00e7a popular que se diz de esquerda n\u00e3o tem o direito\nde inibir lutas, pois quem inibe lutas necess\u00e1rias por direitos est\u00e1 jogando ao\nlado dos opressores. Basta de posturas moderadas! S\u00e3o c\u00famplices de opress\u00e3o,\nrepito. Manter todas as precau\u00e7\u00f5es para n\u00e3o se contaminar com o novo\ncoronav\u00edrus, sim, \u00e9 necess\u00e1rio, mas jamais deixar de lutar por todos os\ndireitos com organiza\u00e7\u00e3o e afinco. Enfim, sem lutas massivas e arrojadas nas\nruas e em todos os cantos e recantos, nas periferias e na floresta, quem\ncontinuar\u00e1 sendo martirizado \u00e9 o pov\u00e3o, a m\u00e3e Terra, os biomas e toda a\nbiodiversidade. <\/p>\n\n\n\n<p>Leia o que diz Darcila Rodrigues, mulher negra e lutadora: \u201c\u00c9 dif\u00edcil respirar, principalmente quando o relato de grande parte do povo, insiste em se calcar na \u00f3tica da classe m\u00e9dia. Dia 06 de junho \u00faltimo, ouvi diversos &#8220;conselhos&#8221; para que o povo n\u00e3o sa\u00edsse \u00e0s ruas sob o pretexto de prote\u00e7\u00e3o contra a pandemia do novo coronav\u00edrus. No entanto, o povo j\u00e1 foi obrigado a ir para as ruas para trabalhar e a levar o v\u00edrus para suas casas e comunidades.\u00a0 S\u00f3 a classe m\u00e9dia e alta pode, de fato, fazer quarentena. O povo tem sido empurrado para se aglomerar nos \u00f4nibus coletivos e metr\u00f4s, porque est\u00e1 sendo obrigado a ir trabalhar para produzir principalmente para os empres\u00e1rios. O povo, j\u00e1 t\u00e3o violentado, tem sido atra\u00eddo para se aglomerar nas portas da Caixa Econ\u00f4mica Federal para receber uma migalha de aux\u00edlio emergencial de 600 reais, que para milh\u00f5es de pessoas n\u00e3o chega. Ir \u00e0s ruas no dia 7 de junho, n\u00e3o foi um gesto suicida, foi um gesto de dignidade, um pouco\u00a0 do que ainda resta\u00a0 para aquela parte do povo que sabe o que \u00e9 luta, o que \u00e9 dor, fome, injusti\u00e7as e sente no pr\u00f3prio corpo a necessidade de conquistar direitos. Esta mesma parcela do povo que tem sua for\u00e7a ancorada na esperan\u00e7a de que um dia possa respirar, pois a cada dia de nossas vidas nos tiram o ar pisando no nosso pesco\u00e7o de muitas formas. Tristemente s\u00f3 compreende isso quem de fato sofre, pois os alienados que se entendem por classe m\u00e9dia, mesmo tendo um p\u00e9 depositado em sua jugular,\u00a0 j\u00e1 se adaptaram ao ar rarefeito, a uma vida limitada de ar e de sonhos. Pensam s\u00f3 em sobreviver.\u201d<\/p>\n\n\n\n<p>Margarida Alves, martirizada a mando de\nlatifundi\u00e1rios da monocultura da cana de a\u00e7\u00facar, dizia sempre: \u201c\u00c9 melhor morrer\nna luta do que morrer de fome\u201d. O sangue de George Floyd, de Jo\u00e3o Pedro, do\nmenino Miguel, dos milhares de brasileiros\/as que est\u00e3o sendo mortos de mil\nformas pela necropol\u00edtica reinante precisa continuar circulando nas nossas\nart\u00e9rias, suas vozes devem se expressar agora e sempre por meio daquelas e\ndaqueles que se comprometem com as lutas pela supera\u00e7\u00e3o do sistema do capital,\nisso para adiarmos o fim do mundo. <\/p>\n\n\n\n<p>Observando todas as medidas de seguran\u00e7a\npara evitar o cont\u00e1gio do novo coronav\u00edrus, o povo deve, sim, seguir se\nmanifestando com coragem e compromisso at\u00e9 depois de conseguir a derrubada\ndeste desgoverno genocida e a implementa\u00e7\u00e3o de outro governo justo\neconomicamente, democr\u00e1tico politicamente, solid\u00e1rio socialmente, respons\u00e1vel\nambientalmente e respeitador da diversidade cultural presente no nosso pa\u00eds.\nEnfim, inibir lutas necess\u00e1rias \u00e9 um grave erro pol\u00edtico, pois \u201cas m\u00e3es negras\nn\u00e3o aguentam mais chorar. Chega!\u201d. \u201cEnquanto houver opress\u00e3o e repress\u00e3o haver\u00e1\nluta!\u201d \u201cQuantos outros n\u00e3o foram filmados?\u201d Em v\u00e1rios pontos do planeta Terra\neste grito marcou definitivamente as manifesta\u00e7\u00f5es antifascistas de junho de\n2020: \u201cVidas Negras Importam!\u201d<a href=\"#_ftn2\">[2]<\/a> <\/p>\n\n\n\n<p>09\/6\/2020.<\/p>\n\n\n\n<p><strong>Obs<\/strong>.: Os v\u00eddeos nos links, abaixo, ilustram o\nassunto tratado acima.<\/p>\n\n\n\n<p><strong>1 &#8211; <\/strong><\/p>\n\n\n\n<p><strong>1\n\u2013 Gente que Luta &#8211; Jornada pela Democracia e pela Vida, contra o Racismo e o\nFascismo<\/strong><\/p>\n\n\n\n<figure class=\"wp-block-embed-youtube wp-block-embed is-type-video is-provider-youtube wp-embed-aspect-16-9 wp-has-aspect-ratio\"><div class=\"wp-block-embed__wrapper\">\n<div class=\"epyt-video-wrapper\"><iframe loading=\"lazy\"  id=\"_ytid_28510\"  width=\"810\" height=\"456\"  data-origwidth=\"810\" data-origheight=\"456\" src=\"https:\/\/www.youtube.com\/embed\/mk7oa1djDwY?enablejsapi=1&#038;autoplay=0&#038;cc_load_policy=0&#038;cc_lang_pref=&#038;iv_load_policy=1&#038;loop=0&#038;rel=1&#038;fs=1&#038;playsinline=0&#038;autohide=2&#038;theme=dark&#038;color=red&#038;controls=1&#038;disablekb=0&#038;\" class=\"__youtube_prefs__  epyt-is-override  no-lazyload\" title=\"YouTube player\"  allow=\"fullscreen; accelerometer; autoplay; clipboard-write; encrypted-media; gyroscope; picture-in-picture; web-share\" referrerpolicy=\"strict-origin-when-cross-origin\" allowfullscreen data-no-lazy=\"1\" data-skipgform_ajax_framebjll=\"\"><\/iframe><\/div>\n<\/div><\/figure>\n\n\n\n<p><strong>2 &#8211; Domingo no Brasil \u00e9 marcado por protestos em 20 capitais<\/strong><\/p>\n\n\n\n<p><a href=\"https:\/\/g1.globo.com\/fantastico\/noticia\/2020\/06\/07\/domingo-no-brasil-e-marcado-por-protestos-em-20-capitais.ghtml\">https:\/\/g1.globo.com\/fantastico\/noticia\/2020\/06\/07\/domingo-no-brasil-e-marcado-por-protestos-em-20-capitais.ghtml<\/a><\/p>\n\n\n\n<p><strong>3 &#8211; <\/strong><a href=\"https:\/\/www.youtube.com\/results?search_query=%23Caf%C3%A9ComBoulos\"><strong>#Caf\u00e9ComBoulos<\/strong><\/a><strong>&nbsp;| Por que fui \u00e0s ruas neste domingo?<\/strong><\/p>\n\n\n\n<figure class=\"wp-block-embed-youtube wp-block-embed is-type-video is-provider-youtube wp-embed-aspect-16-9 wp-has-aspect-ratio\"><div class=\"wp-block-embed__wrapper\">\n<div class=\"epyt-video-wrapper\"><iframe loading=\"lazy\"  id=\"_ytid_79645\"  width=\"810\" height=\"456\"  data-origwidth=\"810\" data-origheight=\"456\" src=\"https:\/\/www.youtube.com\/embed\/ZqD3rKWhHqM?enablejsapi=1&#038;autoplay=0&#038;cc_load_policy=0&#038;cc_lang_pref=&#038;iv_load_policy=1&#038;loop=0&#038;rel=1&#038;fs=1&#038;playsinline=0&#038;autohide=2&#038;theme=dark&#038;color=red&#038;controls=1&#038;disablekb=0&#038;\" class=\"__youtube_prefs__  epyt-is-override  no-lazyload\" title=\"YouTube player\"  allow=\"fullscreen; accelerometer; autoplay; clipboard-write; encrypted-media; gyroscope; picture-in-picture; web-share\" referrerpolicy=\"strict-origin-when-cross-origin\" allowfullscreen data-no-lazy=\"1\" data-skipgform_ajax_framebjll=\"\"><\/iframe><\/div>\n<\/div><\/figure>\n\n\n\n<p><strong>4 &#8211; FOMOS \u00c0S RUAS E O MUNDO N\u00c3O SE ACABOU<\/strong><\/p>\n\n\n\n<figure class=\"wp-block-embed-youtube wp-block-embed is-type-video is-provider-youtube wp-embed-aspect-16-9 wp-has-aspect-ratio\"><div class=\"wp-block-embed__wrapper\">\n<div class=\"epyt-video-wrapper\"><iframe loading=\"lazy\"  id=\"_ytid_50315\"  width=\"810\" height=\"456\"  data-origwidth=\"810\" data-origheight=\"456\" src=\"https:\/\/www.youtube.com\/embed\/Fi616_gUYYY?enablejsapi=1&#038;autoplay=0&#038;cc_load_policy=0&#038;cc_lang_pref=&#038;iv_load_policy=1&#038;loop=0&#038;rel=1&#038;fs=1&#038;playsinline=0&#038;autohide=2&#038;theme=dark&#038;color=red&#038;controls=1&#038;disablekb=0&#038;\" class=\"__youtube_prefs__  epyt-is-override  no-lazyload\" title=\"YouTube player\"  allow=\"fullscreen; accelerometer; autoplay; clipboard-write; encrypted-media; gyroscope; picture-in-picture; web-share\" referrerpolicy=\"strict-origin-when-cross-origin\" allowfullscreen data-no-lazy=\"1\" data-skipgform_ajax_framebjll=\"\"><\/iframe><\/div>\n<\/div><\/figure>\n\n\n\n<p><strong>5 &#8211; Roda de conversa entre Leonardo P\u00e9ricles, da UP, e Glauber Braga<\/strong><\/p>\n\n\n\n<figure class=\"wp-block-embed-facebook wp-block-embed is-type-video is-provider-facebook\"><div class=\"wp-block-embed__wrapper\">\n<div id=\"fb-root\"><\/div><script async=\"1\" defer=\"1\" crossorigin=\"anonymous\" src=\"https:\/\/connect.facebook.net\/en_US\/sdk.js#xfbml=1&amp;version=v7.0\" nonce=\"zNptHoH6\"><\/script><div class=\"fb-video\" data-href=\"https:\/\/www.facebook.com\/glauber.braga1\/videos\/249770643116349\/UzpfSTE0MzY2NjQxMjMyODM3NTY6MjYyNTMxNTAwNzc1MTk4OQ\/?q=glauber%20braga&amp;epa=SEARCH_BOX\" data-width=\"810\"><blockquote cite=\"https:\/\/www.facebook.com\/glauber.braga1\/videos\/249770643116349\/\" class=\"fb-xfbml-parse-ignore\"><a href=\"https:\/\/www.facebook.com\/glauber.braga1\/videos\/249770643116349\/\">RODA DE CONVERSA<\/a><p>Hoje recebemos Leonardo P\u00e9ricles, Presidente Nacional da UP.<\/p>Posted by <a href=\"https:\/\/www.facebook.com\/glauber.braga1\/\">Glauber Braga<\/a> on Monday, June 8, 2020<\/blockquote><\/div>\n<\/div><\/figure>\n\n\n\n<hr class=\"wp-block-separator\"\/>\n\n\n\n<p><a href=\"#_ftnref1\">[1]<\/a> Frei e\npadre da Ordem dos carmelitas; doutor em Educa\u00e7\u00e3o pela FAE\/UFMG; licenciado e\nbacharel em Filosofia pela UFPR; bacharel em Teologia pelo ITESP\/SP; mestre em\nExegese B\u00edblica pelo Pontif\u00edcio Instituto B\u00edblico, em Roma, It\u00e1lia; assessor da\nCPT, CEBI, SAB e Ocupa\u00e7\u00f5es Urbanas; prof. de \u201cMovimentos Sociais Populares e\nDireitos Humanos\u201d no IDH, em Belo Horizonte, MG. E-mail:&nbsp;<a href=\"mailto:gilvanderlm@gmail.com\">gilvanderlm@gmail.com<\/a>&nbsp;\u2013&nbsp;<a href=\"http:\/\/www.gilvander.org.br\/\">www.gilvander.org.br<\/a>&nbsp;\u2013&nbsp;<a href=\"http:\/\/www.freigilvander.blogspot.com.br\/\">www.freigilvander.blogspot.com.br<\/a>&nbsp;&nbsp;&nbsp;&nbsp;&nbsp;\n\u2013&nbsp;&nbsp;&nbsp;&nbsp;&nbsp;&nbsp;&nbsp;<a href=\"http:\/\/www.twitter.com\/gilvanderluis\">www.twitter.com\/gilvanderluis<\/a>&nbsp;&nbsp;&nbsp;&nbsp;&nbsp;&nbsp;&nbsp;\n\u2013&nbsp;&nbsp; &nbsp;&nbsp;Facebook: Gilvander Moreira III<\/p>\n\n\n\n<p><a href=\"#_ftnref2\">[2]<\/a> Gratid\u00e3o \u00e0 Carmem Imaculada de Brito, que fez a\nrevis\u00e3o deste texto.<\/p>\n","protected":false},"excerpt":{"rendered":"<p>Inibir lutas necess\u00e1rias \u00e9 erro pol\u00edtico grave. Por Gilvander Moreira[1] O dia 07 de junho de 2020, um domingo, poder\u00e1 entrar para a hist\u00f3ria do povo brasileiro como o dia do in\u00edcio das lutas massivas<\/p>\n","protected":false},"author":2,"featured_media":6982,"comment_status":"open","ping_status":"open","sticky":false,"template":"","format":"standard","meta":{"footnotes":""},"categories":[21,40,44,38,49,48,39,35,27,30,25,56,29,43,26,32],"tags":[],"class_list":["post-6981","post","type-post","status-publish","format-standard","has-post-thumbnail","hentry","category-artigo","category-direito-a-cidade","category-direito-a-memoria","category-direito-a-saude","category-direito-a-terra","category-direitos-das-mulheres","category-direitos-dos-povos-indigenas","category-direitos-dos-quilombolas","category-direitos-humanos","category-fe-e-politica","category-luta-pela-terra-e-reforma-agraria","category-meio-ambiente","category-movimentos-sociais-populares","category-pedagogia-emancipatoria","category-teologia-da-libertacao","category-videos"],"_links":{"self":[{"href":"https:\/\/gilvander.org.br\/site\/wp-json\/wp\/v2\/posts\/6981","targetHints":{"allow":["GET"]}}],"collection":[{"href":"https:\/\/gilvander.org.br\/site\/wp-json\/wp\/v2\/posts"}],"about":[{"href":"https:\/\/gilvander.org.br\/site\/wp-json\/wp\/v2\/types\/post"}],"author":[{"embeddable":true,"href":"https:\/\/gilvander.org.br\/site\/wp-json\/wp\/v2\/users\/2"}],"replies":[{"embeddable":true,"href":"https:\/\/gilvander.org.br\/site\/wp-json\/wp\/v2\/comments?post=6981"}],"version-history":[{"count":5,"href":"https:\/\/gilvander.org.br\/site\/wp-json\/wp\/v2\/posts\/6981\/revisions"}],"predecessor-version":[{"id":7035,"href":"https:\/\/gilvander.org.br\/site\/wp-json\/wp\/v2\/posts\/6981\/revisions\/7035"}],"wp:featuredmedia":[{"embeddable":true,"href":"https:\/\/gilvander.org.br\/site\/wp-json\/wp\/v2\/media\/6982"}],"wp:attachment":[{"href":"https:\/\/gilvander.org.br\/site\/wp-json\/wp\/v2\/media?parent=6981"}],"wp:term":[{"taxonomy":"category","embeddable":true,"href":"https:\/\/gilvander.org.br\/site\/wp-json\/wp\/v2\/categories?post=6981"},{"taxonomy":"post_tag","embeddable":true,"href":"https:\/\/gilvander.org.br\/site\/wp-json\/wp\/v2\/tags?post=6981"}],"curies":[{"name":"wp","href":"https:\/\/api.w.org\/{rel}","templated":true}]}}