{"id":7166,"date":"2020-06-23T09:48:13","date_gmt":"2020-06-23T12:48:13","guid":{"rendered":"http:\/\/gilvander.org.br\/site\/?p=7166"},"modified":"2020-06-23T09:48:18","modified_gmt":"2020-06-23T12:48:18","slug":"papa-francisco-injustica-socioambiental-fere-a-dignidade-da-vida-por-frei-gilvander","status":"publish","type":"post","link":"https:\/\/gilvander.org.br\/site\/papa-francisco-injustica-socioambiental-fere-a-dignidade-da-vida-por-frei-gilvander\/","title":{"rendered":"Papa Francisco: injusti\u00e7a socioambiental fere a dignidade da vida. Por Frei Gilvander"},"content":{"rendered":"\n<p><strong>Papa Francisco: injusti\u00e7a socioambiental fere a dignidade da vida. <\/strong>Por Gilvander Moreira<a href=\"#_ftn1\"><sup>[1]<\/sup><\/a><\/p>\n\n\n\n<figure class=\"wp-block-image is-resized\"><img loading=\"lazy\" decoding=\"async\" src=\"http:\/\/gilvander.org.br\/site\/wp-content\/uploads\/2020\/06\/Laudato-Si.jpg\" alt=\"\" class=\"wp-image-7167\" width=\"522\" height=\"279\" srcset=\"https:\/\/gilvander.org.br\/site\/wp-content\/uploads\/2020\/06\/Laudato-Si.jpg 307w, https:\/\/gilvander.org.br\/site\/wp-content\/uploads\/2020\/06\/Laudato-Si-300x160.jpg 300w\" sizes=\"auto, (max-width: 522px) 100vw, 522px\" \/><\/figure>\n\n\n\n<p>Na perspectiva dos Movimentos Sociais\ntransformadores, s\u00e3o inaceit\u00e1veis os discursos e as pr\u00e1ticas que afirmam:\n\u201cprecisamos conciliar desenvolvimento com preserva\u00e7\u00e3o ambiental\u201d, \u201curge adequar\nos projetos econ\u00f4micos mitigando os impactos socioambientais\u201d, \u201ctemos que\nadequar os grandes projetos dentro das normas ambientais\u201d. Isso \u00e9 uma mentira.\nBusca-se dourar a p\u00edlula, criando uma fachada de preocupa\u00e7\u00e3o socioambiental\npara viabilizar a continuidade da m\u00e1quina de moer vidas que \u00e9 o sistema do\ncapital. As megaempresas capitalistas s\u00e3o geridas por executivos que, amarrados\nno mastro do navio, ouvem e se deleitam com o canto da sereia do capital. De\noutro lado, seguem os trabalhadores amarrados, (em)pregados em seus postos de\ntrabalho, sem ter outra alternativa de vida, sustentando \u201cuma economia que\nmata\u201d \u2013 express\u00e3o do papa Francisco -, um sistema que tritura vidas a troco de\nquase nada.\n\u00c0s vezes, sem saber, imerso na ideologia dominante, o capitalista se torna um\nopressor como Ulisses amarrado no mastro do navio, conforme o canto XII da <em>Odisseia<\/em> de Homero: saboreia a sedu\u00e7\u00e3o\ndo canto das sereias, mas, amarrado no mastro, n\u00e3o pode impedir a engrenagem\nque o sustenta. Quanto mais o capitalista acumula riquezas, tanto mais \u00e9\nimpelido a acumular, gerando consequentemente mis\u00e9ria crescente para a classe\ntrabalhadora e para o campesinato e causando uma imensa devasta\u00e7\u00e3o ambiental.<\/p>\n\n\n\n<p>Na Enc\u00edclica Laudato Si\u2019, o papa Francisco\nafirma: \u201c<em>A cont\u00ednua acelera\u00e7\u00e3o das\nmudan\u00e7as na humanidade e no planeta junta-se, hoje, \u00e0 intensifica\u00e7\u00e3o dos ritmos\nde vida e trabalho<\/em>\u201d (n. 18). O produtivismo, o trabalho por metas, a\nintensifica\u00e7\u00e3o do ritmo de modo a produzir o mais r\u00e1pido poss\u00edvel, a\nterceiriza\u00e7\u00e3o e a precariza\u00e7\u00e3o das condi\u00e7\u00f5es de trabalho est\u00e3o desumanizando\nmilh\u00f5es de pessoas. Aumenta-se assustadoramente o n\u00famero de adoecimentos por\ntrabalho extenuante. O papa Francisco p\u00f5e o dedo na ferida: \u201c<em>A polui\u00e7\u00e3o\nafeta a todos, causada pelo transporte, pela fuma\u00e7a da ind\u00fastria, pelas\ndescargas de subst\u00e2ncias que contribuem para a acidifica\u00e7\u00e3o do solo e da \u00e1gua,\npelos fertilizantes, inseticidas, fungicidas, pesticidas e agrot\u00f3xicos em geral\n[&#8230;]. A tecnologia, ligada \u00e0 finan\u00e7a, \u00e9 incapaz de ver o mist\u00e9rio das\nm\u00faltiplas rea\u00e7\u00f5es que existem entre as coisas e, por isso, \u00e0s vezes resolve um\nproblema criando outros\u201d<\/em> (Laudato\nSi\u2019, n. 20). <\/p>\n\n\n\n<p>N\u00e3o \u00e9 apenas uma quest\u00e3o de incapacidade. A\ntecnologia n\u00e3o \u00e9 neutra. Ela est\u00e1, salvo exce\u00e7\u00f5es, subserviente aos interesses\ndos grandes conglomerados econ\u00f4micos. Logo, a raiz reside no capital que usa a\ntecnologia para superexplorar a dignidade da pessoa humana e toda a\nbiodiversidade. A tecnologia resolve um problema, mas cria outras grades, que\nprender\u00e3o muita gente. Os defensores da \u201csociedade de mercado\u201d exaltam o\ncrescimento econ\u00f4mico com constante aumento da produ\u00e7\u00e3o de mercadorias, como se\nisso fosse o caminho para a felicidade de todos\/as. O papa Francisco mostra o que\n\u00e9 escondido. Diz ele: \u201c<em>produzem-se\nanualmente centenas de milh\u00f5es de toneladas de res\u00edduos altamente t\u00f3xicos e\nradioativos. A Terra, nossa casa \u00fanica e comum, parece transformar-se cada vez\nmais em um imenso dep\u00f3sito de lixo\u201d <\/em>(Laudato Si\u2019 n. 21). Ora, quanto mais o\ncapitalismo se desenvolve, mais concentra riquezas e devasta\nsocioambientalmente o Planeta.<\/p>\n\n\n\n<p>Urge superar a cultura do descart\u00e1vel,\nconstruindo uma sociedade sustent\u00e1vel. Francisco alerta que \u00e9 preciso limitar o\nuso de bens naturais: <em>\u201cAinda n\u00e3o se\nconseguiu adotar um modelo circular de produ\u00e7\u00e3o que assegure recursos para\ntodos\/as e para as gera\u00e7\u00f5es futuras e que exige limitar, o mais poss\u00edvel, o uso\ndos bens n\u00e3o renov\u00e1veis\u201d <\/em>(Laudato Si\u2019 n. 22). Precisamos desacelerar o\ncrescimento econ\u00f4mico capitalista, m\u00e1quina de moer vidas, at\u00e9 paralis\u00e1-lo. \u00c9\nhora de admirar e respeitar nossa Casa Comum e todos os seus bens naturais, que\nn\u00e3o s\u00e3o apenas \u201crecursos naturais\u201d, assim vistos quando reduzidos ao aspecto\nestritamente econ\u00f4mico.<\/p>\n\n\n\n<p>Com assessoria de cientistas id\u00f4neos, o papa\nFrancisco analisa as mudan\u00e7as clim\u00e1ticas e outras quest\u00f5es conexas. Diz ele: \u201c<em>Estamos\nperante um preocupante aquecimento do sistema clim\u00e1tico <\/em>[&#8230;]<em> devido a alta concentra\u00e7\u00e3o de gases\ncom efeito de estufa (anidrido carb\u00f4nico, metano, \u00f3xido de azoto e outros) <\/em>(n.\n23) [&#8230;].<em> O aquecimento influi no ciclo do carbono. Cria um ciclo vicioso\nque agrava ainda mais a situa\u00e7\u00e3o e que incidir\u00e1 sobre a disponibilidade de bens\nessenciais como a \u00e1gua pot\u00e1vel <\/em>[&#8230;].<em> A perda das florestas tropicais\npiora a situa\u00e7\u00e3o, pois estas ajudam a mitigar a mudan\u00e7a clim\u00e1tica <\/em>[&#8230;].<em>&nbsp; A subida do n\u00edvel do mar pode criar situa\u00e7\u00f5es\nde extrema gravidade, se se considerar que um quarto da popula\u00e7\u00e3o mundial vive\n\u00e0 beira-mar\u201d <\/em>(Laudato Si\u2019 n.\n24). Que bom que o papa Francisco ecoe esses alertas que v\u00eam sendo feitos\npor milhares de cientistas e experimentados por bilh\u00f5es de pessoas no pr\u00f3prio\ncorpo mundo afora! <\/p>\n\n\n\n<p>Est\u00e1 ocorrendo um aumento assustador n\u00e3o\napenas de impactos negativos, mas de devasta\u00e7\u00e3o ambiental. Os atingidos por\ngrandes projetos de minera\u00e7\u00e3o, de barragens e de hidrel\u00e9tricas n\u00e3o s\u00e3o apenas afetados,\nmas pisados, violentados e massacrados. Os projetos de energia e\u00f3lica,\nconsiderada como energia limpa, est\u00e3o causando impactos socioambientais irrevers\u00edveis\nem v\u00e1rios estados do Nordeste brasileiro. Escondendo-se por detr\u00e1s da capa de \u201ccombust\u00edvel\nlimpo\u201d, as grandes empresas da monocultura de cana-de-a\u00e7\u00facar devastam biomas, submetem\nmilhares de pessoas a trabalho exaustivo, dizimam nascentes e agridem a sa\u00fade\nde milh\u00f5es de pessoas com as nuvens de fuma\u00e7a e fuligem dos canaviais invadindo\nas cidades e provocando o aumento e agravamento de doen\u00e7as respirat\u00f3rias, entre\noutras consequ\u00eancias negativas.<\/p>\n\n\n\n<p>Anima-nos muito na luta ver o papa Francisco\nse posicionar, denunciando a privatiza\u00e7\u00e3o das \u00e1guas e a restri\u00e7\u00e3o do seu acesso\naos empobrecidos. Diz em alto em bom tom, Francisco: \u201c<em>Enquanto a qualidade\nda \u00e1gua dispon\u00edvel piora constantemente, em alguns lugares cresce a tend\u00eancia\npara se privatizar esse recurso escasso, tornando-se uma mercadoria sujeita \u00e0s\nleis do mercado divinizado. Na realidade, o acesso \u00e0 \u00e1gua pot\u00e1vel e segura \u00e9 um\ndireito humano essencial, fundamental e universal, porque determina a sobreviv\u00eancia\ndas pessoas e, portanto, \u00e9 condi\u00e7\u00e3o para o exerc\u00edcio dos outros direitos\nhumanos. Este mundo tem uma grave d\u00edvida social para com os pobres que n\u00e3o t\u00eam\nacesso \u00e0 \u00e1gua pot\u00e1vel, porque isto \u00e9 negar-lhes o direito \u00e0 vida radicado na\nsua dignidade inalien\u00e1vel\u201d <\/em>(Laudato\nSi\u2019 n. 30).<\/p>\n\n\n\n<p>V\u00e1rios movimentos sociais e ambientais\ndenunciam constantemente a destrui\u00e7\u00e3o dos nossos biomas: o Cerrado, a Amaz\u00f4nia,\no Pantanal, os Pampas, a Caatinga e a Mata Atl\u00e2ntica, com a consequente perda\nde biodiversidade. Francisco tamb\u00e9m assume esta causa com vigor: \u201c<em>A perda de\nflorestas e bosques implica simultaneamente a perda de esp\u00e9cies que poderiam\nconstituir, no futuro, recursos extremamente importantes n\u00e3o s\u00f3 para a\nalimenta\u00e7\u00e3o, mas tamb\u00e9m para a cura de doen\u00e7as e v\u00e1rios servi\u00e7os\u201d <\/em>(n. 32).<em> \u201cAnualmente, desaparecem\nmilhares de esp\u00e9cies vegetais e animais\u201d <\/em>(Laudato Si\u2019 n. 33).<\/p>\n\n\n\n<p>H\u00e1 um\nproblema que est\u00e1 na luta cotidiana dos movimentos sociais e que o papa abordou\ncom clareza: os estudos de impactos ambientais dos grandes projetos de\ninteresse do capital, realizados pelas empresas, geralmente s\u00e3o \u201cpara ingl\u00eas\nver\u201d. Subestimam drasticamente os impactos sociais, econ\u00f4micos e ambientais negativos\nque acontecer\u00e3o e exaltam os pretensos benef\u00edcios \u201csociais\u201d. Os crit\u00e9rios\ndefinidos para identificar as comunidades direta e indiretamente afetadas s\u00e3o\nquestion\u00e1veis e, normalmente s\u00e3o desconsideradas muitas pessoas atingidas sob a\ncantilena mentirosa que se repete \u00e0 exaust\u00e3o: \u201cgeraremos muitos empregos e promoveremos\ndesenvolvimento da regi\u00e3o\u201d. Dizem, mas n\u00e3o \u00e9 assim que acontece. Todos n\u00f3s\nsomos afetados de alguma maneira pelos impactos socioambientais negativos dos\ngrandes projetos econ\u00f4micos<a href=\"#_ftn2\"><sup>[2]<\/sup><\/a>. <\/p>\n\n\n\n<p>23\/6\/2020.<\/p>\n\n\n\n<p><strong>Obs<\/strong>.: Os v\u00eddeos nos links, abaixo, ilustram o\nassunto tratado acima.<\/p>\n\n\n\n<p><strong>1\n&#8211; Na C\u00e2mara de Vereadores de Ibirit\u00e9, MG, Dom Vicente e ambientalistas na\ndefesa das \u00e1guas. V\u00eddeo 10<\/strong><\/p>\n\n\n\n<figure class=\"wp-block-embed-youtube wp-block-embed is-type-video is-provider-youtube wp-embed-aspect-16-9 wp-has-aspect-ratio\"><div class=\"wp-block-embed__wrapper\">\n<div class=\"epyt-video-wrapper\"><iframe loading=\"lazy\"  id=\"_ytid_73988\"  width=\"810\" height=\"456\"  data-origwidth=\"810\" data-origheight=\"456\" src=\"https:\/\/www.youtube.com\/embed\/eKalY6__8UI?enablejsapi=1&#038;autoplay=0&#038;cc_load_policy=0&#038;cc_lang_pref=&#038;iv_load_policy=1&#038;loop=0&#038;rel=1&#038;fs=1&#038;playsinline=0&#038;autohide=2&#038;theme=dark&#038;color=red&#038;controls=1&#038;disablekb=0&#038;\" class=\"__youtube_prefs__  epyt-is-override  no-lazyload\" title=\"YouTube player\"  allow=\"fullscreen; accelerometer; autoplay; clipboard-write; encrypted-media; gyroscope; picture-in-picture; web-share\" referrerpolicy=\"strict-origin-when-cross-origin\" allowfullscreen data-no-lazy=\"1\" data-skipgform_ajax_framebjll=\"\"><\/iframe><\/div>\n<\/div><\/figure>\n\n\n\n<p><strong>2\n&#8211; Em marcha por justi\u00e7a social, agr\u00e1ria e ambiental\/XXI\nRomaria\/\u00c1guas\/Terra\/MG\/Lagoa da Prata\/16\/9\/18<\/strong><\/p>\n\n\n\n<figure class=\"wp-block-embed-youtube wp-block-embed is-type-video is-provider-youtube wp-embed-aspect-16-9 wp-has-aspect-ratio\"><div class=\"wp-block-embed__wrapper\">\n<div class=\"epyt-video-wrapper\"><iframe loading=\"lazy\"  id=\"_ytid_41757\"  width=\"810\" height=\"456\"  data-origwidth=\"810\" data-origheight=\"456\" src=\"https:\/\/www.youtube.com\/embed\/-V754vqwOvE?enablejsapi=1&#038;autoplay=0&#038;cc_load_policy=0&#038;cc_lang_pref=&#038;iv_load_policy=1&#038;loop=0&#038;rel=1&#038;fs=1&#038;playsinline=0&#038;autohide=2&#038;theme=dark&#038;color=red&#038;controls=1&#038;disablekb=0&#038;\" class=\"__youtube_prefs__  epyt-is-override  no-lazyload\" title=\"YouTube player\"  allow=\"fullscreen; accelerometer; autoplay; clipboard-write; encrypted-media; gyroscope; picture-in-picture; web-share\" referrerpolicy=\"strict-origin-when-cross-origin\" allowfullscreen data-no-lazy=\"1\" data-skipgform_ajax_framebjll=\"\"><\/iframe><\/div>\n<\/div><\/figure>\n\n\n\n<p><strong>3\n&#8211; Farsa do licenciamento ambiental da empresa ECOVITAL em Sarzedo, MG. Basta de\npolui\u00e7\u00e3o. V\u00eddeo 8 &#8211; 09\/7\/2019.<\/strong><\/p>\n\n\n\n<figure class=\"wp-block-embed-youtube wp-block-embed is-type-video is-provider-youtube wp-embed-aspect-16-9 wp-has-aspect-ratio\"><div class=\"wp-block-embed__wrapper\">\n<div class=\"epyt-video-wrapper\"><iframe loading=\"lazy\"  id=\"_ytid_34009\"  width=\"810\" height=\"456\"  data-origwidth=\"810\" data-origheight=\"456\" src=\"https:\/\/www.youtube.com\/embed\/lWSxuNiQJXc?enablejsapi=1&#038;autoplay=0&#038;cc_load_policy=0&#038;cc_lang_pref=&#038;iv_load_policy=1&#038;loop=0&#038;rel=1&#038;fs=1&#038;playsinline=0&#038;autohide=2&#038;theme=dark&#038;color=red&#038;controls=1&#038;disablekb=0&#038;\" class=\"__youtube_prefs__  epyt-is-override  no-lazyload\" title=\"YouTube player\"  allow=\"fullscreen; accelerometer; autoplay; clipboard-write; encrypted-media; gyroscope; picture-in-picture; web-share\" referrerpolicy=\"strict-origin-when-cross-origin\" allowfullscreen data-no-lazy=\"1\" data-skipgform_ajax_framebjll=\"\"><\/iframe><\/div>\n<\/div><\/figure>\n\n\n\n<p><strong>4\n&#8211; Profa. Dra. Andr\u00e9a Zhouri, da UFMG: &#8220;Rompimento de barragens acontece\npor falha da governan\u00e7a ambiental.&#8221; 26\/1\/2019.<\/strong><\/p>\n\n\n\n<figure class=\"wp-block-embed-youtube wp-block-embed is-type-video is-provider-youtube wp-embed-aspect-16-9 wp-has-aspect-ratio\"><div class=\"wp-block-embed__wrapper\">\n<div class=\"epyt-video-wrapper\"><iframe loading=\"lazy\"  id=\"_ytid_89246\"  width=\"810\" height=\"456\"  data-origwidth=\"810\" data-origheight=\"456\" src=\"https:\/\/www.youtube.com\/embed\/KWC66k1fwwQ?enablejsapi=1&#038;autoplay=0&#038;cc_load_policy=0&#038;cc_lang_pref=&#038;iv_load_policy=1&#038;loop=0&#038;rel=1&#038;fs=1&#038;playsinline=0&#038;autohide=2&#038;theme=dark&#038;color=red&#038;controls=1&#038;disablekb=0&#038;\" class=\"__youtube_prefs__  epyt-is-override  no-lazyload\" title=\"YouTube player\"  allow=\"fullscreen; accelerometer; autoplay; clipboard-write; encrypted-media; gyroscope; picture-in-picture; web-share\" referrerpolicy=\"strict-origin-when-cross-origin\" allowfullscreen data-no-lazy=\"1\" data-skipgform_ajax_framebjll=\"\"><\/iframe><\/div>\n<\/div><\/figure>\n\n\n\n<p><strong>5\n&#8211; \u201cLicenciamento ambiental decente \u00e9 necess\u00e1rio\u201d\/Professor Dr. Klemens\/UFMG\/\nV\u00eddeo 2 \u2013 26\/1\/2019.<\/strong><\/p>\n\n\n\n<figure class=\"wp-block-embed-youtube wp-block-embed is-type-video is-provider-youtube wp-embed-aspect-16-9 wp-has-aspect-ratio\"><div class=\"wp-block-embed__wrapper\">\n<div class=\"epyt-video-wrapper\"><iframe loading=\"lazy\"  id=\"_ytid_16367\"  width=\"810\" height=\"456\"  data-origwidth=\"810\" data-origheight=\"456\" src=\"https:\/\/www.youtube.com\/embed\/MJFXPj0iN1k?enablejsapi=1&#038;autoplay=0&#038;cc_load_policy=0&#038;cc_lang_pref=&#038;iv_load_policy=1&#038;loop=0&#038;rel=1&#038;fs=1&#038;playsinline=0&#038;autohide=2&#038;theme=dark&#038;color=red&#038;controls=1&#038;disablekb=0&#038;\" class=\"__youtube_prefs__  epyt-is-override  no-lazyload\" title=\"YouTube player\"  allow=\"fullscreen; accelerometer; autoplay; clipboard-write; encrypted-media; gyroscope; picture-in-picture; web-share\" referrerpolicy=\"strict-origin-when-cross-origin\" allowfullscreen data-no-lazy=\"1\" data-skipgform_ajax_framebjll=\"\"><\/iframe><\/div>\n<\/div><\/figure>\n\n\n\n<p><strong>6\n&#8211; Crime ambiental na Fazenda Casa Grande\/Esmeraldas\/MG: Den\u00fancia do MST de\nCarlos Lamarca. 26\/11\/2012<\/strong><\/p>\n\n\n\n<figure class=\"wp-block-embed-youtube wp-block-embed is-type-video is-provider-youtube wp-embed-aspect-4-3 wp-has-aspect-ratio\"><div class=\"wp-block-embed__wrapper\">\n<div class=\"epyt-video-wrapper\"><iframe loading=\"lazy\"  id=\"_ytid_71544\"  width=\"810\" height=\"608\"  data-origwidth=\"810\" data-origheight=\"608\" src=\"https:\/\/www.youtube.com\/embed\/i31lqsy8NmM?enablejsapi=1&#038;autoplay=0&#038;cc_load_policy=0&#038;cc_lang_pref=&#038;iv_load_policy=1&#038;loop=0&#038;rel=1&#038;fs=1&#038;playsinline=0&#038;autohide=2&#038;theme=dark&#038;color=red&#038;controls=1&#038;disablekb=0&#038;\" class=\"__youtube_prefs__  epyt-is-override  no-lazyload\" title=\"YouTube player\"  allow=\"fullscreen; accelerometer; autoplay; clipboard-write; encrypted-media; gyroscope; picture-in-picture; web-share\" referrerpolicy=\"strict-origin-when-cross-origin\" allowfullscreen data-no-lazy=\"1\" data-skipgform_ajax_framebjll=\"\"><\/iframe><\/div>\n<\/div><\/figure>\n\n\n\n<p><strong>7\n&#8211; Apocalipse ambiental com Araci Cachoeira na XVI Romaria das \u00e1guas e da terra\nde Minas &#8211; 10\/06\/2102<\/strong><\/p>\n\n\n\n<figure class=\"wp-block-embed-youtube wp-block-embed is-type-video is-provider-youtube wp-embed-aspect-4-3 wp-has-aspect-ratio\"><div class=\"wp-block-embed__wrapper\">\n<div class=\"epyt-video-wrapper\"><iframe loading=\"lazy\"  id=\"_ytid_97257\"  width=\"810\" height=\"608\"  data-origwidth=\"810\" data-origheight=\"608\" src=\"https:\/\/www.youtube.com\/embed\/5RIV_oLgtVY?enablejsapi=1&#038;autoplay=0&#038;cc_load_policy=0&#038;cc_lang_pref=&#038;iv_load_policy=1&#038;loop=0&#038;rel=1&#038;fs=1&#038;playsinline=0&#038;autohide=2&#038;theme=dark&#038;color=red&#038;controls=1&#038;disablekb=0&#038;\" class=\"__youtube_prefs__  epyt-is-override  no-lazyload\" title=\"YouTube player\"  allow=\"fullscreen; accelerometer; autoplay; clipboard-write; encrypted-media; gyroscope; picture-in-picture; web-share\" referrerpolicy=\"strict-origin-when-cross-origin\" allowfullscreen data-no-lazy=\"1\" data-skipgform_ajax_framebjll=\"\"><\/iframe><\/div>\n<\/div><\/figure>\n\n\n\n<hr class=\"wp-block-separator\"\/>\n\n\n\n<p><a href=\"#_ftnref1\">[1]<\/a>\nFrei e padre da Ordem dos carmelitas; doutor em Educa\u00e7\u00e3o pela FAE\/UFMG;\nlicenciado e bacharel em Filosofia pela UFPR; bacharel em Teologia pelo\nITESP\/SP; mestre em Exegese B\u00edblica pelo Pontif\u00edcio Instituto B\u00edblico, em Roma,\nIt\u00e1lia; assessor da CPT, CEBI, SAB e Ocupa\u00e7\u00f5es Urbanas; prof. de \u201cMovimentos\nSociais Populares e Direitos Humanos\u201d no IDH, em Belo Horizonte, MG.\nE-mail:&nbsp;<a href=\"mailto:gilvanderlm@gmail.com\">gilvanderlm@gmail.com<\/a>&nbsp;\u2013&nbsp;<a href=\"http:\/\/www.gilvander.org.br\/\">www.gilvander.org.br<\/a>&nbsp;\u2013&nbsp;<a href=\"http:\/\/www.freigilvander.blogspot.com.br\/\">www.freigilvander.blogspot.com.br<\/a>&nbsp;&nbsp;&nbsp;&nbsp;&nbsp;\n\u2013&nbsp;&nbsp;&nbsp;&nbsp;&nbsp;&nbsp;&nbsp;<a href=\"http:\/\/www.twitter.com\/gilvanderluis\">www.twitter.com\/gilvanderluis<\/a>&nbsp;&nbsp;&nbsp;&nbsp;&nbsp;&nbsp;&nbsp;\n\u2013&nbsp;&nbsp; &nbsp;&nbsp;Facebook: Gilvander Moreira III<\/p>\n\n\n\n<p><a href=\"#_ftnref2\">[2]<\/a> Gratid\u00e3o \u00e0 Carmem Imaculada de Brito, doutora\nem Sociologia Pol\u00edtica pela UENF, que fez a revis\u00e3o deste texto.<\/p>\n","protected":false},"excerpt":{"rendered":"<p>Papa Francisco: injusti\u00e7a socioambiental fere a dignidade da vida. Por Gilvander Moreira[1] Na perspectiva dos Movimentos Sociais transformadores, s\u00e3o inaceit\u00e1veis os discursos e as pr\u00e1ticas que afirmam: \u201cprecisamos conciliar desenvolvimento com preserva\u00e7\u00e3o ambiental\u201d, \u201curge adequar<\/p>\n","protected":false},"author":2,"featured_media":7167,"comment_status":"open","ping_status":"open","sticky":false,"template":"","format":"standard","meta":{"footnotes":""},"categories":[21,46,38,49,27,30,25,56,29,43,26,32,18],"tags":[],"class_list":["post-7166","post","type-post","status-publish","format-standard","has-post-thumbnail","hentry","category-artigo","category-direito-a-cultura-popular","category-direito-a-saude","category-direito-a-terra","category-direitos-humanos","category-fe-e-politica","category-luta-pela-terra-e-reforma-agraria","category-meio-ambiente","category-movimentos-sociais-populares","category-pedagogia-emancipatoria","category-teologia-da-libertacao","category-videos","category-videos-de-frei-gilvander"],"_links":{"self":[{"href":"https:\/\/gilvander.org.br\/site\/wp-json\/wp\/v2\/posts\/7166","targetHints":{"allow":["GET"]}}],"collection":[{"href":"https:\/\/gilvander.org.br\/site\/wp-json\/wp\/v2\/posts"}],"about":[{"href":"https:\/\/gilvander.org.br\/site\/wp-json\/wp\/v2\/types\/post"}],"author":[{"embeddable":true,"href":"https:\/\/gilvander.org.br\/site\/wp-json\/wp\/v2\/users\/2"}],"replies":[{"embeddable":true,"href":"https:\/\/gilvander.org.br\/site\/wp-json\/wp\/v2\/comments?post=7166"}],"version-history":[{"count":1,"href":"https:\/\/gilvander.org.br\/site\/wp-json\/wp\/v2\/posts\/7166\/revisions"}],"predecessor-version":[{"id":7168,"href":"https:\/\/gilvander.org.br\/site\/wp-json\/wp\/v2\/posts\/7166\/revisions\/7168"}],"wp:featuredmedia":[{"embeddable":true,"href":"https:\/\/gilvander.org.br\/site\/wp-json\/wp\/v2\/media\/7167"}],"wp:attachment":[{"href":"https:\/\/gilvander.org.br\/site\/wp-json\/wp\/v2\/media?parent=7166"}],"wp:term":[{"taxonomy":"category","embeddable":true,"href":"https:\/\/gilvander.org.br\/site\/wp-json\/wp\/v2\/categories?post=7166"},{"taxonomy":"post_tag","embeddable":true,"href":"https:\/\/gilvander.org.br\/site\/wp-json\/wp\/v2\/tags?post=7166"}],"curies":[{"name":"wp","href":"https:\/\/api.w.org\/{rel}","templated":true}]}}