{"id":7174,"date":"2020-06-23T22:34:47","date_gmt":"2020-06-24T01:34:47","guid":{"rendered":"http:\/\/gilvander.org.br\/site\/?p=7174"},"modified":"2020-06-23T22:58:52","modified_gmt":"2020-06-24T01:58:52","slug":"%ef%bb%bfo-pedido-de-elomar-figueira-melo-das-barrancas-do-rio-gaviao-raridade","status":"publish","type":"post","link":"https:\/\/gilvander.org.br\/site\/%ef%bb%bfo-pedido-de-elomar-figueira-melo-das-barrancas-do-rio-gaviao-raridade\/","title":{"rendered":"\ufeffM\u00fasica &#8220;O Pedido&#8221;, de Elomar Figueira melo. Das Barrancas do Rio Gavi\u00e3o: Raridade"},"content":{"rendered":"\n<p><strong>M\u00fasica &#8220;O Pedido&#8221;, de Elomar Figueira Melo. Das Barrancas do Rio Gavi\u00e3o: Raridade<\/strong><\/p>\n\n\n\n<figure class=\"wp-block-audio\"><audio controls src=\"http:\/\/gilvander.org.br\/site\/wp-content\/uploads\/2020\/06\/Perdido-online-audio-converter.com_.mp3\" autoplay><\/audio><\/figure>\n\n\n\n<p><strong>Narra\u00e7\u00e3o<\/strong>:\nCarmem Imaculada de Brito<\/p>\n\n\n\n<p><strong>M\u00fasica &#8220;O Pedido&#8221;, de Elomar Figueira Melo. Das Barrancas do Rio Gavi\u00e3o: Raridade<\/strong><\/p>\n\n\n\n<p style=\"text-align:center\">J\u00e1 que tu vai l\u00e1 pra feira<\/p>\n\n\n\n<p style=\"text-align:center\">traga de l\u00e1 para mim<\/p>\n\n\n\n<p style=\"text-align:center\">\u00c1gua da ful\u00f4 que cheira,<\/p>\n\n\n\n<p style=\"text-align:center\">Um novelo e um carrim<\/p>\n\n\n\n<p style=\"text-align:center\">Traz um pacote de miss<\/p>\n\n\n\n<p style=\"text-align:center\">Meu amigo Ah! Se tu visse<\/p>\n\n\n\n<p style=\"text-align:center\">Aquele cego cantador<\/p>\n\n\n\n<p style=\"text-align:center\">Um dia ele me disse<\/p>\n\n\n\n<p style=\"text-align:center\">Jogando um mote de amor<\/p>\n\n\n\n<p style=\"text-align:center\">Que eu haver\u00e1 de viver<\/p>\n\n\n\n<p style=\"text-align:center\">Por este mundo e morrer<\/p>\n\n\n\n<p style=\"text-align:center\">Ainda em flor<\/p>\n\n\n\n<p style=\"text-align:center\">Passa naquela barraca<\/p>\n\n\n\n<p style=\"text-align:center\">Daquela mul\u00e9 resera<\/p>\n\n\n\n<p style=\"text-align:center\">Onde almo\u00e7amo paca,<\/p>\n\n\n\n<p style=\"text-align:center\">Panelada e frigideira<\/p>\n\n\n\n<p style=\"text-align:center\">Int\u00e9 voc\u00ea disse uma loa<\/p>\n\n\n\n<p style=\"text-align:center\">Gabando a b\u00f3ia boa<\/p>\n\n\n\n<p style=\"text-align:center\">Das casas da cidade<\/p>\n\n\n\n<p style=\"text-align:center\">Aquela era a primeira<\/p>\n\n\n\n<p style=\"text-align:center\">Traz pra mim umas brevidades<\/p>\n\n\n\n<p style=\"text-align:center\">Que eu quero matar a saudade<\/p>\n\n\n\n<p style=\"text-align:center\">Faz tempo que eu fui na feira<\/p>\n\n\n\n<p style=\"text-align:center\">Ai saudade&#8230;<\/p>\n\n\n\n<p style=\"text-align:center\">Ah! Pois sim, v\u00ea se n\u00e3o esquece<\/p>\n\n\n\n<p style=\"text-align:center\">D&#8217;inda nessa lua cheia<\/p>\n\n\n\n<p style=\"text-align:center\">N\u00f3s vai brincar na quermesse<\/p>\n\n\n\n<p style=\"text-align:center\">L\u00e1 no riacho d&#8217;areia<\/p>\n\n\n\n<p style=\"text-align:center\">Na casa daquele homem,<\/p>\n\n\n\n<p style=\"text-align:center\">Feiticeiro curador<\/p>\n\n\n\n<p style=\"text-align:center\">O dia inteiro \u00e9 homem<\/p>\n\n\n\n<p style=\"text-align:center\">Filho de Nosso Senhor<\/p>\n\n\n\n<p style=\"text-align:center\">Mas dispois da meia noite<\/p>\n\n\n\n<p style=\"text-align:center\">\u00c9 lobisomem comedor<\/p>\n\n\n\n<p style=\"text-align:center\">Dos pag\u00e3o que as m\u00e3e esqueceu<\/p>\n\n\n\n<p style=\"text-align:center\">Do Batismo salvador<\/p>\n\n\n\n<p style=\"text-align:center\">E tem mais dois garraf\u00e3o<\/p>\n\n\n\n<p style=\"text-align:center\">Com dois canguim responsador<\/p>\n\n\n\n<p style=\"text-align:center\">Ah! Pois sim v\u00ea se n\u00e3o esquece<\/p>\n\n\n\n<p style=\"text-align:center\">De traz\u00ea ruge e carmim<\/p>\n\n\n\n<p style=\"text-align:center\">Ah! Se o dinheiro desse<\/p>\n\n\n\n<p style=\"text-align:center\">Eu queria um trancelim<\/p>\n\n\n\n<p style=\"text-align:center\">E mais tr\u00eas metros de chita<\/p>\n\n\n\n<p style=\"text-align:center\">Que \u00e9 pra eu faz\u00ea um vestido<\/p>\n\n\n\n<p style=\"text-align:center\">E ficar bem mais bonita<\/p>\n\n\n\n<p style=\"text-align:center\">Que Mad\u00f4 de Juca Dido,<\/p>\n\n\n\n<p style=\"text-align:center\">Zefa de Nh\u00f4 Joaquim<\/p>\n\n\n\n<p style=\"text-align:center\">J\u00e1 que tu vai l\u00e1 pra feira<\/p>\n\n\n\n<p style=\"text-align:center\">Meu amigo, tr\u00e1s essas coisinhas<\/p>\n\n\n\n<p style=\"text-align:center\">Para mim.<\/p>\n\n\n\n<p>= = = = = = <\/p>\n\n\n\n<figure class=\"wp-block-image is-resized\"><img loading=\"lazy\" decoding=\"async\" src=\"http:\/\/gilvander.org.br\/site\/wp-content\/uploads\/2020\/06\/Elomar.jpg\" alt=\"\" class=\"wp-image-7176\" width=\"699\" height=\"701\" srcset=\"https:\/\/gilvander.org.br\/site\/wp-content\/uploads\/2020\/06\/Elomar.jpg 299w, https:\/\/gilvander.org.br\/site\/wp-content\/uploads\/2020\/06\/Elomar-150x150.jpg 150w\" sizes=\"auto, (max-width: 699px) 100vw, 699px\" \/><\/figure>\n\n\n\n<p>Se gostar, compartilhe.\nSugerimos. <\/p>\n\n\n\n<p>*Inscreva-se no You\nTube, no Canal Frei Gilvander Luta pela Terra e por Direitos, no link:\nhttps:\/\/www.youtube.com\/user\/fgilvander, acione o sininho, receba as\nnotifica\u00e7\u00f5es de envio de v\u00eddeos e assista a diversos v\u00eddeos de luta por\ndireitos sociais. <\/p>\n\n\n\n<p>#FreiGilvander\n#NaLutaPorDireitos #PalavrasDeF\u00e9ComFreiGilvander #Cora\u00e7\u00e3oDaDivisa<\/p>\n","protected":false},"excerpt":{"rendered":"<p>M\u00fasica &#8220;O Pedido&#8221;, de Elomar Figueira Melo. Das Barrancas do Rio Gavi\u00e3o: Raridade Narra\u00e7\u00e3o: Carmem Imaculada de Brito M\u00fasica &#8220;O Pedido&#8221;, de Elomar Figueira Melo. Das Barrancas do Rio Gavi\u00e3o: Raridade J\u00e1 que tu vai<\/p>\n","protected":false},"author":2,"featured_media":7176,"comment_status":"open","ping_status":"open","sticky":false,"template":"","format":"standard","meta":{"footnotes":""},"categories":[50,47,46,44,27,43,57,45],"tags":[],"class_list":["post-7174","post","type-post","status-publish","format-standard","has-post-thumbnail","hentry","category-audio-de-frei-gilvander","category-direito-a-agua","category-direito-a-cultura-popular","category-direito-a-memoria","category-direitos-humanos","category-pedagogia-emancipatoria","category-podcast","category-poesia"],"_links":{"self":[{"href":"https:\/\/gilvander.org.br\/site\/wp-json\/wp\/v2\/posts\/7174","targetHints":{"allow":["GET"]}}],"collection":[{"href":"https:\/\/gilvander.org.br\/site\/wp-json\/wp\/v2\/posts"}],"about":[{"href":"https:\/\/gilvander.org.br\/site\/wp-json\/wp\/v2\/types\/post"}],"author":[{"embeddable":true,"href":"https:\/\/gilvander.org.br\/site\/wp-json\/wp\/v2\/users\/2"}],"replies":[{"embeddable":true,"href":"https:\/\/gilvander.org.br\/site\/wp-json\/wp\/v2\/comments?post=7174"}],"version-history":[{"count":2,"href":"https:\/\/gilvander.org.br\/site\/wp-json\/wp\/v2\/posts\/7174\/revisions"}],"predecessor-version":[{"id":7178,"href":"https:\/\/gilvander.org.br\/site\/wp-json\/wp\/v2\/posts\/7174\/revisions\/7178"}],"wp:featuredmedia":[{"embeddable":true,"href":"https:\/\/gilvander.org.br\/site\/wp-json\/wp\/v2\/media\/7176"}],"wp:attachment":[{"href":"https:\/\/gilvander.org.br\/site\/wp-json\/wp\/v2\/media?parent=7174"}],"wp:term":[{"taxonomy":"category","embeddable":true,"href":"https:\/\/gilvander.org.br\/site\/wp-json\/wp\/v2\/categories?post=7174"},{"taxonomy":"post_tag","embeddable":true,"href":"https:\/\/gilvander.org.br\/site\/wp-json\/wp\/v2\/tags?post=7174"}],"curies":[{"name":"wp","href":"https:\/\/api.w.org\/{rel}","templated":true}]}}