{"id":7183,"date":"2020-06-24T21:50:24","date_gmt":"2020-06-25T00:50:24","guid":{"rendered":"http:\/\/gilvander.org.br\/site\/?p=7183"},"modified":"2020-06-24T21:50:26","modified_gmt":"2020-06-25T00:50:26","slug":"%ef%bb%bfinstrucoes-para-esquivar-o-mau-tempo-de-paco-urondo","status":"publish","type":"post","link":"https:\/\/gilvander.org.br\/site\/%ef%bb%bfinstrucoes-para-esquivar-o-mau-tempo-de-paco-urondo\/","title":{"rendered":"\ufeffInstru\u00e7\u00f5es para esquivar o mau tempo, de Paco Urondo"},"content":{"rendered":"\n<p><strong>Instru\u00e7\u00f5es para esquivar o mau tempo, de Paco Urondo<\/strong><\/p>\n\n\n\n<figure class=\"wp-block-audio\"><audio controls src=\"http:\/\/gilvander.org.br\/site\/wp-content\/uploads\/2020\/06\/Instru\u00e7\u00e3o-online-audio-converter.com_.mp3\" autoplay><\/audio><\/figure>\n\n\n\n<p><strong>Narra\u00e7\u00e3o<\/strong>:\nCarmem Imaculada de Brito<\/p>\n\n\n\n<p><strong>Instru\u00e7\u00f5es\npara esquivar o mau tempo, de Paco Urondo<\/strong><\/p>\n\n\n\n<p>Em primeiro lugar, n\u00e3o se desespere e em caso de\nagita\u00e7\u00e3o n\u00e3o siga as regras que o furac\u00e3o querer\u00e1 lhe impor.<\/p>\n\n\n\n<p>Refugie-se em casa e feche as trancas quando todos\nos seus estiverem a salvo.<\/p>\n\n\n\n<p>Compartilhe o mate e a conversa com os companheiros,\nos beijos furtivos e as noites clandestinas com quem lhe assegure ternura.<\/p>\n\n\n\n<p>N\u00e3o deixe que a estupidez se imponha.<\/p>\n\n\n\n<p>Defenda-se.<\/p>\n\n\n\n<p>Contra a est\u00e9tica, \u00e9tica.<\/p>\n\n\n\n<p>Esteja sempre atento.<\/p>\n\n\n\n<p>N\u00e3o lhes bastar\u00e1 empobrec\u00ea-lo, e querer\u00e3o subjug\u00e1-lo\ncom sua pr\u00f3pria tristeza.<\/p>\n\n\n\n<p>Ria ostensivamente.<\/p>\n\n\n\n<p>Tire sarro: a direita \u00e9 mal comida.<\/p>\n\n\n\n<p>Ser\u00e1 imprescind\u00edvel jantar juntos a cada dia at\u00e9 que\na tormenta passe.<\/p>\n\n\n\n<p>S\u00e3o coisas simples, mas nem por isso menos eficazes.<\/p>\n\n\n\n<p>Diga para o lado bom dia, por favor e obrigado.<\/p>\n\n\n\n<p>E tomar no cu quando o solicitem de cima.<\/p>\n\n\n\n<p>D\u00ea tudo o que tiver, mas nunca sozinho.<\/p>\n\n\n\n<p>Eles sabem como embosc\u00e1-lo na solid\u00e3o desprevenida\nde uma tarde.<\/p>\n\n\n\n<p>Lembre que os artistas ser\u00e3o sempre nossos.<\/p>\n\n\n\n<p>E o esquecimento ser\u00e1 feroz com o bando de impostores\nque os acompanha.<\/p>\n\n\n\n<p>Tudo vai ficar bem se voc\u00ea me ouvir.<\/p>\n\n\n\n<p>Sobreviveremos novamente, estamos maduros.<\/p>\n\n\n\n<p>Cuidemos dos garotos, que eles querer\u00e3o podar.<\/p>\n\n\n\n<p>S\u00f3 \u00e9 preciso se munir bem e n\u00e3o amesquinhar\namabilidades.<\/p>\n\n\n\n<p>Devemos ter \u00e0 m\u00e3o os poemas indispens\u00e1veis, o vinho\ntinto e o viol\u00e3o.<\/p>\n\n\n\n<p>Sorrir aos nossos pais como vacina contra a ang\u00fastia\ndi\u00e1ria.<\/p>\n\n\n\n<p>Ser piedosos com os amigos.<\/p>\n\n\n\n<p>N\u00e3o confundir os ing\u00eanuos com os traidores.<\/p>\n\n\n\n<p>E, mesmo com estes, ter o perd\u00e3o f\u00e1cil quando\nvoltarem com as ilus\u00f5es acabadas.<\/p>\n\n\n\n<p>Aqui ningu\u00e9m sobra.<\/p>\n\n\n\n<p>E, isto sim, ser perseverantes e tenazes, escrever\nreligiosamente todos os dias, todas as tardes, todas as noites.<\/p>\n\n\n\n<p>Ainda sustentados em teimosias se a f\u00e9 desmoronar.<\/p>\n\n\n\n<p>Nisso, n\u00e3o haver\u00e1 tr\u00e9gua para ningu\u00e9m.<\/p>\n\n\n\n<p>A poesia d\u00f3i nesses filhos da puta.<\/p>\n\n\n\n<p>= = = = = =<\/p>\n\n\n\n<figure class=\"wp-block-image is-resized\"><img loading=\"lazy\" decoding=\"async\" src=\"http:\/\/gilvander.org.br\/site\/wp-content\/uploads\/2020\/06\/Paco-Orondo-576x1024.jpg\" alt=\"\" class=\"wp-image-7185\" width=\"700\" height=\"1244\" srcset=\"https:\/\/gilvander.org.br\/site\/wp-content\/uploads\/2020\/06\/Paco-Orondo-576x1024.jpg 576w, https:\/\/gilvander.org.br\/site\/wp-content\/uploads\/2020\/06\/Paco-Orondo-169x300.jpg 169w, https:\/\/gilvander.org.br\/site\/wp-content\/uploads\/2020\/06\/Paco-Orondo.jpg 675w\" sizes=\"auto, (max-width: 700px) 100vw, 700px\" \/><\/figure>\n\n\n\n<p>Se gostar, compartilhe.\nSugerimos. <\/p>\n\n\n\n<p>*Inscreva-se no You\nTube, no Canal Frei Gilvander Luta pela Terra e por Direitos, no link:\nhttps:\/\/www.youtube.com\/user\/fgilvander, acione o sininho, receba as\nnotifica\u00e7\u00f5es de envio de v\u00eddeos e assista a diversos v\u00eddeos de luta por\ndireitos sociais. <\/p>\n\n\n\n<p>#FreiGilvander\n#NaLutaPorDireitos #PalavrasDeF\u00e9ComFreiGilvander #Cora\u00e7\u00e3oDaDivisa<\/p>\n","protected":false},"excerpt":{"rendered":"<p>Instru\u00e7\u00f5es para esquivar o mau tempo, de Paco Urondo Narra\u00e7\u00e3o: Carmem Imaculada de Brito Instru\u00e7\u00f5es para esquivar o mau tempo, de Paco Urondo Em primeiro lugar, n\u00e3o se desespere e em caso de agita\u00e7\u00e3o n\u00e3o<\/p>\n","protected":false},"author":2,"featured_media":7185,"comment_status":"open","ping_status":"open","sticky":false,"template":"","format":"standard","meta":{"footnotes":""},"categories":[50,44,38,30,43,57,45],"tags":[],"class_list":["post-7183","post","type-post","status-publish","format-standard","has-post-thumbnail","hentry","category-audio-de-frei-gilvander","category-direito-a-memoria","category-direito-a-saude","category-fe-e-politica","category-pedagogia-emancipatoria","category-podcast","category-poesia"],"_links":{"self":[{"href":"https:\/\/gilvander.org.br\/site\/wp-json\/wp\/v2\/posts\/7183","targetHints":{"allow":["GET"]}}],"collection":[{"href":"https:\/\/gilvander.org.br\/site\/wp-json\/wp\/v2\/posts"}],"about":[{"href":"https:\/\/gilvander.org.br\/site\/wp-json\/wp\/v2\/types\/post"}],"author":[{"embeddable":true,"href":"https:\/\/gilvander.org.br\/site\/wp-json\/wp\/v2\/users\/2"}],"replies":[{"embeddable":true,"href":"https:\/\/gilvander.org.br\/site\/wp-json\/wp\/v2\/comments?post=7183"}],"version-history":[{"count":1,"href":"https:\/\/gilvander.org.br\/site\/wp-json\/wp\/v2\/posts\/7183\/revisions"}],"predecessor-version":[{"id":7186,"href":"https:\/\/gilvander.org.br\/site\/wp-json\/wp\/v2\/posts\/7183\/revisions\/7186"}],"wp:featuredmedia":[{"embeddable":true,"href":"https:\/\/gilvander.org.br\/site\/wp-json\/wp\/v2\/media\/7185"}],"wp:attachment":[{"href":"https:\/\/gilvander.org.br\/site\/wp-json\/wp\/v2\/media?parent=7183"}],"wp:term":[{"taxonomy":"category","embeddable":true,"href":"https:\/\/gilvander.org.br\/site\/wp-json\/wp\/v2\/categories?post=7183"},{"taxonomy":"post_tag","embeddable":true,"href":"https:\/\/gilvander.org.br\/site\/wp-json\/wp\/v2\/tags?post=7183"}],"curies":[{"name":"wp","href":"https:\/\/api.w.org\/{rel}","templated":true}]}}